{"id":7677,"date":"2025-09-10T10:25:51","date_gmt":"2025-09-10T15:25:51","guid":{"rendered":"https:\/\/tuguia.combarranquilla.co\/Revista\/?p=7677"},"modified":"2025-09-15T11:52:13","modified_gmt":"2025-09-15T16:52:13","slug":"comba-agenda-cultural-disfruta-de-talleres-y-cursos-para-ninos-y-jovenes","status":"publish","type":"post","link":"https:\/\/tuguia.combarranquilla.co\/Revista\/comba-agenda-cultural-disfruta-de-talleres-y-cursos-para-ninos-y-jovenes\/","title":{"rendered":"Comba Agenda Cultural: talleres y cursos para ni\u00f1os y j\u00f3venes"},"content":{"rendered":"\n<p>La lectura, el arte, la m\u00fasica y la cocina se viven a trav\u00e9s de Combarranquilla. Desde este mes, ni\u00f1os, ni\u00f1as y j\u00f3venes tendr\u00e1n la oportunidad de explorar sus gustos y desarrollar sus talentos con nuestros cursos y talleres.<\/p>\n\n\n\n<p>Descubre la variedad de actividades con tarifas especiales a las que puedes acceder. Para mayor informaci\u00f3n, comun\u00edcate con nosotros en nuestras <a href=\"https:\/\/www.instagram.com\/combarranquilla\/?hl=es\">redes sociales<\/a> o llama a nuestra l\u00ednea verde (605) 3225049.<\/p>\n\n\n\n<p>Conoce la <strong>Comba Agenda Cultural:<\/strong><\/p>\n\n\n\n<div style=\"position: relative; width: 100%; height: 0; padding-top: 141.4286%;\n padding-bottom: 0; box-shadow: 0 2px 8px 0 rgba(63,69,81,0.16); margin-top: 1.6em; margin-bottom: 0.9em; overflow: hidden;\n border-radius: 8px; will-change: transform;\">\n  <iframe style=\"position: absolute; width: 100%; height: 100%; top: 0; left: 0; border: none; padding: 0;margin: 0;\"\n    data-src=\"https:\/\/www.canva.com\/design\/DAGylTpKkS4\/0wkH8Ple-cN0tMkDtMyR1Q\/view?embed\" allowfullscreen=\"allowfullscreen\" allow=\"fullscreen\" src=\"data:image\/svg+xml;base64,PHN2ZyB3aWR0aD0iMSIgaGVpZ2h0PSIxIiB4bWxucz0iaHR0cDovL3d3dy53My5vcmcvMjAwMC9zdmciPjwvc3ZnPg==\" class=\"lazyload\" data-load-mode=\"1\">\n  <\/iframe>\n<\/div>\n","protected":false},"excerpt":{"rendered":"<p>La lectura, el arte, la m\u00fasica y la cocina se viven a trav\u00e9s de Combarranquilla. Desde este mes, ni\u00f1os, ni\u00f1as y j\u00f3venes tendr\u00e1n la oportunidad de explorar sus gustos y desarrollar sus talentos con nuestros cursos y talleres. Descubre la variedad de actividades con tarifas especiales a las que puedes acceder. Para mayor informaci\u00f3n, comun\u00edcate [&hellip;]<\/p>\n","protected":false},"author":2,"featured_media":7684,"comment_status":"open","ping_status":"open","sticky":false,"template":"","format":"standard","meta":{"inline_featured_image":false,"footnotes":""},"categories":[4],"tags":[],"class_list":["post-7677","post","type-post","status-publish","format-standard","has-post-thumbnail","hentry","category-ciencia-y-cultura"],"yoast_head":"<!-- This site is optimized with the Yoast SEO plugin v27.4 - https:\/\/yoast.com\/product\/yoast-seo-wordpress\/ -->\n<title>Comba Agenda Cultural: talleres y cursos para ni\u00f1os y j\u00f3venes - Tu Gu\u00eda<\/title>\n<meta name=\"description\" content=\"La cultura llega a las Unidades Boston y Calle 30 con actividades para todos los ni\u00f1os, ni\u00f1as y j\u00f3venes. \u00a1Deja volar tu imaginaci\u00f3n!\" \/>\n<meta name=\"robots\" content=\"index, follow, max-snippet:-1, max-image-preview:large, max-video-preview:-1\" \/>\n<link rel=\"canonical\" href=\"https:\/\/tuguia.combarranquilla.co\/Revista\/comba-agenda-cultural-disfruta-de-talleres-y-cursos-para-ninos-y-jovenes\/\" \/>\n<meta property=\"og:locale\" content=\"es_ES\" \/>\n<meta property=\"og:type\" content=\"article\" \/>\n<meta property=\"og:title\" content=\"Comba Agenda Cultural: talleres y cursos para ni\u00f1os y j\u00f3venes - Tu Gu\u00eda\" \/>\n<meta property=\"og:description\" content=\"La cultura llega a las Unidades Boston y Calle 30 con actividades para todos los ni\u00f1os, ni\u00f1as y j\u00f3venes. \u00a1Deja volar tu imaginaci\u00f3n!\" \/>\n<meta property=\"og:url\" content=\"https:\/\/tuguia.combarranquilla.co\/Revista\/comba-agenda-cultural-disfruta-de-talleres-y-cursos-para-ninos-y-jovenes\/\" \/>\n<meta property=\"og:site_name\" content=\"Tu Gu\u00eda\" \/>\n<meta property=\"article:published_time\" content=\"2025-09-10T15:25:51+00:00\" \/>\n<meta property=\"article:modified_time\" content=\"2025-09-15T16:52:13+00:00\" \/>\n<meta property=\"og:image\" content=\"https:\/\/tuguia.combarranquilla.co\/Revista\/wp-content\/uploads\/2025\/09\/Revista-Combarranquilla-1-1-scaled.jpg\" \/>\n\t<meta property=\"og:image:width\" content=\"2560\" \/>\n\t<meta property=\"og:image:height\" content=\"1280\" \/>\n\t<meta property=\"og:image:type\" content=\"image\/jpeg\" \/>\n<meta name=\"author\" content=\"Comunicaciones Combarranquilla\" \/>\n<meta name=\"twitter:card\" content=\"summary_large_image\" \/>\n<meta name=\"twitter:label1\" content=\"Escrito por\" \/>\n\t<meta name=\"twitter:data1\" content=\"Comunicaciones Combarranquilla\" \/>\n\t<meta name=\"twitter:label2\" content=\"Tiempo de lectura\" \/>\n\t<meta name=\"twitter:data2\" content=\"1 minuto\" \/>\n<script type=\"application\/ld+json\" class=\"yoast-schema-graph\">{\"@context\":\"https:\\\/\\\/schema.org\",\"@graph\":[{\"@type\":\"Article\",\"@id\":\"https:\\\/\\\/tuguia.combarranquilla.co\\\/Revista\\\/comba-agenda-cultural-disfruta-de-talleres-y-cursos-para-ninos-y-jovenes\\\/#article\",\"isPartOf\":{\"@id\":\"https:\\\/\\\/tuguia.combarranquilla.co\\\/Revista\\\/comba-agenda-cultural-disfruta-de-talleres-y-cursos-para-ninos-y-jovenes\\\/\"},\"author\":{\"name\":\"Comunicaciones Combarranquilla\",\"@id\":\"https:\\\/\\\/tuguia.combarranquilla.co\\\/Revista\\\/#\\\/schema\\\/person\\\/c2c396a77170bd1d5f8ba73294eb0d10\"},\"headline\":\"Comba Agenda Cultural: talleres y cursos para ni\u00f1os y j\u00f3venes\",\"datePublished\":\"2025-09-10T15:25:51+00:00\",\"dateModified\":\"2025-09-15T16:52:13+00:00\",\"mainEntityOfPage\":{\"@id\":\"https:\\\/\\\/tuguia.combarranquilla.co\\\/Revista\\\/comba-agenda-cultural-disfruta-de-talleres-y-cursos-para-ninos-y-jovenes\\\/\"},\"wordCount\":93,\"commentCount\":0,\"publisher\":{\"@id\":\"https:\\\/\\\/tuguia.combarranquilla.co\\\/Revista\\\/#organization\"},\"image\":{\"@id\":\"https:\\\/\\\/tuguia.combarranquilla.co\\\/Revista\\\/comba-agenda-cultural-disfruta-de-talleres-y-cursos-para-ninos-y-jovenes\\\/#primaryimage\"},\"thumbnailUrl\":\"https:\\\/\\\/tuguia.combarranquilla.co\\\/Revista\\\/wp-content\\\/uploads\\\/2025\\\/09\\\/Revista-Combarranquilla-1-1-scaled.jpg\",\"articleSection\":[\"CIENCIA Y CULTURA\"],\"inLanguage\":\"es-CO\",\"potentialAction\":[{\"@type\":\"CommentAction\",\"name\":\"Comment\",\"target\":[\"https:\\\/\\\/tuguia.combarranquilla.co\\\/Revista\\\/comba-agenda-cultural-disfruta-de-talleres-y-cursos-para-ninos-y-jovenes\\\/#respond\"]}]},{\"@type\":\"WebPage\",\"@id\":\"https:\\\/\\\/tuguia.combarranquilla.co\\\/Revista\\\/comba-agenda-cultural-disfruta-de-talleres-y-cursos-para-ninos-y-jovenes\\\/\",\"url\":\"https:\\\/\\\/tuguia.combarranquilla.co\\\/Revista\\\/comba-agenda-cultural-disfruta-de-talleres-y-cursos-para-ninos-y-jovenes\\\/\",\"name\":\"Comba Agenda Cultural: talleres y cursos para ni\u00f1os y j\u00f3venes - Tu Gu\u00eda\",\"isPartOf\":{\"@id\":\"https:\\\/\\\/tuguia.combarranquilla.co\\\/Revista\\\/#website\"},\"primaryImageOfPage\":{\"@id\":\"https:\\\/\\\/tuguia.combarranquilla.co\\\/Revista\\\/comba-agenda-cultural-disfruta-de-talleres-y-cursos-para-ninos-y-jovenes\\\/#primaryimage\"},\"image\":{\"@id\":\"https:\\\/\\\/tuguia.combarranquilla.co\\\/Revista\\\/comba-agenda-cultural-disfruta-de-talleres-y-cursos-para-ninos-y-jovenes\\\/#primaryimage\"},\"thumbnailUrl\":\"https:\\\/\\\/tuguia.combarranquilla.co\\\/Revista\\\/wp-content\\\/uploads\\\/2025\\\/09\\\/Revista-Combarranquilla-1-1-scaled.jpg\",\"datePublished\":\"2025-09-10T15:25:51+00:00\",\"dateModified\":\"2025-09-15T16:52:13+00:00\",\"description\":\"La cultura llega a las Unidades Boston y Calle 30 con actividades para todos los ni\u00f1os, ni\u00f1as y j\u00f3venes. \u00a1Deja volar tu imaginaci\u00f3n!\",\"breadcrumb\":{\"@id\":\"https:\\\/\\\/tuguia.combarranquilla.co\\\/Revista\\\/comba-agenda-cultural-disfruta-de-talleres-y-cursos-para-ninos-y-jovenes\\\/#breadcrumb\"},\"inLanguage\":\"es-CO\",\"potentialAction\":[{\"@type\":\"ReadAction\",\"target\":[\"https:\\\/\\\/tuguia.combarranquilla.co\\\/Revista\\\/comba-agenda-cultural-disfruta-de-talleres-y-cursos-para-ninos-y-jovenes\\\/\"]}]},{\"@type\":\"ImageObject\",\"inLanguage\":\"es-CO\",\"@id\":\"https:\\\/\\\/tuguia.combarranquilla.co\\\/Revista\\\/comba-agenda-cultural-disfruta-de-talleres-y-cursos-para-ninos-y-jovenes\\\/#primaryimage\",\"url\":\"https:\\\/\\\/tuguia.combarranquilla.co\\\/Revista\\\/wp-content\\\/uploads\\\/2025\\\/09\\\/Revista-Combarranquilla-1-1-scaled.jpg\",\"contentUrl\":\"https:\\\/\\\/tuguia.combarranquilla.co\\\/Revista\\\/wp-content\\\/uploads\\\/2025\\\/09\\\/Revista-Combarranquilla-1-1-scaled.jpg\",\"width\":2560,\"height\":1280},{\"@type\":\"BreadcrumbList\",\"@id\":\"https:\\\/\\\/tuguia.combarranquilla.co\\\/Revista\\\/comba-agenda-cultural-disfruta-de-talleres-y-cursos-para-ninos-y-jovenes\\\/#breadcrumb\",\"itemListElement\":[{\"@type\":\"ListItem\",\"position\":1,\"name\":\"Inicio\",\"item\":\"https:\\\/\\\/tuguia.combarranquilla.co\\\/Revista\\\/\"},{\"@type\":\"ListItem\",\"position\":2,\"name\":\"Comba Agenda Cultural: talleres y cursos para ni\u00f1os y j\u00f3venes\"}]},{\"@type\":\"WebSite\",\"@id\":\"https:\\\/\\\/tuguia.combarranquilla.co\\\/Revista\\\/#website\",\"url\":\"https:\\\/\\\/tuguia.combarranquilla.co\\\/Revista\\\/\",\"name\":\"Tu Gu\u00eda\",\"description\":\"La revista donde lo tienes todo.\",\"publisher\":{\"@id\":\"https:\\\/\\\/tuguia.combarranquilla.co\\\/Revista\\\/#organization\"},\"alternateName\":\"Tu Gu\u00eda Combarranquilla\",\"potentialAction\":[{\"@type\":\"SearchAction\",\"target\":{\"@type\":\"EntryPoint\",\"urlTemplate\":\"https:\\\/\\\/tuguia.combarranquilla.co\\\/Revista\\\/?s={search_term_string}\"},\"query-input\":{\"@type\":\"PropertyValueSpecification\",\"valueRequired\":true,\"valueName\":\"search_term_string\"}}],\"inLanguage\":\"es-CO\"},{\"@type\":\"Organization\",\"@id\":\"https:\\\/\\\/tuguia.combarranquilla.co\\\/Revista\\\/#organization\",\"name\":\"Tu Gu\u00eda Combarranquilla\",\"url\":\"https:\\\/\\\/tuguia.combarranquilla.co\\\/Revista\\\/\",\"logo\":{\"@type\":\"ImageObject\",\"inLanguage\":\"es-CO\",\"@id\":\"https:\\\/\\\/tuguia.combarranquilla.co\\\/Revista\\\/#\\\/schema\\\/logo\\\/image\\\/\",\"url\":\"https:\\\/\\\/tuguia.combarranquilla.co\\\/Revista\\\/wp-content\\\/uploads\\\/2022\\\/02\\\/logo-guia-combarranquilla.svg\",\"contentUrl\":\"https:\\\/\\\/tuguia.combarranquilla.co\\\/Revista\\\/wp-content\\\/uploads\\\/2022\\\/02\\\/logo-guia-combarranquilla.svg\",\"caption\":\"Tu Gu\u00eda Combarranquilla\"},\"image\":{\"@id\":\"https:\\\/\\\/tuguia.combarranquilla.co\\\/Revista\\\/#\\\/schema\\\/logo\\\/image\\\/\"}},{\"@type\":\"Person\",\"@id\":\"https:\\\/\\\/tuguia.combarranquilla.co\\\/Revista\\\/#\\\/schema\\\/person\\\/c2c396a77170bd1d5f8ba73294eb0d10\",\"name\":\"Comunicaciones Combarranquilla\",\"image\":{\"@type\":\"ImageObject\",\"inLanguage\":\"es-CO\",\"@id\":\"https:\\\/\\\/tuguia.combarranquilla.co\\\/Revista\\\/wp-content\\\/uploads\\\/2025\\\/05\\\/ABC-Al-Rojo-Logo-96x96.jpg\",\"url\":\"https:\\\/\\\/tuguia.combarranquilla.co\\\/Revista\\\/wp-content\\\/uploads\\\/2025\\\/05\\\/ABC-Al-Rojo-Logo-96x96.jpg\",\"contentUrl\":\"https:\\\/\\\/tuguia.combarranquilla.co\\\/Revista\\\/wp-content\\\/uploads\\\/2025\\\/05\\\/ABC-Al-Rojo-Logo-96x96.jpg\",\"caption\":\"Comunicaciones Combarranquilla\"},\"sameAs\":[\"https:\\\/\\\/www.combarranquilla.co\"],\"url\":\"https:\\\/\\\/tuguia.combarranquilla.co\\\/Revista\\\/author\\\/comunicaciones\\\/\"}]}<\/script>\n<!-- \/ Yoast SEO plugin. -->","yoast_head_json":{"title":"Comba Agenda Cultural: talleres y cursos para ni\u00f1os y j\u00f3venes - Tu Gu\u00eda","description":"La cultura llega a las Unidades Boston y Calle 30 con actividades para todos los ni\u00f1os, ni\u00f1as y j\u00f3venes. \u00a1Deja volar tu imaginaci\u00f3n!","robots":{"index":"index","follow":"follow","max-snippet":"max-snippet:-1","max-image-preview":"max-image-preview:large","max-video-preview":"max-video-preview:-1"},"canonical":"https:\/\/tuguia.combarranquilla.co\/Revista\/comba-agenda-cultural-disfruta-de-talleres-y-cursos-para-ninos-y-jovenes\/","og_locale":"es_ES","og_type":"article","og_title":"Comba Agenda Cultural: talleres y cursos para ni\u00f1os y j\u00f3venes - Tu Gu\u00eda","og_description":"La cultura llega a las Unidades Boston y Calle 30 con actividades para todos los ni\u00f1os, ni\u00f1as y j\u00f3venes. \u00a1Deja volar tu imaginaci\u00f3n!","og_url":"https:\/\/tuguia.combarranquilla.co\/Revista\/comba-agenda-cultural-disfruta-de-talleres-y-cursos-para-ninos-y-jovenes\/","og_site_name":"Tu Gu\u00eda","article_published_time":"2025-09-10T15:25:51+00:00","article_modified_time":"2025-09-15T16:52:13+00:00","og_image":[{"width":2560,"height":1280,"url":"https:\/\/tuguia.combarranquilla.co\/Revista\/wp-content\/uploads\/2025\/09\/Revista-Combarranquilla-1-1-scaled.jpg","type":"image\/jpeg"}],"author":"Comunicaciones Combarranquilla","twitter_card":"summary_large_image","twitter_misc":{"Escrito por":"Comunicaciones Combarranquilla","Tiempo de lectura":"1 minuto"},"schema":{"@context":"https:\/\/schema.org","@graph":[{"@type":"Article","@id":"https:\/\/tuguia.combarranquilla.co\/Revista\/comba-agenda-cultural-disfruta-de-talleres-y-cursos-para-ninos-y-jovenes\/#article","isPartOf":{"@id":"https:\/\/tuguia.combarranquilla.co\/Revista\/comba-agenda-cultural-disfruta-de-talleres-y-cursos-para-ninos-y-jovenes\/"},"author":{"name":"Comunicaciones Combarranquilla","@id":"https:\/\/tuguia.combarranquilla.co\/Revista\/#\/schema\/person\/c2c396a77170bd1d5f8ba73294eb0d10"},"headline":"Comba Agenda Cultural: talleres y cursos para ni\u00f1os y j\u00f3venes","datePublished":"2025-09-10T15:25:51+00:00","dateModified":"2025-09-15T16:52:13+00:00","mainEntityOfPage":{"@id":"https:\/\/tuguia.combarranquilla.co\/Revista\/comba-agenda-cultural-disfruta-de-talleres-y-cursos-para-ninos-y-jovenes\/"},"wordCount":93,"commentCount":0,"publisher":{"@id":"https:\/\/tuguia.combarranquilla.co\/Revista\/#organization"},"image":{"@id":"https:\/\/tuguia.combarranquilla.co\/Revista\/comba-agenda-cultural-disfruta-de-talleres-y-cursos-para-ninos-y-jovenes\/#primaryimage"},"thumbnailUrl":"https:\/\/tuguia.combarranquilla.co\/Revista\/wp-content\/uploads\/2025\/09\/Revista-Combarranquilla-1-1-scaled.jpg","articleSection":["CIENCIA Y CULTURA"],"inLanguage":"es-CO","potentialAction":[{"@type":"CommentAction","name":"Comment","target":["https:\/\/tuguia.combarranquilla.co\/Revista\/comba-agenda-cultural-disfruta-de-talleres-y-cursos-para-ninos-y-jovenes\/#respond"]}]},{"@type":"WebPage","@id":"https:\/\/tuguia.combarranquilla.co\/Revista\/comba-agenda-cultural-disfruta-de-talleres-y-cursos-para-ninos-y-jovenes\/","url":"https:\/\/tuguia.combarranquilla.co\/Revista\/comba-agenda-cultural-disfruta-de-talleres-y-cursos-para-ninos-y-jovenes\/","name":"Comba Agenda Cultural: talleres y cursos para ni\u00f1os y j\u00f3venes - Tu Gu\u00eda","isPartOf":{"@id":"https:\/\/tuguia.combarranquilla.co\/Revista\/#website"},"primaryImageOfPage":{"@id":"https:\/\/tuguia.combarranquilla.co\/Revista\/comba-agenda-cultural-disfruta-de-talleres-y-cursos-para-ninos-y-jovenes\/#primaryimage"},"image":{"@id":"https:\/\/tuguia.combarranquilla.co\/Revista\/comba-agenda-cultural-disfruta-de-talleres-y-cursos-para-ninos-y-jovenes\/#primaryimage"},"thumbnailUrl":"https:\/\/tuguia.combarranquilla.co\/Revista\/wp-content\/uploads\/2025\/09\/Revista-Combarranquilla-1-1-scaled.jpg","datePublished":"2025-09-10T15:25:51+00:00","dateModified":"2025-09-15T16:52:13+00:00","description":"La cultura llega a las Unidades Boston y Calle 30 con actividades para todos los ni\u00f1os, ni\u00f1as y j\u00f3venes. \u00a1Deja volar tu imaginaci\u00f3n!","breadcrumb":{"@id":"https:\/\/tuguia.combarranquilla.co\/Revista\/comba-agenda-cultural-disfruta-de-talleres-y-cursos-para-ninos-y-jovenes\/#breadcrumb"},"inLanguage":"es-CO","potentialAction":[{"@type":"ReadAction","target":["https:\/\/tuguia.combarranquilla.co\/Revista\/comba-agenda-cultural-disfruta-de-talleres-y-cursos-para-ninos-y-jovenes\/"]}]},{"@type":"ImageObject","inLanguage":"es-CO","@id":"https:\/\/tuguia.combarranquilla.co\/Revista\/comba-agenda-cultural-disfruta-de-talleres-y-cursos-para-ninos-y-jovenes\/#primaryimage","url":"https:\/\/tuguia.combarranquilla.co\/Revista\/wp-content\/uploads\/2025\/09\/Revista-Combarranquilla-1-1-scaled.jpg","contentUrl":"https:\/\/tuguia.combarranquilla.co\/Revista\/wp-content\/uploads\/2025\/09\/Revista-Combarranquilla-1-1-scaled.jpg","width":2560,"height":1280},{"@type":"BreadcrumbList","@id":"https:\/\/tuguia.combarranquilla.co\/Revista\/comba-agenda-cultural-disfruta-de-talleres-y-cursos-para-ninos-y-jovenes\/#breadcrumb","itemListElement":[{"@type":"ListItem","position":1,"name":"Inicio","item":"https:\/\/tuguia.combarranquilla.co\/Revista\/"},{"@type":"ListItem","position":2,"name":"Comba Agenda Cultural: talleres y cursos para ni\u00f1os y j\u00f3venes"}]},{"@type":"WebSite","@id":"https:\/\/tuguia.combarranquilla.co\/Revista\/#website","url":"https:\/\/tuguia.combarranquilla.co\/Revista\/","name":"Tu Gu\u00eda","description":"La revista donde lo tienes todo.","publisher":{"@id":"https:\/\/tuguia.combarranquilla.co\/Revista\/#organization"},"alternateName":"Tu Gu\u00eda Combarranquilla","potentialAction":[{"@type":"SearchAction","target":{"@type":"EntryPoint","urlTemplate":"https:\/\/tuguia.combarranquilla.co\/Revista\/?s={search_term_string}"},"query-input":{"@type":"PropertyValueSpecification","valueRequired":true,"valueName":"search_term_string"}}],"inLanguage":"es-CO"},{"@type":"Organization","@id":"https:\/\/tuguia.combarranquilla.co\/Revista\/#organization","name":"Tu Gu\u00eda Combarranquilla","url":"https:\/\/tuguia.combarranquilla.co\/Revista\/","logo":{"@type":"ImageObject","inLanguage":"es-CO","@id":"https:\/\/tuguia.combarranquilla.co\/Revista\/#\/schema\/logo\/image\/","url":"https:\/\/tuguia.combarranquilla.co\/Revista\/wp-content\/uploads\/2022\/02\/logo-guia-combarranquilla.svg","contentUrl":"https:\/\/tuguia.combarranquilla.co\/Revista\/wp-content\/uploads\/2022\/02\/logo-guia-combarranquilla.svg","caption":"Tu Gu\u00eda Combarranquilla"},"image":{"@id":"https:\/\/tuguia.combarranquilla.co\/Revista\/#\/schema\/logo\/image\/"}},{"@type":"Person","@id":"https:\/\/tuguia.combarranquilla.co\/Revista\/#\/schema\/person\/c2c396a77170bd1d5f8ba73294eb0d10","name":"Comunicaciones Combarranquilla","image":{"@type":"ImageObject","inLanguage":"es-CO","@id":"https:\/\/tuguia.combarranquilla.co\/Revista\/wp-content\/uploads\/2025\/05\/ABC-Al-Rojo-Logo-96x96.jpg","url":"https:\/\/tuguia.combarranquilla.co\/Revista\/wp-content\/uploads\/2025\/05\/ABC-Al-Rojo-Logo-96x96.jpg","contentUrl":"https:\/\/tuguia.combarranquilla.co\/Revista\/wp-content\/uploads\/2025\/05\/ABC-Al-Rojo-Logo-96x96.jpg","caption":"Comunicaciones Combarranquilla"},"sameAs":["https:\/\/www.combarranquilla.co"],"url":"https:\/\/tuguia.combarranquilla.co\/Revista\/author\/comunicaciones\/"}]}},"_links":{"self":[{"href":"https:\/\/tuguia.combarranquilla.co\/Revista\/wp-json\/wp\/v2\/posts\/7677","targetHints":{"allow":["GET"]}}],"collection":[{"href":"https:\/\/tuguia.combarranquilla.co\/Revista\/wp-json\/wp\/v2\/posts"}],"about":[{"href":"https:\/\/tuguia.combarranquilla.co\/Revista\/wp-json\/wp\/v2\/types\/post"}],"author":[{"embeddable":true,"href":"https:\/\/tuguia.combarranquilla.co\/Revista\/wp-json\/wp\/v2\/users\/2"}],"replies":[{"embeddable":true,"href":"https:\/\/tuguia.combarranquilla.co\/Revista\/wp-json\/wp\/v2\/comments?post=7677"}],"version-history":[{"count":10,"href":"https:\/\/tuguia.combarranquilla.co\/Revista\/wp-json\/wp\/v2\/posts\/7677\/revisions"}],"predecessor-version":[{"id":7701,"href":"https:\/\/tuguia.combarranquilla.co\/Revista\/wp-json\/wp\/v2\/posts\/7677\/revisions\/7701"}],"wp:featuredmedia":[{"embeddable":true,"href":"https:\/\/tuguia.combarranquilla.co\/Revista\/wp-json\/wp\/v2\/media\/7684"}],"wp:attachment":[{"href":"https:\/\/tuguia.combarranquilla.co\/Revista\/wp-json\/wp\/v2\/media?parent=7677"}],"wp:term":[{"taxonomy":"category","embeddable":true,"href":"https:\/\/tuguia.combarranquilla.co\/Revista\/wp-json\/wp\/v2\/categories?post=7677"},{"taxonomy":"post_tag","embeddable":true,"href":"https:\/\/tuguia.combarranquilla.co\/Revista\/wp-json\/wp\/v2\/tags?post=7677"}],"curies":[{"name":"wp","href":"https:\/\/api.w.org\/{rel}","templated":true}]}}