{"id":7710,"date":"2025-09-16T11:38:18","date_gmt":"2025-09-16T16:38:18","guid":{"rendered":"https:\/\/tuguia.combarranquilla.co\/Revista\/?p=7710"},"modified":"2025-09-18T07:49:43","modified_gmt":"2025-09-18T12:49:43","slug":"hay-un-agujero-negro-en-la-capa-de-ozono","status":"publish","type":"post","link":"https:\/\/tuguia.combarranquilla.co\/Revista\/hay-un-agujero-negro-en-la-capa-de-ozono\/","title":{"rendered":"\u00bfHay un agujero en la capa de ozono?"},"content":{"rendered":"\n<p><strong>Por: Dayana Dom\u00ednguez<\/strong><\/p>\n\n\n\n<p>La capa de ozono una regi\u00f3n de la estratosfera, entre 15 y 50 km de altura, con alta concentraci\u00f3n de ozono (O\u2083). Act\u00faa como un escudo protector que absorbe la mayor parte de los peligrosos rayos ultravioleta (UV-B) del sol, evitando que lleguen a la superficie de la Tierra.<\/p>\n\n\n\n<p>Sin su filtrado, los rayos UV m\u00e1s potentes da\u00f1ar\u00edan las c\u00e9lulas vivas y el material gen\u00e9tico de los seres vivos.&nbsp;<\/p>\n\n\n\n<p><strong>\u00bfC\u00f3mo funciona?<\/strong><\/p>\n\n\n\n<p>La capa de ozono act\u00faa en tres simples pasos:<\/p>\n\n\n\n<div class=\"wp-block-columns is-layout-flex wp-container-core-columns-is-layout-9d6595d7 wp-block-columns-is-layout-flex\">\n<div class=\"wp-block-column is-layout-flow wp-block-column-is-layout-flow\"><div class=\"wp-block-image\">\n<figure class=\"aligncenter size-large is-resized\"><img decoding=\"async\" width=\"683\" height=\"1024\" data-src=\"https:\/\/tuguia.combarranquilla.co\/Revista\/wp-content\/uploads\/2025\/09\/ozono-1-683x1024.png\" alt=\"\" class=\"wp-image-7717 lazyload\" style=\"--smush-placeholder-width: 683px; --smush-placeholder-aspect-ratio: 683\/1024;width:auto;height:500px\" data-srcset=\"https:\/\/tuguia.combarranquilla.co\/Revista\/wp-content\/uploads\/2025\/09\/ozono-1-683x1024.png 683w, https:\/\/tuguia.combarranquilla.co\/Revista\/wp-content\/uploads\/2025\/09\/ozono-1-200x300.png 200w, https:\/\/tuguia.combarranquilla.co\/Revista\/wp-content\/uploads\/2025\/09\/ozono-1-768x1152.png 768w, https:\/\/tuguia.combarranquilla.co\/Revista\/wp-content\/uploads\/2025\/09\/ozono-1.png 1024w\" data-sizes=\"(max-width: 683px) 100vw, 683px\" src=\"data:image\/svg+xml;base64,PHN2ZyB3aWR0aD0iMSIgaGVpZ2h0PSIxIiB4bWxucz0iaHR0cDovL3d3dy53My5vcmcvMjAwMC9zdmciPjwvc3ZnPg==\" \/><\/figure><\/div><\/div>\n\n\n\n<div class=\"wp-block-column is-layout-flow wp-block-column-is-layout-flow\"><div class=\"wp-block-image\">\n<figure class=\"aligncenter size-large is-resized\"><img decoding=\"async\" width=\"683\" height=\"1024\" data-src=\"https:\/\/tuguia.combarranquilla.co\/Revista\/wp-content\/uploads\/2025\/09\/ozono-2-1-683x1024.png\" alt=\"\" class=\"wp-image-7719 lazyload\" style=\"--smush-placeholder-width: 683px; --smush-placeholder-aspect-ratio: 683\/1024;width:auto;height:500px\" data-srcset=\"https:\/\/tuguia.combarranquilla.co\/Revista\/wp-content\/uploads\/2025\/09\/ozono-2-1-683x1024.png 683w, https:\/\/tuguia.combarranquilla.co\/Revista\/wp-content\/uploads\/2025\/09\/ozono-2-1-200x300.png 200w, https:\/\/tuguia.combarranquilla.co\/Revista\/wp-content\/uploads\/2025\/09\/ozono-2-1-768x1152.png 768w, https:\/\/tuguia.combarranquilla.co\/Revista\/wp-content\/uploads\/2025\/09\/ozono-2-1.png 1024w\" data-sizes=\"(max-width: 683px) 100vw, 683px\" src=\"data:image\/svg+xml;base64,PHN2ZyB3aWR0aD0iMSIgaGVpZ2h0PSIxIiB4bWxucz0iaHR0cDovL3d3dy53My5vcmcvMjAwMC9zdmciPjwvc3ZnPg==\" \/><\/figure><\/div><\/div>\n<\/div>\n\n\n\n<ol class=\"wp-block-list\">\n<li><strong>Formaci\u00f3n:<\/strong> La radiaci\u00f3n UV separa las mol\u00e9culas de ox\u00edgeno (O\u2082) por la radiaci\u00f3n UV en \u00e1tomos individuales de ox\u00edgeno.<\/li>\n\n\n\n<li><strong>Reacci\u00f3n:<\/strong>&nbsp;Estos \u00e1tomos se unen a otras mol\u00e9culas de ox\u00edgeno para formar mol\u00e9culas de ozono (O\u2083).&nbsp;<\/li>\n\n\n\n<li><strong>Absorci\u00f3n:<\/strong>&nbsp;Las mol\u00e9culas de ozono absorben la energ\u00eda de los rayos UV, convirti\u00e9ndola en calor y frenando su paso hacia la superficie terrestre.&nbsp;<\/li>\n<\/ol>\n\n\n\n<p>La capa de ozono se destruye&nbsp;por compuestos qu\u00edmicos liberados por actividades humanas, principalmente los clorofluorocarbonos (CFC), que al ser transportados a la estratosfera son descompuestos por el sol, liberando \u00e1tomos de cloro que destruyen repetidamente las mol\u00e9culas de ozono.&nbsp;El cloro act\u00faa como un catalizador, rompiendo hasta 100,000 mol\u00e9culas de ozono, lo que genera un adelgazamiento de la capa conocido como &#8220;<strong>agujero de ozono&#8221;<\/strong>.&nbsp;<\/p>\n\n\n\n<p>El agujero de ozono&nbsp;<strong>no es perceptible directamente por los sentidos humanos<\/strong>&nbsp;porque es un adelgazamiento de la capa de ozono en la estratosfera, a gran altura. Su efecto perceptible es indirecto: causa un aumento de la&nbsp;<strong>radiaci\u00f3n ultravioleta (UV)<\/strong>&nbsp;que llega a la superficie terrestre, la cual no se ve, pero s\u00ed se puede sentir en la piel, pudiendo provocar quemaduras y otros da\u00f1os a la salud.&nbsp;<\/p>\n\n\n\n<p>Hoy en el D\u00eda Mundial de la Capa de Ozono, el centro de ciencias de Combarranquilla te invita a hacer tu parte:<\/p>\n\n\n\n<div class=\"wp-block-media-text is-stacked-on-mobile\" style=\"grid-template-columns:29% auto\"><figure class=\"wp-block-media-text__media\"><img decoding=\"async\" width=\"683\" height=\"1024\" data-src=\"https:\/\/tuguia.combarranquilla.co\/Revista\/wp-content\/uploads\/2025\/09\/ozono-3-683x1024.png\" alt=\"\" class=\"wp-image-7716 size-full lazyload\" data-srcset=\"https:\/\/tuguia.combarranquilla.co\/Revista\/wp-content\/uploads\/2025\/09\/ozono-3-683x1024.png 683w, https:\/\/tuguia.combarranquilla.co\/Revista\/wp-content\/uploads\/2025\/09\/ozono-3-200x300.png 200w, https:\/\/tuguia.combarranquilla.co\/Revista\/wp-content\/uploads\/2025\/09\/ozono-3-768x1152.png 768w, https:\/\/tuguia.combarranquilla.co\/Revista\/wp-content\/uploads\/2025\/09\/ozono-3.png 1024w\" data-sizes=\"(max-width: 683px) 100vw, 683px\" src=\"data:image\/svg+xml;base64,PHN2ZyB3aWR0aD0iMSIgaGVpZ2h0PSIxIiB4bWxucz0iaHR0cDovL3d3dy53My5vcmcvMjAwMC9zdmciPjwvc3ZnPg==\" style=\"--smush-placeholder-width: 683px; --smush-placeholder-aspect-ratio: 683\/1024;\" \/><\/figure><div class=\"wp-block-media-text__content\">\n<div class=\"wp-block-group is-vertical is-layout-flex wp-container-core-group-is-layout-8cf370e7 wp-block-group-is-layout-flex\">\n<ul class=\"wp-block-list\">\n<li>Aseg\u00farate de que tus refrigeradores o aires acondicionados no presenten fugas.<\/li>\n<\/ul>\n\n\n\n<ul class=\"wp-block-list\">\n<li>Evita los aerosoles o productos que contengan propelentes perjudiciales<\/li>\n<\/ul>\n\n\n\n<ul class=\"wp-block-list\">\n<li>Camina, usa la bici o utiliza el transporte p\u00fablico.<\/li>\n<\/ul>\n\n\n\n<ul class=\"wp-block-list\">\n<li>Planta \u00e1rboles y reduce los pl\u00e1sticos.<\/li>\n<\/ul>\n\n\n\n<ul class=\"wp-block-list\">\n<li>Educa a otros compartiendo esta informaci\u00f3n.<\/li>\n<\/ul>\n<\/div>\n<\/div><\/div>\n\n\n\n<p><\/p>\n\n\n\n<figure style=\"font-size:16px\" class=\"wp-block-table\"><table class=\"has-fixed-layout\"><tbody><tr><td><strong>Webgraf\u00eda<\/strong><br><a href=\"http:\/\/www.esa.int\/kids\">www.esa.int\/kids<\/a><br><a href=\"https:\/\/www.ideam.gov.co\/\">www.ideam.gov.co<\/a><\/td><\/tr><\/tbody><\/table><\/figure>\n","protected":false},"excerpt":{"rendered":"<p>Por: Dayana Dom\u00ednguez La capa de ozono una regi\u00f3n de la estratosfera, entre 15 y 50 km de altura, con alta concentraci\u00f3n de ozono (O\u2083). Act\u00faa como un escudo protector que absorbe la mayor parte de los peligrosos rayos ultravioleta (UV-B) del sol, evitando que lleguen a la superficie de la Tierra. Sin su filtrado, [&hellip;]<\/p>\n","protected":false},"author":3,"featured_media":7729,"comment_status":"open","ping_status":"open","sticky":false,"template":"","format":"standard","meta":{"inline_featured_image":false,"footnotes":""},"categories":[4],"tags":[],"class_list":["post-7710","post","type-post","status-publish","format-standard","has-post-thumbnail","hentry","category-ciencia-y-cultura"],"yoast_head":"<!-- This site is optimized with the Yoast SEO plugin v27.4 - https:\/\/yoast.com\/product\/yoast-seo-wordpress\/ -->\n<title>\u00bfHay un agujero en la capa de ozono? - Tu Gu\u00eda<\/title>\n<meta name=\"robots\" content=\"index, follow, max-snippet:-1, max-image-preview:large, max-video-preview:-1\" \/>\n<link rel=\"canonical\" href=\"https:\/\/tuguia.combarranquilla.co\/Revista\/hay-un-agujero-negro-en-la-capa-de-ozono\/\" \/>\n<meta property=\"og:locale\" content=\"es_ES\" \/>\n<meta property=\"og:type\" content=\"article\" \/>\n<meta property=\"og:title\" content=\"\u00bfHay un agujero en la capa de ozono? - Tu Gu\u00eda\" \/>\n<meta property=\"og:description\" content=\"Por: Dayana Dom\u00ednguez La capa de ozono una regi\u00f3n de la estratosfera, entre 15 y 50 km de altura, con alta concentraci\u00f3n de ozono (O\u2083). Act\u00faa como un escudo protector que absorbe la mayor parte de los peligrosos rayos ultravioleta (UV-B) del sol, evitando que lleguen a la superficie de la Tierra. Sin su filtrado, [&hellip;]\" \/>\n<meta property=\"og:url\" content=\"https:\/\/tuguia.combarranquilla.co\/Revista\/hay-un-agujero-negro-en-la-capa-de-ozono\/\" \/>\n<meta property=\"og:site_name\" content=\"Tu Gu\u00eda\" \/>\n<meta property=\"article:published_time\" content=\"2025-09-16T16:38:18+00:00\" \/>\n<meta property=\"article:modified_time\" content=\"2025-09-18T12:49:43+00:00\" \/>\n<meta property=\"og:image\" content=\"https:\/\/tuguia.combarranquilla.co\/Revista\/wp-content\/uploads\/2025\/09\/Revista-Combarranquilla-1-2-scaled.jpg\" \/>\n\t<meta property=\"og:image:width\" content=\"2560\" \/>\n\t<meta property=\"og:image:height\" content=\"1280\" \/>\n\t<meta property=\"og:image:type\" content=\"image\/jpeg\" \/>\n<meta name=\"author\" content=\"Planetario Combarranquilla\" \/>\n<meta name=\"twitter:card\" content=\"summary_large_image\" \/>\n<meta name=\"twitter:label1\" content=\"Escrito por\" \/>\n\t<meta name=\"twitter:data1\" content=\"Planetario Combarranquilla\" \/>\n\t<meta name=\"twitter:label2\" content=\"Tiempo de lectura\" \/>\n\t<meta name=\"twitter:data2\" content=\"1 minuto\" \/>\n<script type=\"application\/ld+json\" class=\"yoast-schema-graph\">{\"@context\":\"https:\\\/\\\/schema.org\",\"@graph\":[{\"@type\":\"Article\",\"@id\":\"https:\\\/\\\/tuguia.combarranquilla.co\\\/Revista\\\/hay-un-agujero-negro-en-la-capa-de-ozono\\\/#article\",\"isPartOf\":{\"@id\":\"https:\\\/\\\/tuguia.combarranquilla.co\\\/Revista\\\/hay-un-agujero-negro-en-la-capa-de-ozono\\\/\"},\"author\":{\"name\":\"Planetario Combarranquilla\",\"@id\":\"https:\\\/\\\/tuguia.combarranquilla.co\\\/Revista\\\/#\\\/schema\\\/person\\\/dfacca4b8219e57377c45d1e37a9cc8d\"},\"headline\":\"\u00bfHay un agujero en la capa de ozono?\",\"datePublished\":\"2025-09-16T16:38:18+00:00\",\"dateModified\":\"2025-09-18T12:49:43+00:00\",\"mainEntityOfPage\":{\"@id\":\"https:\\\/\\\/tuguia.combarranquilla.co\\\/Revista\\\/hay-un-agujero-negro-en-la-capa-de-ozono\\\/\"},\"wordCount\":401,\"commentCount\":0,\"publisher\":{\"@id\":\"https:\\\/\\\/tuguia.combarranquilla.co\\\/Revista\\\/#organization\"},\"image\":{\"@id\":\"https:\\\/\\\/tuguia.combarranquilla.co\\\/Revista\\\/hay-un-agujero-negro-en-la-capa-de-ozono\\\/#primaryimage\"},\"thumbnailUrl\":\"https:\\\/\\\/tuguia.combarranquilla.co\\\/Revista\\\/wp-content\\\/uploads\\\/2025\\\/09\\\/Revista-Combarranquilla-1-2-scaled.jpg\",\"articleSection\":[\"CIENCIA Y CULTURA\"],\"inLanguage\":\"es-CO\",\"potentialAction\":[{\"@type\":\"CommentAction\",\"name\":\"Comment\",\"target\":[\"https:\\\/\\\/tuguia.combarranquilla.co\\\/Revista\\\/hay-un-agujero-negro-en-la-capa-de-ozono\\\/#respond\"]}]},{\"@type\":\"WebPage\",\"@id\":\"https:\\\/\\\/tuguia.combarranquilla.co\\\/Revista\\\/hay-un-agujero-negro-en-la-capa-de-ozono\\\/\",\"url\":\"https:\\\/\\\/tuguia.combarranquilla.co\\\/Revista\\\/hay-un-agujero-negro-en-la-capa-de-ozono\\\/\",\"name\":\"\u00bfHay un agujero en la capa de ozono? - Tu Gu\u00eda\",\"isPartOf\":{\"@id\":\"https:\\\/\\\/tuguia.combarranquilla.co\\\/Revista\\\/#website\"},\"primaryImageOfPage\":{\"@id\":\"https:\\\/\\\/tuguia.combarranquilla.co\\\/Revista\\\/hay-un-agujero-negro-en-la-capa-de-ozono\\\/#primaryimage\"},\"image\":{\"@id\":\"https:\\\/\\\/tuguia.combarranquilla.co\\\/Revista\\\/hay-un-agujero-negro-en-la-capa-de-ozono\\\/#primaryimage\"},\"thumbnailUrl\":\"https:\\\/\\\/tuguia.combarranquilla.co\\\/Revista\\\/wp-content\\\/uploads\\\/2025\\\/09\\\/Revista-Combarranquilla-1-2-scaled.jpg\",\"datePublished\":\"2025-09-16T16:38:18+00:00\",\"dateModified\":\"2025-09-18T12:49:43+00:00\",\"breadcrumb\":{\"@id\":\"https:\\\/\\\/tuguia.combarranquilla.co\\\/Revista\\\/hay-un-agujero-negro-en-la-capa-de-ozono\\\/#breadcrumb\"},\"inLanguage\":\"es-CO\",\"potentialAction\":[{\"@type\":\"ReadAction\",\"target\":[\"https:\\\/\\\/tuguia.combarranquilla.co\\\/Revista\\\/hay-un-agujero-negro-en-la-capa-de-ozono\\\/\"]}]},{\"@type\":\"ImageObject\",\"inLanguage\":\"es-CO\",\"@id\":\"https:\\\/\\\/tuguia.combarranquilla.co\\\/Revista\\\/hay-un-agujero-negro-en-la-capa-de-ozono\\\/#primaryimage\",\"url\":\"https:\\\/\\\/tuguia.combarranquilla.co\\\/Revista\\\/wp-content\\\/uploads\\\/2025\\\/09\\\/Revista-Combarranquilla-1-2-scaled.jpg\",\"contentUrl\":\"https:\\\/\\\/tuguia.combarranquilla.co\\\/Revista\\\/wp-content\\\/uploads\\\/2025\\\/09\\\/Revista-Combarranquilla-1-2-scaled.jpg\",\"width\":2560,\"height\":1280},{\"@type\":\"BreadcrumbList\",\"@id\":\"https:\\\/\\\/tuguia.combarranquilla.co\\\/Revista\\\/hay-un-agujero-negro-en-la-capa-de-ozono\\\/#breadcrumb\",\"itemListElement\":[{\"@type\":\"ListItem\",\"position\":1,\"name\":\"Inicio\",\"item\":\"https:\\\/\\\/tuguia.combarranquilla.co\\\/Revista\\\/\"},{\"@type\":\"ListItem\",\"position\":2,\"name\":\"\u00bfHay un agujero en la capa de ozono?\"}]},{\"@type\":\"WebSite\",\"@id\":\"https:\\\/\\\/tuguia.combarranquilla.co\\\/Revista\\\/#website\",\"url\":\"https:\\\/\\\/tuguia.combarranquilla.co\\\/Revista\\\/\",\"name\":\"Tu Gu\u00eda\",\"description\":\"La revista donde lo tienes todo.\",\"publisher\":{\"@id\":\"https:\\\/\\\/tuguia.combarranquilla.co\\\/Revista\\\/#organization\"},\"alternateName\":\"Tu Gu\u00eda Combarranquilla\",\"potentialAction\":[{\"@type\":\"SearchAction\",\"target\":{\"@type\":\"EntryPoint\",\"urlTemplate\":\"https:\\\/\\\/tuguia.combarranquilla.co\\\/Revista\\\/?s={search_term_string}\"},\"query-input\":{\"@type\":\"PropertyValueSpecification\",\"valueRequired\":true,\"valueName\":\"search_term_string\"}}],\"inLanguage\":\"es-CO\"},{\"@type\":\"Organization\",\"@id\":\"https:\\\/\\\/tuguia.combarranquilla.co\\\/Revista\\\/#organization\",\"name\":\"Tu Gu\u00eda Combarranquilla\",\"url\":\"https:\\\/\\\/tuguia.combarranquilla.co\\\/Revista\\\/\",\"logo\":{\"@type\":\"ImageObject\",\"inLanguage\":\"es-CO\",\"@id\":\"https:\\\/\\\/tuguia.combarranquilla.co\\\/Revista\\\/#\\\/schema\\\/logo\\\/image\\\/\",\"url\":\"https:\\\/\\\/tuguia.combarranquilla.co\\\/Revista\\\/wp-content\\\/uploads\\\/2022\\\/02\\\/logo-guia-combarranquilla.svg\",\"contentUrl\":\"https:\\\/\\\/tuguia.combarranquilla.co\\\/Revista\\\/wp-content\\\/uploads\\\/2022\\\/02\\\/logo-guia-combarranquilla.svg\",\"caption\":\"Tu Gu\u00eda Combarranquilla\"},\"image\":{\"@id\":\"https:\\\/\\\/tuguia.combarranquilla.co\\\/Revista\\\/#\\\/schema\\\/logo\\\/image\\\/\"}},{\"@type\":\"Person\",\"@id\":\"https:\\\/\\\/tuguia.combarranquilla.co\\\/Revista\\\/#\\\/schema\\\/person\\\/dfacca4b8219e57377c45d1e37a9cc8d\",\"name\":\"Planetario Combarranquilla\",\"image\":{\"@type\":\"ImageObject\",\"inLanguage\":\"es-CO\",\"@id\":\"https:\\\/\\\/tuguia.combarranquilla.co\\\/Revista\\\/wp-content\\\/uploads\\\/2025\\\/03\\\/cropped-1@3x-96x96.png\",\"url\":\"https:\\\/\\\/tuguia.combarranquilla.co\\\/Revista\\\/wp-content\\\/uploads\\\/2025\\\/03\\\/cropped-1@3x-96x96.png\",\"contentUrl\":\"https:\\\/\\\/tuguia.combarranquilla.co\\\/Revista\\\/wp-content\\\/uploads\\\/2025\\\/03\\\/cropped-1@3x-96x96.png\",\"caption\":\"Planetario Combarranquilla\"},\"url\":\"https:\\\/\\\/tuguia.combarranquilla.co\\\/Revista\\\/author\\\/planetario\\\/\"}]}<\/script>\n<!-- \/ Yoast SEO plugin. -->","yoast_head_json":{"title":"\u00bfHay un agujero en la capa de ozono? - Tu Gu\u00eda","robots":{"index":"index","follow":"follow","max-snippet":"max-snippet:-1","max-image-preview":"max-image-preview:large","max-video-preview":"max-video-preview:-1"},"canonical":"https:\/\/tuguia.combarranquilla.co\/Revista\/hay-un-agujero-negro-en-la-capa-de-ozono\/","og_locale":"es_ES","og_type":"article","og_title":"\u00bfHay un agujero en la capa de ozono? - Tu Gu\u00eda","og_description":"Por: Dayana Dom\u00ednguez La capa de ozono una regi\u00f3n de la estratosfera, entre 15 y 50 km de altura, con alta concentraci\u00f3n de ozono (O\u2083). Act\u00faa como un escudo protector que absorbe la mayor parte de los peligrosos rayos ultravioleta (UV-B) del sol, evitando que lleguen a la superficie de la Tierra. Sin su filtrado, [&hellip;]","og_url":"https:\/\/tuguia.combarranquilla.co\/Revista\/hay-un-agujero-negro-en-la-capa-de-ozono\/","og_site_name":"Tu Gu\u00eda","article_published_time":"2025-09-16T16:38:18+00:00","article_modified_time":"2025-09-18T12:49:43+00:00","og_image":[{"width":2560,"height":1280,"url":"https:\/\/tuguia.combarranquilla.co\/Revista\/wp-content\/uploads\/2025\/09\/Revista-Combarranquilla-1-2-scaled.jpg","type":"image\/jpeg"}],"author":"Planetario Combarranquilla","twitter_card":"summary_large_image","twitter_misc":{"Escrito por":"Planetario Combarranquilla","Tiempo de lectura":"1 minuto"},"schema":{"@context":"https:\/\/schema.org","@graph":[{"@type":"Article","@id":"https:\/\/tuguia.combarranquilla.co\/Revista\/hay-un-agujero-negro-en-la-capa-de-ozono\/#article","isPartOf":{"@id":"https:\/\/tuguia.combarranquilla.co\/Revista\/hay-un-agujero-negro-en-la-capa-de-ozono\/"},"author":{"name":"Planetario Combarranquilla","@id":"https:\/\/tuguia.combarranquilla.co\/Revista\/#\/schema\/person\/dfacca4b8219e57377c45d1e37a9cc8d"},"headline":"\u00bfHay un agujero en la capa de ozono?","datePublished":"2025-09-16T16:38:18+00:00","dateModified":"2025-09-18T12:49:43+00:00","mainEntityOfPage":{"@id":"https:\/\/tuguia.combarranquilla.co\/Revista\/hay-un-agujero-negro-en-la-capa-de-ozono\/"},"wordCount":401,"commentCount":0,"publisher":{"@id":"https:\/\/tuguia.combarranquilla.co\/Revista\/#organization"},"image":{"@id":"https:\/\/tuguia.combarranquilla.co\/Revista\/hay-un-agujero-negro-en-la-capa-de-ozono\/#primaryimage"},"thumbnailUrl":"https:\/\/tuguia.combarranquilla.co\/Revista\/wp-content\/uploads\/2025\/09\/Revista-Combarranquilla-1-2-scaled.jpg","articleSection":["CIENCIA Y CULTURA"],"inLanguage":"es-CO","potentialAction":[{"@type":"CommentAction","name":"Comment","target":["https:\/\/tuguia.combarranquilla.co\/Revista\/hay-un-agujero-negro-en-la-capa-de-ozono\/#respond"]}]},{"@type":"WebPage","@id":"https:\/\/tuguia.combarranquilla.co\/Revista\/hay-un-agujero-negro-en-la-capa-de-ozono\/","url":"https:\/\/tuguia.combarranquilla.co\/Revista\/hay-un-agujero-negro-en-la-capa-de-ozono\/","name":"\u00bfHay un agujero en la capa de ozono? - Tu Gu\u00eda","isPartOf":{"@id":"https:\/\/tuguia.combarranquilla.co\/Revista\/#website"},"primaryImageOfPage":{"@id":"https:\/\/tuguia.combarranquilla.co\/Revista\/hay-un-agujero-negro-en-la-capa-de-ozono\/#primaryimage"},"image":{"@id":"https:\/\/tuguia.combarranquilla.co\/Revista\/hay-un-agujero-negro-en-la-capa-de-ozono\/#primaryimage"},"thumbnailUrl":"https:\/\/tuguia.combarranquilla.co\/Revista\/wp-content\/uploads\/2025\/09\/Revista-Combarranquilla-1-2-scaled.jpg","datePublished":"2025-09-16T16:38:18+00:00","dateModified":"2025-09-18T12:49:43+00:00","breadcrumb":{"@id":"https:\/\/tuguia.combarranquilla.co\/Revista\/hay-un-agujero-negro-en-la-capa-de-ozono\/#breadcrumb"},"inLanguage":"es-CO","potentialAction":[{"@type":"ReadAction","target":["https:\/\/tuguia.combarranquilla.co\/Revista\/hay-un-agujero-negro-en-la-capa-de-ozono\/"]}]},{"@type":"ImageObject","inLanguage":"es-CO","@id":"https:\/\/tuguia.combarranquilla.co\/Revista\/hay-un-agujero-negro-en-la-capa-de-ozono\/#primaryimage","url":"https:\/\/tuguia.combarranquilla.co\/Revista\/wp-content\/uploads\/2025\/09\/Revista-Combarranquilla-1-2-scaled.jpg","contentUrl":"https:\/\/tuguia.combarranquilla.co\/Revista\/wp-content\/uploads\/2025\/09\/Revista-Combarranquilla-1-2-scaled.jpg","width":2560,"height":1280},{"@type":"BreadcrumbList","@id":"https:\/\/tuguia.combarranquilla.co\/Revista\/hay-un-agujero-negro-en-la-capa-de-ozono\/#breadcrumb","itemListElement":[{"@type":"ListItem","position":1,"name":"Inicio","item":"https:\/\/tuguia.combarranquilla.co\/Revista\/"},{"@type":"ListItem","position":2,"name":"\u00bfHay un agujero en la capa de ozono?"}]},{"@type":"WebSite","@id":"https:\/\/tuguia.combarranquilla.co\/Revista\/#website","url":"https:\/\/tuguia.combarranquilla.co\/Revista\/","name":"Tu Gu\u00eda","description":"La revista donde lo tienes todo.","publisher":{"@id":"https:\/\/tuguia.combarranquilla.co\/Revista\/#organization"},"alternateName":"Tu Gu\u00eda Combarranquilla","potentialAction":[{"@type":"SearchAction","target":{"@type":"EntryPoint","urlTemplate":"https:\/\/tuguia.combarranquilla.co\/Revista\/?s={search_term_string}"},"query-input":{"@type":"PropertyValueSpecification","valueRequired":true,"valueName":"search_term_string"}}],"inLanguage":"es-CO"},{"@type":"Organization","@id":"https:\/\/tuguia.combarranquilla.co\/Revista\/#organization","name":"Tu Gu\u00eda Combarranquilla","url":"https:\/\/tuguia.combarranquilla.co\/Revista\/","logo":{"@type":"ImageObject","inLanguage":"es-CO","@id":"https:\/\/tuguia.combarranquilla.co\/Revista\/#\/schema\/logo\/image\/","url":"https:\/\/tuguia.combarranquilla.co\/Revista\/wp-content\/uploads\/2022\/02\/logo-guia-combarranquilla.svg","contentUrl":"https:\/\/tuguia.combarranquilla.co\/Revista\/wp-content\/uploads\/2022\/02\/logo-guia-combarranquilla.svg","caption":"Tu Gu\u00eda Combarranquilla"},"image":{"@id":"https:\/\/tuguia.combarranquilla.co\/Revista\/#\/schema\/logo\/image\/"}},{"@type":"Person","@id":"https:\/\/tuguia.combarranquilla.co\/Revista\/#\/schema\/person\/dfacca4b8219e57377c45d1e37a9cc8d","name":"Planetario Combarranquilla","image":{"@type":"ImageObject","inLanguage":"es-CO","@id":"https:\/\/tuguia.combarranquilla.co\/Revista\/wp-content\/uploads\/2025\/03\/cropped-1@3x-96x96.png","url":"https:\/\/tuguia.combarranquilla.co\/Revista\/wp-content\/uploads\/2025\/03\/cropped-1@3x-96x96.png","contentUrl":"https:\/\/tuguia.combarranquilla.co\/Revista\/wp-content\/uploads\/2025\/03\/cropped-1@3x-96x96.png","caption":"Planetario Combarranquilla"},"url":"https:\/\/tuguia.combarranquilla.co\/Revista\/author\/planetario\/"}]}},"_links":{"self":[{"href":"https:\/\/tuguia.combarranquilla.co\/Revista\/wp-json\/wp\/v2\/posts\/7710","targetHints":{"allow":["GET"]}}],"collection":[{"href":"https:\/\/tuguia.combarranquilla.co\/Revista\/wp-json\/wp\/v2\/posts"}],"about":[{"href":"https:\/\/tuguia.combarranquilla.co\/Revista\/wp-json\/wp\/v2\/types\/post"}],"author":[{"embeddable":true,"href":"https:\/\/tuguia.combarranquilla.co\/Revista\/wp-json\/wp\/v2\/users\/3"}],"replies":[{"embeddable":true,"href":"https:\/\/tuguia.combarranquilla.co\/Revista\/wp-json\/wp\/v2\/comments?post=7710"}],"version-history":[{"count":8,"href":"https:\/\/tuguia.combarranquilla.co\/Revista\/wp-json\/wp\/v2\/posts\/7710\/revisions"}],"predecessor-version":[{"id":7733,"href":"https:\/\/tuguia.combarranquilla.co\/Revista\/wp-json\/wp\/v2\/posts\/7710\/revisions\/7733"}],"wp:featuredmedia":[{"embeddable":true,"href":"https:\/\/tuguia.combarranquilla.co\/Revista\/wp-json\/wp\/v2\/media\/7729"}],"wp:attachment":[{"href":"https:\/\/tuguia.combarranquilla.co\/Revista\/wp-json\/wp\/v2\/media?parent=7710"}],"wp:term":[{"taxonomy":"category","embeddable":true,"href":"https:\/\/tuguia.combarranquilla.co\/Revista\/wp-json\/wp\/v2\/categories?post=7710"},{"taxonomy":"post_tag","embeddable":true,"href":"https:\/\/tuguia.combarranquilla.co\/Revista\/wp-json\/wp\/v2\/tags?post=7710"}],"curies":[{"name":"wp","href":"https:\/\/api.w.org\/{rel}","templated":true}]}}