{"id":7801,"date":"2025-10-01T08:29:18","date_gmt":"2025-10-01T13:29:18","guid":{"rendered":"https:\/\/tuguia.combarranquilla.co\/Revista\/?p=7801"},"modified":"2025-11-24T14:34:12","modified_gmt":"2025-11-24T19:34:12","slug":"el-festival-de-cine-frances-grita-sororidad-en-su-24-a-edicion","status":"publish","type":"post","link":"https:\/\/tuguia.combarranquilla.co\/Revista\/el-festival-de-cine-frances-grita-sororidad-en-su-24-a-edicion\/","title":{"rendered":"El Festival de Cine Franc\u00e9s grita &#8220;\u00a1Sororidad!&#8221; en su 24.\u00aa edici\u00f3n"},"content":{"rendered":"\n<p>La Cinemateca del Caribe se viste de azul, blanco y rojo del 24 de septiembre al 8 de octubre. Bajo el lema <em>Libertad, Igualdad, Fraternidad y Sororidad <\/em>llega el Festival de Cine Franc\u00e9s a Barranquilla, con propuestas audiovisuales que exploran y resaltan el rol de la mujer en el&nbsp;s\u00e9ptimo&nbsp;arte.<\/p>\n\n\n\n<p>El festival presenta su 24.\u00aa&nbsp;edici\u00f3n en 18 ciudades del pa\u00eds con una proyecci\u00f3n de 13 pel\u00edculas in\u00e9ditas, 5&nbsp;estrenos exitosos y 7 largometrajes cl\u00e1sicos de diferentes \u00e9pocas. Entre los t\u00edtulos m\u00e1s sonados se encuentran <em>Partir un jour<\/em> (2025), de la directora Am\u00e9lie Bonnin y <em>Chiribiquete: un viaje a la memoria ancestral de Am\u00e9rica<\/em> (2025), un documental coproducido por ARTE France y Se\u00f1al Colombia.<\/p>\n\n\n<div class=\"wp-block-image\">\n<figure class=\"aligncenter size-large\"><img decoding=\"async\" width=\"1024\" height=\"329\" data-src=\"https:\/\/tuguia.combarranquilla.co\/Revista\/wp-content\/uploads\/2025\/09\/banner-ppal-01-1-1024x329.jpg\" alt=\"\" class=\"wp-image-7808 lazyload\" data-srcset=\"https:\/\/tuguia.combarranquilla.co\/Revista\/wp-content\/uploads\/2025\/09\/banner-ppal-01-1-1024x329.jpg 1024w, https:\/\/tuguia.combarranquilla.co\/Revista\/wp-content\/uploads\/2025\/09\/banner-ppal-01-1-300x96.jpg 300w, https:\/\/tuguia.combarranquilla.co\/Revista\/wp-content\/uploads\/2025\/09\/banner-ppal-01-1-768x247.jpg 768w, https:\/\/tuguia.combarranquilla.co\/Revista\/wp-content\/uploads\/2025\/09\/banner-ppal-01-1-1536x494.jpg 1536w, https:\/\/tuguia.combarranquilla.co\/Revista\/wp-content\/uploads\/2025\/09\/banner-ppal-01-1.jpg 1920w\" data-sizes=\"(max-width: 1024px) 100vw, 1024px\" src=\"data:image\/svg+xml;base64,PHN2ZyB3aWR0aD0iMSIgaGVpZ2h0PSIxIiB4bWxucz0iaHR0cDovL3d3dy53My5vcmcvMjAwMC9zdmciPjwvc3ZnPg==\" style=\"--smush-placeholder-width: 1024px; --smush-placeholder-aspect-ratio: 1024\/329;\" \/><figcaption class=\"wp-element-caption\"><br><em>Foto: 24 Festival de Cine Franc\u00e9s<br>Tomado de <a href=\"https:\/\/cinefrancesencolombia.com\/\">https:\/\/cinefrancesencolombia.com\/<\/a><\/em><\/figcaption><\/figure><\/div>\n\n\n<p>En Barranquilla, los seleccionados del Festival de Cine Franc\u00e9s podr\u00e1n disfrutarse en la Cinemateca del Caribe, ubicada en la Unidad Country de Combarranquilla. Tambi\u00e9n se proyectar\u00e1n funciones en la Alianza Francesa de Barranquilla. Aficionados y amantes del cine tendr\u00e1n la oportunidad de acercarse al lenguaje cinematogr\u00e1fico y desarrollar su sensibilidad art\u00edstica en sociedad.<\/p>\n\n\n\n<h2 class=\"wp-block-heading has-medium-font-size\">Viaje a Francia<\/h2>\n\n\n\n<p>Con el objetivo de incentivar el intercambio cultural, la Embajada de Francia en Colombia y el Instituto Franc\u00e9s han organizado una programaci\u00f3n imperdible. Los asistentes se adentrar\u00e1n en las vidas de personajes femeninos complejos que exploran su lugar en el mundo. Asimismo, conocer\u00e1n historias relacionadas con la inmigraci\u00f3n, las brechas generacionales, la vida cotidiana y el amor.<\/p>\n\n\n\n<p>Esta experiencia franc\u00f3fona no solo nos invita a apreciar el aspecto visual del cine, sino que tambi\u00e9n promueve el di\u00e1logo sobre lo que hay detr\u00e1s de la pantalla. En cada concepto cinematogr\u00e1fico, hay un universo de palabras y personas que se unen para crear una voz que impacta. La edici\u00f3n actual posiciona a la sororidad como la voz protagonista,\u00a0haciendo\u00a0expl\u00edcito el valor de la narrativa femenina en nuestro discurso.<\/p>\n\n\n\n<p>Conoce la <a href=\"https:\/\/cinematecadelcaribe.com\/23-festival-de-cine-frances-copy\/\">programaci\u00f3n completa de la Cinemateca del Caribe<\/a> y de la <a href=\"https:\/\/barranquilla.alianzafrancesa.edu.co\/cultura\/\">Alianza Francesa<\/a>. Vive una experiencia internacional sin salir de Colombia.<\/p>\n","protected":false},"excerpt":{"rendered":"<p>La Cinemateca del Caribe se viste de azul, blanco y rojo del 24 de septiembre al 8 de octubre. Bajo el lema Libertad, Igualdad, Fraternidad y Sororidad llega el Festival de Cine Franc\u00e9s a Barranquilla, con propuestas audiovisuales que exploran y resaltan el rol de la mujer en el&nbsp;s\u00e9ptimo&nbsp;arte. El festival presenta su 24.\u00aa&nbsp;edici\u00f3n en [&hellip;]<\/p>\n","protected":false},"author":2,"featured_media":7857,"comment_status":"open","ping_status":"open","sticky":false,"template":"","format":"standard","meta":{"inline_featured_image":false,"footnotes":""},"categories":[1],"tags":[],"class_list":["post-7801","post","type-post","status-publish","format-standard","has-post-thumbnail","hentry","category-entretenimiento"],"yoast_head":"<!-- This site is optimized with the Yoast SEO plugin v27.4 - https:\/\/yoast.com\/product\/yoast-seo-wordpress\/ -->\n<title>El Festival de Cine Franc\u00e9s grita &quot;\u00a1Sororidad!&quot; en su 24.\u00aa edici\u00f3n - Tu Gu\u00eda<\/title>\n<meta name=\"robots\" content=\"index, follow, max-snippet:-1, max-image-preview:large, max-video-preview:-1\" \/>\n<link rel=\"canonical\" href=\"https:\/\/tuguia.combarranquilla.co\/Revista\/el-festival-de-cine-frances-grita-sororidad-en-su-24-a-edicion\/\" \/>\n<meta property=\"og:locale\" content=\"es_ES\" \/>\n<meta property=\"og:type\" content=\"article\" \/>\n<meta property=\"og:title\" content=\"El Festival de Cine Franc\u00e9s grita &quot;\u00a1Sororidad!&quot; en su 24.\u00aa edici\u00f3n - Tu Gu\u00eda\" \/>\n<meta property=\"og:description\" content=\"La Cinemateca del Caribe se viste de azul, blanco y rojo del 24 de septiembre al 8 de octubre. Bajo el lema Libertad, Igualdad, Fraternidad y Sororidad llega el Festival de Cine Franc\u00e9s a Barranquilla, con propuestas audiovisuales que exploran y resaltan el rol de la mujer en el&nbsp;s\u00e9ptimo&nbsp;arte. El festival presenta su 24.\u00aa&nbsp;edici\u00f3n en [&hellip;]\" \/>\n<meta property=\"og:url\" content=\"https:\/\/tuguia.combarranquilla.co\/Revista\/el-festival-de-cine-frances-grita-sororidad-en-su-24-a-edicion\/\" \/>\n<meta property=\"og:site_name\" content=\"Tu Gu\u00eda\" \/>\n<meta property=\"article:published_time\" content=\"2025-10-01T13:29:18+00:00\" \/>\n<meta property=\"article:modified_time\" content=\"2025-11-24T19:34:12+00:00\" \/>\n<meta property=\"og:image\" content=\"https:\/\/tuguia.combarranquilla.co\/Revista\/wp-content\/uploads\/2025\/10\/Revista-Combarranquilla-1-1-scaled.jpg\" \/>\n\t<meta property=\"og:image:width\" content=\"2560\" \/>\n\t<meta property=\"og:image:height\" content=\"1280\" \/>\n\t<meta property=\"og:image:type\" content=\"image\/jpeg\" \/>\n<meta name=\"author\" content=\"Comunicaciones Combarranquilla\" \/>\n<meta name=\"twitter:card\" content=\"summary_large_image\" \/>\n<meta name=\"twitter:label1\" content=\"Escrito por\" \/>\n\t<meta name=\"twitter:data1\" content=\"Comunicaciones Combarranquilla\" \/>\n\t<meta name=\"twitter:label2\" content=\"Tiempo de lectura\" \/>\n\t<meta name=\"twitter:data2\" content=\"2 minutos\" \/>\n<script type=\"application\/ld+json\" class=\"yoast-schema-graph\">{\"@context\":\"https:\\\/\\\/schema.org\",\"@graph\":[{\"@type\":\"Article\",\"@id\":\"https:\\\/\\\/tuguia.combarranquilla.co\\\/Revista\\\/el-festival-de-cine-frances-grita-sororidad-en-su-24-a-edicion\\\/#article\",\"isPartOf\":{\"@id\":\"https:\\\/\\\/tuguia.combarranquilla.co\\\/Revista\\\/el-festival-de-cine-frances-grita-sororidad-en-su-24-a-edicion\\\/\"},\"author\":{\"name\":\"Comunicaciones Combarranquilla\",\"@id\":\"https:\\\/\\\/tuguia.combarranquilla.co\\\/Revista\\\/#\\\/schema\\\/person\\\/c2c396a77170bd1d5f8ba73294eb0d10\"},\"headline\":\"El Festival de Cine Franc\u00e9s grita &#8220;\u00a1Sororidad!&#8221; en su 24.\u00aa edici\u00f3n\",\"datePublished\":\"2025-10-01T13:29:18+00:00\",\"dateModified\":\"2025-11-24T19:34:12+00:00\",\"mainEntityOfPage\":{\"@id\":\"https:\\\/\\\/tuguia.combarranquilla.co\\\/Revista\\\/el-festival-de-cine-frances-grita-sororidad-en-su-24-a-edicion\\\/\"},\"wordCount\":370,\"commentCount\":0,\"publisher\":{\"@id\":\"https:\\\/\\\/tuguia.combarranquilla.co\\\/Revista\\\/#organization\"},\"image\":{\"@id\":\"https:\\\/\\\/tuguia.combarranquilla.co\\\/Revista\\\/el-festival-de-cine-frances-grita-sororidad-en-su-24-a-edicion\\\/#primaryimage\"},\"thumbnailUrl\":\"https:\\\/\\\/tuguia.combarranquilla.co\\\/Revista\\\/wp-content\\\/uploads\\\/2025\\\/10\\\/Revista-Combarranquilla-1-1-scaled.jpg\",\"articleSection\":[\"ENTRETENIMIENTO\"],\"inLanguage\":\"es-CO\",\"potentialAction\":[{\"@type\":\"CommentAction\",\"name\":\"Comment\",\"target\":[\"https:\\\/\\\/tuguia.combarranquilla.co\\\/Revista\\\/el-festival-de-cine-frances-grita-sororidad-en-su-24-a-edicion\\\/#respond\"]}]},{\"@type\":\"WebPage\",\"@id\":\"https:\\\/\\\/tuguia.combarranquilla.co\\\/Revista\\\/el-festival-de-cine-frances-grita-sororidad-en-su-24-a-edicion\\\/\",\"url\":\"https:\\\/\\\/tuguia.combarranquilla.co\\\/Revista\\\/el-festival-de-cine-frances-grita-sororidad-en-su-24-a-edicion\\\/\",\"name\":\"El Festival de Cine Franc\u00e9s grita \\\"\u00a1Sororidad!\\\" en su 24.\u00aa edici\u00f3n - Tu Gu\u00eda\",\"isPartOf\":{\"@id\":\"https:\\\/\\\/tuguia.combarranquilla.co\\\/Revista\\\/#website\"},\"primaryImageOfPage\":{\"@id\":\"https:\\\/\\\/tuguia.combarranquilla.co\\\/Revista\\\/el-festival-de-cine-frances-grita-sororidad-en-su-24-a-edicion\\\/#primaryimage\"},\"image\":{\"@id\":\"https:\\\/\\\/tuguia.combarranquilla.co\\\/Revista\\\/el-festival-de-cine-frances-grita-sororidad-en-su-24-a-edicion\\\/#primaryimage\"},\"thumbnailUrl\":\"https:\\\/\\\/tuguia.combarranquilla.co\\\/Revista\\\/wp-content\\\/uploads\\\/2025\\\/10\\\/Revista-Combarranquilla-1-1-scaled.jpg\",\"datePublished\":\"2025-10-01T13:29:18+00:00\",\"dateModified\":\"2025-11-24T19:34:12+00:00\",\"breadcrumb\":{\"@id\":\"https:\\\/\\\/tuguia.combarranquilla.co\\\/Revista\\\/el-festival-de-cine-frances-grita-sororidad-en-su-24-a-edicion\\\/#breadcrumb\"},\"inLanguage\":\"es-CO\",\"potentialAction\":[{\"@type\":\"ReadAction\",\"target\":[\"https:\\\/\\\/tuguia.combarranquilla.co\\\/Revista\\\/el-festival-de-cine-frances-grita-sororidad-en-su-24-a-edicion\\\/\"]}]},{\"@type\":\"ImageObject\",\"inLanguage\":\"es-CO\",\"@id\":\"https:\\\/\\\/tuguia.combarranquilla.co\\\/Revista\\\/el-festival-de-cine-frances-grita-sororidad-en-su-24-a-edicion\\\/#primaryimage\",\"url\":\"https:\\\/\\\/tuguia.combarranquilla.co\\\/Revista\\\/wp-content\\\/uploads\\\/2025\\\/10\\\/Revista-Combarranquilla-1-1-scaled.jpg\",\"contentUrl\":\"https:\\\/\\\/tuguia.combarranquilla.co\\\/Revista\\\/wp-content\\\/uploads\\\/2025\\\/10\\\/Revista-Combarranquilla-1-1-scaled.jpg\",\"width\":2560,\"height\":1280},{\"@type\":\"BreadcrumbList\",\"@id\":\"https:\\\/\\\/tuguia.combarranquilla.co\\\/Revista\\\/el-festival-de-cine-frances-grita-sororidad-en-su-24-a-edicion\\\/#breadcrumb\",\"itemListElement\":[{\"@type\":\"ListItem\",\"position\":1,\"name\":\"Inicio\",\"item\":\"https:\\\/\\\/tuguia.combarranquilla.co\\\/Revista\\\/\"},{\"@type\":\"ListItem\",\"position\":2,\"name\":\"El Festival de Cine Franc\u00e9s grita &#8220;\u00a1Sororidad!&#8221; en su 24.\u00aa edici\u00f3n\"}]},{\"@type\":\"WebSite\",\"@id\":\"https:\\\/\\\/tuguia.combarranquilla.co\\\/Revista\\\/#website\",\"url\":\"https:\\\/\\\/tuguia.combarranquilla.co\\\/Revista\\\/\",\"name\":\"Tu Gu\u00eda\",\"description\":\"La revista donde lo tienes todo.\",\"publisher\":{\"@id\":\"https:\\\/\\\/tuguia.combarranquilla.co\\\/Revista\\\/#organization\"},\"alternateName\":\"Tu Gu\u00eda Combarranquilla\",\"potentialAction\":[{\"@type\":\"SearchAction\",\"target\":{\"@type\":\"EntryPoint\",\"urlTemplate\":\"https:\\\/\\\/tuguia.combarranquilla.co\\\/Revista\\\/?s={search_term_string}\"},\"query-input\":{\"@type\":\"PropertyValueSpecification\",\"valueRequired\":true,\"valueName\":\"search_term_string\"}}],\"inLanguage\":\"es-CO\"},{\"@type\":\"Organization\",\"@id\":\"https:\\\/\\\/tuguia.combarranquilla.co\\\/Revista\\\/#organization\",\"name\":\"Tu Gu\u00eda Combarranquilla\",\"url\":\"https:\\\/\\\/tuguia.combarranquilla.co\\\/Revista\\\/\",\"logo\":{\"@type\":\"ImageObject\",\"inLanguage\":\"es-CO\",\"@id\":\"https:\\\/\\\/tuguia.combarranquilla.co\\\/Revista\\\/#\\\/schema\\\/logo\\\/image\\\/\",\"url\":\"https:\\\/\\\/tuguia.combarranquilla.co\\\/Revista\\\/wp-content\\\/uploads\\\/2022\\\/02\\\/logo-guia-combarranquilla.svg\",\"contentUrl\":\"https:\\\/\\\/tuguia.combarranquilla.co\\\/Revista\\\/wp-content\\\/uploads\\\/2022\\\/02\\\/logo-guia-combarranquilla.svg\",\"caption\":\"Tu Gu\u00eda Combarranquilla\"},\"image\":{\"@id\":\"https:\\\/\\\/tuguia.combarranquilla.co\\\/Revista\\\/#\\\/schema\\\/logo\\\/image\\\/\"}},{\"@type\":\"Person\",\"@id\":\"https:\\\/\\\/tuguia.combarranquilla.co\\\/Revista\\\/#\\\/schema\\\/person\\\/c2c396a77170bd1d5f8ba73294eb0d10\",\"name\":\"Comunicaciones Combarranquilla\",\"image\":{\"@type\":\"ImageObject\",\"inLanguage\":\"es-CO\",\"@id\":\"https:\\\/\\\/tuguia.combarranquilla.co\\\/Revista\\\/wp-content\\\/uploads\\\/2025\\\/05\\\/ABC-Al-Rojo-Logo-96x96.jpg\",\"url\":\"https:\\\/\\\/tuguia.combarranquilla.co\\\/Revista\\\/wp-content\\\/uploads\\\/2025\\\/05\\\/ABC-Al-Rojo-Logo-96x96.jpg\",\"contentUrl\":\"https:\\\/\\\/tuguia.combarranquilla.co\\\/Revista\\\/wp-content\\\/uploads\\\/2025\\\/05\\\/ABC-Al-Rojo-Logo-96x96.jpg\",\"caption\":\"Comunicaciones Combarranquilla\"},\"sameAs\":[\"https:\\\/\\\/www.combarranquilla.co\"],\"url\":\"https:\\\/\\\/tuguia.combarranquilla.co\\\/Revista\\\/author\\\/comunicaciones\\\/\"}]}<\/script>\n<!-- \/ Yoast SEO plugin. -->","yoast_head_json":{"title":"El Festival de Cine Franc\u00e9s grita \"\u00a1Sororidad!\" en su 24.\u00aa edici\u00f3n - Tu Gu\u00eda","robots":{"index":"index","follow":"follow","max-snippet":"max-snippet:-1","max-image-preview":"max-image-preview:large","max-video-preview":"max-video-preview:-1"},"canonical":"https:\/\/tuguia.combarranquilla.co\/Revista\/el-festival-de-cine-frances-grita-sororidad-en-su-24-a-edicion\/","og_locale":"es_ES","og_type":"article","og_title":"El Festival de Cine Franc\u00e9s grita \"\u00a1Sororidad!\" en su 24.\u00aa edici\u00f3n - Tu Gu\u00eda","og_description":"La Cinemateca del Caribe se viste de azul, blanco y rojo del 24 de septiembre al 8 de octubre. Bajo el lema Libertad, Igualdad, Fraternidad y Sororidad llega el Festival de Cine Franc\u00e9s a Barranquilla, con propuestas audiovisuales que exploran y resaltan el rol de la mujer en el&nbsp;s\u00e9ptimo&nbsp;arte. El festival presenta su 24.\u00aa&nbsp;edici\u00f3n en [&hellip;]","og_url":"https:\/\/tuguia.combarranquilla.co\/Revista\/el-festival-de-cine-frances-grita-sororidad-en-su-24-a-edicion\/","og_site_name":"Tu Gu\u00eda","article_published_time":"2025-10-01T13:29:18+00:00","article_modified_time":"2025-11-24T19:34:12+00:00","og_image":[{"width":2560,"height":1280,"url":"https:\/\/tuguia.combarranquilla.co\/Revista\/wp-content\/uploads\/2025\/10\/Revista-Combarranquilla-1-1-scaled.jpg","type":"image\/jpeg"}],"author":"Comunicaciones Combarranquilla","twitter_card":"summary_large_image","twitter_misc":{"Escrito por":"Comunicaciones Combarranquilla","Tiempo de lectura":"2 minutos"},"schema":{"@context":"https:\/\/schema.org","@graph":[{"@type":"Article","@id":"https:\/\/tuguia.combarranquilla.co\/Revista\/el-festival-de-cine-frances-grita-sororidad-en-su-24-a-edicion\/#article","isPartOf":{"@id":"https:\/\/tuguia.combarranquilla.co\/Revista\/el-festival-de-cine-frances-grita-sororidad-en-su-24-a-edicion\/"},"author":{"name":"Comunicaciones Combarranquilla","@id":"https:\/\/tuguia.combarranquilla.co\/Revista\/#\/schema\/person\/c2c396a77170bd1d5f8ba73294eb0d10"},"headline":"El Festival de Cine Franc\u00e9s grita &#8220;\u00a1Sororidad!&#8221; en su 24.\u00aa edici\u00f3n","datePublished":"2025-10-01T13:29:18+00:00","dateModified":"2025-11-24T19:34:12+00:00","mainEntityOfPage":{"@id":"https:\/\/tuguia.combarranquilla.co\/Revista\/el-festival-de-cine-frances-grita-sororidad-en-su-24-a-edicion\/"},"wordCount":370,"commentCount":0,"publisher":{"@id":"https:\/\/tuguia.combarranquilla.co\/Revista\/#organization"},"image":{"@id":"https:\/\/tuguia.combarranquilla.co\/Revista\/el-festival-de-cine-frances-grita-sororidad-en-su-24-a-edicion\/#primaryimage"},"thumbnailUrl":"https:\/\/tuguia.combarranquilla.co\/Revista\/wp-content\/uploads\/2025\/10\/Revista-Combarranquilla-1-1-scaled.jpg","articleSection":["ENTRETENIMIENTO"],"inLanguage":"es-CO","potentialAction":[{"@type":"CommentAction","name":"Comment","target":["https:\/\/tuguia.combarranquilla.co\/Revista\/el-festival-de-cine-frances-grita-sororidad-en-su-24-a-edicion\/#respond"]}]},{"@type":"WebPage","@id":"https:\/\/tuguia.combarranquilla.co\/Revista\/el-festival-de-cine-frances-grita-sororidad-en-su-24-a-edicion\/","url":"https:\/\/tuguia.combarranquilla.co\/Revista\/el-festival-de-cine-frances-grita-sororidad-en-su-24-a-edicion\/","name":"El Festival de Cine Franc\u00e9s grita \"\u00a1Sororidad!\" en su 24.\u00aa edici\u00f3n - Tu Gu\u00eda","isPartOf":{"@id":"https:\/\/tuguia.combarranquilla.co\/Revista\/#website"},"primaryImageOfPage":{"@id":"https:\/\/tuguia.combarranquilla.co\/Revista\/el-festival-de-cine-frances-grita-sororidad-en-su-24-a-edicion\/#primaryimage"},"image":{"@id":"https:\/\/tuguia.combarranquilla.co\/Revista\/el-festival-de-cine-frances-grita-sororidad-en-su-24-a-edicion\/#primaryimage"},"thumbnailUrl":"https:\/\/tuguia.combarranquilla.co\/Revista\/wp-content\/uploads\/2025\/10\/Revista-Combarranquilla-1-1-scaled.jpg","datePublished":"2025-10-01T13:29:18+00:00","dateModified":"2025-11-24T19:34:12+00:00","breadcrumb":{"@id":"https:\/\/tuguia.combarranquilla.co\/Revista\/el-festival-de-cine-frances-grita-sororidad-en-su-24-a-edicion\/#breadcrumb"},"inLanguage":"es-CO","potentialAction":[{"@type":"ReadAction","target":["https:\/\/tuguia.combarranquilla.co\/Revista\/el-festival-de-cine-frances-grita-sororidad-en-su-24-a-edicion\/"]}]},{"@type":"ImageObject","inLanguage":"es-CO","@id":"https:\/\/tuguia.combarranquilla.co\/Revista\/el-festival-de-cine-frances-grita-sororidad-en-su-24-a-edicion\/#primaryimage","url":"https:\/\/tuguia.combarranquilla.co\/Revista\/wp-content\/uploads\/2025\/10\/Revista-Combarranquilla-1-1-scaled.jpg","contentUrl":"https:\/\/tuguia.combarranquilla.co\/Revista\/wp-content\/uploads\/2025\/10\/Revista-Combarranquilla-1-1-scaled.jpg","width":2560,"height":1280},{"@type":"BreadcrumbList","@id":"https:\/\/tuguia.combarranquilla.co\/Revista\/el-festival-de-cine-frances-grita-sororidad-en-su-24-a-edicion\/#breadcrumb","itemListElement":[{"@type":"ListItem","position":1,"name":"Inicio","item":"https:\/\/tuguia.combarranquilla.co\/Revista\/"},{"@type":"ListItem","position":2,"name":"El Festival de Cine Franc\u00e9s grita &#8220;\u00a1Sororidad!&#8221; en su 24.\u00aa edici\u00f3n"}]},{"@type":"WebSite","@id":"https:\/\/tuguia.combarranquilla.co\/Revista\/#website","url":"https:\/\/tuguia.combarranquilla.co\/Revista\/","name":"Tu Gu\u00eda","description":"La revista donde lo tienes todo.","publisher":{"@id":"https:\/\/tuguia.combarranquilla.co\/Revista\/#organization"},"alternateName":"Tu Gu\u00eda Combarranquilla","potentialAction":[{"@type":"SearchAction","target":{"@type":"EntryPoint","urlTemplate":"https:\/\/tuguia.combarranquilla.co\/Revista\/?s={search_term_string}"},"query-input":{"@type":"PropertyValueSpecification","valueRequired":true,"valueName":"search_term_string"}}],"inLanguage":"es-CO"},{"@type":"Organization","@id":"https:\/\/tuguia.combarranquilla.co\/Revista\/#organization","name":"Tu Gu\u00eda Combarranquilla","url":"https:\/\/tuguia.combarranquilla.co\/Revista\/","logo":{"@type":"ImageObject","inLanguage":"es-CO","@id":"https:\/\/tuguia.combarranquilla.co\/Revista\/#\/schema\/logo\/image\/","url":"https:\/\/tuguia.combarranquilla.co\/Revista\/wp-content\/uploads\/2022\/02\/logo-guia-combarranquilla.svg","contentUrl":"https:\/\/tuguia.combarranquilla.co\/Revista\/wp-content\/uploads\/2022\/02\/logo-guia-combarranquilla.svg","caption":"Tu Gu\u00eda Combarranquilla"},"image":{"@id":"https:\/\/tuguia.combarranquilla.co\/Revista\/#\/schema\/logo\/image\/"}},{"@type":"Person","@id":"https:\/\/tuguia.combarranquilla.co\/Revista\/#\/schema\/person\/c2c396a77170bd1d5f8ba73294eb0d10","name":"Comunicaciones Combarranquilla","image":{"@type":"ImageObject","inLanguage":"es-CO","@id":"https:\/\/tuguia.combarranquilla.co\/Revista\/wp-content\/uploads\/2025\/05\/ABC-Al-Rojo-Logo-96x96.jpg","url":"https:\/\/tuguia.combarranquilla.co\/Revista\/wp-content\/uploads\/2025\/05\/ABC-Al-Rojo-Logo-96x96.jpg","contentUrl":"https:\/\/tuguia.combarranquilla.co\/Revista\/wp-content\/uploads\/2025\/05\/ABC-Al-Rojo-Logo-96x96.jpg","caption":"Comunicaciones Combarranquilla"},"sameAs":["https:\/\/www.combarranquilla.co"],"url":"https:\/\/tuguia.combarranquilla.co\/Revista\/author\/comunicaciones\/"}]}},"_links":{"self":[{"href":"https:\/\/tuguia.combarranquilla.co\/Revista\/wp-json\/wp\/v2\/posts\/7801","targetHints":{"allow":["GET"]}}],"collection":[{"href":"https:\/\/tuguia.combarranquilla.co\/Revista\/wp-json\/wp\/v2\/posts"}],"about":[{"href":"https:\/\/tuguia.combarranquilla.co\/Revista\/wp-json\/wp\/v2\/types\/post"}],"author":[{"embeddable":true,"href":"https:\/\/tuguia.combarranquilla.co\/Revista\/wp-json\/wp\/v2\/users\/2"}],"replies":[{"embeddable":true,"href":"https:\/\/tuguia.combarranquilla.co\/Revista\/wp-json\/wp\/v2\/comments?post=7801"}],"version-history":[{"count":12,"href":"https:\/\/tuguia.combarranquilla.co\/Revista\/wp-json\/wp\/v2\/posts\/7801\/revisions"}],"predecessor-version":[{"id":8158,"href":"https:\/\/tuguia.combarranquilla.co\/Revista\/wp-json\/wp\/v2\/posts\/7801\/revisions\/8158"}],"wp:featuredmedia":[{"embeddable":true,"href":"https:\/\/tuguia.combarranquilla.co\/Revista\/wp-json\/wp\/v2\/media\/7857"}],"wp:attachment":[{"href":"https:\/\/tuguia.combarranquilla.co\/Revista\/wp-json\/wp\/v2\/media?parent=7801"}],"wp:term":[{"taxonomy":"category","embeddable":true,"href":"https:\/\/tuguia.combarranquilla.co\/Revista\/wp-json\/wp\/v2\/categories?post=7801"},{"taxonomy":"post_tag","embeddable":true,"href":"https:\/\/tuguia.combarranquilla.co\/Revista\/wp-json\/wp\/v2\/tags?post=7801"}],"curies":[{"name":"wp","href":"https:\/\/api.w.org\/{rel}","templated":true}]}}