{"id":7805,"date":"2025-10-01T08:30:41","date_gmt":"2025-10-01T13:30:41","guid":{"rendered":"https:\/\/tuguia.combarranquilla.co\/Revista\/?p=7805"},"modified":"2025-10-01T08:30:43","modified_gmt":"2025-10-01T13:30:43","slug":"novedades-de-combarranquilla-disfruta-tus-domingos-con-un-brunch","status":"publish","type":"post","link":"https:\/\/tuguia.combarranquilla.co\/Revista\/novedades-de-combarranquilla-disfruta-tus-domingos-con-un-brunch\/","title":{"rendered":"Novedades de Combarranquilla: disfruta tus domingos con un brunch"},"content":{"rendered":"\n<p><strong><em>El Caf\u00e9 Gourmet&nbsp;te invita a&nbsp;deleitarte con un desayuno diferente todos los domingos de 9:00 a.m. a 12:00 m.&nbsp;<\/em><\/strong><\/p>\n\n\n\n<p>La popularidad del&nbsp;brunch&nbsp;ha ido creciendo con el paso de los a\u00f1os. Un&nbsp;brunch&nbsp;es un&nbsp;concepto anglosaj\u00f3n que hace referencia a la fusi\u00f3n del desayuno (<em>breakfast<\/em>) y el almuerzo (<em>lunch<\/em>).&nbsp;Es un espacio del d\u00eda en el que se consume&nbsp;varias horas&nbsp;despu\u00e9s de salir el sol y antes de llegar el medio d\u00eda.&nbsp;<\/p>\n\n\n\n<p>Pero hoy el&nbsp;brunch&nbsp;no es solo un espacio para comer:&nbsp;se ha convertido en una experiencia infaltable para conectar con otros a trav\u00e9s de la comida.&nbsp;Y eso es lo que el Caf\u00e9&nbsp;Gourmet&nbsp;de Combarranquilla ofrece en sus instalaciones.<\/p>\n\n\n\n<div class=\"wp-block-columns is-layout-flex wp-container-core-columns-is-layout-9d6595d7 wp-block-columns-is-layout-flex\">\n<div class=\"wp-block-column is-layout-flow wp-block-column-is-layout-flow\">\n<figure class=\"wp-block-image size-large\"><img decoding=\"async\" width=\"683\" height=\"1024\" data-src=\"https:\/\/tuguia.combarranquilla.co\/Revista\/wp-content\/uploads\/2025\/09\/DSC9508-683x1024.jpg\" alt=\"\" class=\"wp-image-7817 lazyload\" data-srcset=\"https:\/\/tuguia.combarranquilla.co\/Revista\/wp-content\/uploads\/2025\/09\/DSC9508-683x1024.jpg 683w, https:\/\/tuguia.combarranquilla.co\/Revista\/wp-content\/uploads\/2025\/09\/DSC9508-200x300.jpg 200w, https:\/\/tuguia.combarranquilla.co\/Revista\/wp-content\/uploads\/2025\/09\/DSC9508-768x1152.jpg 768w, https:\/\/tuguia.combarranquilla.co\/Revista\/wp-content\/uploads\/2025\/09\/DSC9508-1024x1536.jpg 1024w, https:\/\/tuguia.combarranquilla.co\/Revista\/wp-content\/uploads\/2025\/09\/DSC9508-1365x2048.jpg 1365w, https:\/\/tuguia.combarranquilla.co\/Revista\/wp-content\/uploads\/2025\/09\/DSC9508-scaled.jpg 1707w\" data-sizes=\"(max-width: 683px) 100vw, 683px\" src=\"data:image\/svg+xml;base64,PHN2ZyB3aWR0aD0iMSIgaGVpZ2h0PSIxIiB4bWxucz0iaHR0cDovL3d3dy53My5vcmcvMjAwMC9zdmciPjwvc3ZnPg==\" style=\"--smush-placeholder-width: 683px; --smush-placeholder-aspect-ratio: 683\/1024;\" \/><\/figure>\n<\/div>\n\n\n\n<div class=\"wp-block-column is-layout-flow wp-block-column-is-layout-flow\">\n<figure class=\"wp-block-image size-large\"><img decoding=\"async\" width=\"683\" height=\"1024\" data-src=\"https:\/\/tuguia.combarranquilla.co\/Revista\/wp-content\/uploads\/2025\/09\/DSC9525-683x1024.jpg\" alt=\"\" class=\"wp-image-7819 lazyload\" data-srcset=\"https:\/\/tuguia.combarranquilla.co\/Revista\/wp-content\/uploads\/2025\/09\/DSC9525-683x1024.jpg 683w, https:\/\/tuguia.combarranquilla.co\/Revista\/wp-content\/uploads\/2025\/09\/DSC9525-200x300.jpg 200w, https:\/\/tuguia.combarranquilla.co\/Revista\/wp-content\/uploads\/2025\/09\/DSC9525-768x1152.jpg 768w, https:\/\/tuguia.combarranquilla.co\/Revista\/wp-content\/uploads\/2025\/09\/DSC9525-1024x1536.jpg 1024w, https:\/\/tuguia.combarranquilla.co\/Revista\/wp-content\/uploads\/2025\/09\/DSC9525-1365x2048.jpg 1365w, https:\/\/tuguia.combarranquilla.co\/Revista\/wp-content\/uploads\/2025\/09\/DSC9525-scaled.jpg 1707w\" data-sizes=\"(max-width: 683px) 100vw, 683px\" src=\"data:image\/svg+xml;base64,PHN2ZyB3aWR0aD0iMSIgaGVpZ2h0PSIxIiB4bWxucz0iaHR0cDovL3d3dy53My5vcmcvMjAwMC9zdmciPjwvc3ZnPg==\" style=\"--smush-placeholder-width: 683px; --smush-placeholder-aspect-ratio: 683\/1024;\" \/><\/figure>\n<\/div>\n<\/div>\n\n\n\n<p>Con un men\u00fa diverso y un espacio acogedor, podr\u00e1s disfrutar de un\u00a0brunch\u00a0con tus amigos o familiares. Escoge entre alimentos dulces y salados, y jugos exquisitos. Ya no tienes que madrugar para comer delicioso, solo debes cambiar un poco tu rutina.<\/p>\n\n\n\n<p>Explora desde comidas t\u00edpicas, como panes y fritos, hasta propuestas diferentes, como mini pizzas y croissants de red\u00a0velvet. Cada domingo hay una carta diferente. \u00a1No te pierdas esta novedad!<\/p>\n","protected":false},"excerpt":{"rendered":"<p>El Caf\u00e9 Gourmet&nbsp;te invita a&nbsp;deleitarte con un desayuno diferente todos los domingos de 9:00 a.m. a 12:00 m.&nbsp; La popularidad del&nbsp;brunch&nbsp;ha ido creciendo con el paso de los a\u00f1os. Un&nbsp;brunch&nbsp;es un&nbsp;concepto anglosaj\u00f3n que hace referencia a la fusi\u00f3n del desayuno (breakfast) y el almuerzo (lunch).&nbsp;Es un espacio del d\u00eda en el que se consume&nbsp;varias horas&nbsp;despu\u00e9s [&hellip;]<\/p>\n","protected":false},"author":2,"featured_media":7806,"comment_status":"open","ping_status":"open","sticky":false,"template":"","format":"standard","meta":{"inline_featured_image":false,"footnotes":""},"categories":[3],"tags":[],"class_list":["post-7805","post","type-post","status-publish","format-standard","has-post-thumbnail","hentry","category-mirador-gastronomico"],"yoast_head":"<!-- This site is optimized with the Yoast SEO plugin v27.4 - https:\/\/yoast.com\/product\/yoast-seo-wordpress\/ -->\n<title>Novedades de Combarranquilla: disfruta tus domingos con un brunch - Tu Gu\u00eda<\/title>\n<meta name=\"robots\" content=\"index, follow, max-snippet:-1, max-image-preview:large, max-video-preview:-1\" \/>\n<link rel=\"canonical\" href=\"https:\/\/tuguia.combarranquilla.co\/Revista\/novedades-de-combarranquilla-disfruta-tus-domingos-con-un-brunch\/\" \/>\n<meta property=\"og:locale\" content=\"es_ES\" \/>\n<meta property=\"og:type\" content=\"article\" \/>\n<meta property=\"og:title\" content=\"Novedades de Combarranquilla: disfruta tus domingos con un brunch - Tu Gu\u00eda\" \/>\n<meta property=\"og:description\" content=\"El Caf\u00e9 Gourmet&nbsp;te invita a&nbsp;deleitarte con un desayuno diferente todos los domingos de 9:00 a.m. a 12:00 m.&nbsp; La popularidad del&nbsp;brunch&nbsp;ha ido creciendo con el paso de los a\u00f1os. Un&nbsp;brunch&nbsp;es un&nbsp;concepto anglosaj\u00f3n que hace referencia a la fusi\u00f3n del desayuno (breakfast) y el almuerzo (lunch).&nbsp;Es un espacio del d\u00eda en el que se consume&nbsp;varias horas&nbsp;despu\u00e9s [&hellip;]\" \/>\n<meta property=\"og:url\" content=\"https:\/\/tuguia.combarranquilla.co\/Revista\/novedades-de-combarranquilla-disfruta-tus-domingos-con-un-brunch\/\" \/>\n<meta property=\"og:site_name\" content=\"Tu Gu\u00eda\" \/>\n<meta property=\"article:published_time\" content=\"2025-10-01T13:30:41+00:00\" \/>\n<meta property=\"article:modified_time\" content=\"2025-10-01T13:30:43+00:00\" \/>\n<meta property=\"og:image\" content=\"https:\/\/tuguia.combarranquilla.co\/Revista\/wp-content\/uploads\/2025\/09\/Revista-Combarranquilla-8-scaled.jpg\" \/>\n\t<meta property=\"og:image:width\" content=\"2560\" \/>\n\t<meta property=\"og:image:height\" content=\"1280\" \/>\n\t<meta property=\"og:image:type\" content=\"image\/jpeg\" \/>\n<meta name=\"author\" content=\"Comunicaciones Combarranquilla\" \/>\n<meta name=\"twitter:card\" content=\"summary_large_image\" \/>\n<meta name=\"twitter:label1\" content=\"Escrito por\" \/>\n\t<meta name=\"twitter:data1\" content=\"Comunicaciones Combarranquilla\" \/>\n\t<meta name=\"twitter:label2\" content=\"Tiempo de lectura\" \/>\n\t<meta name=\"twitter:data2\" content=\"1 minuto\" \/>\n<script type=\"application\/ld+json\" class=\"yoast-schema-graph\">{\"@context\":\"https:\\\/\\\/schema.org\",\"@graph\":[{\"@type\":\"Article\",\"@id\":\"https:\\\/\\\/tuguia.combarranquilla.co\\\/Revista\\\/novedades-de-combarranquilla-disfruta-tus-domingos-con-un-brunch\\\/#article\",\"isPartOf\":{\"@id\":\"https:\\\/\\\/tuguia.combarranquilla.co\\\/Revista\\\/novedades-de-combarranquilla-disfruta-tus-domingos-con-un-brunch\\\/\"},\"author\":{\"name\":\"Comunicaciones Combarranquilla\",\"@id\":\"https:\\\/\\\/tuguia.combarranquilla.co\\\/Revista\\\/#\\\/schema\\\/person\\\/c2c396a77170bd1d5f8ba73294eb0d10\"},\"headline\":\"Novedades de Combarranquilla: disfruta tus domingos con un brunch\",\"datePublished\":\"2025-10-01T13:30:41+00:00\",\"dateModified\":\"2025-10-01T13:30:43+00:00\",\"mainEntityOfPage\":{\"@id\":\"https:\\\/\\\/tuguia.combarranquilla.co\\\/Revista\\\/novedades-de-combarranquilla-disfruta-tus-domingos-con-un-brunch\\\/\"},\"wordCount\":224,\"commentCount\":0,\"publisher\":{\"@id\":\"https:\\\/\\\/tuguia.combarranquilla.co\\\/Revista\\\/#organization\"},\"image\":{\"@id\":\"https:\\\/\\\/tuguia.combarranquilla.co\\\/Revista\\\/novedades-de-combarranquilla-disfruta-tus-domingos-con-un-brunch\\\/#primaryimage\"},\"thumbnailUrl\":\"https:\\\/\\\/tuguia.combarranquilla.co\\\/Revista\\\/wp-content\\\/uploads\\\/2025\\\/09\\\/Revista-Combarranquilla-8-scaled.jpg\",\"articleSection\":[\"MIRADOR GASTRON\u00d3MICO\"],\"inLanguage\":\"es-CO\",\"potentialAction\":[{\"@type\":\"CommentAction\",\"name\":\"Comment\",\"target\":[\"https:\\\/\\\/tuguia.combarranquilla.co\\\/Revista\\\/novedades-de-combarranquilla-disfruta-tus-domingos-con-un-brunch\\\/#respond\"]}]},{\"@type\":\"WebPage\",\"@id\":\"https:\\\/\\\/tuguia.combarranquilla.co\\\/Revista\\\/novedades-de-combarranquilla-disfruta-tus-domingos-con-un-brunch\\\/\",\"url\":\"https:\\\/\\\/tuguia.combarranquilla.co\\\/Revista\\\/novedades-de-combarranquilla-disfruta-tus-domingos-con-un-brunch\\\/\",\"name\":\"Novedades de Combarranquilla: disfruta tus domingos con un brunch - Tu Gu\u00eda\",\"isPartOf\":{\"@id\":\"https:\\\/\\\/tuguia.combarranquilla.co\\\/Revista\\\/#website\"},\"primaryImageOfPage\":{\"@id\":\"https:\\\/\\\/tuguia.combarranquilla.co\\\/Revista\\\/novedades-de-combarranquilla-disfruta-tus-domingos-con-un-brunch\\\/#primaryimage\"},\"image\":{\"@id\":\"https:\\\/\\\/tuguia.combarranquilla.co\\\/Revista\\\/novedades-de-combarranquilla-disfruta-tus-domingos-con-un-brunch\\\/#primaryimage\"},\"thumbnailUrl\":\"https:\\\/\\\/tuguia.combarranquilla.co\\\/Revista\\\/wp-content\\\/uploads\\\/2025\\\/09\\\/Revista-Combarranquilla-8-scaled.jpg\",\"datePublished\":\"2025-10-01T13:30:41+00:00\",\"dateModified\":\"2025-10-01T13:30:43+00:00\",\"breadcrumb\":{\"@id\":\"https:\\\/\\\/tuguia.combarranquilla.co\\\/Revista\\\/novedades-de-combarranquilla-disfruta-tus-domingos-con-un-brunch\\\/#breadcrumb\"},\"inLanguage\":\"es-CO\",\"potentialAction\":[{\"@type\":\"ReadAction\",\"target\":[\"https:\\\/\\\/tuguia.combarranquilla.co\\\/Revista\\\/novedades-de-combarranquilla-disfruta-tus-domingos-con-un-brunch\\\/\"]}]},{\"@type\":\"ImageObject\",\"inLanguage\":\"es-CO\",\"@id\":\"https:\\\/\\\/tuguia.combarranquilla.co\\\/Revista\\\/novedades-de-combarranquilla-disfruta-tus-domingos-con-un-brunch\\\/#primaryimage\",\"url\":\"https:\\\/\\\/tuguia.combarranquilla.co\\\/Revista\\\/wp-content\\\/uploads\\\/2025\\\/09\\\/Revista-Combarranquilla-8-scaled.jpg\",\"contentUrl\":\"https:\\\/\\\/tuguia.combarranquilla.co\\\/Revista\\\/wp-content\\\/uploads\\\/2025\\\/09\\\/Revista-Combarranquilla-8-scaled.jpg\",\"width\":2560,\"height\":1280},{\"@type\":\"BreadcrumbList\",\"@id\":\"https:\\\/\\\/tuguia.combarranquilla.co\\\/Revista\\\/novedades-de-combarranquilla-disfruta-tus-domingos-con-un-brunch\\\/#breadcrumb\",\"itemListElement\":[{\"@type\":\"ListItem\",\"position\":1,\"name\":\"Inicio\",\"item\":\"https:\\\/\\\/tuguia.combarranquilla.co\\\/Revista\\\/\"},{\"@type\":\"ListItem\",\"position\":2,\"name\":\"Novedades de Combarranquilla: disfruta tus domingos con un brunch\"}]},{\"@type\":\"WebSite\",\"@id\":\"https:\\\/\\\/tuguia.combarranquilla.co\\\/Revista\\\/#website\",\"url\":\"https:\\\/\\\/tuguia.combarranquilla.co\\\/Revista\\\/\",\"name\":\"Tu Gu\u00eda\",\"description\":\"La revista donde lo tienes todo.\",\"publisher\":{\"@id\":\"https:\\\/\\\/tuguia.combarranquilla.co\\\/Revista\\\/#organization\"},\"alternateName\":\"Tu Gu\u00eda Combarranquilla\",\"potentialAction\":[{\"@type\":\"SearchAction\",\"target\":{\"@type\":\"EntryPoint\",\"urlTemplate\":\"https:\\\/\\\/tuguia.combarranquilla.co\\\/Revista\\\/?s={search_term_string}\"},\"query-input\":{\"@type\":\"PropertyValueSpecification\",\"valueRequired\":true,\"valueName\":\"search_term_string\"}}],\"inLanguage\":\"es-CO\"},{\"@type\":\"Organization\",\"@id\":\"https:\\\/\\\/tuguia.combarranquilla.co\\\/Revista\\\/#organization\",\"name\":\"Tu Gu\u00eda Combarranquilla\",\"url\":\"https:\\\/\\\/tuguia.combarranquilla.co\\\/Revista\\\/\",\"logo\":{\"@type\":\"ImageObject\",\"inLanguage\":\"es-CO\",\"@id\":\"https:\\\/\\\/tuguia.combarranquilla.co\\\/Revista\\\/#\\\/schema\\\/logo\\\/image\\\/\",\"url\":\"https:\\\/\\\/tuguia.combarranquilla.co\\\/Revista\\\/wp-content\\\/uploads\\\/2022\\\/02\\\/logo-guia-combarranquilla.svg\",\"contentUrl\":\"https:\\\/\\\/tuguia.combarranquilla.co\\\/Revista\\\/wp-content\\\/uploads\\\/2022\\\/02\\\/logo-guia-combarranquilla.svg\",\"caption\":\"Tu Gu\u00eda Combarranquilla\"},\"image\":{\"@id\":\"https:\\\/\\\/tuguia.combarranquilla.co\\\/Revista\\\/#\\\/schema\\\/logo\\\/image\\\/\"}},{\"@type\":\"Person\",\"@id\":\"https:\\\/\\\/tuguia.combarranquilla.co\\\/Revista\\\/#\\\/schema\\\/person\\\/c2c396a77170bd1d5f8ba73294eb0d10\",\"name\":\"Comunicaciones Combarranquilla\",\"image\":{\"@type\":\"ImageObject\",\"inLanguage\":\"es-CO\",\"@id\":\"https:\\\/\\\/tuguia.combarranquilla.co\\\/Revista\\\/wp-content\\\/uploads\\\/2025\\\/05\\\/ABC-Al-Rojo-Logo-96x96.jpg\",\"url\":\"https:\\\/\\\/tuguia.combarranquilla.co\\\/Revista\\\/wp-content\\\/uploads\\\/2025\\\/05\\\/ABC-Al-Rojo-Logo-96x96.jpg\",\"contentUrl\":\"https:\\\/\\\/tuguia.combarranquilla.co\\\/Revista\\\/wp-content\\\/uploads\\\/2025\\\/05\\\/ABC-Al-Rojo-Logo-96x96.jpg\",\"caption\":\"Comunicaciones Combarranquilla\"},\"sameAs\":[\"https:\\\/\\\/www.combarranquilla.co\"],\"url\":\"https:\\\/\\\/tuguia.combarranquilla.co\\\/Revista\\\/author\\\/comunicaciones\\\/\"}]}<\/script>\n<!-- \/ Yoast SEO plugin. -->","yoast_head_json":{"title":"Novedades de Combarranquilla: disfruta tus domingos con un brunch - Tu Gu\u00eda","robots":{"index":"index","follow":"follow","max-snippet":"max-snippet:-1","max-image-preview":"max-image-preview:large","max-video-preview":"max-video-preview:-1"},"canonical":"https:\/\/tuguia.combarranquilla.co\/Revista\/novedades-de-combarranquilla-disfruta-tus-domingos-con-un-brunch\/","og_locale":"es_ES","og_type":"article","og_title":"Novedades de Combarranquilla: disfruta tus domingos con un brunch - Tu Gu\u00eda","og_description":"El Caf\u00e9 Gourmet&nbsp;te invita a&nbsp;deleitarte con un desayuno diferente todos los domingos de 9:00 a.m. a 12:00 m.&nbsp; La popularidad del&nbsp;brunch&nbsp;ha ido creciendo con el paso de los a\u00f1os. Un&nbsp;brunch&nbsp;es un&nbsp;concepto anglosaj\u00f3n que hace referencia a la fusi\u00f3n del desayuno (breakfast) y el almuerzo (lunch).&nbsp;Es un espacio del d\u00eda en el que se consume&nbsp;varias horas&nbsp;despu\u00e9s [&hellip;]","og_url":"https:\/\/tuguia.combarranquilla.co\/Revista\/novedades-de-combarranquilla-disfruta-tus-domingos-con-un-brunch\/","og_site_name":"Tu Gu\u00eda","article_published_time":"2025-10-01T13:30:41+00:00","article_modified_time":"2025-10-01T13:30:43+00:00","og_image":[{"width":2560,"height":1280,"url":"https:\/\/tuguia.combarranquilla.co\/Revista\/wp-content\/uploads\/2025\/09\/Revista-Combarranquilla-8-scaled.jpg","type":"image\/jpeg"}],"author":"Comunicaciones Combarranquilla","twitter_card":"summary_large_image","twitter_misc":{"Escrito por":"Comunicaciones Combarranquilla","Tiempo de lectura":"1 minuto"},"schema":{"@context":"https:\/\/schema.org","@graph":[{"@type":"Article","@id":"https:\/\/tuguia.combarranquilla.co\/Revista\/novedades-de-combarranquilla-disfruta-tus-domingos-con-un-brunch\/#article","isPartOf":{"@id":"https:\/\/tuguia.combarranquilla.co\/Revista\/novedades-de-combarranquilla-disfruta-tus-domingos-con-un-brunch\/"},"author":{"name":"Comunicaciones Combarranquilla","@id":"https:\/\/tuguia.combarranquilla.co\/Revista\/#\/schema\/person\/c2c396a77170bd1d5f8ba73294eb0d10"},"headline":"Novedades de Combarranquilla: disfruta tus domingos con un brunch","datePublished":"2025-10-01T13:30:41+00:00","dateModified":"2025-10-01T13:30:43+00:00","mainEntityOfPage":{"@id":"https:\/\/tuguia.combarranquilla.co\/Revista\/novedades-de-combarranquilla-disfruta-tus-domingos-con-un-brunch\/"},"wordCount":224,"commentCount":0,"publisher":{"@id":"https:\/\/tuguia.combarranquilla.co\/Revista\/#organization"},"image":{"@id":"https:\/\/tuguia.combarranquilla.co\/Revista\/novedades-de-combarranquilla-disfruta-tus-domingos-con-un-brunch\/#primaryimage"},"thumbnailUrl":"https:\/\/tuguia.combarranquilla.co\/Revista\/wp-content\/uploads\/2025\/09\/Revista-Combarranquilla-8-scaled.jpg","articleSection":["MIRADOR GASTRON\u00d3MICO"],"inLanguage":"es-CO","potentialAction":[{"@type":"CommentAction","name":"Comment","target":["https:\/\/tuguia.combarranquilla.co\/Revista\/novedades-de-combarranquilla-disfruta-tus-domingos-con-un-brunch\/#respond"]}]},{"@type":"WebPage","@id":"https:\/\/tuguia.combarranquilla.co\/Revista\/novedades-de-combarranquilla-disfruta-tus-domingos-con-un-brunch\/","url":"https:\/\/tuguia.combarranquilla.co\/Revista\/novedades-de-combarranquilla-disfruta-tus-domingos-con-un-brunch\/","name":"Novedades de Combarranquilla: disfruta tus domingos con un brunch - Tu Gu\u00eda","isPartOf":{"@id":"https:\/\/tuguia.combarranquilla.co\/Revista\/#website"},"primaryImageOfPage":{"@id":"https:\/\/tuguia.combarranquilla.co\/Revista\/novedades-de-combarranquilla-disfruta-tus-domingos-con-un-brunch\/#primaryimage"},"image":{"@id":"https:\/\/tuguia.combarranquilla.co\/Revista\/novedades-de-combarranquilla-disfruta-tus-domingos-con-un-brunch\/#primaryimage"},"thumbnailUrl":"https:\/\/tuguia.combarranquilla.co\/Revista\/wp-content\/uploads\/2025\/09\/Revista-Combarranquilla-8-scaled.jpg","datePublished":"2025-10-01T13:30:41+00:00","dateModified":"2025-10-01T13:30:43+00:00","breadcrumb":{"@id":"https:\/\/tuguia.combarranquilla.co\/Revista\/novedades-de-combarranquilla-disfruta-tus-domingos-con-un-brunch\/#breadcrumb"},"inLanguage":"es-CO","potentialAction":[{"@type":"ReadAction","target":["https:\/\/tuguia.combarranquilla.co\/Revista\/novedades-de-combarranquilla-disfruta-tus-domingos-con-un-brunch\/"]}]},{"@type":"ImageObject","inLanguage":"es-CO","@id":"https:\/\/tuguia.combarranquilla.co\/Revista\/novedades-de-combarranquilla-disfruta-tus-domingos-con-un-brunch\/#primaryimage","url":"https:\/\/tuguia.combarranquilla.co\/Revista\/wp-content\/uploads\/2025\/09\/Revista-Combarranquilla-8-scaled.jpg","contentUrl":"https:\/\/tuguia.combarranquilla.co\/Revista\/wp-content\/uploads\/2025\/09\/Revista-Combarranquilla-8-scaled.jpg","width":2560,"height":1280},{"@type":"BreadcrumbList","@id":"https:\/\/tuguia.combarranquilla.co\/Revista\/novedades-de-combarranquilla-disfruta-tus-domingos-con-un-brunch\/#breadcrumb","itemListElement":[{"@type":"ListItem","position":1,"name":"Inicio","item":"https:\/\/tuguia.combarranquilla.co\/Revista\/"},{"@type":"ListItem","position":2,"name":"Novedades de Combarranquilla: disfruta tus domingos con un brunch"}]},{"@type":"WebSite","@id":"https:\/\/tuguia.combarranquilla.co\/Revista\/#website","url":"https:\/\/tuguia.combarranquilla.co\/Revista\/","name":"Tu Gu\u00eda","description":"La revista donde lo tienes todo.","publisher":{"@id":"https:\/\/tuguia.combarranquilla.co\/Revista\/#organization"},"alternateName":"Tu Gu\u00eda Combarranquilla","potentialAction":[{"@type":"SearchAction","target":{"@type":"EntryPoint","urlTemplate":"https:\/\/tuguia.combarranquilla.co\/Revista\/?s={search_term_string}"},"query-input":{"@type":"PropertyValueSpecification","valueRequired":true,"valueName":"search_term_string"}}],"inLanguage":"es-CO"},{"@type":"Organization","@id":"https:\/\/tuguia.combarranquilla.co\/Revista\/#organization","name":"Tu Gu\u00eda Combarranquilla","url":"https:\/\/tuguia.combarranquilla.co\/Revista\/","logo":{"@type":"ImageObject","inLanguage":"es-CO","@id":"https:\/\/tuguia.combarranquilla.co\/Revista\/#\/schema\/logo\/image\/","url":"https:\/\/tuguia.combarranquilla.co\/Revista\/wp-content\/uploads\/2022\/02\/logo-guia-combarranquilla.svg","contentUrl":"https:\/\/tuguia.combarranquilla.co\/Revista\/wp-content\/uploads\/2022\/02\/logo-guia-combarranquilla.svg","caption":"Tu Gu\u00eda Combarranquilla"},"image":{"@id":"https:\/\/tuguia.combarranquilla.co\/Revista\/#\/schema\/logo\/image\/"}},{"@type":"Person","@id":"https:\/\/tuguia.combarranquilla.co\/Revista\/#\/schema\/person\/c2c396a77170bd1d5f8ba73294eb0d10","name":"Comunicaciones Combarranquilla","image":{"@type":"ImageObject","inLanguage":"es-CO","@id":"https:\/\/tuguia.combarranquilla.co\/Revista\/wp-content\/uploads\/2025\/05\/ABC-Al-Rojo-Logo-96x96.jpg","url":"https:\/\/tuguia.combarranquilla.co\/Revista\/wp-content\/uploads\/2025\/05\/ABC-Al-Rojo-Logo-96x96.jpg","contentUrl":"https:\/\/tuguia.combarranquilla.co\/Revista\/wp-content\/uploads\/2025\/05\/ABC-Al-Rojo-Logo-96x96.jpg","caption":"Comunicaciones Combarranquilla"},"sameAs":["https:\/\/www.combarranquilla.co"],"url":"https:\/\/tuguia.combarranquilla.co\/Revista\/author\/comunicaciones\/"}]}},"_links":{"self":[{"href":"https:\/\/tuguia.combarranquilla.co\/Revista\/wp-json\/wp\/v2\/posts\/7805","targetHints":{"allow":["GET"]}}],"collection":[{"href":"https:\/\/tuguia.combarranquilla.co\/Revista\/wp-json\/wp\/v2\/posts"}],"about":[{"href":"https:\/\/tuguia.combarranquilla.co\/Revista\/wp-json\/wp\/v2\/types\/post"}],"author":[{"embeddable":true,"href":"https:\/\/tuguia.combarranquilla.co\/Revista\/wp-json\/wp\/v2\/users\/2"}],"replies":[{"embeddable":true,"href":"https:\/\/tuguia.combarranquilla.co\/Revista\/wp-json\/wp\/v2\/comments?post=7805"}],"version-history":[{"count":4,"href":"https:\/\/tuguia.combarranquilla.co\/Revista\/wp-json\/wp\/v2\/posts\/7805\/revisions"}],"predecessor-version":[{"id":7837,"href":"https:\/\/tuguia.combarranquilla.co\/Revista\/wp-json\/wp\/v2\/posts\/7805\/revisions\/7837"}],"wp:featuredmedia":[{"embeddable":true,"href":"https:\/\/tuguia.combarranquilla.co\/Revista\/wp-json\/wp\/v2\/media\/7806"}],"wp:attachment":[{"href":"https:\/\/tuguia.combarranquilla.co\/Revista\/wp-json\/wp\/v2\/media?parent=7805"}],"wp:term":[{"taxonomy":"category","embeddable":true,"href":"https:\/\/tuguia.combarranquilla.co\/Revista\/wp-json\/wp\/v2\/categories?post=7805"},{"taxonomy":"post_tag","embeddable":true,"href":"https:\/\/tuguia.combarranquilla.co\/Revista\/wp-json\/wp\/v2\/tags?post=7805"}],"curies":[{"name":"wp","href":"https:\/\/api.w.org\/{rel}","templated":true}]}}