{"id":7823,"date":"2025-10-01T08:29:46","date_gmt":"2025-10-01T13:29:46","guid":{"rendered":"https:\/\/tuguia.combarranquilla.co\/Revista\/?p=7823"},"modified":"2025-12-05T11:30:41","modified_gmt":"2025-12-05T16:30:41","slug":"hablar-sana-el-centro-de-formacion-combarranquilla-conmemora-el-dia-mundial-de-la-prevencion-del-suicidio","status":"publish","type":"post","link":"https:\/\/tuguia.combarranquilla.co\/Revista\/hablar-sana-el-centro-de-formacion-combarranquilla-conmemora-el-dia-mundial-de-la-prevencion-del-suicidio\/","title":{"rendered":"Hablar sana: el Centro de Formaci\u00f3n Combarranquilla conmemora el D\u00eda Mundial de la Prevenci\u00f3n del Suicidio"},"content":{"rendered":"\n<p>Cada 10 de septiembre el mundo se viste de amarillo para conmemorar el D\u00eda Mundial de la Prevenci\u00f3n del Suicidio.&nbsp;En 2003, la Organizaci\u00f3n Mundial de la Salud (OMS) y <a href=\"https:\/\/www.iasp.info\/wspd\/\">la Asociaci\u00f3n Internacional&nbsp;para la Prevenci\u00f3n del Suicidio<\/a> (IASP) se unieron para destacar este d\u00eda. Desde ese momento,&nbsp;se ha trabajado arduamente en cambiar la narrativa que hay en torno al&nbsp;suicidio.&nbsp;<\/p>\n\n\n\n<p>A corte del 30 de agosto del 2025, <a href=\"https:\/\/barranquilla.gov.co\/salud\/alcaldia-de-barranquilla-se-consolida-en-prevencion-y-cuidados-de-la-salud-mental#:~:text=Reducci%C3%B3n%20de%20intentos%20de%20suicidio,de%20un%20familiar%20o%20amigo\">el Distrito de Barranquilla<\/a> resalt\u00f3 que hubo un descenso del 4% en los casos de intentos de suicidio, que corresponde a 653. Esta es una cifra destacable, puesto que en el a\u00f1o 2024 se identificaron 677 casos.&nbsp;<\/p>\n\n\n\n<h2 class=\"wp-block-heading has-medium-font-size\">Bienestar en el Centro de Formaci\u00f3n <\/h2>\n\n\n\n<p>En el Centro de Formaci\u00f3n de Combarranquilla, reconocemos la importancia de hablar de este tema con los m\u00e1s j\u00f3venes. En la Unidad Boston, estudiantes de diferentes t\u00e9cnicos laborales&nbsp;hicieron parte de una actividad sobre el D\u00eda Mundial de la Prevenci\u00f3n del Suicidio.&nbsp;<\/p>\n\n\n\n<div class=\"wp-block-columns is-layout-flex wp-container-core-columns-is-layout-9d6595d7 wp-block-columns-is-layout-flex\">\n<div class=\"wp-block-column is-layout-flow wp-block-column-is-layout-flow\">\n<figure class=\"wp-block-image size-large\"><img decoding=\"async\" width=\"1024\" height=\"683\" data-src=\"https:\/\/tuguia.combarranquilla.co\/Revista\/wp-content\/uploads\/2025\/09\/DSC_0196-1024x683.jpg\" alt=\"\" class=\"wp-image-7838 lazyload\" data-srcset=\"https:\/\/tuguia.combarranquilla.co\/Revista\/wp-content\/uploads\/2025\/09\/DSC_0196-1024x683.jpg 1024w, https:\/\/tuguia.combarranquilla.co\/Revista\/wp-content\/uploads\/2025\/09\/DSC_0196-300x200.jpg 300w, https:\/\/tuguia.combarranquilla.co\/Revista\/wp-content\/uploads\/2025\/09\/DSC_0196-768x512.jpg 768w, https:\/\/tuguia.combarranquilla.co\/Revista\/wp-content\/uploads\/2025\/09\/DSC_0196-1536x1024.jpg 1536w, https:\/\/tuguia.combarranquilla.co\/Revista\/wp-content\/uploads\/2025\/09\/DSC_0196-2048x1365.jpg 2048w\" data-sizes=\"(max-width: 1024px) 100vw, 1024px\" src=\"data:image\/svg+xml;base64,PHN2ZyB3aWR0aD0iMSIgaGVpZ2h0PSIxIiB4bWxucz0iaHR0cDovL3d3dy53My5vcmcvMjAwMC9zdmciPjwvc3ZnPg==\" style=\"--smush-placeholder-width: 1024px; --smush-placeholder-aspect-ratio: 1024\/683;\" \/><\/figure>\n<\/div>\n\n\n\n<div class=\"wp-block-column is-layout-flow wp-block-column-is-layout-flow\">\n<figure class=\"wp-block-image size-large\"><img decoding=\"async\" width=\"1024\" height=\"683\" data-src=\"https:\/\/tuguia.combarranquilla.co\/Revista\/wp-content\/uploads\/2025\/09\/DSC_0191-1024x683.jpg\" alt=\"\" class=\"wp-image-7839 lazyload\" data-srcset=\"https:\/\/tuguia.combarranquilla.co\/Revista\/wp-content\/uploads\/2025\/09\/DSC_0191-1024x683.jpg 1024w, https:\/\/tuguia.combarranquilla.co\/Revista\/wp-content\/uploads\/2025\/09\/DSC_0191-300x200.jpg 300w, https:\/\/tuguia.combarranquilla.co\/Revista\/wp-content\/uploads\/2025\/09\/DSC_0191-768x512.jpg 768w, https:\/\/tuguia.combarranquilla.co\/Revista\/wp-content\/uploads\/2025\/09\/DSC_0191-1536x1024.jpg 1536w, https:\/\/tuguia.combarranquilla.co\/Revista\/wp-content\/uploads\/2025\/09\/DSC_0191-2048x1365.jpg 2048w\" data-sizes=\"(max-width: 1024px) 100vw, 1024px\" src=\"data:image\/svg+xml;base64,PHN2ZyB3aWR0aD0iMSIgaGVpZ2h0PSIxIiB4bWxucz0iaHR0cDovL3d3dy53My5vcmcvMjAwMC9zdmciPjwvc3ZnPg==\" style=\"--smush-placeholder-width: 1024px; --smush-placeholder-aspect-ratio: 1024\/683;\" \/><\/figure>\n<\/div>\n<\/div>\n\n\n\n<p>A lo largo de varios stands, cada joven tuvo la oportunidad de participar de actividades\u00a0que se centraban en el valor de sus emociones. Entre ellas, escuchar un\u00a0p\u00f3dcast\u00a0motivacional, recibir un abrazo de un compa\u00f1ero y tener una sesi\u00f3n con una psic\u00f3loga.\u00a0El stand m\u00e1s famoso fue el de los abrazos, un espacio en el que muchos sintieron que pod\u00edan soltar sus cargas.\u00a0<\/p>\n\n\n\n<p>Con el objetivo de apoyar a sus estudiantes, el \u00e1rea de Bienestar se esmera en idear estas experiencias \u00fanicas.&nbsp;En el D\u00eda Mundial de la Prevenci\u00f3n del Suicidio, se subraya que los suicidios pueden prevenirse. Pero debemos seguir visibilizando este tipo de acciones para mejorar la calidad de vida de todas las personas.&nbsp;<\/p>\n\n\n\n<p>Si necesitas apoyo, puedes recibir ayuda contactando a&nbsp;CHATLemos&nbsp;a la l\u00ednea 318 804 4000.&nbsp;Tambi\u00e9n se encuentra disponible la L\u00ednea de Atenci\u00f3n en Salud Mental&nbsp;\u201cHabla y Te Sanas\u201d:&nbsp;317 621 8394.&nbsp;<\/p>\n","protected":false},"excerpt":{"rendered":"<p>Cada 10 de septiembre el mundo se viste de amarillo para conmemorar el D\u00eda Mundial de la Prevenci\u00f3n del Suicidio.&nbsp;En 2003, la Organizaci\u00f3n Mundial de la Salud (OMS) y la Asociaci\u00f3n Internacional&nbsp;para la Prevenci\u00f3n del Suicidio (IASP) se unieron para destacar este d\u00eda. Desde ese momento,&nbsp;se ha trabajado arduamente en cambiar la narrativa que hay [&hellip;]<\/p>\n","protected":false},"author":2,"featured_media":7828,"comment_status":"open","ping_status":"open","sticky":false,"template":"","format":"standard","meta":{"inline_featured_image":false,"footnotes":""},"categories":[5],"tags":[],"class_list":["post-7823","post","type-post","status-publish","format-standard","has-post-thumbnail","hentry","category-vida-saludable"],"yoast_head":"<!-- This site is optimized with the Yoast SEO plugin v27.4 - https:\/\/yoast.com\/product\/yoast-seo-wordpress\/ -->\n<title>Hablar sana: el Centro de Formaci\u00f3n Combarranquilla conmemora el D\u00eda Mundial de la Prevenci\u00f3n del Suicidio - Tu Gu\u00eda<\/title>\n<meta name=\"robots\" content=\"index, follow, max-snippet:-1, max-image-preview:large, max-video-preview:-1\" \/>\n<link rel=\"canonical\" href=\"https:\/\/tuguia.combarranquilla.co\/Revista\/hablar-sana-el-centro-de-formacion-combarranquilla-conmemora-el-dia-mundial-de-la-prevencion-del-suicidio\/\" \/>\n<meta property=\"og:locale\" content=\"es_ES\" \/>\n<meta property=\"og:type\" content=\"article\" \/>\n<meta property=\"og:title\" content=\"Hablar sana: el Centro de Formaci\u00f3n Combarranquilla conmemora el D\u00eda Mundial de la Prevenci\u00f3n del Suicidio - Tu Gu\u00eda\" \/>\n<meta property=\"og:description\" content=\"Cada 10 de septiembre el mundo se viste de amarillo para conmemorar el D\u00eda Mundial de la Prevenci\u00f3n del Suicidio.&nbsp;En 2003, la Organizaci\u00f3n Mundial de la Salud (OMS) y la Asociaci\u00f3n Internacional&nbsp;para la Prevenci\u00f3n del Suicidio (IASP) se unieron para destacar este d\u00eda. Desde ese momento,&nbsp;se ha trabajado arduamente en cambiar la narrativa que hay [&hellip;]\" \/>\n<meta property=\"og:url\" content=\"https:\/\/tuguia.combarranquilla.co\/Revista\/hablar-sana-el-centro-de-formacion-combarranquilla-conmemora-el-dia-mundial-de-la-prevencion-del-suicidio\/\" \/>\n<meta property=\"og:site_name\" content=\"Tu Gu\u00eda\" \/>\n<meta property=\"article:published_time\" content=\"2025-10-01T13:29:46+00:00\" \/>\n<meta property=\"article:modified_time\" content=\"2025-12-05T16:30:41+00:00\" \/>\n<meta property=\"og:image\" content=\"https:\/\/tuguia.combarranquilla.co\/Revista\/wp-content\/uploads\/2025\/09\/Revista-Combarranquilla-10-scaled.jpg\" \/>\n\t<meta property=\"og:image:width\" content=\"2560\" \/>\n\t<meta property=\"og:image:height\" content=\"1280\" \/>\n\t<meta property=\"og:image:type\" content=\"image\/jpeg\" \/>\n<meta name=\"author\" content=\"Comunicaciones Combarranquilla\" \/>\n<meta name=\"twitter:card\" content=\"summary_large_image\" \/>\n<meta name=\"twitter:label1\" content=\"Escrito por\" \/>\n\t<meta name=\"twitter:data1\" content=\"Comunicaciones Combarranquilla\" \/>\n\t<meta name=\"twitter:label2\" content=\"Tiempo de lectura\" \/>\n\t<meta name=\"twitter:data2\" content=\"2 minutos\" \/>\n<script type=\"application\/ld+json\" class=\"yoast-schema-graph\">{\"@context\":\"https:\\\/\\\/schema.org\",\"@graph\":[{\"@type\":\"Article\",\"@id\":\"https:\\\/\\\/tuguia.combarranquilla.co\\\/Revista\\\/hablar-sana-el-centro-de-formacion-combarranquilla-conmemora-el-dia-mundial-de-la-prevencion-del-suicidio\\\/#article\",\"isPartOf\":{\"@id\":\"https:\\\/\\\/tuguia.combarranquilla.co\\\/Revista\\\/hablar-sana-el-centro-de-formacion-combarranquilla-conmemora-el-dia-mundial-de-la-prevencion-del-suicidio\\\/\"},\"author\":{\"name\":\"Comunicaciones Combarranquilla\",\"@id\":\"https:\\\/\\\/tuguia.combarranquilla.co\\\/Revista\\\/#\\\/schema\\\/person\\\/c2c396a77170bd1d5f8ba73294eb0d10\"},\"headline\":\"Hablar sana: el Centro de Formaci\u00f3n Combarranquilla conmemora el D\u00eda Mundial de la Prevenci\u00f3n del Suicidio\",\"datePublished\":\"2025-10-01T13:29:46+00:00\",\"dateModified\":\"2025-12-05T16:30:41+00:00\",\"mainEntityOfPage\":{\"@id\":\"https:\\\/\\\/tuguia.combarranquilla.co\\\/Revista\\\/hablar-sana-el-centro-de-formacion-combarranquilla-conmemora-el-dia-mundial-de-la-prevencion-del-suicidio\\\/\"},\"wordCount\":352,\"commentCount\":0,\"publisher\":{\"@id\":\"https:\\\/\\\/tuguia.combarranquilla.co\\\/Revista\\\/#organization\"},\"image\":{\"@id\":\"https:\\\/\\\/tuguia.combarranquilla.co\\\/Revista\\\/hablar-sana-el-centro-de-formacion-combarranquilla-conmemora-el-dia-mundial-de-la-prevencion-del-suicidio\\\/#primaryimage\"},\"thumbnailUrl\":\"https:\\\/\\\/tuguia.combarranquilla.co\\\/Revista\\\/wp-content\\\/uploads\\\/2025\\\/09\\\/Revista-Combarranquilla-10-scaled.jpg\",\"articleSection\":[\"VIDA SALUDABLE\"],\"inLanguage\":\"es-CO\",\"potentialAction\":[{\"@type\":\"CommentAction\",\"name\":\"Comment\",\"target\":[\"https:\\\/\\\/tuguia.combarranquilla.co\\\/Revista\\\/hablar-sana-el-centro-de-formacion-combarranquilla-conmemora-el-dia-mundial-de-la-prevencion-del-suicidio\\\/#respond\"]}]},{\"@type\":\"WebPage\",\"@id\":\"https:\\\/\\\/tuguia.combarranquilla.co\\\/Revista\\\/hablar-sana-el-centro-de-formacion-combarranquilla-conmemora-el-dia-mundial-de-la-prevencion-del-suicidio\\\/\",\"url\":\"https:\\\/\\\/tuguia.combarranquilla.co\\\/Revista\\\/hablar-sana-el-centro-de-formacion-combarranquilla-conmemora-el-dia-mundial-de-la-prevencion-del-suicidio\\\/\",\"name\":\"Hablar sana: el Centro de Formaci\u00f3n Combarranquilla conmemora el D\u00eda Mundial de la Prevenci\u00f3n del Suicidio - Tu Gu\u00eda\",\"isPartOf\":{\"@id\":\"https:\\\/\\\/tuguia.combarranquilla.co\\\/Revista\\\/#website\"},\"primaryImageOfPage\":{\"@id\":\"https:\\\/\\\/tuguia.combarranquilla.co\\\/Revista\\\/hablar-sana-el-centro-de-formacion-combarranquilla-conmemora-el-dia-mundial-de-la-prevencion-del-suicidio\\\/#primaryimage\"},\"image\":{\"@id\":\"https:\\\/\\\/tuguia.combarranquilla.co\\\/Revista\\\/hablar-sana-el-centro-de-formacion-combarranquilla-conmemora-el-dia-mundial-de-la-prevencion-del-suicidio\\\/#primaryimage\"},\"thumbnailUrl\":\"https:\\\/\\\/tuguia.combarranquilla.co\\\/Revista\\\/wp-content\\\/uploads\\\/2025\\\/09\\\/Revista-Combarranquilla-10-scaled.jpg\",\"datePublished\":\"2025-10-01T13:29:46+00:00\",\"dateModified\":\"2025-12-05T16:30:41+00:00\",\"breadcrumb\":{\"@id\":\"https:\\\/\\\/tuguia.combarranquilla.co\\\/Revista\\\/hablar-sana-el-centro-de-formacion-combarranquilla-conmemora-el-dia-mundial-de-la-prevencion-del-suicidio\\\/#breadcrumb\"},\"inLanguage\":\"es-CO\",\"potentialAction\":[{\"@type\":\"ReadAction\",\"target\":[\"https:\\\/\\\/tuguia.combarranquilla.co\\\/Revista\\\/hablar-sana-el-centro-de-formacion-combarranquilla-conmemora-el-dia-mundial-de-la-prevencion-del-suicidio\\\/\"]}]},{\"@type\":\"ImageObject\",\"inLanguage\":\"es-CO\",\"@id\":\"https:\\\/\\\/tuguia.combarranquilla.co\\\/Revista\\\/hablar-sana-el-centro-de-formacion-combarranquilla-conmemora-el-dia-mundial-de-la-prevencion-del-suicidio\\\/#primaryimage\",\"url\":\"https:\\\/\\\/tuguia.combarranquilla.co\\\/Revista\\\/wp-content\\\/uploads\\\/2025\\\/09\\\/Revista-Combarranquilla-10-scaled.jpg\",\"contentUrl\":\"https:\\\/\\\/tuguia.combarranquilla.co\\\/Revista\\\/wp-content\\\/uploads\\\/2025\\\/09\\\/Revista-Combarranquilla-10-scaled.jpg\",\"width\":2560,\"height\":1280},{\"@type\":\"BreadcrumbList\",\"@id\":\"https:\\\/\\\/tuguia.combarranquilla.co\\\/Revista\\\/hablar-sana-el-centro-de-formacion-combarranquilla-conmemora-el-dia-mundial-de-la-prevencion-del-suicidio\\\/#breadcrumb\",\"itemListElement\":[{\"@type\":\"ListItem\",\"position\":1,\"name\":\"Inicio\",\"item\":\"https:\\\/\\\/tuguia.combarranquilla.co\\\/Revista\\\/\"},{\"@type\":\"ListItem\",\"position\":2,\"name\":\"Hablar sana: el Centro de Formaci\u00f3n Combarranquilla conmemora el D\u00eda Mundial de la Prevenci\u00f3n del Suicidio\"}]},{\"@type\":\"WebSite\",\"@id\":\"https:\\\/\\\/tuguia.combarranquilla.co\\\/Revista\\\/#website\",\"url\":\"https:\\\/\\\/tuguia.combarranquilla.co\\\/Revista\\\/\",\"name\":\"Tu Gu\u00eda\",\"description\":\"La revista donde lo tienes todo.\",\"publisher\":{\"@id\":\"https:\\\/\\\/tuguia.combarranquilla.co\\\/Revista\\\/#organization\"},\"alternateName\":\"Tu Gu\u00eda Combarranquilla\",\"potentialAction\":[{\"@type\":\"SearchAction\",\"target\":{\"@type\":\"EntryPoint\",\"urlTemplate\":\"https:\\\/\\\/tuguia.combarranquilla.co\\\/Revista\\\/?s={search_term_string}\"},\"query-input\":{\"@type\":\"PropertyValueSpecification\",\"valueRequired\":true,\"valueName\":\"search_term_string\"}}],\"inLanguage\":\"es-CO\"},{\"@type\":\"Organization\",\"@id\":\"https:\\\/\\\/tuguia.combarranquilla.co\\\/Revista\\\/#organization\",\"name\":\"Tu Gu\u00eda Combarranquilla\",\"url\":\"https:\\\/\\\/tuguia.combarranquilla.co\\\/Revista\\\/\",\"logo\":{\"@type\":\"ImageObject\",\"inLanguage\":\"es-CO\",\"@id\":\"https:\\\/\\\/tuguia.combarranquilla.co\\\/Revista\\\/#\\\/schema\\\/logo\\\/image\\\/\",\"url\":\"https:\\\/\\\/tuguia.combarranquilla.co\\\/Revista\\\/wp-content\\\/uploads\\\/2022\\\/02\\\/logo-guia-combarranquilla.svg\",\"contentUrl\":\"https:\\\/\\\/tuguia.combarranquilla.co\\\/Revista\\\/wp-content\\\/uploads\\\/2022\\\/02\\\/logo-guia-combarranquilla.svg\",\"caption\":\"Tu Gu\u00eda Combarranquilla\"},\"image\":{\"@id\":\"https:\\\/\\\/tuguia.combarranquilla.co\\\/Revista\\\/#\\\/schema\\\/logo\\\/image\\\/\"}},{\"@type\":\"Person\",\"@id\":\"https:\\\/\\\/tuguia.combarranquilla.co\\\/Revista\\\/#\\\/schema\\\/person\\\/c2c396a77170bd1d5f8ba73294eb0d10\",\"name\":\"Comunicaciones Combarranquilla\",\"image\":{\"@type\":\"ImageObject\",\"inLanguage\":\"es-CO\",\"@id\":\"https:\\\/\\\/tuguia.combarranquilla.co\\\/Revista\\\/wp-content\\\/uploads\\\/2025\\\/05\\\/ABC-Al-Rojo-Logo-96x96.jpg\",\"url\":\"https:\\\/\\\/tuguia.combarranquilla.co\\\/Revista\\\/wp-content\\\/uploads\\\/2025\\\/05\\\/ABC-Al-Rojo-Logo-96x96.jpg\",\"contentUrl\":\"https:\\\/\\\/tuguia.combarranquilla.co\\\/Revista\\\/wp-content\\\/uploads\\\/2025\\\/05\\\/ABC-Al-Rojo-Logo-96x96.jpg\",\"caption\":\"Comunicaciones Combarranquilla\"},\"sameAs\":[\"https:\\\/\\\/www.combarranquilla.co\"],\"url\":\"https:\\\/\\\/tuguia.combarranquilla.co\\\/Revista\\\/author\\\/comunicaciones\\\/\"}]}<\/script>\n<!-- \/ Yoast SEO plugin. -->","yoast_head_json":{"title":"Hablar sana: el Centro de Formaci\u00f3n Combarranquilla conmemora el D\u00eda Mundial de la Prevenci\u00f3n del Suicidio - Tu Gu\u00eda","robots":{"index":"index","follow":"follow","max-snippet":"max-snippet:-1","max-image-preview":"max-image-preview:large","max-video-preview":"max-video-preview:-1"},"canonical":"https:\/\/tuguia.combarranquilla.co\/Revista\/hablar-sana-el-centro-de-formacion-combarranquilla-conmemora-el-dia-mundial-de-la-prevencion-del-suicidio\/","og_locale":"es_ES","og_type":"article","og_title":"Hablar sana: el Centro de Formaci\u00f3n Combarranquilla conmemora el D\u00eda Mundial de la Prevenci\u00f3n del Suicidio - Tu Gu\u00eda","og_description":"Cada 10 de septiembre el mundo se viste de amarillo para conmemorar el D\u00eda Mundial de la Prevenci\u00f3n del Suicidio.&nbsp;En 2003, la Organizaci\u00f3n Mundial de la Salud (OMS) y la Asociaci\u00f3n Internacional&nbsp;para la Prevenci\u00f3n del Suicidio (IASP) se unieron para destacar este d\u00eda. Desde ese momento,&nbsp;se ha trabajado arduamente en cambiar la narrativa que hay [&hellip;]","og_url":"https:\/\/tuguia.combarranquilla.co\/Revista\/hablar-sana-el-centro-de-formacion-combarranquilla-conmemora-el-dia-mundial-de-la-prevencion-del-suicidio\/","og_site_name":"Tu Gu\u00eda","article_published_time":"2025-10-01T13:29:46+00:00","article_modified_time":"2025-12-05T16:30:41+00:00","og_image":[{"width":2560,"height":1280,"url":"https:\/\/tuguia.combarranquilla.co\/Revista\/wp-content\/uploads\/2025\/09\/Revista-Combarranquilla-10-scaled.jpg","type":"image\/jpeg"}],"author":"Comunicaciones Combarranquilla","twitter_card":"summary_large_image","twitter_misc":{"Escrito por":"Comunicaciones Combarranquilla","Tiempo de lectura":"2 minutos"},"schema":{"@context":"https:\/\/schema.org","@graph":[{"@type":"Article","@id":"https:\/\/tuguia.combarranquilla.co\/Revista\/hablar-sana-el-centro-de-formacion-combarranquilla-conmemora-el-dia-mundial-de-la-prevencion-del-suicidio\/#article","isPartOf":{"@id":"https:\/\/tuguia.combarranquilla.co\/Revista\/hablar-sana-el-centro-de-formacion-combarranquilla-conmemora-el-dia-mundial-de-la-prevencion-del-suicidio\/"},"author":{"name":"Comunicaciones Combarranquilla","@id":"https:\/\/tuguia.combarranquilla.co\/Revista\/#\/schema\/person\/c2c396a77170bd1d5f8ba73294eb0d10"},"headline":"Hablar sana: el Centro de Formaci\u00f3n Combarranquilla conmemora el D\u00eda Mundial de la Prevenci\u00f3n del Suicidio","datePublished":"2025-10-01T13:29:46+00:00","dateModified":"2025-12-05T16:30:41+00:00","mainEntityOfPage":{"@id":"https:\/\/tuguia.combarranquilla.co\/Revista\/hablar-sana-el-centro-de-formacion-combarranquilla-conmemora-el-dia-mundial-de-la-prevencion-del-suicidio\/"},"wordCount":352,"commentCount":0,"publisher":{"@id":"https:\/\/tuguia.combarranquilla.co\/Revista\/#organization"},"image":{"@id":"https:\/\/tuguia.combarranquilla.co\/Revista\/hablar-sana-el-centro-de-formacion-combarranquilla-conmemora-el-dia-mundial-de-la-prevencion-del-suicidio\/#primaryimage"},"thumbnailUrl":"https:\/\/tuguia.combarranquilla.co\/Revista\/wp-content\/uploads\/2025\/09\/Revista-Combarranquilla-10-scaled.jpg","articleSection":["VIDA SALUDABLE"],"inLanguage":"es-CO","potentialAction":[{"@type":"CommentAction","name":"Comment","target":["https:\/\/tuguia.combarranquilla.co\/Revista\/hablar-sana-el-centro-de-formacion-combarranquilla-conmemora-el-dia-mundial-de-la-prevencion-del-suicidio\/#respond"]}]},{"@type":"WebPage","@id":"https:\/\/tuguia.combarranquilla.co\/Revista\/hablar-sana-el-centro-de-formacion-combarranquilla-conmemora-el-dia-mundial-de-la-prevencion-del-suicidio\/","url":"https:\/\/tuguia.combarranquilla.co\/Revista\/hablar-sana-el-centro-de-formacion-combarranquilla-conmemora-el-dia-mundial-de-la-prevencion-del-suicidio\/","name":"Hablar sana: el Centro de Formaci\u00f3n Combarranquilla conmemora el D\u00eda Mundial de la Prevenci\u00f3n del Suicidio - Tu Gu\u00eda","isPartOf":{"@id":"https:\/\/tuguia.combarranquilla.co\/Revista\/#website"},"primaryImageOfPage":{"@id":"https:\/\/tuguia.combarranquilla.co\/Revista\/hablar-sana-el-centro-de-formacion-combarranquilla-conmemora-el-dia-mundial-de-la-prevencion-del-suicidio\/#primaryimage"},"image":{"@id":"https:\/\/tuguia.combarranquilla.co\/Revista\/hablar-sana-el-centro-de-formacion-combarranquilla-conmemora-el-dia-mundial-de-la-prevencion-del-suicidio\/#primaryimage"},"thumbnailUrl":"https:\/\/tuguia.combarranquilla.co\/Revista\/wp-content\/uploads\/2025\/09\/Revista-Combarranquilla-10-scaled.jpg","datePublished":"2025-10-01T13:29:46+00:00","dateModified":"2025-12-05T16:30:41+00:00","breadcrumb":{"@id":"https:\/\/tuguia.combarranquilla.co\/Revista\/hablar-sana-el-centro-de-formacion-combarranquilla-conmemora-el-dia-mundial-de-la-prevencion-del-suicidio\/#breadcrumb"},"inLanguage":"es-CO","potentialAction":[{"@type":"ReadAction","target":["https:\/\/tuguia.combarranquilla.co\/Revista\/hablar-sana-el-centro-de-formacion-combarranquilla-conmemora-el-dia-mundial-de-la-prevencion-del-suicidio\/"]}]},{"@type":"ImageObject","inLanguage":"es-CO","@id":"https:\/\/tuguia.combarranquilla.co\/Revista\/hablar-sana-el-centro-de-formacion-combarranquilla-conmemora-el-dia-mundial-de-la-prevencion-del-suicidio\/#primaryimage","url":"https:\/\/tuguia.combarranquilla.co\/Revista\/wp-content\/uploads\/2025\/09\/Revista-Combarranquilla-10-scaled.jpg","contentUrl":"https:\/\/tuguia.combarranquilla.co\/Revista\/wp-content\/uploads\/2025\/09\/Revista-Combarranquilla-10-scaled.jpg","width":2560,"height":1280},{"@type":"BreadcrumbList","@id":"https:\/\/tuguia.combarranquilla.co\/Revista\/hablar-sana-el-centro-de-formacion-combarranquilla-conmemora-el-dia-mundial-de-la-prevencion-del-suicidio\/#breadcrumb","itemListElement":[{"@type":"ListItem","position":1,"name":"Inicio","item":"https:\/\/tuguia.combarranquilla.co\/Revista\/"},{"@type":"ListItem","position":2,"name":"Hablar sana: el Centro de Formaci\u00f3n Combarranquilla conmemora el D\u00eda Mundial de la Prevenci\u00f3n del Suicidio"}]},{"@type":"WebSite","@id":"https:\/\/tuguia.combarranquilla.co\/Revista\/#website","url":"https:\/\/tuguia.combarranquilla.co\/Revista\/","name":"Tu Gu\u00eda","description":"La revista donde lo tienes todo.","publisher":{"@id":"https:\/\/tuguia.combarranquilla.co\/Revista\/#organization"},"alternateName":"Tu Gu\u00eda Combarranquilla","potentialAction":[{"@type":"SearchAction","target":{"@type":"EntryPoint","urlTemplate":"https:\/\/tuguia.combarranquilla.co\/Revista\/?s={search_term_string}"},"query-input":{"@type":"PropertyValueSpecification","valueRequired":true,"valueName":"search_term_string"}}],"inLanguage":"es-CO"},{"@type":"Organization","@id":"https:\/\/tuguia.combarranquilla.co\/Revista\/#organization","name":"Tu Gu\u00eda Combarranquilla","url":"https:\/\/tuguia.combarranquilla.co\/Revista\/","logo":{"@type":"ImageObject","inLanguage":"es-CO","@id":"https:\/\/tuguia.combarranquilla.co\/Revista\/#\/schema\/logo\/image\/","url":"https:\/\/tuguia.combarranquilla.co\/Revista\/wp-content\/uploads\/2022\/02\/logo-guia-combarranquilla.svg","contentUrl":"https:\/\/tuguia.combarranquilla.co\/Revista\/wp-content\/uploads\/2022\/02\/logo-guia-combarranquilla.svg","caption":"Tu Gu\u00eda Combarranquilla"},"image":{"@id":"https:\/\/tuguia.combarranquilla.co\/Revista\/#\/schema\/logo\/image\/"}},{"@type":"Person","@id":"https:\/\/tuguia.combarranquilla.co\/Revista\/#\/schema\/person\/c2c396a77170bd1d5f8ba73294eb0d10","name":"Comunicaciones Combarranquilla","image":{"@type":"ImageObject","inLanguage":"es-CO","@id":"https:\/\/tuguia.combarranquilla.co\/Revista\/wp-content\/uploads\/2025\/05\/ABC-Al-Rojo-Logo-96x96.jpg","url":"https:\/\/tuguia.combarranquilla.co\/Revista\/wp-content\/uploads\/2025\/05\/ABC-Al-Rojo-Logo-96x96.jpg","contentUrl":"https:\/\/tuguia.combarranquilla.co\/Revista\/wp-content\/uploads\/2025\/05\/ABC-Al-Rojo-Logo-96x96.jpg","caption":"Comunicaciones Combarranquilla"},"sameAs":["https:\/\/www.combarranquilla.co"],"url":"https:\/\/tuguia.combarranquilla.co\/Revista\/author\/comunicaciones\/"}]}},"_links":{"self":[{"href":"https:\/\/tuguia.combarranquilla.co\/Revista\/wp-json\/wp\/v2\/posts\/7823","targetHints":{"allow":["GET"]}}],"collection":[{"href":"https:\/\/tuguia.combarranquilla.co\/Revista\/wp-json\/wp\/v2\/posts"}],"about":[{"href":"https:\/\/tuguia.combarranquilla.co\/Revista\/wp-json\/wp\/v2\/types\/post"}],"author":[{"embeddable":true,"href":"https:\/\/tuguia.combarranquilla.co\/Revista\/wp-json\/wp\/v2\/users\/2"}],"replies":[{"embeddable":true,"href":"https:\/\/tuguia.combarranquilla.co\/Revista\/wp-json\/wp\/v2\/comments?post=7823"}],"version-history":[{"count":8,"href":"https:\/\/tuguia.combarranquilla.co\/Revista\/wp-json\/wp\/v2\/posts\/7823\/revisions"}],"predecessor-version":[{"id":8297,"href":"https:\/\/tuguia.combarranquilla.co\/Revista\/wp-json\/wp\/v2\/posts\/7823\/revisions\/8297"}],"wp:featuredmedia":[{"embeddable":true,"href":"https:\/\/tuguia.combarranquilla.co\/Revista\/wp-json\/wp\/v2\/media\/7828"}],"wp:attachment":[{"href":"https:\/\/tuguia.combarranquilla.co\/Revista\/wp-json\/wp\/v2\/media?parent=7823"}],"wp:term":[{"taxonomy":"category","embeddable":true,"href":"https:\/\/tuguia.combarranquilla.co\/Revista\/wp-json\/wp\/v2\/categories?post=7823"},{"taxonomy":"post_tag","embeddable":true,"href":"https:\/\/tuguia.combarranquilla.co\/Revista\/wp-json\/wp\/v2\/tags?post=7823"}],"curies":[{"name":"wp","href":"https:\/\/api.w.org\/{rel}","templated":true}]}}