{"id":7832,"date":"2025-10-01T12:01:00","date_gmt":"2025-10-01T17:01:00","guid":{"rendered":"https:\/\/tuguia.combarranquilla.co\/Revista\/?p=7832"},"modified":"2025-10-29T14:44:15","modified_gmt":"2025-10-29T19:44:15","slug":"comencemos-a-mirar-a-nuestros-ninos-a-los-ojos-liliana-villegas-directora-de-fort-da","status":"publish","type":"post","link":"https:\/\/tuguia.combarranquilla.co\/Revista\/comencemos-a-mirar-a-nuestros-ninos-a-los-ojos-liliana-villegas-directora-de-fort-da\/","title":{"rendered":"&#8220;Comencemos a mirar a nuestros ni\u00f1os a los ojos&#8221;: Liliana Villegas, gerente de Fort-Da"},"content":{"rendered":"\n<p><strong><em>Villegas&nbsp;naci\u00f3&nbsp;en Medell\u00edn, pero&nbsp;reside en&nbsp;Barranquilla desde hace 30 a\u00f1os.&nbsp;Es psic\u00f3loga de profesi\u00f3n y posee un&nbsp;mag\u00edster&nbsp;en Psicolog\u00eda Cl\u00ednica.&nbsp;En el&nbsp;2010, inici\u00f3 su camino hacia la comprensi\u00f3n y el apoyo de la&nbsp;salud mental de ni\u00f1os, ni\u00f1as y adolescentes.&nbsp;<\/em><\/strong><\/p>\n\n\n\n<p>Bajando por la calle&nbsp;79, justo al lado del restaurante GAIA, se encuentra el Centro de Atenci\u00f3n Psicoafectivo Fort-Da.&nbsp;Mientras espero en la recepci\u00f3n, repaso las preguntas que redact\u00e9 para la psic\u00f3loga Villegas, quien me recibir\u00e1 dentro de poco. La lluvia puede olerse desde el lugar en el&nbsp;que estoy sentada. Agradezco haber llegado antes de que empiece a llover.<\/p>\n\n\n\n<p>Al cabo de un par de minutos, me recibe con una sonrisa. Nos presentamos y me invita a subir a su oficina. Su hija, con quien trabaja, llega despu\u00e9s. Se siente un ambiente muy acogedor antes de empezar la entrevista. Pero para mayor comodidad, me gu\u00edan hacia uno de los consultorios que utilizan para atender a los ni\u00f1os. Es como estar en una habitaci\u00f3n: estoy rodeada por&nbsp;muebles y juguetes que pintan de felicidad el espacio.&nbsp;<\/p>\n\n\n\n<p>Las tres&nbsp;procedemos a&nbsp;sentarnos para conversar un poco sobre la labor de Fort-Da y su historia.&nbsp;<\/p>\n\n\n\n<figure class=\"wp-block-image size-large\"><img decoding=\"async\" width=\"2560\" height=\"1439\" data-src=\"https:\/\/tuguia.combarranquilla.co\/Revista\/wp-content\/uploads\/2025\/10\/CRW00214-edited-scaled.jpg\" alt=\"\" class=\"wp-image-7847 lazyload\" data-srcset=\"https:\/\/tuguia.combarranquilla.co\/Revista\/wp-content\/uploads\/2025\/10\/CRW00214-edited-scaled.jpg 2560w, https:\/\/tuguia.combarranquilla.co\/Revista\/wp-content\/uploads\/2025\/10\/CRW00214-edited-300x169.jpg 300w, https:\/\/tuguia.combarranquilla.co\/Revista\/wp-content\/uploads\/2025\/10\/CRW00214-edited-1024x576.jpg 1024w, https:\/\/tuguia.combarranquilla.co\/Revista\/wp-content\/uploads\/2025\/10\/CRW00214-edited-768x432.jpg 768w, https:\/\/tuguia.combarranquilla.co\/Revista\/wp-content\/uploads\/2025\/10\/CRW00214-edited-1536x864.jpg 1536w, https:\/\/tuguia.combarranquilla.co\/Revista\/wp-content\/uploads\/2025\/10\/CRW00214-edited-2048x1151.jpg 2048w\" data-sizes=\"(max-width: 2560px) 100vw, 2560px\" src=\"data:image\/svg+xml;base64,PHN2ZyB3aWR0aD0iMSIgaGVpZ2h0PSIxIiB4bWxucz0iaHR0cDovL3d3dy53My5vcmcvMjAwMC9zdmciPjwvc3ZnPg==\" style=\"--smush-placeholder-width: 2560px; --smush-placeholder-aspect-ratio: 2560\/1439;\" \/><figcaption class=\"wp-element-caption\"><em>Foto: Cortes\u00eda Fort-Da<\/em><\/figcaption><\/figure>\n\n\n\n<hr class=\"wp-block-separator has-alpha-channel-opacity\"\/>\n\n\n\n<p><strong>Muchas gracias por recibirme hoy.&nbsp;Espero&nbsp;que esta entrevista sea de mucho provecho.<\/strong>&nbsp;<\/p>\n\n\n\n<p>El placer es nuestro. Cuando mi hija me coment\u00f3 que quer\u00edan hacer esta entrevista desde Combarranquilla, me emocion\u00e9.&nbsp;<\/p>\n\n\n\n<p><strong>Me alegra poder estar aqu\u00ed. Para iniciar, me gustar\u00eda que nos cuente un poco sobre c\u00f3mo surgi\u00f3 Fort-Da. \u00bfCu\u00e1l es la historia de este Centro?<\/strong>&nbsp;<\/p>\n\n\n\n<p>Fort-Da es algo muy especial en mi vida, porque mi motivaci\u00f3n para fundarlo fue mi hija. Hoy, ella tiene 25 a\u00f1os, pero a sus 5 a\u00f1os fue muy dif\u00edcil darle la educaci\u00f3n que merec\u00eda. Lastimosamente, muchos colegios no la recibieron porque no aprend\u00eda igual que los otros ni\u00f1os. Fue un recorrido bastante complicado. Neuropsic\u00f3logos, fonoaudi\u00f3logos, terapistas ocupacionales y otros especialistas la evaluaron aqu\u00ed en Barranquilla, pero fue en Bogot\u00e1 donde la diagnosticaron con discapacidad cognitiva.&nbsp;<\/p>\n\n\n\n<p>Al tener esta situaci\u00f3n con mi hija, me puse en la tarea de estudiar psicolog\u00eda a mis 40 a\u00f1os. En este momento, tengo 64. De mi deseo por seguir adelante, y como agradecimiento a la vida, naci\u00f3 Fort-Da\u00a0hace 15 a\u00f1os.\u00a0Mont\u00e9 todo un centro terap\u00e9utico\u00a0gracias a\u00a0mi hija.\u00a0Y eventualmente\u00a0Fort-Da fue creciendo de\u00a0voz a voz, con personas\u00a0que ve\u00edan\u00a0el progreso de mi hija\u00a0y\u00a0de\u00a0muchos ni\u00f1os\u00a0que llegaron.\u00a0<\/p>\n\n\n\n<p><strong>Qu\u00e9&nbsp;bella motivaci\u00f3n. Ahondando m\u00e1s en el papel de Fort-Da,&nbsp;\u00bfcu\u00e1l es la filosof\u00eda detr\u00e1s del trabajo&nbsp;aqu\u00ed&nbsp;y c\u00f3mo abordan los casos de los ni\u00f1os?<\/strong>&nbsp;<\/p>\n\n\n\n<p>Fort-Da es una palabra\u00a0creada\u00a0por\u00a0Sigmund\u00a0Freud\u00a0y nosotros\u00a0la trabajamos desde el enfoque cl\u00ednico. Fort-Da significa m\u00e1s all\u00e1 del principio del placer. M\u00e1s all\u00e1 del principio del placer es un concepto que tiene que ver con el desprendimiento de la madre, cuando se va y cuando vuelve. Es un juego que Freud determina como el desprendimiento y la angustia. Freud se dedic\u00f3 a trabajar el inconsciente y eso es lo que queremos hacer ac\u00e1: entrar un poquito al inconsciente de cada ni\u00f1o\u00a0y\u00a0padre.\u00a0<\/p>\n\n\n\n<figure class=\"wp-block-image size-large\"><img decoding=\"async\" width=\"2560\" height=\"1439\" data-src=\"https:\/\/tuguia.combarranquilla.co\/Revista\/wp-content\/uploads\/2025\/10\/CRW00067-edited-scaled.jpg\" alt=\"\" class=\"wp-image-7848 lazyload\" data-srcset=\"https:\/\/tuguia.combarranquilla.co\/Revista\/wp-content\/uploads\/2025\/10\/CRW00067-edited-scaled.jpg 2560w, https:\/\/tuguia.combarranquilla.co\/Revista\/wp-content\/uploads\/2025\/10\/CRW00067-edited-300x169.jpg 300w, https:\/\/tuguia.combarranquilla.co\/Revista\/wp-content\/uploads\/2025\/10\/CRW00067-edited-1024x576.jpg 1024w, https:\/\/tuguia.combarranquilla.co\/Revista\/wp-content\/uploads\/2025\/10\/CRW00067-edited-768x432.jpg 768w, https:\/\/tuguia.combarranquilla.co\/Revista\/wp-content\/uploads\/2025\/10\/CRW00067-edited-1536x864.jpg 1536w, https:\/\/tuguia.combarranquilla.co\/Revista\/wp-content\/uploads\/2025\/10\/CRW00067-edited-2048x1151.jpg 2048w\" data-sizes=\"(max-width: 2560px) 100vw, 2560px\" src=\"data:image\/svg+xml;base64,PHN2ZyB3aWR0aD0iMSIgaGVpZ2h0PSIxIiB4bWxucz0iaHR0cDovL3d3dy53My5vcmcvMjAwMC9zdmciPjwvc3ZnPg==\" style=\"--smush-placeholder-width: 2560px; --smush-placeholder-aspect-ratio: 2560\/1439;\" \/><figcaption class=\"wp-element-caption\"><em>Foto: Cortes\u00eda Fort-Da<\/em><\/figcaption><\/figure>\n\n\n\n<p><strong>En tu opini\u00f3n, \u00bfcu\u00e1l es el papel de los padres en el proceso terap\u00e9utico de los ni\u00f1os?<\/strong>&nbsp;&nbsp;<\/p>\n\n\n\n<p>Soy consciente de\u00a0que\u00a0si los padres entienden\u00a0los informes que entregamos,\u00a0van a poder ejercer un mejor rol que el de un psic\u00f3logo.\u00a0Los ni\u00f1os vienen a sus citas que duran aproximadamente\u00a045 minutos,\u00a0pero\u00a0est\u00e1n con sus padres o cuidadores\u00a0todos los d\u00edas. (Hay excepciones, claro).\u00a0Por eso, la educaci\u00f3n en casa en temas de salud mental debe venir tambi\u00e9n de los padres.\u00a0<\/p>\n\n\n\n<p><strong>Totalmente. Y con respecto a ese panorama de salud mental,&nbsp;\u00bfqu\u00e9 opinas&nbsp;de la situaci\u00f3n actual&nbsp;de ese concepto tan importante?<\/strong>&nbsp;<\/p>\n\n\n\n<p>Es un tema que a m\u00ed me preocupa mucho. El mundo est\u00e1 cambiando\u00a0y\u00a0el inconsciente de los ni\u00f1os no es el mismo de hace 20 a\u00f1os.\u00a0Hay un lenguaje totalmente diferente y el inconsciente se forma a trav\u00e9s del lenguaje.\u00a0Todo lo que los padres\u00a0y\u00a0lo que\u00a0la cultura\u00a0dicen\u00a0nos afecta. Y\u00a0es demasiado\u00a0vital\u00a0saber c\u00f3mo es la comunicaci\u00f3n ahora con nuestros ni\u00f1os.\u00a0<\/p>\n\n\n\n<p>Otro aspecto&nbsp;que me preocupa es que los ni\u00f1os comienzan el jard\u00edn infantil a muy temprana edad y en este momento se est\u00e1 perdiendo el juego.&nbsp;A&nbsp;los ni\u00f1os de ahora no se les est\u00e1 permitiendo jugar.<\/p>\n\n\n\n<p><strong>Es muy interesante lo que dice.&nbsp;\u00bfQu\u00e9 impacto tiene&nbsp;el juego en el desarrollo infantil?<\/strong>&nbsp;<\/p>\n\n\n\n<p>Para m\u00ed, el juego es salud mental. Es una herramienta a trav\u00e9s de la que se elabora el pensamiento de los ni\u00f1os. Por eso, las terapias en&nbsp;Fort-Da&nbsp;incluyen&nbsp;juegos. Utilizamos&nbsp;cuentos, juegos de mesa, rompecabezas y muchos otros.&nbsp;Eso nos ayuda m\u00e1s a conectar con ellos. A desarrollar la&nbsp;parte emocional.&nbsp;<\/p>\n\n\n\n<p><strong>Como profesional en la salud, me imagino que conoce muchos testimonios de vida. \u00bfCu\u00e1l es uno de los que atesora hoy en d\u00eda?&nbsp;<\/strong><\/p>\n\n\n\n<p>El testimonio m\u00e1s lindo es el de mi hija, Sara. Al inicio, no la aceptaban en ning\u00fan colegio y me dec\u00edan que con su diagn\u00f3stico nunca iba a aprender otro idioma. En este momento, Sara tiene 25 a\u00f1os. Vivi\u00f3 dos a\u00f1os en Francia y habla perfecto el franc\u00e9s. Tambi\u00e9n, vivi\u00f3 en Nueva York reforzando su ingl\u00e9s. Ella estudi\u00f3 en Bogot\u00e1&nbsp;Industrias&nbsp;Creativas&nbsp;y&nbsp;tiene su propia empresa&nbsp;y&nbsp;ahora est\u00e1 trabajando&nbsp;en Fort-Da.&nbsp;Es&nbsp;un ejemplo a seguir.&nbsp;<\/p>\n\n\n\n<p>Hubo una&nbsp;uni\u00f3n de terapeutas, padres&nbsp;y, eventualmente, un apoyo&nbsp;escolar. Despu\u00e9s de algunos a\u00f1os, encontr\u00e9&nbsp;un colegio en Barranquilla que me ayud\u00f3 bastante en escolarizar a Sara. Se gradu\u00f3 con todos los honores y ahora maneja&nbsp;Fort-Da&nbsp;conmigo.&nbsp;<\/p>\n\n\n\n<figure class=\"wp-block-image size-large\"><img decoding=\"async\" width=\"2560\" height=\"1439\" data-src=\"https:\/\/tuguia.combarranquilla.co\/Revista\/wp-content\/uploads\/2025\/10\/CRW00294-edited-scaled.jpg\" alt=\"\" class=\"wp-image-7849 lazyload\" data-srcset=\"https:\/\/tuguia.combarranquilla.co\/Revista\/wp-content\/uploads\/2025\/10\/CRW00294-edited-scaled.jpg 2560w, https:\/\/tuguia.combarranquilla.co\/Revista\/wp-content\/uploads\/2025\/10\/CRW00294-edited-300x169.jpg 300w, https:\/\/tuguia.combarranquilla.co\/Revista\/wp-content\/uploads\/2025\/10\/CRW00294-edited-1024x576.jpg 1024w, https:\/\/tuguia.combarranquilla.co\/Revista\/wp-content\/uploads\/2025\/10\/CRW00294-edited-768x432.jpg 768w, https:\/\/tuguia.combarranquilla.co\/Revista\/wp-content\/uploads\/2025\/10\/CRW00294-edited-1536x864.jpg 1536w, https:\/\/tuguia.combarranquilla.co\/Revista\/wp-content\/uploads\/2025\/10\/CRW00294-edited-2048x1151.jpg 2048w\" data-sizes=\"(max-width: 2560px) 100vw, 2560px\" src=\"data:image\/svg+xml;base64,PHN2ZyB3aWR0aD0iMSIgaGVpZ2h0PSIxIiB4bWxucz0iaHR0cDovL3d3dy53My5vcmcvMjAwMC9zdmciPjwvc3ZnPg==\" style=\"--smush-placeholder-width: 2560px; --smush-placeholder-aspect-ratio: 2560\/1439;\" \/><figcaption class=\"wp-element-caption\"><em>Foto: Cortes\u00eda Fort-Da<\/em><\/figcaption><\/figure>\n\n\n\n<p><strong>\u00bfQu\u00e9 consejo&nbsp;le&nbsp;dar\u00edas a&nbsp;la sociedad&nbsp;para apoyar la salud mental de sus hijos?<\/strong>&nbsp;<\/p>\n\n\n\n<p>El mensaje principal es que nos actualicemos&nbsp;y&nbsp;aprendamos de&nbsp;los ni\u00f1os y adolescentes. Cada \u00e9poca trae sus s\u00edntomas. Cuando, por ejemplo, se habla de suicidio, no se tiene en cuenta que es alguien que se queda sin palabras. Se queda sin relato.<\/p>\n\n\n\n<p>El problema m\u00e1s notable ahora es que ya no miramos a los ojos,&nbsp;y una mirada siempre dice m\u00e1s que mil palabras.&nbsp;Por eso, mi recomendaci\u00f3n m\u00e1s grande es que comencemos a mirar a nuestros ni\u00f1os a los ojos y que juguemos m\u00e1s con ellos. Lo mejor que los padres pueden hacer es estar con sus hijos, y en Fort-Da tienen un complemento que los puede ayudar en esa tarea.&nbsp;<\/p>\n\n\n\n<p><strong>De verdad agradezco mucho tu tiempo. Fue una entrevista valiosa que seguro muchos apreciar\u00e1n.<\/strong>&nbsp;<\/p>\n\n\n\n<p>Gracias a ti por haberme hecho esta invitaci\u00f3n.<\/p>\n","protected":false},"excerpt":{"rendered":"<p>Villegas&nbsp;naci\u00f3&nbsp;en Medell\u00edn, pero&nbsp;reside en&nbsp;Barranquilla desde hace 30 a\u00f1os.&nbsp;Es psic\u00f3loga de profesi\u00f3n y posee un&nbsp;mag\u00edster&nbsp;en Psicolog\u00eda Cl\u00ednica.&nbsp;En el&nbsp;2010, inici\u00f3 su camino hacia la comprensi\u00f3n y el apoyo de la&nbsp;salud mental de ni\u00f1os, ni\u00f1as y adolescentes.&nbsp; Bajando por la calle&nbsp;79, justo al lado del restaurante GAIA, se encuentra el Centro de Atenci\u00f3n Psicoafectivo Fort-Da.&nbsp;Mientras espero en la [&hellip;]<\/p>\n","protected":false},"author":2,"featured_media":7856,"comment_status":"open","ping_status":"open","sticky":false,"template":"","format":"standard","meta":{"inline_featured_image":false,"footnotes":""},"categories":[7],"tags":[],"class_list":["post-7832","post","type-post","status-publish","format-standard","has-post-thumbnail","hentry","category-familia-combarranquilla"],"yoast_head":"<!-- This site is optimized with the Yoast SEO plugin v27.4 - https:\/\/yoast.com\/product\/yoast-seo-wordpress\/ -->\n<title>&quot;Comencemos a mirar a nuestros ni\u00f1os a los ojos&quot;: Liliana Villegas, gerente de Fort-Da - Tu Gu\u00eda<\/title>\n<meta name=\"robots\" content=\"index, follow, max-snippet:-1, max-image-preview:large, max-video-preview:-1\" \/>\n<link rel=\"canonical\" href=\"https:\/\/tuguia.combarranquilla.co\/Revista\/comencemos-a-mirar-a-nuestros-ninos-a-los-ojos-liliana-villegas-directora-de-fort-da\/\" \/>\n<meta property=\"og:locale\" content=\"es_ES\" \/>\n<meta property=\"og:type\" content=\"article\" \/>\n<meta property=\"og:title\" content=\"&quot;Comencemos a mirar a nuestros ni\u00f1os a los ojos&quot;: Liliana Villegas, gerente de Fort-Da - Tu Gu\u00eda\" \/>\n<meta property=\"og:description\" content=\"Villegas&nbsp;naci\u00f3&nbsp;en Medell\u00edn, pero&nbsp;reside en&nbsp;Barranquilla desde hace 30 a\u00f1os.&nbsp;Es psic\u00f3loga de profesi\u00f3n y posee un&nbsp;mag\u00edster&nbsp;en Psicolog\u00eda Cl\u00ednica.&nbsp;En el&nbsp;2010, inici\u00f3 su camino hacia la comprensi\u00f3n y el apoyo de la&nbsp;salud mental de ni\u00f1os, ni\u00f1as y adolescentes.&nbsp; Bajando por la calle&nbsp;79, justo al lado del restaurante GAIA, se encuentra el Centro de Atenci\u00f3n Psicoafectivo Fort-Da.&nbsp;Mientras espero en la [&hellip;]\" \/>\n<meta property=\"og:url\" content=\"https:\/\/tuguia.combarranquilla.co\/Revista\/comencemos-a-mirar-a-nuestros-ninos-a-los-ojos-liliana-villegas-directora-de-fort-da\/\" \/>\n<meta property=\"og:site_name\" content=\"Tu Gu\u00eda\" \/>\n<meta property=\"article:published_time\" content=\"2025-10-01T17:01:00+00:00\" \/>\n<meta property=\"article:modified_time\" content=\"2025-10-29T19:44:15+00:00\" \/>\n<meta property=\"og:image\" content=\"https:\/\/tuguia.combarranquilla.co\/Revista\/wp-content\/uploads\/2025\/10\/Revista-Combarranquilla-1-scaled.jpg\" \/>\n\t<meta property=\"og:image:width\" content=\"2560\" \/>\n\t<meta property=\"og:image:height\" content=\"1280\" \/>\n\t<meta property=\"og:image:type\" content=\"image\/jpeg\" \/>\n<meta name=\"author\" content=\"Comunicaciones Combarranquilla\" \/>\n<meta name=\"twitter:card\" content=\"summary_large_image\" \/>\n<meta name=\"twitter:label1\" content=\"Escrito por\" \/>\n\t<meta name=\"twitter:data1\" content=\"Comunicaciones Combarranquilla\" \/>\n\t<meta name=\"twitter:label2\" content=\"Tiempo de lectura\" \/>\n\t<meta name=\"twitter:data2\" content=\"6 minutos\" \/>\n<script type=\"application\/ld+json\" class=\"yoast-schema-graph\">{\"@context\":\"https:\\\/\\\/schema.org\",\"@graph\":[{\"@type\":\"Article\",\"@id\":\"https:\\\/\\\/tuguia.combarranquilla.co\\\/Revista\\\/comencemos-a-mirar-a-nuestros-ninos-a-los-ojos-liliana-villegas-directora-de-fort-da\\\/#article\",\"isPartOf\":{\"@id\":\"https:\\\/\\\/tuguia.combarranquilla.co\\\/Revista\\\/comencemos-a-mirar-a-nuestros-ninos-a-los-ojos-liliana-villegas-directora-de-fort-da\\\/\"},\"author\":{\"name\":\"Comunicaciones Combarranquilla\",\"@id\":\"https:\\\/\\\/tuguia.combarranquilla.co\\\/Revista\\\/#\\\/schema\\\/person\\\/c2c396a77170bd1d5f8ba73294eb0d10\"},\"headline\":\"&#8220;Comencemos a mirar a nuestros ni\u00f1os a los ojos&#8221;: Liliana Villegas, gerente de Fort-Da\",\"datePublished\":\"2025-10-01T17:01:00+00:00\",\"dateModified\":\"2025-10-29T19:44:15+00:00\",\"mainEntityOfPage\":{\"@id\":\"https:\\\/\\\/tuguia.combarranquilla.co\\\/Revista\\\/comencemos-a-mirar-a-nuestros-ninos-a-los-ojos-liliana-villegas-directora-de-fort-da\\\/\"},\"wordCount\":1270,\"commentCount\":0,\"publisher\":{\"@id\":\"https:\\\/\\\/tuguia.combarranquilla.co\\\/Revista\\\/#organization\"},\"image\":{\"@id\":\"https:\\\/\\\/tuguia.combarranquilla.co\\\/Revista\\\/comencemos-a-mirar-a-nuestros-ninos-a-los-ojos-liliana-villegas-directora-de-fort-da\\\/#primaryimage\"},\"thumbnailUrl\":\"https:\\\/\\\/tuguia.combarranquilla.co\\\/Revista\\\/wp-content\\\/uploads\\\/2025\\\/10\\\/Revista-Combarranquilla-1-scaled.jpg\",\"articleSection\":[\"FAMILIA COMBARRANQUILLA\"],\"inLanguage\":\"es-CO\",\"potentialAction\":[{\"@type\":\"CommentAction\",\"name\":\"Comment\",\"target\":[\"https:\\\/\\\/tuguia.combarranquilla.co\\\/Revista\\\/comencemos-a-mirar-a-nuestros-ninos-a-los-ojos-liliana-villegas-directora-de-fort-da\\\/#respond\"]}]},{\"@type\":\"WebPage\",\"@id\":\"https:\\\/\\\/tuguia.combarranquilla.co\\\/Revista\\\/comencemos-a-mirar-a-nuestros-ninos-a-los-ojos-liliana-villegas-directora-de-fort-da\\\/\",\"url\":\"https:\\\/\\\/tuguia.combarranquilla.co\\\/Revista\\\/comencemos-a-mirar-a-nuestros-ninos-a-los-ojos-liliana-villegas-directora-de-fort-da\\\/\",\"name\":\"\\\"Comencemos a mirar a nuestros ni\u00f1os a los ojos\\\": Liliana Villegas, gerente de Fort-Da - Tu Gu\u00eda\",\"isPartOf\":{\"@id\":\"https:\\\/\\\/tuguia.combarranquilla.co\\\/Revista\\\/#website\"},\"primaryImageOfPage\":{\"@id\":\"https:\\\/\\\/tuguia.combarranquilla.co\\\/Revista\\\/comencemos-a-mirar-a-nuestros-ninos-a-los-ojos-liliana-villegas-directora-de-fort-da\\\/#primaryimage\"},\"image\":{\"@id\":\"https:\\\/\\\/tuguia.combarranquilla.co\\\/Revista\\\/comencemos-a-mirar-a-nuestros-ninos-a-los-ojos-liliana-villegas-directora-de-fort-da\\\/#primaryimage\"},\"thumbnailUrl\":\"https:\\\/\\\/tuguia.combarranquilla.co\\\/Revista\\\/wp-content\\\/uploads\\\/2025\\\/10\\\/Revista-Combarranquilla-1-scaled.jpg\",\"datePublished\":\"2025-10-01T17:01:00+00:00\",\"dateModified\":\"2025-10-29T19:44:15+00:00\",\"breadcrumb\":{\"@id\":\"https:\\\/\\\/tuguia.combarranquilla.co\\\/Revista\\\/comencemos-a-mirar-a-nuestros-ninos-a-los-ojos-liliana-villegas-directora-de-fort-da\\\/#breadcrumb\"},\"inLanguage\":\"es-CO\",\"potentialAction\":[{\"@type\":\"ReadAction\",\"target\":[\"https:\\\/\\\/tuguia.combarranquilla.co\\\/Revista\\\/comencemos-a-mirar-a-nuestros-ninos-a-los-ojos-liliana-villegas-directora-de-fort-da\\\/\"]}]},{\"@type\":\"ImageObject\",\"inLanguage\":\"es-CO\",\"@id\":\"https:\\\/\\\/tuguia.combarranquilla.co\\\/Revista\\\/comencemos-a-mirar-a-nuestros-ninos-a-los-ojos-liliana-villegas-directora-de-fort-da\\\/#primaryimage\",\"url\":\"https:\\\/\\\/tuguia.combarranquilla.co\\\/Revista\\\/wp-content\\\/uploads\\\/2025\\\/10\\\/Revista-Combarranquilla-1-scaled.jpg\",\"contentUrl\":\"https:\\\/\\\/tuguia.combarranquilla.co\\\/Revista\\\/wp-content\\\/uploads\\\/2025\\\/10\\\/Revista-Combarranquilla-1-scaled.jpg\",\"width\":2560,\"height\":1280,\"caption\":\"Foto: Cortes\u00eda Fort-Da\"},{\"@type\":\"BreadcrumbList\",\"@id\":\"https:\\\/\\\/tuguia.combarranquilla.co\\\/Revista\\\/comencemos-a-mirar-a-nuestros-ninos-a-los-ojos-liliana-villegas-directora-de-fort-da\\\/#breadcrumb\",\"itemListElement\":[{\"@type\":\"ListItem\",\"position\":1,\"name\":\"Inicio\",\"item\":\"https:\\\/\\\/tuguia.combarranquilla.co\\\/Revista\\\/\"},{\"@type\":\"ListItem\",\"position\":2,\"name\":\"&#8220;Comencemos a mirar a nuestros ni\u00f1os a los ojos&#8221;: Liliana Villegas, gerente de Fort-Da\"}]},{\"@type\":\"WebSite\",\"@id\":\"https:\\\/\\\/tuguia.combarranquilla.co\\\/Revista\\\/#website\",\"url\":\"https:\\\/\\\/tuguia.combarranquilla.co\\\/Revista\\\/\",\"name\":\"Tu Gu\u00eda\",\"description\":\"La revista donde lo tienes todo.\",\"publisher\":{\"@id\":\"https:\\\/\\\/tuguia.combarranquilla.co\\\/Revista\\\/#organization\"},\"alternateName\":\"Tu Gu\u00eda Combarranquilla\",\"potentialAction\":[{\"@type\":\"SearchAction\",\"target\":{\"@type\":\"EntryPoint\",\"urlTemplate\":\"https:\\\/\\\/tuguia.combarranquilla.co\\\/Revista\\\/?s={search_term_string}\"},\"query-input\":{\"@type\":\"PropertyValueSpecification\",\"valueRequired\":true,\"valueName\":\"search_term_string\"}}],\"inLanguage\":\"es-CO\"},{\"@type\":\"Organization\",\"@id\":\"https:\\\/\\\/tuguia.combarranquilla.co\\\/Revista\\\/#organization\",\"name\":\"Tu Gu\u00eda Combarranquilla\",\"url\":\"https:\\\/\\\/tuguia.combarranquilla.co\\\/Revista\\\/\",\"logo\":{\"@type\":\"ImageObject\",\"inLanguage\":\"es-CO\",\"@id\":\"https:\\\/\\\/tuguia.combarranquilla.co\\\/Revista\\\/#\\\/schema\\\/logo\\\/image\\\/\",\"url\":\"https:\\\/\\\/tuguia.combarranquilla.co\\\/Revista\\\/wp-content\\\/uploads\\\/2022\\\/02\\\/logo-guia-combarranquilla.svg\",\"contentUrl\":\"https:\\\/\\\/tuguia.combarranquilla.co\\\/Revista\\\/wp-content\\\/uploads\\\/2022\\\/02\\\/logo-guia-combarranquilla.svg\",\"caption\":\"Tu Gu\u00eda Combarranquilla\"},\"image\":{\"@id\":\"https:\\\/\\\/tuguia.combarranquilla.co\\\/Revista\\\/#\\\/schema\\\/logo\\\/image\\\/\"}},{\"@type\":\"Person\",\"@id\":\"https:\\\/\\\/tuguia.combarranquilla.co\\\/Revista\\\/#\\\/schema\\\/person\\\/c2c396a77170bd1d5f8ba73294eb0d10\",\"name\":\"Comunicaciones Combarranquilla\",\"image\":{\"@type\":\"ImageObject\",\"inLanguage\":\"es-CO\",\"@id\":\"https:\\\/\\\/tuguia.combarranquilla.co\\\/Revista\\\/wp-content\\\/uploads\\\/2025\\\/05\\\/ABC-Al-Rojo-Logo-96x96.jpg\",\"url\":\"https:\\\/\\\/tuguia.combarranquilla.co\\\/Revista\\\/wp-content\\\/uploads\\\/2025\\\/05\\\/ABC-Al-Rojo-Logo-96x96.jpg\",\"contentUrl\":\"https:\\\/\\\/tuguia.combarranquilla.co\\\/Revista\\\/wp-content\\\/uploads\\\/2025\\\/05\\\/ABC-Al-Rojo-Logo-96x96.jpg\",\"caption\":\"Comunicaciones Combarranquilla\"},\"sameAs\":[\"https:\\\/\\\/www.combarranquilla.co\"],\"url\":\"https:\\\/\\\/tuguia.combarranquilla.co\\\/Revista\\\/author\\\/comunicaciones\\\/\"}]}<\/script>\n<!-- \/ Yoast SEO plugin. -->","yoast_head_json":{"title":"\"Comencemos a mirar a nuestros ni\u00f1os a los ojos\": Liliana Villegas, gerente de Fort-Da - Tu Gu\u00eda","robots":{"index":"index","follow":"follow","max-snippet":"max-snippet:-1","max-image-preview":"max-image-preview:large","max-video-preview":"max-video-preview:-1"},"canonical":"https:\/\/tuguia.combarranquilla.co\/Revista\/comencemos-a-mirar-a-nuestros-ninos-a-los-ojos-liliana-villegas-directora-de-fort-da\/","og_locale":"es_ES","og_type":"article","og_title":"\"Comencemos a mirar a nuestros ni\u00f1os a los ojos\": Liliana Villegas, gerente de Fort-Da - Tu Gu\u00eda","og_description":"Villegas&nbsp;naci\u00f3&nbsp;en Medell\u00edn, pero&nbsp;reside en&nbsp;Barranquilla desde hace 30 a\u00f1os.&nbsp;Es psic\u00f3loga de profesi\u00f3n y posee un&nbsp;mag\u00edster&nbsp;en Psicolog\u00eda Cl\u00ednica.&nbsp;En el&nbsp;2010, inici\u00f3 su camino hacia la comprensi\u00f3n y el apoyo de la&nbsp;salud mental de ni\u00f1os, ni\u00f1as y adolescentes.&nbsp; Bajando por la calle&nbsp;79, justo al lado del restaurante GAIA, se encuentra el Centro de Atenci\u00f3n Psicoafectivo Fort-Da.&nbsp;Mientras espero en la [&hellip;]","og_url":"https:\/\/tuguia.combarranquilla.co\/Revista\/comencemos-a-mirar-a-nuestros-ninos-a-los-ojos-liliana-villegas-directora-de-fort-da\/","og_site_name":"Tu Gu\u00eda","article_published_time":"2025-10-01T17:01:00+00:00","article_modified_time":"2025-10-29T19:44:15+00:00","og_image":[{"width":2560,"height":1280,"url":"https:\/\/tuguia.combarranquilla.co\/Revista\/wp-content\/uploads\/2025\/10\/Revista-Combarranquilla-1-scaled.jpg","type":"image\/jpeg"}],"author":"Comunicaciones Combarranquilla","twitter_card":"summary_large_image","twitter_misc":{"Escrito por":"Comunicaciones Combarranquilla","Tiempo de lectura":"6 minutos"},"schema":{"@context":"https:\/\/schema.org","@graph":[{"@type":"Article","@id":"https:\/\/tuguia.combarranquilla.co\/Revista\/comencemos-a-mirar-a-nuestros-ninos-a-los-ojos-liliana-villegas-directora-de-fort-da\/#article","isPartOf":{"@id":"https:\/\/tuguia.combarranquilla.co\/Revista\/comencemos-a-mirar-a-nuestros-ninos-a-los-ojos-liliana-villegas-directora-de-fort-da\/"},"author":{"name":"Comunicaciones Combarranquilla","@id":"https:\/\/tuguia.combarranquilla.co\/Revista\/#\/schema\/person\/c2c396a77170bd1d5f8ba73294eb0d10"},"headline":"&#8220;Comencemos a mirar a nuestros ni\u00f1os a los ojos&#8221;: Liliana Villegas, gerente de Fort-Da","datePublished":"2025-10-01T17:01:00+00:00","dateModified":"2025-10-29T19:44:15+00:00","mainEntityOfPage":{"@id":"https:\/\/tuguia.combarranquilla.co\/Revista\/comencemos-a-mirar-a-nuestros-ninos-a-los-ojos-liliana-villegas-directora-de-fort-da\/"},"wordCount":1270,"commentCount":0,"publisher":{"@id":"https:\/\/tuguia.combarranquilla.co\/Revista\/#organization"},"image":{"@id":"https:\/\/tuguia.combarranquilla.co\/Revista\/comencemos-a-mirar-a-nuestros-ninos-a-los-ojos-liliana-villegas-directora-de-fort-da\/#primaryimage"},"thumbnailUrl":"https:\/\/tuguia.combarranquilla.co\/Revista\/wp-content\/uploads\/2025\/10\/Revista-Combarranquilla-1-scaled.jpg","articleSection":["FAMILIA COMBARRANQUILLA"],"inLanguage":"es-CO","potentialAction":[{"@type":"CommentAction","name":"Comment","target":["https:\/\/tuguia.combarranquilla.co\/Revista\/comencemos-a-mirar-a-nuestros-ninos-a-los-ojos-liliana-villegas-directora-de-fort-da\/#respond"]}]},{"@type":"WebPage","@id":"https:\/\/tuguia.combarranquilla.co\/Revista\/comencemos-a-mirar-a-nuestros-ninos-a-los-ojos-liliana-villegas-directora-de-fort-da\/","url":"https:\/\/tuguia.combarranquilla.co\/Revista\/comencemos-a-mirar-a-nuestros-ninos-a-los-ojos-liliana-villegas-directora-de-fort-da\/","name":"\"Comencemos a mirar a nuestros ni\u00f1os a los ojos\": Liliana Villegas, gerente de Fort-Da - Tu Gu\u00eda","isPartOf":{"@id":"https:\/\/tuguia.combarranquilla.co\/Revista\/#website"},"primaryImageOfPage":{"@id":"https:\/\/tuguia.combarranquilla.co\/Revista\/comencemos-a-mirar-a-nuestros-ninos-a-los-ojos-liliana-villegas-directora-de-fort-da\/#primaryimage"},"image":{"@id":"https:\/\/tuguia.combarranquilla.co\/Revista\/comencemos-a-mirar-a-nuestros-ninos-a-los-ojos-liliana-villegas-directora-de-fort-da\/#primaryimage"},"thumbnailUrl":"https:\/\/tuguia.combarranquilla.co\/Revista\/wp-content\/uploads\/2025\/10\/Revista-Combarranquilla-1-scaled.jpg","datePublished":"2025-10-01T17:01:00+00:00","dateModified":"2025-10-29T19:44:15+00:00","breadcrumb":{"@id":"https:\/\/tuguia.combarranquilla.co\/Revista\/comencemos-a-mirar-a-nuestros-ninos-a-los-ojos-liliana-villegas-directora-de-fort-da\/#breadcrumb"},"inLanguage":"es-CO","potentialAction":[{"@type":"ReadAction","target":["https:\/\/tuguia.combarranquilla.co\/Revista\/comencemos-a-mirar-a-nuestros-ninos-a-los-ojos-liliana-villegas-directora-de-fort-da\/"]}]},{"@type":"ImageObject","inLanguage":"es-CO","@id":"https:\/\/tuguia.combarranquilla.co\/Revista\/comencemos-a-mirar-a-nuestros-ninos-a-los-ojos-liliana-villegas-directora-de-fort-da\/#primaryimage","url":"https:\/\/tuguia.combarranquilla.co\/Revista\/wp-content\/uploads\/2025\/10\/Revista-Combarranquilla-1-scaled.jpg","contentUrl":"https:\/\/tuguia.combarranquilla.co\/Revista\/wp-content\/uploads\/2025\/10\/Revista-Combarranquilla-1-scaled.jpg","width":2560,"height":1280,"caption":"Foto: Cortes\u00eda Fort-Da"},{"@type":"BreadcrumbList","@id":"https:\/\/tuguia.combarranquilla.co\/Revista\/comencemos-a-mirar-a-nuestros-ninos-a-los-ojos-liliana-villegas-directora-de-fort-da\/#breadcrumb","itemListElement":[{"@type":"ListItem","position":1,"name":"Inicio","item":"https:\/\/tuguia.combarranquilla.co\/Revista\/"},{"@type":"ListItem","position":2,"name":"&#8220;Comencemos a mirar a nuestros ni\u00f1os a los ojos&#8221;: Liliana Villegas, gerente de Fort-Da"}]},{"@type":"WebSite","@id":"https:\/\/tuguia.combarranquilla.co\/Revista\/#website","url":"https:\/\/tuguia.combarranquilla.co\/Revista\/","name":"Tu Gu\u00eda","description":"La revista donde lo tienes todo.","publisher":{"@id":"https:\/\/tuguia.combarranquilla.co\/Revista\/#organization"},"alternateName":"Tu Gu\u00eda Combarranquilla","potentialAction":[{"@type":"SearchAction","target":{"@type":"EntryPoint","urlTemplate":"https:\/\/tuguia.combarranquilla.co\/Revista\/?s={search_term_string}"},"query-input":{"@type":"PropertyValueSpecification","valueRequired":true,"valueName":"search_term_string"}}],"inLanguage":"es-CO"},{"@type":"Organization","@id":"https:\/\/tuguia.combarranquilla.co\/Revista\/#organization","name":"Tu Gu\u00eda Combarranquilla","url":"https:\/\/tuguia.combarranquilla.co\/Revista\/","logo":{"@type":"ImageObject","inLanguage":"es-CO","@id":"https:\/\/tuguia.combarranquilla.co\/Revista\/#\/schema\/logo\/image\/","url":"https:\/\/tuguia.combarranquilla.co\/Revista\/wp-content\/uploads\/2022\/02\/logo-guia-combarranquilla.svg","contentUrl":"https:\/\/tuguia.combarranquilla.co\/Revista\/wp-content\/uploads\/2022\/02\/logo-guia-combarranquilla.svg","caption":"Tu Gu\u00eda Combarranquilla"},"image":{"@id":"https:\/\/tuguia.combarranquilla.co\/Revista\/#\/schema\/logo\/image\/"}},{"@type":"Person","@id":"https:\/\/tuguia.combarranquilla.co\/Revista\/#\/schema\/person\/c2c396a77170bd1d5f8ba73294eb0d10","name":"Comunicaciones Combarranquilla","image":{"@type":"ImageObject","inLanguage":"es-CO","@id":"https:\/\/tuguia.combarranquilla.co\/Revista\/wp-content\/uploads\/2025\/05\/ABC-Al-Rojo-Logo-96x96.jpg","url":"https:\/\/tuguia.combarranquilla.co\/Revista\/wp-content\/uploads\/2025\/05\/ABC-Al-Rojo-Logo-96x96.jpg","contentUrl":"https:\/\/tuguia.combarranquilla.co\/Revista\/wp-content\/uploads\/2025\/05\/ABC-Al-Rojo-Logo-96x96.jpg","caption":"Comunicaciones Combarranquilla"},"sameAs":["https:\/\/www.combarranquilla.co"],"url":"https:\/\/tuguia.combarranquilla.co\/Revista\/author\/comunicaciones\/"}]}},"_links":{"self":[{"href":"https:\/\/tuguia.combarranquilla.co\/Revista\/wp-json\/wp\/v2\/posts\/7832","targetHints":{"allow":["GET"]}}],"collection":[{"href":"https:\/\/tuguia.combarranquilla.co\/Revista\/wp-json\/wp\/v2\/posts"}],"about":[{"href":"https:\/\/tuguia.combarranquilla.co\/Revista\/wp-json\/wp\/v2\/types\/post"}],"author":[{"embeddable":true,"href":"https:\/\/tuguia.combarranquilla.co\/Revista\/wp-json\/wp\/v2\/users\/2"}],"replies":[{"embeddable":true,"href":"https:\/\/tuguia.combarranquilla.co\/Revista\/wp-json\/wp\/v2\/comments?post=7832"}],"version-history":[{"count":22,"href":"https:\/\/tuguia.combarranquilla.co\/Revista\/wp-json\/wp\/v2\/posts\/7832\/revisions"}],"predecessor-version":[{"id":8019,"href":"https:\/\/tuguia.combarranquilla.co\/Revista\/wp-json\/wp\/v2\/posts\/7832\/revisions\/8019"}],"wp:featuredmedia":[{"embeddable":true,"href":"https:\/\/tuguia.combarranquilla.co\/Revista\/wp-json\/wp\/v2\/media\/7856"}],"wp:attachment":[{"href":"https:\/\/tuguia.combarranquilla.co\/Revista\/wp-json\/wp\/v2\/media?parent=7832"}],"wp:term":[{"taxonomy":"category","embeddable":true,"href":"https:\/\/tuguia.combarranquilla.co\/Revista\/wp-json\/wp\/v2\/categories?post=7832"},{"taxonomy":"post_tag","embeddable":true,"href":"https:\/\/tuguia.combarranquilla.co\/Revista\/wp-json\/wp\/v2\/tags?post=7832"}],"curies":[{"name":"wp","href":"https:\/\/api.w.org\/{rel}","templated":true}]}}