{"id":7861,"date":"2025-10-01T11:58:44","date_gmt":"2025-10-01T16:58:44","guid":{"rendered":"https:\/\/tuguia.combarranquilla.co\/Revista\/?p=7861"},"modified":"2025-10-22T16:04:50","modified_gmt":"2025-10-22T21:04:50","slug":"combarranquilla-primera-caja-de-compensacion-del-atlantico-que-pone-al-servicio-su-agencia-de-empleo-en-transnacional","status":"publish","type":"post","link":"https:\/\/tuguia.combarranquilla.co\/Revista\/combarranquilla-primera-caja-de-compensacion-del-atlantico-que-pone-al-servicio-su-agencia-de-empleo-en-transnacional\/","title":{"rendered":"Combarranquilla, primera Caja de Compensaci\u00f3n del Atl\u00e1ntico que pone al servicio su Agencia de Empleo en transnacional"},"content":{"rendered":"\n<p>La Caja de Compensaci\u00f3n Familiar Combarranquilla anunci\u00f3 la puesta en marcha de su Modelo de Operaci\u00f3n Transnacional, convirti\u00e9ndose en la primera entidad de la Costa Caribe en gestionar oportunidades laborales internacionales para los colombianos. Este hito marca un paso clave en la movilidad laboral segura y formal, con el respaldo del Ministerio de Trabajo y bajo normativas internacionales.<\/p>\n\n\n\n<p>La iniciativa busca conectar el talento local con vacantes en pa\u00edses como Espa\u00f1a, Alemania y Chile, garantizando procesos legales, transparentes y en condiciones de dignidad. De esta manera, los trabajadores de la regi\u00f3n podr\u00e1n acceder a mejores oportunidades en mercados internacionales, mientras que las empresas extranjeras encontrar\u00e1n en Colombia perfiles altamente calificados para suplir sus necesidades.<\/p>\n\n\n\n<p>\u201cAl convertirnos en una agencia de empleo transnacional, desde Combarranquilla impulsaremos la movilidad laboral y la conexi\u00f3n entre el talento local y las oportunidades globales. Esto permitir\u00e1 que los trabajadores de la regi\u00f3n accedan a empleos dignos y mejor remunerados en diferentes pa\u00edses, es una oportunidad de migraci\u00f3n laboral segura; al mismo tiempo que las empresas internacionales encuentren perfiles calificados que respondan a sus necesidades\u201d, puntualiz\u00f3 Yira Reales, jefe de gesti\u00f3n de empleo y fomento empresarial de la Caja.<\/p>\n\n\n<div class=\"wp-block-image\">\n<figure class=\"aligncenter size-large\"><img decoding=\"async\" width=\"1024\" height=\"768\" data-src=\"https:\/\/tuguia.combarranquilla.co\/Revista\/wp-content\/uploads\/2025\/10\/fachada-externa-spe-prado-1024x768.jpg\" alt=\"\" class=\"wp-image-7864 lazyload\" data-srcset=\"https:\/\/tuguia.combarranquilla.co\/Revista\/wp-content\/uploads\/2025\/10\/fachada-externa-spe-prado-1024x768.jpg 1024w, https:\/\/tuguia.combarranquilla.co\/Revista\/wp-content\/uploads\/2025\/10\/fachada-externa-spe-prado-300x225.jpg 300w, https:\/\/tuguia.combarranquilla.co\/Revista\/wp-content\/uploads\/2025\/10\/fachada-externa-spe-prado-768x576.jpg 768w, https:\/\/tuguia.combarranquilla.co\/Revista\/wp-content\/uploads\/2025\/10\/fachada-externa-spe-prado-1536x1152.jpg 1536w, https:\/\/tuguia.combarranquilla.co\/Revista\/wp-content\/uploads\/2025\/10\/fachada-externa-spe-prado-2048x1536.jpg 2048w\" data-sizes=\"(max-width: 1024px) 100vw, 1024px\" src=\"data:image\/svg+xml;base64,PHN2ZyB3aWR0aD0iMSIgaGVpZ2h0PSIxIiB4bWxucz0iaHR0cDovL3d3dy53My5vcmcvMjAwMC9zdmciPjwvc3ZnPg==\" style=\"--smush-placeholder-width: 1024px; --smush-placeholder-aspect-ratio: 1024\/768;\" \/><\/figure><\/div>\n\n\n<h2 class=\"wp-block-heading has-medium-font-size\"><strong>Un modelo con tres pilares<\/strong><\/h2>\n\n\n\n<p>El modelo transnacional de Combarranquilla se fundamenta en tres ejes principales:<\/p>\n\n\n\n<div class=\"wp-block-group is-vertical is-layout-flex wp-container-core-group-is-layout-8cf370e7 wp-block-group-is-layout-flex\">\n<p><\/p>\n\n\n\n<ul class=\"wp-block-list\">\n<li><strong>Diferencial<\/strong>: adapta los procesos de b\u00fasqueda y colocaci\u00f3n laboral a las necesidades de cada persona.<\/li>\n<\/ul>\n\n\n\n<ul class=\"wp-block-list\">\n<li><strong>Territorial<\/strong>: toma en cuenta las particularidades econ\u00f3micas, sociales y culturales de los pa\u00edses de destino.<\/li>\n<\/ul>\n\n\n\n<ul class=\"wp-block-list\">\n<li><strong>De<\/strong> <strong>derechos<\/strong>: garantiza condiciones laborales justas y protecci\u00f3n integral a los trabajadores colombianos en el exterior.<\/li>\n<\/ul>\n<\/div>\n\n\n\n<p><\/p>\n\n\n\n<p>Esta estructura asegura que el proceso de intermediaci\u00f3n no solo facilite el acceso a ofertas laborales, sino que tambi\u00e9n proteja los derechos de los migrantes y promueva una migraci\u00f3n justa.<\/p>\n\n\n\n<h2 class=\"wp-block-heading has-medium-font-size\"><strong>Primeras vacantes en Alemania<\/strong><\/h2>\n\n\n\n<p>Como parte del lanzamiento, Combarranquilla abri\u00f3 las primeras convocatorias para trabajar en Berl\u00edn, Alemania, en el marco del proyecto TEAMS (Trabajadores Colombianos Especializados para Alemania), liderado por la Unidad Administrativa del Servicio P\u00fablico de Empleo.<\/p>\n\n\n\n<p>El programa busca que hombres y mujeres colombianos puedan desempe\u00f1arse en \u00e1reas profesionales espec\u00edficas, con contratos formales y en igualdad de condiciones con los trabajadores locales.<\/p>\n\n\n\n<p style=\"font-size:17px\">Las vacantes disponibles son:<\/p>\n\n\n\n<ul class=\"wp-block-list\">\n<li>Enfermero(a): profesionales con al menos 2 a\u00f1os de experiencia, conocimientos en cuidados b\u00e1sicos y terap\u00e9uticos. Se ofrece contrato indefinido, salario entre 2.820 y 3.091 euros y jornada laboral de 38,5 horas semanales.<\/li>\n<\/ul>\n\n\n\n<ul class=\"wp-block-list\">\n<li>Tecn\u00f3logo electricista: tecn\u00f3logos en electricidad o ingenieros el\u00e9ctricos con m\u00ednimo 2 a\u00f1os de experiencia. Se ofrece contrato indefinido, salario entre 2.000 y 2.695 euros y jornada de 39 horas semanales.<\/li>\n<\/ul>\n\n\n\n<p>Los interesados podr\u00e1n postularse hasta el 5 de octubre en el Centro de Empleo de Combarranquilla (Cra. 58 #75-58), donde recibir\u00e1n orientaci\u00f3n sobre los perfiles requeridos y el proceso de postulaci\u00f3n.<\/p>\n\n\n<div class=\"wp-block-image\">\n<figure class=\"aligncenter size-large\"><img decoding=\"async\" width=\"1024\" height=\"768\" data-src=\"https:\/\/tuguia.combarranquilla.co\/Revista\/wp-content\/uploads\/2025\/10\/ferias-spe-orientacion-1024x768.jpg\" alt=\"\" class=\"wp-image-7865 lazyload\" data-srcset=\"https:\/\/tuguia.combarranquilla.co\/Revista\/wp-content\/uploads\/2025\/10\/ferias-spe-orientacion-1024x768.jpg 1024w, https:\/\/tuguia.combarranquilla.co\/Revista\/wp-content\/uploads\/2025\/10\/ferias-spe-orientacion-300x225.jpg 300w, https:\/\/tuguia.combarranquilla.co\/Revista\/wp-content\/uploads\/2025\/10\/ferias-spe-orientacion-768x576.jpg 768w, https:\/\/tuguia.combarranquilla.co\/Revista\/wp-content\/uploads\/2025\/10\/ferias-spe-orientacion.jpg 1478w\" data-sizes=\"(max-width: 1024px) 100vw, 1024px\" src=\"data:image\/svg+xml;base64,PHN2ZyB3aWR0aD0iMSIgaGVpZ2h0PSIxIiB4bWxucz0iaHR0cDovL3d3dy53My5vcmcvMjAwMC9zdmciPjwvc3ZnPg==\" style=\"--smush-placeholder-width: 1024px; --smush-placeholder-aspect-ratio: 1024\/768;\" \/><\/figure><\/div>\n\n\n<h2 class=\"wp-block-heading has-medium-font-size\"><strong>Una apuesta de proyecci\u00f3n internacional<\/strong><\/h2>\n\n\n\n<p>Con este paso, Combarranquilla se posiciona como una Caja de Compensaci\u00f3n con proyecci\u00f3n internacional, que ampl\u00eda su impacto m\u00e1s all\u00e1 del \u00e1mbito local. El modelo de empleo transnacional no solo representa una puerta hacia nuevas oportunidades laborales, sino tambi\u00e9n una estrategia para fortalecer la confianza en la migraci\u00f3n laboral ordenada y en condiciones seguras.<\/p>\n\n\n\n<p>La estrategia conecta al Atl\u00e1ntico con el mundo, ofreciendo a los trabajadores de la regi\u00f3n la posibilidad de mejorar sus ingresos y calidad de vida, al tiempo que contribuye al desarrollo de mercados internacionales que requieren personal cualificado.<\/p>\n\n\n\n<p>As\u00ed, Combarranquilla reafirma su compromiso con el bienestar de las familias y con la construcci\u00f3n de puentes que permitan a los colombianos participar en el escenario laboral global.<\/p>\n","protected":false},"excerpt":{"rendered":"<p>La Caja de Compensaci\u00f3n Familiar Combarranquilla anunci\u00f3 la puesta en marcha de su Modelo de Operaci\u00f3n Transnacional, convirti\u00e9ndose en la primera entidad de la Costa Caribe en gestionar oportunidades laborales internacionales para los colombianos. Este hito marca un paso clave en la movilidad laboral segura y formal, con el respaldo del Ministerio de Trabajo y [&hellip;]<\/p>\n","protected":false},"author":2,"featured_media":7866,"comment_status":"open","ping_status":"open","sticky":false,"template":"","format":"standard","meta":{"inline_featured_image":false,"footnotes":""},"categories":[6],"tags":[],"class_list":["post-7861","post","type-post","status-publish","format-standard","has-post-thumbnail","hentry","category-empleabilidad"],"yoast_head":"<!-- This site is optimized with the Yoast SEO plugin v27.4 - https:\/\/yoast.com\/product\/yoast-seo-wordpress\/ -->\n<title>Combarranquilla, primera Caja de Compensaci\u00f3n del Atl\u00e1ntico que pone al servicio su Agencia de Empleo en transnacional - Tu Gu\u00eda<\/title>\n<meta name=\"robots\" content=\"index, follow, max-snippet:-1, max-image-preview:large, max-video-preview:-1\" \/>\n<link rel=\"canonical\" href=\"https:\/\/tuguia.combarranquilla.co\/Revista\/combarranquilla-primera-caja-de-compensacion-del-atlantico-que-pone-al-servicio-su-agencia-de-empleo-en-transnacional\/\" \/>\n<meta property=\"og:locale\" content=\"es_ES\" \/>\n<meta property=\"og:type\" content=\"article\" \/>\n<meta property=\"og:title\" content=\"Combarranquilla, primera Caja de Compensaci\u00f3n del Atl\u00e1ntico que pone al servicio su Agencia de Empleo en transnacional - Tu Gu\u00eda\" \/>\n<meta property=\"og:description\" content=\"La Caja de Compensaci\u00f3n Familiar Combarranquilla anunci\u00f3 la puesta en marcha de su Modelo de Operaci\u00f3n Transnacional, convirti\u00e9ndose en la primera entidad de la Costa Caribe en gestionar oportunidades laborales internacionales para los colombianos. Este hito marca un paso clave en la movilidad laboral segura y formal, con el respaldo del Ministerio de Trabajo y [&hellip;]\" \/>\n<meta property=\"og:url\" content=\"https:\/\/tuguia.combarranquilla.co\/Revista\/combarranquilla-primera-caja-de-compensacion-del-atlantico-que-pone-al-servicio-su-agencia-de-empleo-en-transnacional\/\" \/>\n<meta property=\"og:site_name\" content=\"Tu Gu\u00eda\" \/>\n<meta property=\"article:published_time\" content=\"2025-10-01T16:58:44+00:00\" \/>\n<meta property=\"article:modified_time\" content=\"2025-10-22T21:04:50+00:00\" \/>\n<meta property=\"og:image\" content=\"https:\/\/tuguia.combarranquilla.co\/Revista\/wp-content\/uploads\/2025\/10\/Revista-Combarranquilla-2-scaled.jpg\" \/>\n\t<meta property=\"og:image:width\" content=\"2560\" \/>\n\t<meta property=\"og:image:height\" content=\"1280\" \/>\n\t<meta property=\"og:image:type\" content=\"image\/jpeg\" \/>\n<meta name=\"author\" content=\"Comunicaciones Combarranquilla\" \/>\n<meta name=\"twitter:card\" content=\"summary_large_image\" \/>\n<meta name=\"twitter:label1\" content=\"Escrito por\" \/>\n\t<meta name=\"twitter:data1\" content=\"Comunicaciones Combarranquilla\" \/>\n\t<meta name=\"twitter:label2\" content=\"Tiempo de lectura\" \/>\n\t<meta name=\"twitter:data2\" content=\"4 minutos\" \/>\n<script type=\"application\/ld+json\" class=\"yoast-schema-graph\">{\"@context\":\"https:\\\/\\\/schema.org\",\"@graph\":[{\"@type\":\"Article\",\"@id\":\"https:\\\/\\\/tuguia.combarranquilla.co\\\/Revista\\\/combarranquilla-primera-caja-de-compensacion-del-atlantico-que-pone-al-servicio-su-agencia-de-empleo-en-transnacional\\\/#article\",\"isPartOf\":{\"@id\":\"https:\\\/\\\/tuguia.combarranquilla.co\\\/Revista\\\/combarranquilla-primera-caja-de-compensacion-del-atlantico-que-pone-al-servicio-su-agencia-de-empleo-en-transnacional\\\/\"},\"author\":{\"name\":\"Comunicaciones Combarranquilla\",\"@id\":\"https:\\\/\\\/tuguia.combarranquilla.co\\\/Revista\\\/#\\\/schema\\\/person\\\/c2c396a77170bd1d5f8ba73294eb0d10\"},\"headline\":\"Combarranquilla, primera Caja de Compensaci\u00f3n del Atl\u00e1ntico que pone al servicio su Agencia de Empleo en transnacional\",\"datePublished\":\"2025-10-01T16:58:44+00:00\",\"dateModified\":\"2025-10-22T21:04:50+00:00\",\"mainEntityOfPage\":{\"@id\":\"https:\\\/\\\/tuguia.combarranquilla.co\\\/Revista\\\/combarranquilla-primera-caja-de-compensacion-del-atlantico-que-pone-al-servicio-su-agencia-de-empleo-en-transnacional\\\/\"},\"wordCount\":629,\"commentCount\":0,\"publisher\":{\"@id\":\"https:\\\/\\\/tuguia.combarranquilla.co\\\/Revista\\\/#organization\"},\"image\":{\"@id\":\"https:\\\/\\\/tuguia.combarranquilla.co\\\/Revista\\\/combarranquilla-primera-caja-de-compensacion-del-atlantico-que-pone-al-servicio-su-agencia-de-empleo-en-transnacional\\\/#primaryimage\"},\"thumbnailUrl\":\"https:\\\/\\\/tuguia.combarranquilla.co\\\/Revista\\\/wp-content\\\/uploads\\\/2025\\\/10\\\/Revista-Combarranquilla-2-scaled.jpg\",\"articleSection\":[\"EMPLEABILIDAD\"],\"inLanguage\":\"es-CO\",\"potentialAction\":[{\"@type\":\"CommentAction\",\"name\":\"Comment\",\"target\":[\"https:\\\/\\\/tuguia.combarranquilla.co\\\/Revista\\\/combarranquilla-primera-caja-de-compensacion-del-atlantico-que-pone-al-servicio-su-agencia-de-empleo-en-transnacional\\\/#respond\"]}]},{\"@type\":\"WebPage\",\"@id\":\"https:\\\/\\\/tuguia.combarranquilla.co\\\/Revista\\\/combarranquilla-primera-caja-de-compensacion-del-atlantico-que-pone-al-servicio-su-agencia-de-empleo-en-transnacional\\\/\",\"url\":\"https:\\\/\\\/tuguia.combarranquilla.co\\\/Revista\\\/combarranquilla-primera-caja-de-compensacion-del-atlantico-que-pone-al-servicio-su-agencia-de-empleo-en-transnacional\\\/\",\"name\":\"Combarranquilla, primera Caja de Compensaci\u00f3n del Atl\u00e1ntico que pone al servicio su Agencia de Empleo en transnacional - Tu Gu\u00eda\",\"isPartOf\":{\"@id\":\"https:\\\/\\\/tuguia.combarranquilla.co\\\/Revista\\\/#website\"},\"primaryImageOfPage\":{\"@id\":\"https:\\\/\\\/tuguia.combarranquilla.co\\\/Revista\\\/combarranquilla-primera-caja-de-compensacion-del-atlantico-que-pone-al-servicio-su-agencia-de-empleo-en-transnacional\\\/#primaryimage\"},\"image\":{\"@id\":\"https:\\\/\\\/tuguia.combarranquilla.co\\\/Revista\\\/combarranquilla-primera-caja-de-compensacion-del-atlantico-que-pone-al-servicio-su-agencia-de-empleo-en-transnacional\\\/#primaryimage\"},\"thumbnailUrl\":\"https:\\\/\\\/tuguia.combarranquilla.co\\\/Revista\\\/wp-content\\\/uploads\\\/2025\\\/10\\\/Revista-Combarranquilla-2-scaled.jpg\",\"datePublished\":\"2025-10-01T16:58:44+00:00\",\"dateModified\":\"2025-10-22T21:04:50+00:00\",\"breadcrumb\":{\"@id\":\"https:\\\/\\\/tuguia.combarranquilla.co\\\/Revista\\\/combarranquilla-primera-caja-de-compensacion-del-atlantico-que-pone-al-servicio-su-agencia-de-empleo-en-transnacional\\\/#breadcrumb\"},\"inLanguage\":\"es-CO\",\"potentialAction\":[{\"@type\":\"ReadAction\",\"target\":[\"https:\\\/\\\/tuguia.combarranquilla.co\\\/Revista\\\/combarranquilla-primera-caja-de-compensacion-del-atlantico-que-pone-al-servicio-su-agencia-de-empleo-en-transnacional\\\/\"]}]},{\"@type\":\"ImageObject\",\"inLanguage\":\"es-CO\",\"@id\":\"https:\\\/\\\/tuguia.combarranquilla.co\\\/Revista\\\/combarranquilla-primera-caja-de-compensacion-del-atlantico-que-pone-al-servicio-su-agencia-de-empleo-en-transnacional\\\/#primaryimage\",\"url\":\"https:\\\/\\\/tuguia.combarranquilla.co\\\/Revista\\\/wp-content\\\/uploads\\\/2025\\\/10\\\/Revista-Combarranquilla-2-scaled.jpg\",\"contentUrl\":\"https:\\\/\\\/tuguia.combarranquilla.co\\\/Revista\\\/wp-content\\\/uploads\\\/2025\\\/10\\\/Revista-Combarranquilla-2-scaled.jpg\",\"width\":2560,\"height\":1280},{\"@type\":\"BreadcrumbList\",\"@id\":\"https:\\\/\\\/tuguia.combarranquilla.co\\\/Revista\\\/combarranquilla-primera-caja-de-compensacion-del-atlantico-que-pone-al-servicio-su-agencia-de-empleo-en-transnacional\\\/#breadcrumb\",\"itemListElement\":[{\"@type\":\"ListItem\",\"position\":1,\"name\":\"Inicio\",\"item\":\"https:\\\/\\\/tuguia.combarranquilla.co\\\/Revista\\\/\"},{\"@type\":\"ListItem\",\"position\":2,\"name\":\"Combarranquilla, primera Caja de Compensaci\u00f3n del Atl\u00e1ntico que pone al servicio su Agencia de Empleo en transnacional\"}]},{\"@type\":\"WebSite\",\"@id\":\"https:\\\/\\\/tuguia.combarranquilla.co\\\/Revista\\\/#website\",\"url\":\"https:\\\/\\\/tuguia.combarranquilla.co\\\/Revista\\\/\",\"name\":\"Tu Gu\u00eda\",\"description\":\"La revista donde lo tienes todo.\",\"publisher\":{\"@id\":\"https:\\\/\\\/tuguia.combarranquilla.co\\\/Revista\\\/#organization\"},\"alternateName\":\"Tu Gu\u00eda Combarranquilla\",\"potentialAction\":[{\"@type\":\"SearchAction\",\"target\":{\"@type\":\"EntryPoint\",\"urlTemplate\":\"https:\\\/\\\/tuguia.combarranquilla.co\\\/Revista\\\/?s={search_term_string}\"},\"query-input\":{\"@type\":\"PropertyValueSpecification\",\"valueRequired\":true,\"valueName\":\"search_term_string\"}}],\"inLanguage\":\"es-CO\"},{\"@type\":\"Organization\",\"@id\":\"https:\\\/\\\/tuguia.combarranquilla.co\\\/Revista\\\/#organization\",\"name\":\"Tu Gu\u00eda Combarranquilla\",\"url\":\"https:\\\/\\\/tuguia.combarranquilla.co\\\/Revista\\\/\",\"logo\":{\"@type\":\"ImageObject\",\"inLanguage\":\"es-CO\",\"@id\":\"https:\\\/\\\/tuguia.combarranquilla.co\\\/Revista\\\/#\\\/schema\\\/logo\\\/image\\\/\",\"url\":\"https:\\\/\\\/tuguia.combarranquilla.co\\\/Revista\\\/wp-content\\\/uploads\\\/2022\\\/02\\\/logo-guia-combarranquilla.svg\",\"contentUrl\":\"https:\\\/\\\/tuguia.combarranquilla.co\\\/Revista\\\/wp-content\\\/uploads\\\/2022\\\/02\\\/logo-guia-combarranquilla.svg\",\"caption\":\"Tu Gu\u00eda Combarranquilla\"},\"image\":{\"@id\":\"https:\\\/\\\/tuguia.combarranquilla.co\\\/Revista\\\/#\\\/schema\\\/logo\\\/image\\\/\"}},{\"@type\":\"Person\",\"@id\":\"https:\\\/\\\/tuguia.combarranquilla.co\\\/Revista\\\/#\\\/schema\\\/person\\\/c2c396a77170bd1d5f8ba73294eb0d10\",\"name\":\"Comunicaciones Combarranquilla\",\"image\":{\"@type\":\"ImageObject\",\"inLanguage\":\"es-CO\",\"@id\":\"https:\\\/\\\/tuguia.combarranquilla.co\\\/Revista\\\/wp-content\\\/uploads\\\/2025\\\/05\\\/ABC-Al-Rojo-Logo-96x96.jpg\",\"url\":\"https:\\\/\\\/tuguia.combarranquilla.co\\\/Revista\\\/wp-content\\\/uploads\\\/2025\\\/05\\\/ABC-Al-Rojo-Logo-96x96.jpg\",\"contentUrl\":\"https:\\\/\\\/tuguia.combarranquilla.co\\\/Revista\\\/wp-content\\\/uploads\\\/2025\\\/05\\\/ABC-Al-Rojo-Logo-96x96.jpg\",\"caption\":\"Comunicaciones Combarranquilla\"},\"sameAs\":[\"https:\\\/\\\/www.combarranquilla.co\"],\"url\":\"https:\\\/\\\/tuguia.combarranquilla.co\\\/Revista\\\/author\\\/comunicaciones\\\/\"}]}<\/script>\n<!-- \/ Yoast SEO plugin. -->","yoast_head_json":{"title":"Combarranquilla, primera Caja de Compensaci\u00f3n del Atl\u00e1ntico que pone al servicio su Agencia de Empleo en transnacional - Tu Gu\u00eda","robots":{"index":"index","follow":"follow","max-snippet":"max-snippet:-1","max-image-preview":"max-image-preview:large","max-video-preview":"max-video-preview:-1"},"canonical":"https:\/\/tuguia.combarranquilla.co\/Revista\/combarranquilla-primera-caja-de-compensacion-del-atlantico-que-pone-al-servicio-su-agencia-de-empleo-en-transnacional\/","og_locale":"es_ES","og_type":"article","og_title":"Combarranquilla, primera Caja de Compensaci\u00f3n del Atl\u00e1ntico que pone al servicio su Agencia de Empleo en transnacional - Tu Gu\u00eda","og_description":"La Caja de Compensaci\u00f3n Familiar Combarranquilla anunci\u00f3 la puesta en marcha de su Modelo de Operaci\u00f3n Transnacional, convirti\u00e9ndose en la primera entidad de la Costa Caribe en gestionar oportunidades laborales internacionales para los colombianos. Este hito marca un paso clave en la movilidad laboral segura y formal, con el respaldo del Ministerio de Trabajo y [&hellip;]","og_url":"https:\/\/tuguia.combarranquilla.co\/Revista\/combarranquilla-primera-caja-de-compensacion-del-atlantico-que-pone-al-servicio-su-agencia-de-empleo-en-transnacional\/","og_site_name":"Tu Gu\u00eda","article_published_time":"2025-10-01T16:58:44+00:00","article_modified_time":"2025-10-22T21:04:50+00:00","og_image":[{"width":2560,"height":1280,"url":"https:\/\/tuguia.combarranquilla.co\/Revista\/wp-content\/uploads\/2025\/10\/Revista-Combarranquilla-2-scaled.jpg","type":"image\/jpeg"}],"author":"Comunicaciones Combarranquilla","twitter_card":"summary_large_image","twitter_misc":{"Escrito por":"Comunicaciones Combarranquilla","Tiempo de lectura":"4 minutos"},"schema":{"@context":"https:\/\/schema.org","@graph":[{"@type":"Article","@id":"https:\/\/tuguia.combarranquilla.co\/Revista\/combarranquilla-primera-caja-de-compensacion-del-atlantico-que-pone-al-servicio-su-agencia-de-empleo-en-transnacional\/#article","isPartOf":{"@id":"https:\/\/tuguia.combarranquilla.co\/Revista\/combarranquilla-primera-caja-de-compensacion-del-atlantico-que-pone-al-servicio-su-agencia-de-empleo-en-transnacional\/"},"author":{"name":"Comunicaciones Combarranquilla","@id":"https:\/\/tuguia.combarranquilla.co\/Revista\/#\/schema\/person\/c2c396a77170bd1d5f8ba73294eb0d10"},"headline":"Combarranquilla, primera Caja de Compensaci\u00f3n del Atl\u00e1ntico que pone al servicio su Agencia de Empleo en transnacional","datePublished":"2025-10-01T16:58:44+00:00","dateModified":"2025-10-22T21:04:50+00:00","mainEntityOfPage":{"@id":"https:\/\/tuguia.combarranquilla.co\/Revista\/combarranquilla-primera-caja-de-compensacion-del-atlantico-que-pone-al-servicio-su-agencia-de-empleo-en-transnacional\/"},"wordCount":629,"commentCount":0,"publisher":{"@id":"https:\/\/tuguia.combarranquilla.co\/Revista\/#organization"},"image":{"@id":"https:\/\/tuguia.combarranquilla.co\/Revista\/combarranquilla-primera-caja-de-compensacion-del-atlantico-que-pone-al-servicio-su-agencia-de-empleo-en-transnacional\/#primaryimage"},"thumbnailUrl":"https:\/\/tuguia.combarranquilla.co\/Revista\/wp-content\/uploads\/2025\/10\/Revista-Combarranquilla-2-scaled.jpg","articleSection":["EMPLEABILIDAD"],"inLanguage":"es-CO","potentialAction":[{"@type":"CommentAction","name":"Comment","target":["https:\/\/tuguia.combarranquilla.co\/Revista\/combarranquilla-primera-caja-de-compensacion-del-atlantico-que-pone-al-servicio-su-agencia-de-empleo-en-transnacional\/#respond"]}]},{"@type":"WebPage","@id":"https:\/\/tuguia.combarranquilla.co\/Revista\/combarranquilla-primera-caja-de-compensacion-del-atlantico-que-pone-al-servicio-su-agencia-de-empleo-en-transnacional\/","url":"https:\/\/tuguia.combarranquilla.co\/Revista\/combarranquilla-primera-caja-de-compensacion-del-atlantico-que-pone-al-servicio-su-agencia-de-empleo-en-transnacional\/","name":"Combarranquilla, primera Caja de Compensaci\u00f3n del Atl\u00e1ntico que pone al servicio su Agencia de Empleo en transnacional - Tu Gu\u00eda","isPartOf":{"@id":"https:\/\/tuguia.combarranquilla.co\/Revista\/#website"},"primaryImageOfPage":{"@id":"https:\/\/tuguia.combarranquilla.co\/Revista\/combarranquilla-primera-caja-de-compensacion-del-atlantico-que-pone-al-servicio-su-agencia-de-empleo-en-transnacional\/#primaryimage"},"image":{"@id":"https:\/\/tuguia.combarranquilla.co\/Revista\/combarranquilla-primera-caja-de-compensacion-del-atlantico-que-pone-al-servicio-su-agencia-de-empleo-en-transnacional\/#primaryimage"},"thumbnailUrl":"https:\/\/tuguia.combarranquilla.co\/Revista\/wp-content\/uploads\/2025\/10\/Revista-Combarranquilla-2-scaled.jpg","datePublished":"2025-10-01T16:58:44+00:00","dateModified":"2025-10-22T21:04:50+00:00","breadcrumb":{"@id":"https:\/\/tuguia.combarranquilla.co\/Revista\/combarranquilla-primera-caja-de-compensacion-del-atlantico-que-pone-al-servicio-su-agencia-de-empleo-en-transnacional\/#breadcrumb"},"inLanguage":"es-CO","potentialAction":[{"@type":"ReadAction","target":["https:\/\/tuguia.combarranquilla.co\/Revista\/combarranquilla-primera-caja-de-compensacion-del-atlantico-que-pone-al-servicio-su-agencia-de-empleo-en-transnacional\/"]}]},{"@type":"ImageObject","inLanguage":"es-CO","@id":"https:\/\/tuguia.combarranquilla.co\/Revista\/combarranquilla-primera-caja-de-compensacion-del-atlantico-que-pone-al-servicio-su-agencia-de-empleo-en-transnacional\/#primaryimage","url":"https:\/\/tuguia.combarranquilla.co\/Revista\/wp-content\/uploads\/2025\/10\/Revista-Combarranquilla-2-scaled.jpg","contentUrl":"https:\/\/tuguia.combarranquilla.co\/Revista\/wp-content\/uploads\/2025\/10\/Revista-Combarranquilla-2-scaled.jpg","width":2560,"height":1280},{"@type":"BreadcrumbList","@id":"https:\/\/tuguia.combarranquilla.co\/Revista\/combarranquilla-primera-caja-de-compensacion-del-atlantico-que-pone-al-servicio-su-agencia-de-empleo-en-transnacional\/#breadcrumb","itemListElement":[{"@type":"ListItem","position":1,"name":"Inicio","item":"https:\/\/tuguia.combarranquilla.co\/Revista\/"},{"@type":"ListItem","position":2,"name":"Combarranquilla, primera Caja de Compensaci\u00f3n del Atl\u00e1ntico que pone al servicio su Agencia de Empleo en transnacional"}]},{"@type":"WebSite","@id":"https:\/\/tuguia.combarranquilla.co\/Revista\/#website","url":"https:\/\/tuguia.combarranquilla.co\/Revista\/","name":"Tu Gu\u00eda","description":"La revista donde lo tienes todo.","publisher":{"@id":"https:\/\/tuguia.combarranquilla.co\/Revista\/#organization"},"alternateName":"Tu Gu\u00eda Combarranquilla","potentialAction":[{"@type":"SearchAction","target":{"@type":"EntryPoint","urlTemplate":"https:\/\/tuguia.combarranquilla.co\/Revista\/?s={search_term_string}"},"query-input":{"@type":"PropertyValueSpecification","valueRequired":true,"valueName":"search_term_string"}}],"inLanguage":"es-CO"},{"@type":"Organization","@id":"https:\/\/tuguia.combarranquilla.co\/Revista\/#organization","name":"Tu Gu\u00eda Combarranquilla","url":"https:\/\/tuguia.combarranquilla.co\/Revista\/","logo":{"@type":"ImageObject","inLanguage":"es-CO","@id":"https:\/\/tuguia.combarranquilla.co\/Revista\/#\/schema\/logo\/image\/","url":"https:\/\/tuguia.combarranquilla.co\/Revista\/wp-content\/uploads\/2022\/02\/logo-guia-combarranquilla.svg","contentUrl":"https:\/\/tuguia.combarranquilla.co\/Revista\/wp-content\/uploads\/2022\/02\/logo-guia-combarranquilla.svg","caption":"Tu Gu\u00eda Combarranquilla"},"image":{"@id":"https:\/\/tuguia.combarranquilla.co\/Revista\/#\/schema\/logo\/image\/"}},{"@type":"Person","@id":"https:\/\/tuguia.combarranquilla.co\/Revista\/#\/schema\/person\/c2c396a77170bd1d5f8ba73294eb0d10","name":"Comunicaciones Combarranquilla","image":{"@type":"ImageObject","inLanguage":"es-CO","@id":"https:\/\/tuguia.combarranquilla.co\/Revista\/wp-content\/uploads\/2025\/05\/ABC-Al-Rojo-Logo-96x96.jpg","url":"https:\/\/tuguia.combarranquilla.co\/Revista\/wp-content\/uploads\/2025\/05\/ABC-Al-Rojo-Logo-96x96.jpg","contentUrl":"https:\/\/tuguia.combarranquilla.co\/Revista\/wp-content\/uploads\/2025\/05\/ABC-Al-Rojo-Logo-96x96.jpg","caption":"Comunicaciones Combarranquilla"},"sameAs":["https:\/\/www.combarranquilla.co"],"url":"https:\/\/tuguia.combarranquilla.co\/Revista\/author\/comunicaciones\/"}]}},"_links":{"self":[{"href":"https:\/\/tuguia.combarranquilla.co\/Revista\/wp-json\/wp\/v2\/posts\/7861","targetHints":{"allow":["GET"]}}],"collection":[{"href":"https:\/\/tuguia.combarranquilla.co\/Revista\/wp-json\/wp\/v2\/posts"}],"about":[{"href":"https:\/\/tuguia.combarranquilla.co\/Revista\/wp-json\/wp\/v2\/types\/post"}],"author":[{"embeddable":true,"href":"https:\/\/tuguia.combarranquilla.co\/Revista\/wp-json\/wp\/v2\/users\/2"}],"replies":[{"embeddable":true,"href":"https:\/\/tuguia.combarranquilla.co\/Revista\/wp-json\/wp\/v2\/comments?post=7861"}],"version-history":[{"count":7,"href":"https:\/\/tuguia.combarranquilla.co\/Revista\/wp-json\/wp\/v2\/posts\/7861\/revisions"}],"predecessor-version":[{"id":7971,"href":"https:\/\/tuguia.combarranquilla.co\/Revista\/wp-json\/wp\/v2\/posts\/7861\/revisions\/7971"}],"wp:featuredmedia":[{"embeddable":true,"href":"https:\/\/tuguia.combarranquilla.co\/Revista\/wp-json\/wp\/v2\/media\/7866"}],"wp:attachment":[{"href":"https:\/\/tuguia.combarranquilla.co\/Revista\/wp-json\/wp\/v2\/media?parent=7861"}],"wp:term":[{"taxonomy":"category","embeddable":true,"href":"https:\/\/tuguia.combarranquilla.co\/Revista\/wp-json\/wp\/v2\/categories?post=7861"},{"taxonomy":"post_tag","embeddable":true,"href":"https:\/\/tuguia.combarranquilla.co\/Revista\/wp-json\/wp\/v2\/tags?post=7861"}],"curies":[{"name":"wp","href":"https:\/\/api.w.org\/{rel}","templated":true}]}}