{"id":7868,"date":"2025-09-19T11:22:00","date_gmt":"2025-09-19T16:22:00","guid":{"rendered":"https:\/\/tuguia.combarranquilla.co\/Revista\/?p=7868"},"modified":"2025-10-02T08:52:29","modified_gmt":"2025-10-02T13:52:29","slug":"contratacion-de-veteranos-de-la-fuerza-publica-una-oportunidad-para-la-sociedad","status":"publish","type":"post","link":"https:\/\/tuguia.combarranquilla.co\/Revista\/contratacion-de-veteranos-de-la-fuerza-publica-una-oportunidad-para-la-sociedad\/","title":{"rendered":"Contrataci\u00f3n de veteranos de la Fuerza P\u00fablica: una oportunidad para la sociedad\u00a0"},"content":{"rendered":"\n<p>En Combarranquilla reconocemos la entrega de nuestros h\u00e9roes de la Fuerza P\u00fablica. Por eso,&nbsp;queremos resaltar un incentivo especial para apoyar a aquellos que han&nbsp;trabajado por&nbsp;el futuro de&nbsp;nuestro pa\u00eds.&nbsp;De acuerdo con lo establecido en el art\u00edculo 16 de la Ley 1979 de 2019, el Ministerio de Trabajo&nbsp;cre\u00f3 este incentivo&nbsp;en aras&nbsp;de mejorar&nbsp;la calidad de vida de los veteranos y sus familias.&nbsp;<\/p>\n\n\n\n<h2 class=\"wp-block-heading has-medium-font-size\"><strong>\u00bfDe qu\u00e9 trata?<\/strong>&nbsp;<\/h2>\n\n\n\n<p>Esta iniciativa estrat\u00e9gica&nbsp;nace como&nbsp;una herramienta para&nbsp;garantizar la inclusi\u00f3n de&nbsp;la&nbsp;poblaci\u00f3n&nbsp;veterana&nbsp;de la&nbsp;Fuerza P\u00fablica a trav\u00e9s de la Ruta de Empleabilidad.&nbsp;Asimismo, busca reconocer la&nbsp;viabilidad de contratar a esta poblaci\u00f3n.<\/p>\n\n\n\n<h2 class=\"wp-block-heading has-medium-font-size\"><strong>\u00bfQui\u00e9nes pueden aplicar?<\/strong>&nbsp;<\/h2>\n\n\n\n<p>Todo empleador que vincule nuevo personal veterano de la Fuerza P\u00fablica entre 18 y 40 a\u00f1os puede ser part\u00edcipe de este programa.&nbsp;No aplican colaboradores&nbsp;menores de 40 a\u00f1os, que se vinculen por reemplazar personal contratado con anterioridad.&nbsp;<\/p>\n\n\n\n<p>Se les considera veteranos a:&nbsp;<\/p>\n\n\n\n<div class=\"wp-block-group is-vertical is-layout-flex wp-container-core-group-is-layout-8cf370e7 wp-block-group-is-layout-flex\">\n<ul class=\"wp-block-list\">\n<li>Miembros de la Fuerza P\u00fablica con asignaci\u00f3n de retiro o pensionados por invalidez.&nbsp;<\/li>\n<\/ul>\n\n\n\n<ul class=\"wp-block-list\">\n<li>Reservistas de honor.&nbsp;<\/li>\n<\/ul>\n\n\n\n<ul class=\"wp-block-list\">\n<li>Quienes hayan participado en nombre de la Rep\u00fablica de Colombia en conflictos internacionales.&nbsp;<\/li>\n<\/ul>\n\n\n\n<ul class=\"wp-block-list\">\n<li>Miembros de la Fuerza P\u00fablica que sean v\u00edctimas de hechos ocurridos en servicio activo, seg\u00fan los t\u00e9rminos del art\u00edculo 3 de la Ley 1448 de 2011.&nbsp;<\/li>\n<\/ul>\n<\/div>\n\n\n\n<p><\/p>\n\n\n\n<h2 class=\"wp-block-heading has-medium-font-size\"><strong>Requisitos<\/strong>&nbsp;<\/h2>\n\n\n\n<p>Para acceder a este beneficio, el empleador debe&nbsp;seguir la&nbsp;siguiente ruta:&nbsp;<\/p>\n\n\n\n<div class=\"wp-block-group is-vertical is-layout-flex wp-container-core-group-is-layout-8cf370e7 wp-block-group-is-layout-flex\">\n<ol start=\"1\" class=\"wp-block-list\">\n<li>Ingresa a&nbsp;<a href=\"https:\/\/www.combarranquilla.co,\/\" target=\"_blank\" rel=\"noreferrer noopener\">https:\/\/www.combarranquilla.co<\/a>.&nbsp;<\/li>\n<\/ol>\n\n\n\n<ol start=\"2\" class=\"wp-block-list\">\n<li>Dir\u00edgete a Aportes y Subsidios&nbsp;&gt;&nbsp;Afiliaciones.&nbsp;<\/li>\n<\/ol>\n\n\n\n<ol start=\"3\" class=\"wp-block-list\">\n<li>Despl\u00e1zate hacia el final de la p\u00e1gina y haz clic en \u201cVeterano de la Fuerza P\u00fablica\u201d.&nbsp;<\/li>\n<\/ol>\n\n\n\n<ol start=\"4\" class=\"wp-block-list\">\n<li>Descarga y diligencia el formulario, adicionando documentos de soporte como:\u00a0\n<ul class=\"wp-block-list\">\n<li>Copia del documento de identidad del trabajador.<\/li>\n\n\n\n<li>Certificaci\u00f3n&nbsp;de informaci\u00f3n para que&nbsp;se efect\u00fae&nbsp;el proceso de validaci\u00f3n de requisitos.<\/li>\n<\/ul>\n<\/li>\n<\/ol>\n<\/div>\n\n\n\n<p><\/p>\n\n\n\n<p>El empleador&nbsp;deber\u00e1 manifestar por&nbsp;escrito que increment\u00f3 el n\u00famero de trabajadores. Para ello, deber\u00e1&nbsp;anexar las&nbsp;Planillas&nbsp;Integradas de Liquidaci\u00f3n de Aportes (PILA) del mes de&nbsp;diciembre&nbsp;del a\u00f1o anterior y la del mes en que se quiera hacer la nueva vinculaci\u00f3n del trabajador \u201cVeterano de la Fuerza P\u00fablica\u201d.<\/p>\n\n\n\n<h2 class=\"wp-block-heading has-medium-font-size\"><strong>\u00bfPor qu\u00e9 aplicar?<\/strong>&nbsp;<\/h2>\n\n\n\n<p>Contratar veteranos demuestra el compromiso de las empresas con el bienestar social. Al ofrecer empleo formal a esta poblaci\u00f3n, se&nbsp;diversifica el equipo y se cumplen metas de inclusi\u00f3n laboral.&nbsp;<\/p>\n\n\n\n<h3 class=\"wp-block-heading\" style=\"font-size:17px\"><strong><em>Beneficios para las empresas<\/em><\/strong>&nbsp;<\/h3>\n\n\n\n<p>Mediante el incentivo, los empleadores que&nbsp;cumplan con los requisitos podr\u00e1n&nbsp;ser exonerados del pago de aportes a las Cajas de Compensaci\u00f3n Familiar por dos (2) a\u00f1os.&nbsp;Esto, conforme a lo&nbsp;reglamentado por el Decreto 1346 de 2020 y la Resoluci\u00f3n 1881 de 2021.&nbsp;<\/p>\n\n\n\n<h3 class=\"wp-block-heading\" style=\"font-size:17px\"><strong><em>Beneficios para los veteranos<\/em><\/strong>&nbsp;<\/h3>\n\n\n\n<p>Los veteranos vinculados tendr\u00e1n acceso a servicios sociales de las Cajas de Compensaci\u00f3n como recreaci\u00f3n, turismo y capacitaci\u00f3n durante los primeros tres (3) a\u00f1os. A partir del cuarto (4) a\u00f1o, disfrutar\u00e1n de todos los servicios, programas y subsidios del Sistema de Subsidio Familiar.&nbsp;<\/p>\n\n\n\n<h2 class=\"wp-block-heading has-medium-font-size\"><strong>Acciones&nbsp;para una vida digna<\/strong>&nbsp;<\/h2>\n\n\n\n<p>Esta incentivo&nbsp;no solo representa una oportunidad econ\u00f3mica para las empresas, sino tambi\u00e9n&nbsp;el crecimiento del aporte social y la inversi\u00f3n en talento calificado.&nbsp;&nbsp;<\/p>\n","protected":false},"excerpt":{"rendered":"<p>En Combarranquilla reconocemos la entrega de nuestros h\u00e9roes de la Fuerza P\u00fablica. Por eso,&nbsp;queremos resaltar un incentivo especial para apoyar a aquellos que han&nbsp;trabajado por&nbsp;el futuro de&nbsp;nuestro pa\u00eds.&nbsp;De acuerdo con lo establecido en el art\u00edculo 16 de la Ley 1979 de 2019, el Ministerio de Trabajo&nbsp;cre\u00f3 este incentivo&nbsp;en aras&nbsp;de mejorar&nbsp;la calidad de vida de los [&hellip;]<\/p>\n","protected":false},"author":2,"featured_media":7872,"comment_status":"open","ping_status":"open","sticky":false,"template":"","format":"standard","meta":{"inline_featured_image":false,"footnotes":""},"categories":[2],"tags":[],"class_list":["post-7868","post","type-post","status-publish","format-standard","has-post-thumbnail","hentry","category-subsidios"],"yoast_head":"<!-- This site is optimized with the Yoast SEO plugin v27.4 - https:\/\/yoast.com\/product\/yoast-seo-wordpress\/ -->\n<title>Contrataci\u00f3n de veteranos de la Fuerza P\u00fablica: una oportunidad para la sociedad\u00a0 - Tu Gu\u00eda<\/title>\n<meta name=\"robots\" content=\"index, follow, max-snippet:-1, max-image-preview:large, max-video-preview:-1\" \/>\n<link rel=\"canonical\" href=\"https:\/\/tuguia.combarranquilla.co\/Revista\/contratacion-de-veteranos-de-la-fuerza-publica-una-oportunidad-para-la-sociedad\/\" \/>\n<meta property=\"og:locale\" content=\"es_ES\" \/>\n<meta property=\"og:type\" content=\"article\" \/>\n<meta property=\"og:title\" content=\"Contrataci\u00f3n de veteranos de la Fuerza P\u00fablica: una oportunidad para la sociedad\u00a0 - Tu Gu\u00eda\" \/>\n<meta property=\"og:description\" content=\"En Combarranquilla reconocemos la entrega de nuestros h\u00e9roes de la Fuerza P\u00fablica. Por eso,&nbsp;queremos resaltar un incentivo especial para apoyar a aquellos que han&nbsp;trabajado por&nbsp;el futuro de&nbsp;nuestro pa\u00eds.&nbsp;De acuerdo con lo establecido en el art\u00edculo 16 de la Ley 1979 de 2019, el Ministerio de Trabajo&nbsp;cre\u00f3 este incentivo&nbsp;en aras&nbsp;de mejorar&nbsp;la calidad de vida de los [&hellip;]\" \/>\n<meta property=\"og:url\" content=\"https:\/\/tuguia.combarranquilla.co\/Revista\/contratacion-de-veteranos-de-la-fuerza-publica-una-oportunidad-para-la-sociedad\/\" \/>\n<meta property=\"og:site_name\" content=\"Tu Gu\u00eda\" \/>\n<meta property=\"article:published_time\" content=\"2025-09-19T16:22:00+00:00\" \/>\n<meta property=\"article:modified_time\" content=\"2025-10-02T13:52:29+00:00\" \/>\n<meta property=\"og:image\" content=\"https:\/\/tuguia.combarranquilla.co\/Revista\/wp-content\/uploads\/2025\/09\/Revista-Combarranquilla-1-5-scaled.jpg\" \/>\n\t<meta property=\"og:image:width\" content=\"2560\" \/>\n\t<meta property=\"og:image:height\" content=\"1280\" \/>\n\t<meta property=\"og:image:type\" content=\"image\/jpeg\" \/>\n<meta name=\"author\" content=\"Comunicaciones Combarranquilla\" \/>\n<meta name=\"twitter:card\" content=\"summary_large_image\" \/>\n<meta name=\"twitter:label1\" content=\"Escrito por\" \/>\n\t<meta name=\"twitter:data1\" content=\"Comunicaciones Combarranquilla\" \/>\n\t<meta name=\"twitter:label2\" content=\"Tiempo de lectura\" \/>\n\t<meta name=\"twitter:data2\" content=\"3 minutos\" \/>\n<script type=\"application\/ld+json\" class=\"yoast-schema-graph\">{\"@context\":\"https:\\\/\\\/schema.org\",\"@graph\":[{\"@type\":\"Article\",\"@id\":\"https:\\\/\\\/tuguia.combarranquilla.co\\\/Revista\\\/contratacion-de-veteranos-de-la-fuerza-publica-una-oportunidad-para-la-sociedad\\\/#article\",\"isPartOf\":{\"@id\":\"https:\\\/\\\/tuguia.combarranquilla.co\\\/Revista\\\/contratacion-de-veteranos-de-la-fuerza-publica-una-oportunidad-para-la-sociedad\\\/\"},\"author\":{\"name\":\"Comunicaciones Combarranquilla\",\"@id\":\"https:\\\/\\\/tuguia.combarranquilla.co\\\/Revista\\\/#\\\/schema\\\/person\\\/c2c396a77170bd1d5f8ba73294eb0d10\"},\"headline\":\"Contrataci\u00f3n de veteranos de la Fuerza P\u00fablica: una oportunidad para la sociedad\u00a0\",\"datePublished\":\"2025-09-19T16:22:00+00:00\",\"dateModified\":\"2025-10-02T13:52:29+00:00\",\"mainEntityOfPage\":{\"@id\":\"https:\\\/\\\/tuguia.combarranquilla.co\\\/Revista\\\/contratacion-de-veteranos-de-la-fuerza-publica-una-oportunidad-para-la-sociedad\\\/\"},\"wordCount\":604,\"commentCount\":0,\"publisher\":{\"@id\":\"https:\\\/\\\/tuguia.combarranquilla.co\\\/Revista\\\/#organization\"},\"image\":{\"@id\":\"https:\\\/\\\/tuguia.combarranquilla.co\\\/Revista\\\/contratacion-de-veteranos-de-la-fuerza-publica-una-oportunidad-para-la-sociedad\\\/#primaryimage\"},\"thumbnailUrl\":\"https:\\\/\\\/tuguia.combarranquilla.co\\\/Revista\\\/wp-content\\\/uploads\\\/2025\\\/09\\\/Revista-Combarranquilla-1-5-scaled.jpg\",\"articleSection\":[\"SUBSIDIOS\"],\"inLanguage\":\"es-CO\",\"potentialAction\":[{\"@type\":\"CommentAction\",\"name\":\"Comment\",\"target\":[\"https:\\\/\\\/tuguia.combarranquilla.co\\\/Revista\\\/contratacion-de-veteranos-de-la-fuerza-publica-una-oportunidad-para-la-sociedad\\\/#respond\"]}]},{\"@type\":\"WebPage\",\"@id\":\"https:\\\/\\\/tuguia.combarranquilla.co\\\/Revista\\\/contratacion-de-veteranos-de-la-fuerza-publica-una-oportunidad-para-la-sociedad\\\/\",\"url\":\"https:\\\/\\\/tuguia.combarranquilla.co\\\/Revista\\\/contratacion-de-veteranos-de-la-fuerza-publica-una-oportunidad-para-la-sociedad\\\/\",\"name\":\"Contrataci\u00f3n de veteranos de la Fuerza P\u00fablica: una oportunidad para la sociedad\u00a0 - Tu Gu\u00eda\",\"isPartOf\":{\"@id\":\"https:\\\/\\\/tuguia.combarranquilla.co\\\/Revista\\\/#website\"},\"primaryImageOfPage\":{\"@id\":\"https:\\\/\\\/tuguia.combarranquilla.co\\\/Revista\\\/contratacion-de-veteranos-de-la-fuerza-publica-una-oportunidad-para-la-sociedad\\\/#primaryimage\"},\"image\":{\"@id\":\"https:\\\/\\\/tuguia.combarranquilla.co\\\/Revista\\\/contratacion-de-veteranos-de-la-fuerza-publica-una-oportunidad-para-la-sociedad\\\/#primaryimage\"},\"thumbnailUrl\":\"https:\\\/\\\/tuguia.combarranquilla.co\\\/Revista\\\/wp-content\\\/uploads\\\/2025\\\/09\\\/Revista-Combarranquilla-1-5-scaled.jpg\",\"datePublished\":\"2025-09-19T16:22:00+00:00\",\"dateModified\":\"2025-10-02T13:52:29+00:00\",\"breadcrumb\":{\"@id\":\"https:\\\/\\\/tuguia.combarranquilla.co\\\/Revista\\\/contratacion-de-veteranos-de-la-fuerza-publica-una-oportunidad-para-la-sociedad\\\/#breadcrumb\"},\"inLanguage\":\"es-CO\",\"potentialAction\":[{\"@type\":\"ReadAction\",\"target\":[\"https:\\\/\\\/tuguia.combarranquilla.co\\\/Revista\\\/contratacion-de-veteranos-de-la-fuerza-publica-una-oportunidad-para-la-sociedad\\\/\"]}]},{\"@type\":\"ImageObject\",\"inLanguage\":\"es-CO\",\"@id\":\"https:\\\/\\\/tuguia.combarranquilla.co\\\/Revista\\\/contratacion-de-veteranos-de-la-fuerza-publica-una-oportunidad-para-la-sociedad\\\/#primaryimage\",\"url\":\"https:\\\/\\\/tuguia.combarranquilla.co\\\/Revista\\\/wp-content\\\/uploads\\\/2025\\\/09\\\/Revista-Combarranquilla-1-5-scaled.jpg\",\"contentUrl\":\"https:\\\/\\\/tuguia.combarranquilla.co\\\/Revista\\\/wp-content\\\/uploads\\\/2025\\\/09\\\/Revista-Combarranquilla-1-5-scaled.jpg\",\"width\":2560,\"height\":1280},{\"@type\":\"BreadcrumbList\",\"@id\":\"https:\\\/\\\/tuguia.combarranquilla.co\\\/Revista\\\/contratacion-de-veteranos-de-la-fuerza-publica-una-oportunidad-para-la-sociedad\\\/#breadcrumb\",\"itemListElement\":[{\"@type\":\"ListItem\",\"position\":1,\"name\":\"Inicio\",\"item\":\"https:\\\/\\\/tuguia.combarranquilla.co\\\/Revista\\\/\"},{\"@type\":\"ListItem\",\"position\":2,\"name\":\"Contrataci\u00f3n de veteranos de la Fuerza P\u00fablica: una oportunidad para la sociedad\u00a0\"}]},{\"@type\":\"WebSite\",\"@id\":\"https:\\\/\\\/tuguia.combarranquilla.co\\\/Revista\\\/#website\",\"url\":\"https:\\\/\\\/tuguia.combarranquilla.co\\\/Revista\\\/\",\"name\":\"Tu Gu\u00eda\",\"description\":\"La revista donde lo tienes todo.\",\"publisher\":{\"@id\":\"https:\\\/\\\/tuguia.combarranquilla.co\\\/Revista\\\/#organization\"},\"alternateName\":\"Tu Gu\u00eda Combarranquilla\",\"potentialAction\":[{\"@type\":\"SearchAction\",\"target\":{\"@type\":\"EntryPoint\",\"urlTemplate\":\"https:\\\/\\\/tuguia.combarranquilla.co\\\/Revista\\\/?s={search_term_string}\"},\"query-input\":{\"@type\":\"PropertyValueSpecification\",\"valueRequired\":true,\"valueName\":\"search_term_string\"}}],\"inLanguage\":\"es-CO\"},{\"@type\":\"Organization\",\"@id\":\"https:\\\/\\\/tuguia.combarranquilla.co\\\/Revista\\\/#organization\",\"name\":\"Tu Gu\u00eda Combarranquilla\",\"url\":\"https:\\\/\\\/tuguia.combarranquilla.co\\\/Revista\\\/\",\"logo\":{\"@type\":\"ImageObject\",\"inLanguage\":\"es-CO\",\"@id\":\"https:\\\/\\\/tuguia.combarranquilla.co\\\/Revista\\\/#\\\/schema\\\/logo\\\/image\\\/\",\"url\":\"https:\\\/\\\/tuguia.combarranquilla.co\\\/Revista\\\/wp-content\\\/uploads\\\/2022\\\/02\\\/logo-guia-combarranquilla.svg\",\"contentUrl\":\"https:\\\/\\\/tuguia.combarranquilla.co\\\/Revista\\\/wp-content\\\/uploads\\\/2022\\\/02\\\/logo-guia-combarranquilla.svg\",\"caption\":\"Tu Gu\u00eda Combarranquilla\"},\"image\":{\"@id\":\"https:\\\/\\\/tuguia.combarranquilla.co\\\/Revista\\\/#\\\/schema\\\/logo\\\/image\\\/\"}},{\"@type\":\"Person\",\"@id\":\"https:\\\/\\\/tuguia.combarranquilla.co\\\/Revista\\\/#\\\/schema\\\/person\\\/c2c396a77170bd1d5f8ba73294eb0d10\",\"name\":\"Comunicaciones Combarranquilla\",\"image\":{\"@type\":\"ImageObject\",\"inLanguage\":\"es-CO\",\"@id\":\"https:\\\/\\\/tuguia.combarranquilla.co\\\/Revista\\\/wp-content\\\/uploads\\\/2025\\\/05\\\/ABC-Al-Rojo-Logo-96x96.jpg\",\"url\":\"https:\\\/\\\/tuguia.combarranquilla.co\\\/Revista\\\/wp-content\\\/uploads\\\/2025\\\/05\\\/ABC-Al-Rojo-Logo-96x96.jpg\",\"contentUrl\":\"https:\\\/\\\/tuguia.combarranquilla.co\\\/Revista\\\/wp-content\\\/uploads\\\/2025\\\/05\\\/ABC-Al-Rojo-Logo-96x96.jpg\",\"caption\":\"Comunicaciones Combarranquilla\"},\"sameAs\":[\"https:\\\/\\\/www.combarranquilla.co\"],\"url\":\"https:\\\/\\\/tuguia.combarranquilla.co\\\/Revista\\\/author\\\/comunicaciones\\\/\"}]}<\/script>\n<!-- \/ Yoast SEO plugin. -->","yoast_head_json":{"title":"Contrataci\u00f3n de veteranos de la Fuerza P\u00fablica: una oportunidad para la sociedad\u00a0 - Tu Gu\u00eda","robots":{"index":"index","follow":"follow","max-snippet":"max-snippet:-1","max-image-preview":"max-image-preview:large","max-video-preview":"max-video-preview:-1"},"canonical":"https:\/\/tuguia.combarranquilla.co\/Revista\/contratacion-de-veteranos-de-la-fuerza-publica-una-oportunidad-para-la-sociedad\/","og_locale":"es_ES","og_type":"article","og_title":"Contrataci\u00f3n de veteranos de la Fuerza P\u00fablica: una oportunidad para la sociedad\u00a0 - Tu Gu\u00eda","og_description":"En Combarranquilla reconocemos la entrega de nuestros h\u00e9roes de la Fuerza P\u00fablica. Por eso,&nbsp;queremos resaltar un incentivo especial para apoyar a aquellos que han&nbsp;trabajado por&nbsp;el futuro de&nbsp;nuestro pa\u00eds.&nbsp;De acuerdo con lo establecido en el art\u00edculo 16 de la Ley 1979 de 2019, el Ministerio de Trabajo&nbsp;cre\u00f3 este incentivo&nbsp;en aras&nbsp;de mejorar&nbsp;la calidad de vida de los [&hellip;]","og_url":"https:\/\/tuguia.combarranquilla.co\/Revista\/contratacion-de-veteranos-de-la-fuerza-publica-una-oportunidad-para-la-sociedad\/","og_site_name":"Tu Gu\u00eda","article_published_time":"2025-09-19T16:22:00+00:00","article_modified_time":"2025-10-02T13:52:29+00:00","og_image":[{"width":2560,"height":1280,"url":"https:\/\/tuguia.combarranquilla.co\/Revista\/wp-content\/uploads\/2025\/09\/Revista-Combarranquilla-1-5-scaled.jpg","type":"image\/jpeg"}],"author":"Comunicaciones Combarranquilla","twitter_card":"summary_large_image","twitter_misc":{"Escrito por":"Comunicaciones Combarranquilla","Tiempo de lectura":"3 minutos"},"schema":{"@context":"https:\/\/schema.org","@graph":[{"@type":"Article","@id":"https:\/\/tuguia.combarranquilla.co\/Revista\/contratacion-de-veteranos-de-la-fuerza-publica-una-oportunidad-para-la-sociedad\/#article","isPartOf":{"@id":"https:\/\/tuguia.combarranquilla.co\/Revista\/contratacion-de-veteranos-de-la-fuerza-publica-una-oportunidad-para-la-sociedad\/"},"author":{"name":"Comunicaciones Combarranquilla","@id":"https:\/\/tuguia.combarranquilla.co\/Revista\/#\/schema\/person\/c2c396a77170bd1d5f8ba73294eb0d10"},"headline":"Contrataci\u00f3n de veteranos de la Fuerza P\u00fablica: una oportunidad para la sociedad\u00a0","datePublished":"2025-09-19T16:22:00+00:00","dateModified":"2025-10-02T13:52:29+00:00","mainEntityOfPage":{"@id":"https:\/\/tuguia.combarranquilla.co\/Revista\/contratacion-de-veteranos-de-la-fuerza-publica-una-oportunidad-para-la-sociedad\/"},"wordCount":604,"commentCount":0,"publisher":{"@id":"https:\/\/tuguia.combarranquilla.co\/Revista\/#organization"},"image":{"@id":"https:\/\/tuguia.combarranquilla.co\/Revista\/contratacion-de-veteranos-de-la-fuerza-publica-una-oportunidad-para-la-sociedad\/#primaryimage"},"thumbnailUrl":"https:\/\/tuguia.combarranquilla.co\/Revista\/wp-content\/uploads\/2025\/09\/Revista-Combarranquilla-1-5-scaled.jpg","articleSection":["SUBSIDIOS"],"inLanguage":"es-CO","potentialAction":[{"@type":"CommentAction","name":"Comment","target":["https:\/\/tuguia.combarranquilla.co\/Revista\/contratacion-de-veteranos-de-la-fuerza-publica-una-oportunidad-para-la-sociedad\/#respond"]}]},{"@type":"WebPage","@id":"https:\/\/tuguia.combarranquilla.co\/Revista\/contratacion-de-veteranos-de-la-fuerza-publica-una-oportunidad-para-la-sociedad\/","url":"https:\/\/tuguia.combarranquilla.co\/Revista\/contratacion-de-veteranos-de-la-fuerza-publica-una-oportunidad-para-la-sociedad\/","name":"Contrataci\u00f3n de veteranos de la Fuerza P\u00fablica: una oportunidad para la sociedad\u00a0 - Tu Gu\u00eda","isPartOf":{"@id":"https:\/\/tuguia.combarranquilla.co\/Revista\/#website"},"primaryImageOfPage":{"@id":"https:\/\/tuguia.combarranquilla.co\/Revista\/contratacion-de-veteranos-de-la-fuerza-publica-una-oportunidad-para-la-sociedad\/#primaryimage"},"image":{"@id":"https:\/\/tuguia.combarranquilla.co\/Revista\/contratacion-de-veteranos-de-la-fuerza-publica-una-oportunidad-para-la-sociedad\/#primaryimage"},"thumbnailUrl":"https:\/\/tuguia.combarranquilla.co\/Revista\/wp-content\/uploads\/2025\/09\/Revista-Combarranquilla-1-5-scaled.jpg","datePublished":"2025-09-19T16:22:00+00:00","dateModified":"2025-10-02T13:52:29+00:00","breadcrumb":{"@id":"https:\/\/tuguia.combarranquilla.co\/Revista\/contratacion-de-veteranos-de-la-fuerza-publica-una-oportunidad-para-la-sociedad\/#breadcrumb"},"inLanguage":"es-CO","potentialAction":[{"@type":"ReadAction","target":["https:\/\/tuguia.combarranquilla.co\/Revista\/contratacion-de-veteranos-de-la-fuerza-publica-una-oportunidad-para-la-sociedad\/"]}]},{"@type":"ImageObject","inLanguage":"es-CO","@id":"https:\/\/tuguia.combarranquilla.co\/Revista\/contratacion-de-veteranos-de-la-fuerza-publica-una-oportunidad-para-la-sociedad\/#primaryimage","url":"https:\/\/tuguia.combarranquilla.co\/Revista\/wp-content\/uploads\/2025\/09\/Revista-Combarranquilla-1-5-scaled.jpg","contentUrl":"https:\/\/tuguia.combarranquilla.co\/Revista\/wp-content\/uploads\/2025\/09\/Revista-Combarranquilla-1-5-scaled.jpg","width":2560,"height":1280},{"@type":"BreadcrumbList","@id":"https:\/\/tuguia.combarranquilla.co\/Revista\/contratacion-de-veteranos-de-la-fuerza-publica-una-oportunidad-para-la-sociedad\/#breadcrumb","itemListElement":[{"@type":"ListItem","position":1,"name":"Inicio","item":"https:\/\/tuguia.combarranquilla.co\/Revista\/"},{"@type":"ListItem","position":2,"name":"Contrataci\u00f3n de veteranos de la Fuerza P\u00fablica: una oportunidad para la sociedad\u00a0"}]},{"@type":"WebSite","@id":"https:\/\/tuguia.combarranquilla.co\/Revista\/#website","url":"https:\/\/tuguia.combarranquilla.co\/Revista\/","name":"Tu Gu\u00eda","description":"La revista donde lo tienes todo.","publisher":{"@id":"https:\/\/tuguia.combarranquilla.co\/Revista\/#organization"},"alternateName":"Tu Gu\u00eda Combarranquilla","potentialAction":[{"@type":"SearchAction","target":{"@type":"EntryPoint","urlTemplate":"https:\/\/tuguia.combarranquilla.co\/Revista\/?s={search_term_string}"},"query-input":{"@type":"PropertyValueSpecification","valueRequired":true,"valueName":"search_term_string"}}],"inLanguage":"es-CO"},{"@type":"Organization","@id":"https:\/\/tuguia.combarranquilla.co\/Revista\/#organization","name":"Tu Gu\u00eda Combarranquilla","url":"https:\/\/tuguia.combarranquilla.co\/Revista\/","logo":{"@type":"ImageObject","inLanguage":"es-CO","@id":"https:\/\/tuguia.combarranquilla.co\/Revista\/#\/schema\/logo\/image\/","url":"https:\/\/tuguia.combarranquilla.co\/Revista\/wp-content\/uploads\/2022\/02\/logo-guia-combarranquilla.svg","contentUrl":"https:\/\/tuguia.combarranquilla.co\/Revista\/wp-content\/uploads\/2022\/02\/logo-guia-combarranquilla.svg","caption":"Tu Gu\u00eda Combarranquilla"},"image":{"@id":"https:\/\/tuguia.combarranquilla.co\/Revista\/#\/schema\/logo\/image\/"}},{"@type":"Person","@id":"https:\/\/tuguia.combarranquilla.co\/Revista\/#\/schema\/person\/c2c396a77170bd1d5f8ba73294eb0d10","name":"Comunicaciones Combarranquilla","image":{"@type":"ImageObject","inLanguage":"es-CO","@id":"https:\/\/tuguia.combarranquilla.co\/Revista\/wp-content\/uploads\/2025\/05\/ABC-Al-Rojo-Logo-96x96.jpg","url":"https:\/\/tuguia.combarranquilla.co\/Revista\/wp-content\/uploads\/2025\/05\/ABC-Al-Rojo-Logo-96x96.jpg","contentUrl":"https:\/\/tuguia.combarranquilla.co\/Revista\/wp-content\/uploads\/2025\/05\/ABC-Al-Rojo-Logo-96x96.jpg","caption":"Comunicaciones Combarranquilla"},"sameAs":["https:\/\/www.combarranquilla.co"],"url":"https:\/\/tuguia.combarranquilla.co\/Revista\/author\/comunicaciones\/"}]}},"_links":{"self":[{"href":"https:\/\/tuguia.combarranquilla.co\/Revista\/wp-json\/wp\/v2\/posts\/7868","targetHints":{"allow":["GET"]}}],"collection":[{"href":"https:\/\/tuguia.combarranquilla.co\/Revista\/wp-json\/wp\/v2\/posts"}],"about":[{"href":"https:\/\/tuguia.combarranquilla.co\/Revista\/wp-json\/wp\/v2\/types\/post"}],"author":[{"embeddable":true,"href":"https:\/\/tuguia.combarranquilla.co\/Revista\/wp-json\/wp\/v2\/users\/2"}],"replies":[{"embeddable":true,"href":"https:\/\/tuguia.combarranquilla.co\/Revista\/wp-json\/wp\/v2\/comments?post=7868"}],"version-history":[{"count":7,"href":"https:\/\/tuguia.combarranquilla.co\/Revista\/wp-json\/wp\/v2\/posts\/7868\/revisions"}],"predecessor-version":[{"id":7893,"href":"https:\/\/tuguia.combarranquilla.co\/Revista\/wp-json\/wp\/v2\/posts\/7868\/revisions\/7893"}],"wp:featuredmedia":[{"embeddable":true,"href":"https:\/\/tuguia.combarranquilla.co\/Revista\/wp-json\/wp\/v2\/media\/7872"}],"wp:attachment":[{"href":"https:\/\/tuguia.combarranquilla.co\/Revista\/wp-json\/wp\/v2\/media?parent=7868"}],"wp:term":[{"taxonomy":"category","embeddable":true,"href":"https:\/\/tuguia.combarranquilla.co\/Revista\/wp-json\/wp\/v2\/categories?post=7868"},{"taxonomy":"post_tag","embeddable":true,"href":"https:\/\/tuguia.combarranquilla.co\/Revista\/wp-json\/wp\/v2\/tags?post=7868"}],"curies":[{"name":"wp","href":"https:\/\/api.w.org\/{rel}","templated":true}]}}