{"id":7899,"date":"2025-10-01T11:59:00","date_gmt":"2025-10-01T16:59:00","guid":{"rendered":"https:\/\/tuguia.combarranquilla.co\/Revista\/?p=7899"},"modified":"2025-10-14T09:16:55","modified_gmt":"2025-10-14T14:16:55","slug":"aplica-al-subsidio-de-vivienda-convocatoria-abierta-hasta-el-31-de-octubre","status":"publish","type":"post","link":"https:\/\/tuguia.combarranquilla.co\/Revista\/aplica-al-subsidio-de-vivienda-convocatoria-abierta-hasta-el-31-de-octubre\/","title":{"rendered":"Aplica al Subsidio de Vivienda: convocatoria abierta hasta el 31 de octubre"},"content":{"rendered":"\n<p>Tener un hogar propio es uno de los sue\u00f1os m\u00e1s importantes para muchas familias. Por eso, en Combarranquilla estamos comprometidos en apoyarte a hacerlo realidad a trav\u00e9s de nuestro Subsidio de Vivienda. La convocatoria est\u00e1 abierta hasta el 31 de octubre.&nbsp;<\/p>\n\n\n\n<h2 class=\"wp-block-heading has-medium-font-size\"><strong>\u00bfPor qu\u00e9 postularse al Subsidio de Vivienda?<\/strong><\/h2>\n\n\n\n<p>Este beneficio est\u00e1 dise\u00f1ado para&nbsp;crear hogares&nbsp;propios&nbsp;y mejorar la&nbsp;calidad de vida de nuestros afiliados.&nbsp;A continuaci\u00f3n, te presentamos algunas de las razones que deber\u00edas considerar para aplicar:&nbsp;<\/p>\n\n\n\n<div class=\"wp-block-columns is-layout-flex wp-container-core-columns-is-layout-9d6595d7 wp-block-columns-is-layout-flex\">\n<div class=\"wp-block-column is-layout-flow wp-block-column-is-layout-flow\">\n<p class=\"has-text-align-center has-background has-medium-font-size\" style=\"background-color:#4c764f\"><strong>Apoyo econ\u00f3mico<\/strong><\/p>\n\n\n\n<p class=\"has-text-align-center has-background\" style=\"background-color:#bbd2c7;font-size:18px\">Recibir\u00e1s&nbsp;una cantidad importante de dinero para la compra de tu vivienda.<\/p>\n<\/div>\n\n\n\n<div class=\"wp-block-column is-layout-flow wp-block-column-is-layout-flow\">\n<p class=\"has-text-align-center has-background has-medium-font-size\" style=\"background-color:#4c764f\"><strong>Mayor estabilidad<\/strong><\/p>\n\n\n\n<p class=\"has-text-align-center has-background\" style=\"background-color:#bbd2c7;font-size:18px\">Una vivienda propia representa seguridad para ti y tus seres queridos.<\/p>\n<\/div>\n\n\n\n<div class=\"wp-block-column is-layout-flow wp-block-column-is-layout-flow\">\n<p class=\"has-text-align-center has-background has-medium-font-size\" style=\"background-color:#4c764f\"><strong>Crecimiento<\/strong><\/p>\n\n\n\n<p class=\"has-text-align-center has-background\" style=\"background-color:#bbd2c7;font-size:18px\">Podr\u00e1s destinar gran parte de tus recursos a otros proyectos personales.<\/p>\n<\/div>\n<\/div>\n\n\n\n<h2 class=\"wp-block-heading has-medium-font-size\"><strong>\u00bfQui\u00e9n puede aplicar?<\/strong><\/h2>\n\n\n\n<p style=\"font-size:17px\">El Subsidio de Vivienda de Combarranquilla est\u00e1 disponible para personas que:&nbsp;<\/p>\n\n\n\n<p><\/p>\n\n\n\n<div class=\"wp-block-group is-vertical is-layout-flex wp-container-core-group-is-layout-8cf370e7 wp-block-group-is-layout-flex\">\n<ul class=\"wp-block-list\">\n<li>Sean afiliadas activas a Combarranquilla.&nbsp;<\/li>\n<\/ul>\n\n\n\n<ul class=\"wp-block-list\">\n<li>Tengan un hogar conformado.*&nbsp;<\/li>\n<\/ul>\n\n\n\n<ul class=\"wp-block-list\">\n<li>Sus ingresos totales mensuales no sean superiores a cuatro (4) salarios m\u00ednimos legales mensuales.&nbsp;<\/li>\n<\/ul>\n\n\n\n<ul class=\"wp-block-list\">\n<li>No sean propietarios de una vivienda.&nbsp;<\/li>\n<\/ul>\n\n\n\n<ul class=\"wp-block-list\">\n<li>Re\u00fanan&nbsp;la documentaci\u00f3n requerida.&nbsp;<\/li>\n<\/ul>\n<\/div>\n\n\n\n<p><\/p>\n\n\n\n<p class=\"has-background\" style=\"background-color:#c6cac7;font-size:16px\"><em>*Se entiende por hogar a un m\u00ednimo de dos personas que conforman un grupo familiar, c\u00f3nyuges, uniones maritales de hecho y\/o el grupo de personas unidas por v\u00ednculo de parentesco hasta tercer grado de consanguinidad, segundo de afinidad y primero civil, que compartan un mismo espacio habitacional.<\/em><\/p>\n\n\n\n<p>Te invitamos a revisar los requisitos completos en nuestra <a href=\"https:\/\/www.combarranquilla.co\/subsidios\/#tab-de-vivienda\">p\u00e1gina web<\/a> para a&nbsp;asegurarte de que cumplas con lo solicitado.&nbsp;<\/p>\n\n\n\n<p>Tambi\u00e9n, puedes leer <a href=\"https:\/\/tuguia.combarranquilla.co\/Revista\/?p=6949\">este art\u00edculo<\/a> para conocer el paso a paso de una postulaci\u00f3n exitosa a nuestro Subsidio de Vivienda.&nbsp;<\/p>\n\n\n\n<h2 class=\"wp-block-heading has-medium-font-size\"><strong>Consejos para la convocatoria<\/strong><\/h2>\n\n\n\n<div class=\"wp-block-group is-vertical is-layout-flex wp-container-core-group-is-layout-8cf370e7 wp-block-group-is-layout-flex\">\n<ul class=\"wp-block-list\">\n<li>Post\u00falate con anticipaci\u00f3n. Recuerda que el plazo cierra el 31 de octubre.&nbsp;<\/li>\n<\/ul>\n\n\n\n<ul class=\"wp-block-list\">\n<li>Lee detenidamente todo lo que necesitas. As\u00ed, no te saltar\u00e1s ning\u00fan documento.&nbsp;<\/li>\n<\/ul>\n\n\n\n<ul class=\"wp-block-list\">\n<li>Mant\u00e9n tus documentos actualizados. Esto evita retrasos en el proceso de aprobaci\u00f3n.&nbsp;<\/li>\n<\/ul>\n<\/div>\n\n\n\n<p><\/p>\n\n\n\n<p>En Combarranquilla, estamos comprometidos con tu bienestar. Queremos que des ese primer paso hacia tu nuevo hogar con nosotros. Porque tu felicidad es nuestra prioridad.<\/p>\n","protected":false},"excerpt":{"rendered":"<p>Tener un hogar propio es uno de los sue\u00f1os m\u00e1s importantes para muchas familias. Por eso, en Combarranquilla estamos comprometidos en apoyarte a hacerlo realidad a trav\u00e9s de nuestro Subsidio de Vivienda. La convocatoria est\u00e1 abierta hasta el 31 de octubre.&nbsp; \u00bfPor qu\u00e9 postularse al Subsidio de Vivienda? Este beneficio est\u00e1 dise\u00f1ado para&nbsp;crear hogares&nbsp;propios&nbsp;y mejorar [&hellip;]<\/p>\n","protected":false},"author":2,"featured_media":7927,"comment_status":"open","ping_status":"open","sticky":false,"template":"","format":"standard","meta":{"inline_featured_image":false,"footnotes":""},"categories":[2],"tags":[],"class_list":["post-7899","post","type-post","status-publish","format-standard","has-post-thumbnail","hentry","category-subsidios"],"yoast_head":"<!-- This site is optimized with the Yoast SEO plugin v27.4 - https:\/\/yoast.com\/product\/yoast-seo-wordpress\/ -->\n<title>Aplica al Subsidio de Vivienda: convocatoria abierta hasta el 31 de octubre - Tu Gu\u00eda<\/title>\n<meta name=\"robots\" content=\"index, follow, max-snippet:-1, max-image-preview:large, max-video-preview:-1\" \/>\n<link rel=\"canonical\" href=\"https:\/\/tuguia.combarranquilla.co\/Revista\/aplica-al-subsidio-de-vivienda-convocatoria-abierta-hasta-el-31-de-octubre\/\" \/>\n<meta property=\"og:locale\" content=\"es_ES\" \/>\n<meta property=\"og:type\" content=\"article\" \/>\n<meta property=\"og:title\" content=\"Aplica al Subsidio de Vivienda: convocatoria abierta hasta el 31 de octubre - Tu Gu\u00eda\" \/>\n<meta property=\"og:description\" content=\"Tener un hogar propio es uno de los sue\u00f1os m\u00e1s importantes para muchas familias. Por eso, en Combarranquilla estamos comprometidos en apoyarte a hacerlo realidad a trav\u00e9s de nuestro Subsidio de Vivienda. La convocatoria est\u00e1 abierta hasta el 31 de octubre.&nbsp; \u00bfPor qu\u00e9 postularse al Subsidio de Vivienda? Este beneficio est\u00e1 dise\u00f1ado para&nbsp;crear hogares&nbsp;propios&nbsp;y mejorar [&hellip;]\" \/>\n<meta property=\"og:url\" content=\"https:\/\/tuguia.combarranquilla.co\/Revista\/aplica-al-subsidio-de-vivienda-convocatoria-abierta-hasta-el-31-de-octubre\/\" \/>\n<meta property=\"og:site_name\" content=\"Tu Gu\u00eda\" \/>\n<meta property=\"article:published_time\" content=\"2025-10-01T16:59:00+00:00\" \/>\n<meta property=\"article:modified_time\" content=\"2025-10-14T14:16:55+00:00\" \/>\n<meta property=\"og:image\" content=\"https:\/\/tuguia.combarranquilla.co\/Revista\/wp-content\/uploads\/2025\/10\/Revista-Combarranquilla-1-1024x512.png\" \/>\n\t<meta property=\"og:image:width\" content=\"1024\" \/>\n\t<meta property=\"og:image:height\" content=\"512\" \/>\n\t<meta property=\"og:image:type\" content=\"image\/png\" \/>\n<meta name=\"author\" content=\"Comunicaciones Combarranquilla\" \/>\n<meta name=\"twitter:card\" content=\"summary_large_image\" \/>\n<meta name=\"twitter:label1\" content=\"Escrito por\" \/>\n\t<meta name=\"twitter:data1\" content=\"Comunicaciones Combarranquilla\" \/>\n\t<meta name=\"twitter:label2\" content=\"Tiempo de lectura\" \/>\n\t<meta name=\"twitter:data2\" content=\"2 minutos\" \/>\n<script type=\"application\/ld+json\" class=\"yoast-schema-graph\">{\"@context\":\"https:\\\/\\\/schema.org\",\"@graph\":[{\"@type\":\"Article\",\"@id\":\"https:\\\/\\\/tuguia.combarranquilla.co\\\/Revista\\\/aplica-al-subsidio-de-vivienda-convocatoria-abierta-hasta-el-31-de-octubre\\\/#article\",\"isPartOf\":{\"@id\":\"https:\\\/\\\/tuguia.combarranquilla.co\\\/Revista\\\/aplica-al-subsidio-de-vivienda-convocatoria-abierta-hasta-el-31-de-octubre\\\/\"},\"author\":{\"name\":\"Comunicaciones Combarranquilla\",\"@id\":\"https:\\\/\\\/tuguia.combarranquilla.co\\\/Revista\\\/#\\\/schema\\\/person\\\/c2c396a77170bd1d5f8ba73294eb0d10\"},\"headline\":\"Aplica al Subsidio de Vivienda: convocatoria abierta hasta el 31 de octubre\",\"datePublished\":\"2025-10-01T16:59:00+00:00\",\"dateModified\":\"2025-10-14T14:16:55+00:00\",\"mainEntityOfPage\":{\"@id\":\"https:\\\/\\\/tuguia.combarranquilla.co\\\/Revista\\\/aplica-al-subsidio-de-vivienda-convocatoria-abierta-hasta-el-31-de-octubre\\\/\"},\"wordCount\":372,\"commentCount\":0,\"publisher\":{\"@id\":\"https:\\\/\\\/tuguia.combarranquilla.co\\\/Revista\\\/#organization\"},\"image\":{\"@id\":\"https:\\\/\\\/tuguia.combarranquilla.co\\\/Revista\\\/aplica-al-subsidio-de-vivienda-convocatoria-abierta-hasta-el-31-de-octubre\\\/#primaryimage\"},\"thumbnailUrl\":\"https:\\\/\\\/tuguia.combarranquilla.co\\\/Revista\\\/wp-content\\\/uploads\\\/2025\\\/10\\\/Revista-Combarranquilla-1-scaled.png\",\"articleSection\":[\"SUBSIDIOS\"],\"inLanguage\":\"es-CO\",\"potentialAction\":[{\"@type\":\"CommentAction\",\"name\":\"Comment\",\"target\":[\"https:\\\/\\\/tuguia.combarranquilla.co\\\/Revista\\\/aplica-al-subsidio-de-vivienda-convocatoria-abierta-hasta-el-31-de-octubre\\\/#respond\"]}]},{\"@type\":\"WebPage\",\"@id\":\"https:\\\/\\\/tuguia.combarranquilla.co\\\/Revista\\\/aplica-al-subsidio-de-vivienda-convocatoria-abierta-hasta-el-31-de-octubre\\\/\",\"url\":\"https:\\\/\\\/tuguia.combarranquilla.co\\\/Revista\\\/aplica-al-subsidio-de-vivienda-convocatoria-abierta-hasta-el-31-de-octubre\\\/\",\"name\":\"Aplica al Subsidio de Vivienda: convocatoria abierta hasta el 31 de octubre - Tu Gu\u00eda\",\"isPartOf\":{\"@id\":\"https:\\\/\\\/tuguia.combarranquilla.co\\\/Revista\\\/#website\"},\"primaryImageOfPage\":{\"@id\":\"https:\\\/\\\/tuguia.combarranquilla.co\\\/Revista\\\/aplica-al-subsidio-de-vivienda-convocatoria-abierta-hasta-el-31-de-octubre\\\/#primaryimage\"},\"image\":{\"@id\":\"https:\\\/\\\/tuguia.combarranquilla.co\\\/Revista\\\/aplica-al-subsidio-de-vivienda-convocatoria-abierta-hasta-el-31-de-octubre\\\/#primaryimage\"},\"thumbnailUrl\":\"https:\\\/\\\/tuguia.combarranquilla.co\\\/Revista\\\/wp-content\\\/uploads\\\/2025\\\/10\\\/Revista-Combarranquilla-1-scaled.png\",\"datePublished\":\"2025-10-01T16:59:00+00:00\",\"dateModified\":\"2025-10-14T14:16:55+00:00\",\"breadcrumb\":{\"@id\":\"https:\\\/\\\/tuguia.combarranquilla.co\\\/Revista\\\/aplica-al-subsidio-de-vivienda-convocatoria-abierta-hasta-el-31-de-octubre\\\/#breadcrumb\"},\"inLanguage\":\"es-CO\",\"potentialAction\":[{\"@type\":\"ReadAction\",\"target\":[\"https:\\\/\\\/tuguia.combarranquilla.co\\\/Revista\\\/aplica-al-subsidio-de-vivienda-convocatoria-abierta-hasta-el-31-de-octubre\\\/\"]}]},{\"@type\":\"ImageObject\",\"inLanguage\":\"es-CO\",\"@id\":\"https:\\\/\\\/tuguia.combarranquilla.co\\\/Revista\\\/aplica-al-subsidio-de-vivienda-convocatoria-abierta-hasta-el-31-de-octubre\\\/#primaryimage\",\"url\":\"https:\\\/\\\/tuguia.combarranquilla.co\\\/Revista\\\/wp-content\\\/uploads\\\/2025\\\/10\\\/Revista-Combarranquilla-1-scaled.png\",\"contentUrl\":\"https:\\\/\\\/tuguia.combarranquilla.co\\\/Revista\\\/wp-content\\\/uploads\\\/2025\\\/10\\\/Revista-Combarranquilla-1-scaled.png\",\"width\":2560,\"height\":1280},{\"@type\":\"BreadcrumbList\",\"@id\":\"https:\\\/\\\/tuguia.combarranquilla.co\\\/Revista\\\/aplica-al-subsidio-de-vivienda-convocatoria-abierta-hasta-el-31-de-octubre\\\/#breadcrumb\",\"itemListElement\":[{\"@type\":\"ListItem\",\"position\":1,\"name\":\"Inicio\",\"item\":\"https:\\\/\\\/tuguia.combarranquilla.co\\\/Revista\\\/\"},{\"@type\":\"ListItem\",\"position\":2,\"name\":\"Aplica al Subsidio de Vivienda: convocatoria abierta hasta el 31 de octubre\"}]},{\"@type\":\"WebSite\",\"@id\":\"https:\\\/\\\/tuguia.combarranquilla.co\\\/Revista\\\/#website\",\"url\":\"https:\\\/\\\/tuguia.combarranquilla.co\\\/Revista\\\/\",\"name\":\"Tu Gu\u00eda\",\"description\":\"La revista donde lo tienes todo.\",\"publisher\":{\"@id\":\"https:\\\/\\\/tuguia.combarranquilla.co\\\/Revista\\\/#organization\"},\"alternateName\":\"Tu Gu\u00eda Combarranquilla\",\"potentialAction\":[{\"@type\":\"SearchAction\",\"target\":{\"@type\":\"EntryPoint\",\"urlTemplate\":\"https:\\\/\\\/tuguia.combarranquilla.co\\\/Revista\\\/?s={search_term_string}\"},\"query-input\":{\"@type\":\"PropertyValueSpecification\",\"valueRequired\":true,\"valueName\":\"search_term_string\"}}],\"inLanguage\":\"es-CO\"},{\"@type\":\"Organization\",\"@id\":\"https:\\\/\\\/tuguia.combarranquilla.co\\\/Revista\\\/#organization\",\"name\":\"Tu Gu\u00eda Combarranquilla\",\"url\":\"https:\\\/\\\/tuguia.combarranquilla.co\\\/Revista\\\/\",\"logo\":{\"@type\":\"ImageObject\",\"inLanguage\":\"es-CO\",\"@id\":\"https:\\\/\\\/tuguia.combarranquilla.co\\\/Revista\\\/#\\\/schema\\\/logo\\\/image\\\/\",\"url\":\"https:\\\/\\\/tuguia.combarranquilla.co\\\/Revista\\\/wp-content\\\/uploads\\\/2022\\\/02\\\/logo-guia-combarranquilla.svg\",\"contentUrl\":\"https:\\\/\\\/tuguia.combarranquilla.co\\\/Revista\\\/wp-content\\\/uploads\\\/2022\\\/02\\\/logo-guia-combarranquilla.svg\",\"caption\":\"Tu Gu\u00eda Combarranquilla\"},\"image\":{\"@id\":\"https:\\\/\\\/tuguia.combarranquilla.co\\\/Revista\\\/#\\\/schema\\\/logo\\\/image\\\/\"}},{\"@type\":\"Person\",\"@id\":\"https:\\\/\\\/tuguia.combarranquilla.co\\\/Revista\\\/#\\\/schema\\\/person\\\/c2c396a77170bd1d5f8ba73294eb0d10\",\"name\":\"Comunicaciones Combarranquilla\",\"image\":{\"@type\":\"ImageObject\",\"inLanguage\":\"es-CO\",\"@id\":\"https:\\\/\\\/tuguia.combarranquilla.co\\\/Revista\\\/wp-content\\\/uploads\\\/2025\\\/05\\\/ABC-Al-Rojo-Logo-96x96.jpg\",\"url\":\"https:\\\/\\\/tuguia.combarranquilla.co\\\/Revista\\\/wp-content\\\/uploads\\\/2025\\\/05\\\/ABC-Al-Rojo-Logo-96x96.jpg\",\"contentUrl\":\"https:\\\/\\\/tuguia.combarranquilla.co\\\/Revista\\\/wp-content\\\/uploads\\\/2025\\\/05\\\/ABC-Al-Rojo-Logo-96x96.jpg\",\"caption\":\"Comunicaciones Combarranquilla\"},\"sameAs\":[\"https:\\\/\\\/www.combarranquilla.co\"],\"url\":\"https:\\\/\\\/tuguia.combarranquilla.co\\\/Revista\\\/author\\\/comunicaciones\\\/\"}]}<\/script>\n<!-- \/ Yoast SEO plugin. -->","yoast_head_json":{"title":"Aplica al Subsidio de Vivienda: convocatoria abierta hasta el 31 de octubre - Tu Gu\u00eda","robots":{"index":"index","follow":"follow","max-snippet":"max-snippet:-1","max-image-preview":"max-image-preview:large","max-video-preview":"max-video-preview:-1"},"canonical":"https:\/\/tuguia.combarranquilla.co\/Revista\/aplica-al-subsidio-de-vivienda-convocatoria-abierta-hasta-el-31-de-octubre\/","og_locale":"es_ES","og_type":"article","og_title":"Aplica al Subsidio de Vivienda: convocatoria abierta hasta el 31 de octubre - Tu Gu\u00eda","og_description":"Tener un hogar propio es uno de los sue\u00f1os m\u00e1s importantes para muchas familias. Por eso, en Combarranquilla estamos comprometidos en apoyarte a hacerlo realidad a trav\u00e9s de nuestro Subsidio de Vivienda. La convocatoria est\u00e1 abierta hasta el 31 de octubre.&nbsp; \u00bfPor qu\u00e9 postularse al Subsidio de Vivienda? Este beneficio est\u00e1 dise\u00f1ado para&nbsp;crear hogares&nbsp;propios&nbsp;y mejorar [&hellip;]","og_url":"https:\/\/tuguia.combarranquilla.co\/Revista\/aplica-al-subsidio-de-vivienda-convocatoria-abierta-hasta-el-31-de-octubre\/","og_site_name":"Tu Gu\u00eda","article_published_time":"2025-10-01T16:59:00+00:00","article_modified_time":"2025-10-14T14:16:55+00:00","og_image":[{"width":1024,"height":512,"url":"https:\/\/tuguia.combarranquilla.co\/Revista\/wp-content\/uploads\/2025\/10\/Revista-Combarranquilla-1-1024x512.png","type":"image\/png"}],"author":"Comunicaciones Combarranquilla","twitter_card":"summary_large_image","twitter_misc":{"Escrito por":"Comunicaciones Combarranquilla","Tiempo de lectura":"2 minutos"},"schema":{"@context":"https:\/\/schema.org","@graph":[{"@type":"Article","@id":"https:\/\/tuguia.combarranquilla.co\/Revista\/aplica-al-subsidio-de-vivienda-convocatoria-abierta-hasta-el-31-de-octubre\/#article","isPartOf":{"@id":"https:\/\/tuguia.combarranquilla.co\/Revista\/aplica-al-subsidio-de-vivienda-convocatoria-abierta-hasta-el-31-de-octubre\/"},"author":{"name":"Comunicaciones Combarranquilla","@id":"https:\/\/tuguia.combarranquilla.co\/Revista\/#\/schema\/person\/c2c396a77170bd1d5f8ba73294eb0d10"},"headline":"Aplica al Subsidio de Vivienda: convocatoria abierta hasta el 31 de octubre","datePublished":"2025-10-01T16:59:00+00:00","dateModified":"2025-10-14T14:16:55+00:00","mainEntityOfPage":{"@id":"https:\/\/tuguia.combarranquilla.co\/Revista\/aplica-al-subsidio-de-vivienda-convocatoria-abierta-hasta-el-31-de-octubre\/"},"wordCount":372,"commentCount":0,"publisher":{"@id":"https:\/\/tuguia.combarranquilla.co\/Revista\/#organization"},"image":{"@id":"https:\/\/tuguia.combarranquilla.co\/Revista\/aplica-al-subsidio-de-vivienda-convocatoria-abierta-hasta-el-31-de-octubre\/#primaryimage"},"thumbnailUrl":"https:\/\/tuguia.combarranquilla.co\/Revista\/wp-content\/uploads\/2025\/10\/Revista-Combarranquilla-1-scaled.png","articleSection":["SUBSIDIOS"],"inLanguage":"es-CO","potentialAction":[{"@type":"CommentAction","name":"Comment","target":["https:\/\/tuguia.combarranquilla.co\/Revista\/aplica-al-subsidio-de-vivienda-convocatoria-abierta-hasta-el-31-de-octubre\/#respond"]}]},{"@type":"WebPage","@id":"https:\/\/tuguia.combarranquilla.co\/Revista\/aplica-al-subsidio-de-vivienda-convocatoria-abierta-hasta-el-31-de-octubre\/","url":"https:\/\/tuguia.combarranquilla.co\/Revista\/aplica-al-subsidio-de-vivienda-convocatoria-abierta-hasta-el-31-de-octubre\/","name":"Aplica al Subsidio de Vivienda: convocatoria abierta hasta el 31 de octubre - Tu Gu\u00eda","isPartOf":{"@id":"https:\/\/tuguia.combarranquilla.co\/Revista\/#website"},"primaryImageOfPage":{"@id":"https:\/\/tuguia.combarranquilla.co\/Revista\/aplica-al-subsidio-de-vivienda-convocatoria-abierta-hasta-el-31-de-octubre\/#primaryimage"},"image":{"@id":"https:\/\/tuguia.combarranquilla.co\/Revista\/aplica-al-subsidio-de-vivienda-convocatoria-abierta-hasta-el-31-de-octubre\/#primaryimage"},"thumbnailUrl":"https:\/\/tuguia.combarranquilla.co\/Revista\/wp-content\/uploads\/2025\/10\/Revista-Combarranquilla-1-scaled.png","datePublished":"2025-10-01T16:59:00+00:00","dateModified":"2025-10-14T14:16:55+00:00","breadcrumb":{"@id":"https:\/\/tuguia.combarranquilla.co\/Revista\/aplica-al-subsidio-de-vivienda-convocatoria-abierta-hasta-el-31-de-octubre\/#breadcrumb"},"inLanguage":"es-CO","potentialAction":[{"@type":"ReadAction","target":["https:\/\/tuguia.combarranquilla.co\/Revista\/aplica-al-subsidio-de-vivienda-convocatoria-abierta-hasta-el-31-de-octubre\/"]}]},{"@type":"ImageObject","inLanguage":"es-CO","@id":"https:\/\/tuguia.combarranquilla.co\/Revista\/aplica-al-subsidio-de-vivienda-convocatoria-abierta-hasta-el-31-de-octubre\/#primaryimage","url":"https:\/\/tuguia.combarranquilla.co\/Revista\/wp-content\/uploads\/2025\/10\/Revista-Combarranquilla-1-scaled.png","contentUrl":"https:\/\/tuguia.combarranquilla.co\/Revista\/wp-content\/uploads\/2025\/10\/Revista-Combarranquilla-1-scaled.png","width":2560,"height":1280},{"@type":"BreadcrumbList","@id":"https:\/\/tuguia.combarranquilla.co\/Revista\/aplica-al-subsidio-de-vivienda-convocatoria-abierta-hasta-el-31-de-octubre\/#breadcrumb","itemListElement":[{"@type":"ListItem","position":1,"name":"Inicio","item":"https:\/\/tuguia.combarranquilla.co\/Revista\/"},{"@type":"ListItem","position":2,"name":"Aplica al Subsidio de Vivienda: convocatoria abierta hasta el 31 de octubre"}]},{"@type":"WebSite","@id":"https:\/\/tuguia.combarranquilla.co\/Revista\/#website","url":"https:\/\/tuguia.combarranquilla.co\/Revista\/","name":"Tu Gu\u00eda","description":"La revista donde lo tienes todo.","publisher":{"@id":"https:\/\/tuguia.combarranquilla.co\/Revista\/#organization"},"alternateName":"Tu Gu\u00eda Combarranquilla","potentialAction":[{"@type":"SearchAction","target":{"@type":"EntryPoint","urlTemplate":"https:\/\/tuguia.combarranquilla.co\/Revista\/?s={search_term_string}"},"query-input":{"@type":"PropertyValueSpecification","valueRequired":true,"valueName":"search_term_string"}}],"inLanguage":"es-CO"},{"@type":"Organization","@id":"https:\/\/tuguia.combarranquilla.co\/Revista\/#organization","name":"Tu Gu\u00eda Combarranquilla","url":"https:\/\/tuguia.combarranquilla.co\/Revista\/","logo":{"@type":"ImageObject","inLanguage":"es-CO","@id":"https:\/\/tuguia.combarranquilla.co\/Revista\/#\/schema\/logo\/image\/","url":"https:\/\/tuguia.combarranquilla.co\/Revista\/wp-content\/uploads\/2022\/02\/logo-guia-combarranquilla.svg","contentUrl":"https:\/\/tuguia.combarranquilla.co\/Revista\/wp-content\/uploads\/2022\/02\/logo-guia-combarranquilla.svg","caption":"Tu Gu\u00eda Combarranquilla"},"image":{"@id":"https:\/\/tuguia.combarranquilla.co\/Revista\/#\/schema\/logo\/image\/"}},{"@type":"Person","@id":"https:\/\/tuguia.combarranquilla.co\/Revista\/#\/schema\/person\/c2c396a77170bd1d5f8ba73294eb0d10","name":"Comunicaciones Combarranquilla","image":{"@type":"ImageObject","inLanguage":"es-CO","@id":"https:\/\/tuguia.combarranquilla.co\/Revista\/wp-content\/uploads\/2025\/05\/ABC-Al-Rojo-Logo-96x96.jpg","url":"https:\/\/tuguia.combarranquilla.co\/Revista\/wp-content\/uploads\/2025\/05\/ABC-Al-Rojo-Logo-96x96.jpg","contentUrl":"https:\/\/tuguia.combarranquilla.co\/Revista\/wp-content\/uploads\/2025\/05\/ABC-Al-Rojo-Logo-96x96.jpg","caption":"Comunicaciones Combarranquilla"},"sameAs":["https:\/\/www.combarranquilla.co"],"url":"https:\/\/tuguia.combarranquilla.co\/Revista\/author\/comunicaciones\/"}]}},"_links":{"self":[{"href":"https:\/\/tuguia.combarranquilla.co\/Revista\/wp-json\/wp\/v2\/posts\/7899","targetHints":{"allow":["GET"]}}],"collection":[{"href":"https:\/\/tuguia.combarranquilla.co\/Revista\/wp-json\/wp\/v2\/posts"}],"about":[{"href":"https:\/\/tuguia.combarranquilla.co\/Revista\/wp-json\/wp\/v2\/types\/post"}],"author":[{"embeddable":true,"href":"https:\/\/tuguia.combarranquilla.co\/Revista\/wp-json\/wp\/v2\/users\/2"}],"replies":[{"embeddable":true,"href":"https:\/\/tuguia.combarranquilla.co\/Revista\/wp-json\/wp\/v2\/comments?post=7899"}],"version-history":[{"count":7,"href":"https:\/\/tuguia.combarranquilla.co\/Revista\/wp-json\/wp\/v2\/posts\/7899\/revisions"}],"predecessor-version":[{"id":7943,"href":"https:\/\/tuguia.combarranquilla.co\/Revista\/wp-json\/wp\/v2\/posts\/7899\/revisions\/7943"}],"wp:featuredmedia":[{"embeddable":true,"href":"https:\/\/tuguia.combarranquilla.co\/Revista\/wp-json\/wp\/v2\/media\/7927"}],"wp:attachment":[{"href":"https:\/\/tuguia.combarranquilla.co\/Revista\/wp-json\/wp\/v2\/media?parent=7899"}],"wp:term":[{"taxonomy":"category","embeddable":true,"href":"https:\/\/tuguia.combarranquilla.co\/Revista\/wp-json\/wp\/v2\/categories?post=7899"},{"taxonomy":"post_tag","embeddable":true,"href":"https:\/\/tuguia.combarranquilla.co\/Revista\/wp-json\/wp\/v2\/tags?post=7899"}],"curies":[{"name":"wp","href":"https:\/\/api.w.org\/{rel}","templated":true}]}}