{"id":7973,"date":"2025-11-01T11:45:00","date_gmt":"2025-11-01T16:45:00","guid":{"rendered":"https:\/\/tuguia.combarranquilla.co\/Revista\/?p=7973"},"modified":"2025-11-12T14:39:52","modified_gmt":"2025-11-12T19:39:52","slug":"la-beca-progreso-y-el-premio-excelencia-dos-programas-que-transforman-vidas","status":"publish","type":"post","link":"https:\/\/tuguia.combarranquilla.co\/Revista\/la-beca-progreso-y-el-premio-excelencia-dos-programas-que-transforman-vidas\/","title":{"rendered":"La Beca Progreso y el Premio Excelencia: dos programas que transforman vidas"},"content":{"rendered":"\n<p><em>Hasta el <strong>21 de noviembre<\/strong>&nbsp;puedes aplicar a la Beca Progreso y al Premio Excelencia Acad\u00e9mica de Combarranquilla, dos programas que&nbsp;reconocen&nbsp;el m\u00e9rito&nbsp;y la dedicaci\u00f3n.<\/em>&nbsp;<\/p>\n\n\n\n<p>En Combarranquilla,&nbsp;creemos que&nbsp;la educaci\u00f3n es el pilar&nbsp;para el&nbsp;desarrollo humano. Es a trav\u00e9s de ella&nbsp;que miles de personas logran su misi\u00f3n de marcar la diferencia en el mundo. Desde la Caja, buscamos seguir contribuyendo al desarrollo e incentivar el compromiso y la motivaci\u00f3n.&nbsp;Por ello, en los a\u00f1os 2010 y 2012, creamos dos programas cuyo objetivo es el progreso. Conoce sobre ellos a continuaci\u00f3n.&nbsp;<\/p>\n\n\n\n<h2 class=\"wp-block-heading has-medium-font-size\"><strong>Beca Progreso: un paso hacia la educaci\u00f3n superior<\/strong>&nbsp;<\/h2>\n\n\n\n<p>Durante 15 a\u00f1os,&nbsp;la Beca Progreso ha beneficiado a 149 hijos de colaboradores afiliados a Combarranquilla. Este&nbsp;recurso, otorgado por la Caja, brinda al bachiller la oportunidad de estudiar, sin costo, un&nbsp;pregrado&nbsp;en la Universidad del Norte (a excepci\u00f3n de Medicina). Cubre el 100 % del valor de la matr\u00edcula, tanto del pregrado como de la segunda lengua. Para poder postularse al beneficio, se deben cumplir los siguientes requisitos:&nbsp;<\/p>\n\n\n\n<div class=\"wp-block-group is-vertical is-layout-flex wp-container-core-group-is-layout-8cf370e7 wp-block-group-is-layout-flex\">\n<ul class=\"wp-block-list\">\n<li>Ser hijo beneficiario de trabajador afiliado a Combarranquilla, que devengue menos de cuatro (4) salarios m\u00ednimos.&nbsp;<\/li>\n<\/ul>\n\n\n\n<ul class=\"wp-block-list\">\n<li>Ser menor de 19 a\u00f1os.&nbsp;<\/li>\n<\/ul>\n\n\n\n<ul class=\"wp-block-list\">\n<li>Haberse graduado o ser candidato a grado de bachiller en el mismo periodo de la convocatoria.&nbsp;<\/li>\n<\/ul>\n\n\n\n<ul class=\"wp-block-list\">\n<li>Estar inscrito y ser admitido en la Universidad del Norte para estudios de pregrado.&nbsp;<\/li>\n<\/ul>\n\n\n\n<ul class=\"wp-block-list\">\n<li>La empresa donde labore el afiliado debe estar al d\u00eda en los aportes.&nbsp;<\/li>\n<\/ul>\n<\/div>\n\n\n\n<p><\/p>\n\n\n\n<p>Una postulaci\u00f3n se considera completa al&nbsp;anexar&nbsp;la siguiente documentaci\u00f3n:&nbsp;<\/p>\n\n\n\n<div class=\"wp-block-group is-vertical is-layout-flex wp-container-core-group-is-layout-8cf370e7 wp-block-group-is-layout-flex\">\n<ul class=\"wp-block-list\">\n<li>Formulario de inscripci\u00f3n diligenciado.&nbsp;<\/li>\n<\/ul>\n\n\n\n<ul class=\"wp-block-list\">\n<li>Fotocopia de documento de identidad del trabajador y del beneficiario.&nbsp;<\/li>\n<\/ul>\n\n\n\n<ul class=\"wp-block-list\">\n<li>Copia del resultado de las pruebas ICFES (m\u00ednimo 60&nbsp;%).&nbsp;<\/li>\n<\/ul>\n\n\n\n<ul class=\"wp-block-list\">\n<li>Certificado de calificaciones definitivas de los grados d\u00e9cimo (10\u00b0) y und\u00e9cimo (11\u00b0) con notas B\u00e1sicas, Sobresalientes y Excelentes.&nbsp;<\/li>\n<\/ul>\n<\/div>\n\n\n\n<p><\/p>\n\n\n\n<p>El formulario&nbsp;puede descargarse&nbsp;en nuestra <a href=\"https:\/\/www.combarranquilla.co\/\">p\u00e1gina web<\/a>&nbsp;&gt;&nbsp;Aportes y Subsidio&nbsp;&gt;&nbsp;Educativo&nbsp;&gt;&nbsp;Beca Progreso. Los documentos deben presentarse&nbsp;en las Unidades de Servicio de&nbsp;Combarranquilla&nbsp;(Country, Boston, Paseo Bol\u00edvar, Calle 30, BC Empresarial y Sabanalarga) o&nbsp;enviarse&nbsp;al correo electr\u00f3nico&nbsp;<a href=\"mailto:beca.progreso@combarranquilla.co\" target=\"_blank\" rel=\"noreferrer noopener\">beca.progreso@combarranquilla.co<\/a>.&nbsp;Cabe destacar que la inscripci\u00f3n a la Beca Progreso es&nbsp;totalmente gratis.<\/p>\n\n\n\n<h3 class=\"wp-block-heading\" style=\"font-size:18px\"><strong>\u00bfQu\u00e9 dicen nuestros becarios?<\/strong>&nbsp;<\/h3>\n\n\n\n<div class=\"wp-block-media-text\" style=\"grid-template-columns:20% auto\"><figure class=\"wp-block-media-text__media\"><img decoding=\"async\" width=\"1920\" height=\"2560\" data-src=\"https:\/\/tuguia.combarranquilla.co\/Revista\/wp-content\/uploads\/2025\/10\/image00009-scaled.jpeg\" alt=\"\" class=\"wp-image-7975 size-full lazyload\" data-srcset=\"https:\/\/tuguia.combarranquilla.co\/Revista\/wp-content\/uploads\/2025\/10\/image00009-scaled.jpeg 1920w, https:\/\/tuguia.combarranquilla.co\/Revista\/wp-content\/uploads\/2025\/10\/image00009-225x300.jpeg 225w, https:\/\/tuguia.combarranquilla.co\/Revista\/wp-content\/uploads\/2025\/10\/image00009-768x1024.jpeg 768w, https:\/\/tuguia.combarranquilla.co\/Revista\/wp-content\/uploads\/2025\/10\/image00009-1152x1536.jpeg 1152w, https:\/\/tuguia.combarranquilla.co\/Revista\/wp-content\/uploads\/2025\/10\/image00009-1536x2048.jpeg 1536w\" data-sizes=\"(max-width: 1920px) 100vw, 1920px\" src=\"data:image\/svg+xml;base64,PHN2ZyB3aWR0aD0iMSIgaGVpZ2h0PSIxIiB4bWxucz0iaHR0cDovL3d3dy53My5vcmcvMjAwMC9zdmciPjwvc3ZnPg==\" style=\"--smush-placeholder-width: 1920px; --smush-placeholder-aspect-ratio: 1920\/2560;\" \/><\/figure><div class=\"wp-block-media-text__content\">\n<p>\u201cLa beca&nbsp;fue ese eslab\u00f3n que necesitaba para cambiar mi vida.&nbsp;Todo fue una secuencia: me gan\u00e9 la beca&nbsp;y&nbsp;pude estudiar en la Norte; despu\u00e9s de estudiar en la Norte, pude hacer mi maestr\u00eda;&nbsp;y despu\u00e9s de mi maestr\u00eda,&nbsp;realic\u00e9&nbsp;mi doctorado&nbsp;en Estados Unidos.&nbsp;Espero que&nbsp;Combarranquilla&nbsp;siga&nbsp;becando a muchos estudiantes&#8221;.<\/p>\n\n\n\n<p><strong><em>Alejandro Sep\u00falveda,&nbsp;becario&nbsp;2012<\/em><\/strong><\/p>\n<\/div><\/div>\n\n\n\n<div class=\"wp-block-media-text has-media-on-the-right\" style=\"grid-template-columns:auto 20%\"><div class=\"wp-block-media-text__content\">\n<p>&#8220;Agradezco a Combarranquilla por darme la oportunidad de&nbsp;ganar la beca.&nbsp;Tengan la certeza de que siempre dar\u00e9 lo mejor de m\u00ed para llevar su nombre en alto.&nbsp;Estoy muy agradecida con Dios por haberme escogido para ser beneficiaria&nbsp;de la hermosa familia que es Combarranquilla&#8221;.<\/p>\n\n\n\n<p><strong><em>Lauren Berrio, becaria 2023<\/em><\/strong><\/p>\n<\/div><figure class=\"wp-block-media-text__media\"><img decoding=\"async\" width=\"683\" height=\"1024\" data-src=\"https:\/\/tuguia.combarranquilla.co\/Revista\/wp-content\/uploads\/2025\/10\/DSC9702-683x1024.jpg\" alt=\"\" class=\"wp-image-7976 size-full lazyload\" data-srcset=\"https:\/\/tuguia.combarranquilla.co\/Revista\/wp-content\/uploads\/2025\/10\/DSC9702-683x1024.jpg 683w, https:\/\/tuguia.combarranquilla.co\/Revista\/wp-content\/uploads\/2025\/10\/DSC9702-200x300.jpg 200w, https:\/\/tuguia.combarranquilla.co\/Revista\/wp-content\/uploads\/2025\/10\/DSC9702-768x1152.jpg 768w, https:\/\/tuguia.combarranquilla.co\/Revista\/wp-content\/uploads\/2025\/10\/DSC9702-1024x1536.jpg 1024w, https:\/\/tuguia.combarranquilla.co\/Revista\/wp-content\/uploads\/2025\/10\/DSC9702-1365x2048.jpg 1365w, https:\/\/tuguia.combarranquilla.co\/Revista\/wp-content\/uploads\/2025\/10\/DSC9702-scaled.jpg 1706w\" data-sizes=\"(max-width: 683px) 100vw, 683px\" src=\"data:image\/svg+xml;base64,PHN2ZyB3aWR0aD0iMSIgaGVpZ2h0PSIxIiB4bWxucz0iaHR0cDovL3d3dy53My5vcmcvMjAwMC9zdmciPjwvc3ZnPg==\" style=\"--smush-placeholder-width: 683px; --smush-placeholder-aspect-ratio: 683\/1024;\" \/><\/figure><\/div>\n\n\n\n<h2 class=\"wp-block-heading has-medium-font-size\"><strong>Premio Excelencia Acad\u00e9mica:&nbsp;un est\u00edmulo al aprendizaje<\/strong>&nbsp;<\/h2>\n\n\n\n<p>El Premio Excelencia Acad\u00e9mica reconoce&nbsp;a los bachilleres&nbsp;que obtuvieron&nbsp;altos niveles de desempe\u00f1o acad\u00e9mico durante su proceso de formaci\u00f3n.&nbsp;Los seleccionados reciben un computador, que hoy es una herramienta indispensable para los estudios.&nbsp;<\/p>\n\n\n\n<p>Los\u00a0interesados en participar\u00a0deben:\u00a0<\/p>\n\n\n\n<div class=\"wp-block-group is-vertical is-layout-flex wp-container-core-group-is-layout-8cf370e7 wp-block-group-is-layout-flex\">\n<ul class=\"wp-block-list\">\n<li>Ser hijos&nbsp;de trabajador beneficiario afiliado, que devengue menos de cuatro (4) salarios m\u00ednimos.&nbsp;<\/li>\n<\/ul>\n\n\n\n<ul class=\"wp-block-list\">\n<li>Ser menores&nbsp;de 19 a\u00f1os.&nbsp;<\/li>\n<\/ul>\n\n\n\n<ul class=\"wp-block-list\">\n<li>Haberse graduado o ser candidato a grado de bachiller en el mismo per\u00edodo de la convocatoria.&nbsp;<\/li>\n<\/ul>\n\n\n\n<ul class=\"wp-block-list\">\n<li>Haber presentado las pruebas del ICFES en el mismo per\u00edodo&nbsp;en&nbsp;el&nbsp;que&nbsp;se realiza la convocatoria.&nbsp;<\/li>\n<\/ul>\n\n\n\n<ul class=\"wp-block-list\">\n<li>Contar con el certificado de calificaciones definitivas de los grados d\u00e9cimo (10\u00b0) y und\u00e9cimo (11\u00b0) con notas B\u00e1sicas, Sobresalientes y Excelentes.&nbsp;<\/li>\n<\/ul>\n\n\n\n<ul class=\"wp-block-list\">\n<li>La empresa donde labore el afiliado debe estar al d\u00eda en los aportes.&nbsp;<\/li>\n<\/ul>\n<\/div>\n\n\n\n<p><\/p>\n\n\n\n<p>La inscripci\u00f3n&nbsp;se realiza&nbsp;presentando&nbsp;el formulario&nbsp;en las Unidades de Servicios, junto con&nbsp;la siguiente documentaci\u00f3n:&nbsp;<\/p>\n\n\n\n<div class=\"wp-block-group is-vertical is-layout-flex wp-container-core-group-is-layout-8cf370e7 wp-block-group-is-layout-flex\">\n<ul class=\"wp-block-list\">\n<li>Fotocopia del documento de identidad del aspirante.&nbsp;<\/li>\n<\/ul>\n\n\n\n<ul class=\"wp-block-list\">\n<li>Copia del resultado de las pruebas ICFES (m\u00ednimo 60&nbsp;%).&nbsp;<\/li>\n<\/ul>\n\n\n\n<ul class=\"wp-block-list\">\n<li>Certificado de calificaciones definitivas de los grados d\u00e9cimo (10\u00b0) y und\u00e9cimo (11\u00b0) con notas B\u00e1sicas, Sobresalientes y Excelentes.&nbsp;<\/li>\n<\/ul>\n<\/div>\n\n\n\n<p><\/p>\n\n\n\n<p><em><strong>Recuerda:<\/strong>&nbsp;El&nbsp;candidato a la Beca Progreso tambi\u00e9n puede participar&nbsp;por el Premio Excelencia Acad\u00e9mica.&nbsp;<\/em><\/p>\n\n\n\n<p>El 21 de noviembre es la fecha de cierre de estos dos programas que promueve Combarranquilla. Las puertas de la educaci\u00f3n est\u00e1n abiertas para recibir a todo aquel que&nbsp;quiere&nbsp;caminar hacia el futuro. Cumplir los sue\u00f1os es posible cuando todos trabajamos por ello. Post\u00falate y transforma tu vida con nosotros.&nbsp;<\/p>\n","protected":false},"excerpt":{"rendered":"<p>Hasta el 21 de noviembre&nbsp;puedes aplicar a la Beca Progreso y al Premio Excelencia Acad\u00e9mica de Combarranquilla, dos programas que&nbsp;reconocen&nbsp;el m\u00e9rito&nbsp;y la dedicaci\u00f3n.&nbsp; En Combarranquilla,&nbsp;creemos que&nbsp;la educaci\u00f3n es el pilar&nbsp;para el&nbsp;desarrollo humano. Es a trav\u00e9s de ella&nbsp;que miles de personas logran su misi\u00f3n de marcar la diferencia en el mundo. Desde la Caja, buscamos seguir [&hellip;]<\/p>\n","protected":false},"author":2,"featured_media":7983,"comment_status":"open","ping_status":"open","sticky":false,"template":"","format":"standard","meta":{"inline_featured_image":false,"footnotes":""},"categories":[2],"tags":[],"class_list":["post-7973","post","type-post","status-publish","format-standard","has-post-thumbnail","hentry","category-subsidios"],"yoast_head":"<!-- This site is optimized with the Yoast SEO plugin v27.4 - https:\/\/yoast.com\/product\/yoast-seo-wordpress\/ -->\n<title>La Beca Progreso y el Premio Excelencia: dos programas que transforman vidas - Tu Gu\u00eda<\/title>\n<meta name=\"description\" content=\"Hasta el 21 de noviembre puedes aplicar a la Beca Progreso y al Premio Excelencia Acad\u00e9mica, dos programas que\u00a0reconocen\u00a0el m\u00e9rito.\" \/>\n<meta name=\"robots\" content=\"index, follow, max-snippet:-1, max-image-preview:large, max-video-preview:-1\" \/>\n<link rel=\"canonical\" href=\"https:\/\/tuguia.combarranquilla.co\/Revista\/la-beca-progreso-y-el-premio-excelencia-dos-programas-que-transforman-vidas\/\" \/>\n<meta property=\"og:locale\" content=\"es_ES\" \/>\n<meta property=\"og:type\" content=\"article\" \/>\n<meta property=\"og:title\" content=\"La Beca Progreso y el Premio Excelencia: dos programas que transforman vidas - Tu Gu\u00eda\" \/>\n<meta property=\"og:description\" content=\"Hasta el 21 de noviembre puedes aplicar a la Beca Progreso y al Premio Excelencia Acad\u00e9mica, dos programas que\u00a0reconocen\u00a0el m\u00e9rito.\" \/>\n<meta property=\"og:url\" content=\"https:\/\/tuguia.combarranquilla.co\/Revista\/la-beca-progreso-y-el-premio-excelencia-dos-programas-que-transforman-vidas\/\" \/>\n<meta property=\"og:site_name\" content=\"Tu Gu\u00eda\" \/>\n<meta property=\"article:published_time\" content=\"2025-11-01T16:45:00+00:00\" \/>\n<meta property=\"article:modified_time\" content=\"2025-11-12T19:39:52+00:00\" \/>\n<meta property=\"og:image\" content=\"https:\/\/tuguia.combarranquilla.co\/Revista\/wp-content\/uploads\/2025\/10\/Revista-Combarranquilla-1-4-scaled.jpg\" \/>\n\t<meta property=\"og:image:width\" content=\"2560\" \/>\n\t<meta property=\"og:image:height\" content=\"1280\" \/>\n\t<meta property=\"og:image:type\" content=\"image\/jpeg\" \/>\n<meta name=\"author\" content=\"Comunicaciones Combarranquilla\" \/>\n<meta name=\"twitter:card\" content=\"summary_large_image\" \/>\n<meta name=\"twitter:label1\" content=\"Escrito por\" \/>\n\t<meta name=\"twitter:data1\" content=\"Comunicaciones Combarranquilla\" \/>\n\t<meta name=\"twitter:label2\" content=\"Tiempo de lectura\" \/>\n\t<meta name=\"twitter:data2\" content=\"4 minutos\" \/>\n<script type=\"application\/ld+json\" class=\"yoast-schema-graph\">{\"@context\":\"https:\\\/\\\/schema.org\",\"@graph\":[{\"@type\":\"Article\",\"@id\":\"https:\\\/\\\/tuguia.combarranquilla.co\\\/Revista\\\/la-beca-progreso-y-el-premio-excelencia-dos-programas-que-transforman-vidas\\\/#article\",\"isPartOf\":{\"@id\":\"https:\\\/\\\/tuguia.combarranquilla.co\\\/Revista\\\/la-beca-progreso-y-el-premio-excelencia-dos-programas-que-transforman-vidas\\\/\"},\"author\":{\"name\":\"Comunicaciones Combarranquilla\",\"@id\":\"https:\\\/\\\/tuguia.combarranquilla.co\\\/Revista\\\/#\\\/schema\\\/person\\\/c2c396a77170bd1d5f8ba73294eb0d10\"},\"headline\":\"La Beca Progreso y el Premio Excelencia: dos programas que transforman vidas\",\"datePublished\":\"2025-11-01T16:45:00+00:00\",\"dateModified\":\"2025-11-12T19:39:52+00:00\",\"mainEntityOfPage\":{\"@id\":\"https:\\\/\\\/tuguia.combarranquilla.co\\\/Revista\\\/la-beca-progreso-y-el-premio-excelencia-dos-programas-que-transforman-vidas\\\/\"},\"wordCount\":858,\"commentCount\":0,\"publisher\":{\"@id\":\"https:\\\/\\\/tuguia.combarranquilla.co\\\/Revista\\\/#organization\"},\"image\":{\"@id\":\"https:\\\/\\\/tuguia.combarranquilla.co\\\/Revista\\\/la-beca-progreso-y-el-premio-excelencia-dos-programas-que-transforman-vidas\\\/#primaryimage\"},\"thumbnailUrl\":\"https:\\\/\\\/tuguia.combarranquilla.co\\\/Revista\\\/wp-content\\\/uploads\\\/2025\\\/10\\\/Revista-Combarranquilla-1-4-scaled.jpg\",\"articleSection\":[\"SUBSIDIOS\"],\"inLanguage\":\"es-CO\",\"potentialAction\":[{\"@type\":\"CommentAction\",\"name\":\"Comment\",\"target\":[\"https:\\\/\\\/tuguia.combarranquilla.co\\\/Revista\\\/la-beca-progreso-y-el-premio-excelencia-dos-programas-que-transforman-vidas\\\/#respond\"]}]},{\"@type\":\"WebPage\",\"@id\":\"https:\\\/\\\/tuguia.combarranquilla.co\\\/Revista\\\/la-beca-progreso-y-el-premio-excelencia-dos-programas-que-transforman-vidas\\\/\",\"url\":\"https:\\\/\\\/tuguia.combarranquilla.co\\\/Revista\\\/la-beca-progreso-y-el-premio-excelencia-dos-programas-que-transforman-vidas\\\/\",\"name\":\"La Beca Progreso y el Premio Excelencia: dos programas que transforman vidas - Tu Gu\u00eda\",\"isPartOf\":{\"@id\":\"https:\\\/\\\/tuguia.combarranquilla.co\\\/Revista\\\/#website\"},\"primaryImageOfPage\":{\"@id\":\"https:\\\/\\\/tuguia.combarranquilla.co\\\/Revista\\\/la-beca-progreso-y-el-premio-excelencia-dos-programas-que-transforman-vidas\\\/#primaryimage\"},\"image\":{\"@id\":\"https:\\\/\\\/tuguia.combarranquilla.co\\\/Revista\\\/la-beca-progreso-y-el-premio-excelencia-dos-programas-que-transforman-vidas\\\/#primaryimage\"},\"thumbnailUrl\":\"https:\\\/\\\/tuguia.combarranquilla.co\\\/Revista\\\/wp-content\\\/uploads\\\/2025\\\/10\\\/Revista-Combarranquilla-1-4-scaled.jpg\",\"datePublished\":\"2025-11-01T16:45:00+00:00\",\"dateModified\":\"2025-11-12T19:39:52+00:00\",\"description\":\"Hasta el 21 de noviembre puedes aplicar a la Beca Progreso y al Premio Excelencia Acad\u00e9mica, dos programas que\u00a0reconocen\u00a0el m\u00e9rito.\",\"breadcrumb\":{\"@id\":\"https:\\\/\\\/tuguia.combarranquilla.co\\\/Revista\\\/la-beca-progreso-y-el-premio-excelencia-dos-programas-que-transforman-vidas\\\/#breadcrumb\"},\"inLanguage\":\"es-CO\",\"potentialAction\":[{\"@type\":\"ReadAction\",\"target\":[\"https:\\\/\\\/tuguia.combarranquilla.co\\\/Revista\\\/la-beca-progreso-y-el-premio-excelencia-dos-programas-que-transforman-vidas\\\/\"]}]},{\"@type\":\"ImageObject\",\"inLanguage\":\"es-CO\",\"@id\":\"https:\\\/\\\/tuguia.combarranquilla.co\\\/Revista\\\/la-beca-progreso-y-el-premio-excelencia-dos-programas-que-transforman-vidas\\\/#primaryimage\",\"url\":\"https:\\\/\\\/tuguia.combarranquilla.co\\\/Revista\\\/wp-content\\\/uploads\\\/2025\\\/10\\\/Revista-Combarranquilla-1-4-scaled.jpg\",\"contentUrl\":\"https:\\\/\\\/tuguia.combarranquilla.co\\\/Revista\\\/wp-content\\\/uploads\\\/2025\\\/10\\\/Revista-Combarranquilla-1-4-scaled.jpg\",\"width\":2560,\"height\":1280},{\"@type\":\"BreadcrumbList\",\"@id\":\"https:\\\/\\\/tuguia.combarranquilla.co\\\/Revista\\\/la-beca-progreso-y-el-premio-excelencia-dos-programas-que-transforman-vidas\\\/#breadcrumb\",\"itemListElement\":[{\"@type\":\"ListItem\",\"position\":1,\"name\":\"Inicio\",\"item\":\"https:\\\/\\\/tuguia.combarranquilla.co\\\/Revista\\\/\"},{\"@type\":\"ListItem\",\"position\":2,\"name\":\"La Beca Progreso y el Premio Excelencia: dos programas que transforman vidas\"}]},{\"@type\":\"WebSite\",\"@id\":\"https:\\\/\\\/tuguia.combarranquilla.co\\\/Revista\\\/#website\",\"url\":\"https:\\\/\\\/tuguia.combarranquilla.co\\\/Revista\\\/\",\"name\":\"Tu Gu\u00eda\",\"description\":\"La revista donde lo tienes todo.\",\"publisher\":{\"@id\":\"https:\\\/\\\/tuguia.combarranquilla.co\\\/Revista\\\/#organization\"},\"alternateName\":\"Tu Gu\u00eda Combarranquilla\",\"potentialAction\":[{\"@type\":\"SearchAction\",\"target\":{\"@type\":\"EntryPoint\",\"urlTemplate\":\"https:\\\/\\\/tuguia.combarranquilla.co\\\/Revista\\\/?s={search_term_string}\"},\"query-input\":{\"@type\":\"PropertyValueSpecification\",\"valueRequired\":true,\"valueName\":\"search_term_string\"}}],\"inLanguage\":\"es-CO\"},{\"@type\":\"Organization\",\"@id\":\"https:\\\/\\\/tuguia.combarranquilla.co\\\/Revista\\\/#organization\",\"name\":\"Tu Gu\u00eda Combarranquilla\",\"url\":\"https:\\\/\\\/tuguia.combarranquilla.co\\\/Revista\\\/\",\"logo\":{\"@type\":\"ImageObject\",\"inLanguage\":\"es-CO\",\"@id\":\"https:\\\/\\\/tuguia.combarranquilla.co\\\/Revista\\\/#\\\/schema\\\/logo\\\/image\\\/\",\"url\":\"https:\\\/\\\/tuguia.combarranquilla.co\\\/Revista\\\/wp-content\\\/uploads\\\/2022\\\/02\\\/logo-guia-combarranquilla.svg\",\"contentUrl\":\"https:\\\/\\\/tuguia.combarranquilla.co\\\/Revista\\\/wp-content\\\/uploads\\\/2022\\\/02\\\/logo-guia-combarranquilla.svg\",\"caption\":\"Tu Gu\u00eda Combarranquilla\"},\"image\":{\"@id\":\"https:\\\/\\\/tuguia.combarranquilla.co\\\/Revista\\\/#\\\/schema\\\/logo\\\/image\\\/\"}},{\"@type\":\"Person\",\"@id\":\"https:\\\/\\\/tuguia.combarranquilla.co\\\/Revista\\\/#\\\/schema\\\/person\\\/c2c396a77170bd1d5f8ba73294eb0d10\",\"name\":\"Comunicaciones Combarranquilla\",\"image\":{\"@type\":\"ImageObject\",\"inLanguage\":\"es-CO\",\"@id\":\"https:\\\/\\\/tuguia.combarranquilla.co\\\/Revista\\\/wp-content\\\/uploads\\\/2025\\\/05\\\/ABC-Al-Rojo-Logo-96x96.jpg\",\"url\":\"https:\\\/\\\/tuguia.combarranquilla.co\\\/Revista\\\/wp-content\\\/uploads\\\/2025\\\/05\\\/ABC-Al-Rojo-Logo-96x96.jpg\",\"contentUrl\":\"https:\\\/\\\/tuguia.combarranquilla.co\\\/Revista\\\/wp-content\\\/uploads\\\/2025\\\/05\\\/ABC-Al-Rojo-Logo-96x96.jpg\",\"caption\":\"Comunicaciones Combarranquilla\"},\"sameAs\":[\"https:\\\/\\\/www.combarranquilla.co\"],\"url\":\"https:\\\/\\\/tuguia.combarranquilla.co\\\/Revista\\\/author\\\/comunicaciones\\\/\"}]}<\/script>\n<!-- \/ Yoast SEO plugin. -->","yoast_head_json":{"title":"La Beca Progreso y el Premio Excelencia: dos programas que transforman vidas - Tu Gu\u00eda","description":"Hasta el 21 de noviembre puedes aplicar a la Beca Progreso y al Premio Excelencia Acad\u00e9mica, dos programas que\u00a0reconocen\u00a0el m\u00e9rito.","robots":{"index":"index","follow":"follow","max-snippet":"max-snippet:-1","max-image-preview":"max-image-preview:large","max-video-preview":"max-video-preview:-1"},"canonical":"https:\/\/tuguia.combarranquilla.co\/Revista\/la-beca-progreso-y-el-premio-excelencia-dos-programas-que-transforman-vidas\/","og_locale":"es_ES","og_type":"article","og_title":"La Beca Progreso y el Premio Excelencia: dos programas que transforman vidas - Tu Gu\u00eda","og_description":"Hasta el 21 de noviembre puedes aplicar a la Beca Progreso y al Premio Excelencia Acad\u00e9mica, dos programas que\u00a0reconocen\u00a0el m\u00e9rito.","og_url":"https:\/\/tuguia.combarranquilla.co\/Revista\/la-beca-progreso-y-el-premio-excelencia-dos-programas-que-transforman-vidas\/","og_site_name":"Tu Gu\u00eda","article_published_time":"2025-11-01T16:45:00+00:00","article_modified_time":"2025-11-12T19:39:52+00:00","og_image":[{"width":2560,"height":1280,"url":"https:\/\/tuguia.combarranquilla.co\/Revista\/wp-content\/uploads\/2025\/10\/Revista-Combarranquilla-1-4-scaled.jpg","type":"image\/jpeg"}],"author":"Comunicaciones Combarranquilla","twitter_card":"summary_large_image","twitter_misc":{"Escrito por":"Comunicaciones Combarranquilla","Tiempo de lectura":"4 minutos"},"schema":{"@context":"https:\/\/schema.org","@graph":[{"@type":"Article","@id":"https:\/\/tuguia.combarranquilla.co\/Revista\/la-beca-progreso-y-el-premio-excelencia-dos-programas-que-transforman-vidas\/#article","isPartOf":{"@id":"https:\/\/tuguia.combarranquilla.co\/Revista\/la-beca-progreso-y-el-premio-excelencia-dos-programas-que-transforman-vidas\/"},"author":{"name":"Comunicaciones Combarranquilla","@id":"https:\/\/tuguia.combarranquilla.co\/Revista\/#\/schema\/person\/c2c396a77170bd1d5f8ba73294eb0d10"},"headline":"La Beca Progreso y el Premio Excelencia: dos programas que transforman vidas","datePublished":"2025-11-01T16:45:00+00:00","dateModified":"2025-11-12T19:39:52+00:00","mainEntityOfPage":{"@id":"https:\/\/tuguia.combarranquilla.co\/Revista\/la-beca-progreso-y-el-premio-excelencia-dos-programas-que-transforman-vidas\/"},"wordCount":858,"commentCount":0,"publisher":{"@id":"https:\/\/tuguia.combarranquilla.co\/Revista\/#organization"},"image":{"@id":"https:\/\/tuguia.combarranquilla.co\/Revista\/la-beca-progreso-y-el-premio-excelencia-dos-programas-que-transforman-vidas\/#primaryimage"},"thumbnailUrl":"https:\/\/tuguia.combarranquilla.co\/Revista\/wp-content\/uploads\/2025\/10\/Revista-Combarranquilla-1-4-scaled.jpg","articleSection":["SUBSIDIOS"],"inLanguage":"es-CO","potentialAction":[{"@type":"CommentAction","name":"Comment","target":["https:\/\/tuguia.combarranquilla.co\/Revista\/la-beca-progreso-y-el-premio-excelencia-dos-programas-que-transforman-vidas\/#respond"]}]},{"@type":"WebPage","@id":"https:\/\/tuguia.combarranquilla.co\/Revista\/la-beca-progreso-y-el-premio-excelencia-dos-programas-que-transforman-vidas\/","url":"https:\/\/tuguia.combarranquilla.co\/Revista\/la-beca-progreso-y-el-premio-excelencia-dos-programas-que-transforman-vidas\/","name":"La Beca Progreso y el Premio Excelencia: dos programas que transforman vidas - Tu Gu\u00eda","isPartOf":{"@id":"https:\/\/tuguia.combarranquilla.co\/Revista\/#website"},"primaryImageOfPage":{"@id":"https:\/\/tuguia.combarranquilla.co\/Revista\/la-beca-progreso-y-el-premio-excelencia-dos-programas-que-transforman-vidas\/#primaryimage"},"image":{"@id":"https:\/\/tuguia.combarranquilla.co\/Revista\/la-beca-progreso-y-el-premio-excelencia-dos-programas-que-transforman-vidas\/#primaryimage"},"thumbnailUrl":"https:\/\/tuguia.combarranquilla.co\/Revista\/wp-content\/uploads\/2025\/10\/Revista-Combarranquilla-1-4-scaled.jpg","datePublished":"2025-11-01T16:45:00+00:00","dateModified":"2025-11-12T19:39:52+00:00","description":"Hasta el 21 de noviembre puedes aplicar a la Beca Progreso y al Premio Excelencia Acad\u00e9mica, dos programas que\u00a0reconocen\u00a0el m\u00e9rito.","breadcrumb":{"@id":"https:\/\/tuguia.combarranquilla.co\/Revista\/la-beca-progreso-y-el-premio-excelencia-dos-programas-que-transforman-vidas\/#breadcrumb"},"inLanguage":"es-CO","potentialAction":[{"@type":"ReadAction","target":["https:\/\/tuguia.combarranquilla.co\/Revista\/la-beca-progreso-y-el-premio-excelencia-dos-programas-que-transforman-vidas\/"]}]},{"@type":"ImageObject","inLanguage":"es-CO","@id":"https:\/\/tuguia.combarranquilla.co\/Revista\/la-beca-progreso-y-el-premio-excelencia-dos-programas-que-transforman-vidas\/#primaryimage","url":"https:\/\/tuguia.combarranquilla.co\/Revista\/wp-content\/uploads\/2025\/10\/Revista-Combarranquilla-1-4-scaled.jpg","contentUrl":"https:\/\/tuguia.combarranquilla.co\/Revista\/wp-content\/uploads\/2025\/10\/Revista-Combarranquilla-1-4-scaled.jpg","width":2560,"height":1280},{"@type":"BreadcrumbList","@id":"https:\/\/tuguia.combarranquilla.co\/Revista\/la-beca-progreso-y-el-premio-excelencia-dos-programas-que-transforman-vidas\/#breadcrumb","itemListElement":[{"@type":"ListItem","position":1,"name":"Inicio","item":"https:\/\/tuguia.combarranquilla.co\/Revista\/"},{"@type":"ListItem","position":2,"name":"La Beca Progreso y el Premio Excelencia: dos programas que transforman vidas"}]},{"@type":"WebSite","@id":"https:\/\/tuguia.combarranquilla.co\/Revista\/#website","url":"https:\/\/tuguia.combarranquilla.co\/Revista\/","name":"Tu Gu\u00eda","description":"La revista donde lo tienes todo.","publisher":{"@id":"https:\/\/tuguia.combarranquilla.co\/Revista\/#organization"},"alternateName":"Tu Gu\u00eda Combarranquilla","potentialAction":[{"@type":"SearchAction","target":{"@type":"EntryPoint","urlTemplate":"https:\/\/tuguia.combarranquilla.co\/Revista\/?s={search_term_string}"},"query-input":{"@type":"PropertyValueSpecification","valueRequired":true,"valueName":"search_term_string"}}],"inLanguage":"es-CO"},{"@type":"Organization","@id":"https:\/\/tuguia.combarranquilla.co\/Revista\/#organization","name":"Tu Gu\u00eda Combarranquilla","url":"https:\/\/tuguia.combarranquilla.co\/Revista\/","logo":{"@type":"ImageObject","inLanguage":"es-CO","@id":"https:\/\/tuguia.combarranquilla.co\/Revista\/#\/schema\/logo\/image\/","url":"https:\/\/tuguia.combarranquilla.co\/Revista\/wp-content\/uploads\/2022\/02\/logo-guia-combarranquilla.svg","contentUrl":"https:\/\/tuguia.combarranquilla.co\/Revista\/wp-content\/uploads\/2022\/02\/logo-guia-combarranquilla.svg","caption":"Tu Gu\u00eda Combarranquilla"},"image":{"@id":"https:\/\/tuguia.combarranquilla.co\/Revista\/#\/schema\/logo\/image\/"}},{"@type":"Person","@id":"https:\/\/tuguia.combarranquilla.co\/Revista\/#\/schema\/person\/c2c396a77170bd1d5f8ba73294eb0d10","name":"Comunicaciones Combarranquilla","image":{"@type":"ImageObject","inLanguage":"es-CO","@id":"https:\/\/tuguia.combarranquilla.co\/Revista\/wp-content\/uploads\/2025\/05\/ABC-Al-Rojo-Logo-96x96.jpg","url":"https:\/\/tuguia.combarranquilla.co\/Revista\/wp-content\/uploads\/2025\/05\/ABC-Al-Rojo-Logo-96x96.jpg","contentUrl":"https:\/\/tuguia.combarranquilla.co\/Revista\/wp-content\/uploads\/2025\/05\/ABC-Al-Rojo-Logo-96x96.jpg","caption":"Comunicaciones Combarranquilla"},"sameAs":["https:\/\/www.combarranquilla.co"],"url":"https:\/\/tuguia.combarranquilla.co\/Revista\/author\/comunicaciones\/"}]}},"_links":{"self":[{"href":"https:\/\/tuguia.combarranquilla.co\/Revista\/wp-json\/wp\/v2\/posts\/7973","targetHints":{"allow":["GET"]}}],"collection":[{"href":"https:\/\/tuguia.combarranquilla.co\/Revista\/wp-json\/wp\/v2\/posts"}],"about":[{"href":"https:\/\/tuguia.combarranquilla.co\/Revista\/wp-json\/wp\/v2\/types\/post"}],"author":[{"embeddable":true,"href":"https:\/\/tuguia.combarranquilla.co\/Revista\/wp-json\/wp\/v2\/users\/2"}],"replies":[{"embeddable":true,"href":"https:\/\/tuguia.combarranquilla.co\/Revista\/wp-json\/wp\/v2\/comments?post=7973"}],"version-history":[{"count":11,"href":"https:\/\/tuguia.combarranquilla.co\/Revista\/wp-json\/wp\/v2\/posts\/7973\/revisions"}],"predecessor-version":[{"id":8087,"href":"https:\/\/tuguia.combarranquilla.co\/Revista\/wp-json\/wp\/v2\/posts\/7973\/revisions\/8087"}],"wp:featuredmedia":[{"embeddable":true,"href":"https:\/\/tuguia.combarranquilla.co\/Revista\/wp-json\/wp\/v2\/media\/7983"}],"wp:attachment":[{"href":"https:\/\/tuguia.combarranquilla.co\/Revista\/wp-json\/wp\/v2\/media?parent=7973"}],"wp:term":[{"taxonomy":"category","embeddable":true,"href":"https:\/\/tuguia.combarranquilla.co\/Revista\/wp-json\/wp\/v2\/categories?post=7973"},{"taxonomy":"post_tag","embeddable":true,"href":"https:\/\/tuguia.combarranquilla.co\/Revista\/wp-json\/wp\/v2\/tags?post=7973"}],"curies":[{"name":"wp","href":"https:\/\/api.w.org\/{rel}","templated":true}]}}