{"id":7993,"date":"2025-11-01T11:40:29","date_gmt":"2025-11-01T16:40:29","guid":{"rendered":"https:\/\/tuguia.combarranquilla.co\/Revista\/?p=7993"},"modified":"2025-11-20T10:46:15","modified_gmt":"2025-11-20T15:46:15","slug":"seminario-tomando-ventaja-potencia-tu-liderazgo-empresarial","status":"publish","type":"post","link":"https:\/\/tuguia.combarranquilla.co\/Revista\/seminario-tomando-ventaja-potencia-tu-liderazgo-empresarial\/","title":{"rendered":"Seminario &#8220;Tomando ventaja&#8221;: potencia tu liderazgo empresarial"},"content":{"rendered":"\n<p>La planeaci\u00f3n\u00a0estrat\u00e9gica es un proceso que no solo permite el posicionamiento de una empresa. Tambi\u00e9n le da\u00a0un\u00a0valor\u00a0intangible ante los ojos de los clientes. En la actualidad,\u00a0resulta esencial\u00a0crear espacios\u00a0que\u00a0brinden herramientas para\u00a0liderar con prop\u00f3sito\u00a0y\u00a0resaltar en el mercado.\u00a0Con el objetivo de\u00a0dialogar\u00a0sobre\u00a0este tema,\u00a0este 8 de noviembre\u00a0llega el seminario \u201cTomando ventaja\u201d del Centro de Formaci\u00f3n de Combarranquilla.\u00a0Un espacio\u00a0para l\u00edderes que desean transformar su forma de pensar, decidir y generar impacto en sus organizaciones.<\/p>\n\n\n\n<h2 class=\"wp-block-heading has-medium-font-size\">Desarrollo de una mentalidad empresarial<\/h2>\n\n\n\n<p>Este seminario\u00a0est\u00e1 dise\u00f1ado para ejecutivos y directivos que buscan entender las din\u00e1micas cambiantes del mundo organizacional.\u00a0El espacio ser\u00e1 dirigido por\u00a0docentes y facilitadores que apoyar\u00e1n el proceso de aprendizaje de los participantes.\u00a0En esta oportunidad, nos acompa\u00f1ar\u00e1n:<\/p>\n\n\n\n<div class=\"wp-block-group is-vertical is-layout-flex wp-container-core-group-is-layout-8cf370e7 wp-block-group-is-layout-flex\">\n<ul class=\"wp-block-list\">\n<li>Bacon&nbsp;Insights,&nbsp;equipo&nbsp;de especialistas&nbsp;en estrategia organizacional.&nbsp;<\/li>\n<\/ul>\n\n\n\n<ul class=\"wp-block-list\">\n<li>Felipe Zapata, socio fundador de Bacon&nbsp;Insights.&nbsp;<\/li>\n<\/ul>\n\n\n\n<ul class=\"wp-block-list\">\n<li>Reinaldo Niebles, director de Desarrollo y Prospectiva de la C\u00e1mara de Comercio de Barranquilla.&nbsp;<\/li>\n<\/ul>\n<\/div>\n\n\n\n<p><\/p>\n\n\n\n<h2 class=\"wp-block-heading has-medium-font-size\">Beneficios del seminario<\/h2>\n\n\n\n<p>Los l\u00edderes de hoy necesitan&nbsp;reflexionar de manera profunda sobre&nbsp;lo que es la&nbsp;planeaci\u00f3n.&nbsp;Para ello,&nbsp;deben&nbsp;desarrollar&nbsp;una&nbsp;visi\u00f3n estrat\u00e9gica&nbsp;a trav\u00e9s del&nbsp;pensamiento \u00e1gil y&nbsp;de la capacidad para decidir.&nbsp;Con el seminario \u201cTomando ventaja\u201d podr\u00e1s:&nbsp;<\/p>\n\n\n\n<div class=\"wp-block-group is-vertical is-layout-flex wp-container-core-group-is-layout-8cf370e7 wp-block-group-is-layout-flex\">\n<ol start=\"1\" class=\"wp-block-list\">\n<li>Idear estrategias potentes, rentables y diferenciadoras.&nbsp;<\/li>\n<\/ol>\n\n\n\n<ol start=\"2\" class=\"wp-block-list\">\n<li>Aprender metodolog\u00edas modernas para la direcci\u00f3n y la toma de decisiones.&nbsp;<\/li>\n<\/ol>\n\n\n\n<ol start=\"3\" class=\"wp-block-list\">\n<li>Identificar palancas de valor para impulsar resultados en una organizaci\u00f3n.&nbsp;<\/li>\n<\/ol>\n\n\n\n<ol start=\"4\" class=\"wp-block-list\">\n<li>Poner en pr\u00e1ctica los conocimientos adquiridos con ejemplos reales.&nbsp;<\/li>\n<\/ol>\n<\/div>\n\n\n\n<p><\/p>\n\n\n\n<p>Para Felipe Zapata, este espacio es la oportunidad ideal para impulsar el pensamiento empresarial. \u201cEn Bacon creemos que construir una estrategia no es solamente hacer un plan, fijar unas metas o hablar de indicadores, sino una reflexi\u00f3n profunda sobre lo que realmente genera valor para mis clientes, y la manera en&nbsp;la que me organizo internamente para capitalizar ese valor\u201d,&nbsp;mencion\u00f3 en una&nbsp;corta entrevista para la revista&nbsp;<em>Tu Gu\u00eda.<\/em>&nbsp;<\/p>\n\n\n\n<p>Ampl\u00eda tu red profesional y comparte tus experiencias con otros l\u00edderes, mientras&nbsp;comienzas a caminar hacia el \u00e9xito de tu empresa.<\/p>\n","protected":false},"excerpt":{"rendered":"<p>La planeaci\u00f3n\u00a0estrat\u00e9gica es un proceso que no solo permite el posicionamiento de una empresa. Tambi\u00e9n le da\u00a0un\u00a0valor\u00a0intangible ante los ojos de los clientes. En la actualidad,\u00a0resulta esencial\u00a0crear espacios\u00a0que\u00a0brinden herramientas para\u00a0liderar con prop\u00f3sito\u00a0y\u00a0resaltar en el mercado.\u00a0Con el objetivo de\u00a0dialogar\u00a0sobre\u00a0este tema,\u00a0este 8 de noviembre\u00a0llega el seminario \u201cTomando ventaja\u201d del Centro de Formaci\u00f3n de Combarranquilla.\u00a0Un espacio\u00a0para l\u00edderes que [&hellip;]<\/p>\n","protected":false},"author":2,"featured_media":7996,"comment_status":"open","ping_status":"open","sticky":false,"template":"","format":"standard","meta":{"inline_featured_image":false,"footnotes":""},"categories":[8],"tags":[],"class_list":["post-7993","post","type-post","status-publish","format-standard","has-post-thumbnail","hentry","category-formacion"],"yoast_head":"<!-- This site is optimized with the Yoast SEO plugin v27.4 - https:\/\/yoast.com\/product\/yoast-seo-wordpress\/ -->\n<title>Seminario &quot;Tomando ventaja&quot;: potencia tu liderazgo empresarial - Tu Gu\u00eda<\/title>\n<meta name=\"robots\" content=\"index, follow, max-snippet:-1, max-image-preview:large, max-video-preview:-1\" \/>\n<link rel=\"canonical\" href=\"https:\/\/tuguia.combarranquilla.co\/Revista\/seminario-tomando-ventaja-potencia-tu-liderazgo-empresarial\/\" \/>\n<meta property=\"og:locale\" content=\"es_ES\" \/>\n<meta property=\"og:type\" content=\"article\" \/>\n<meta property=\"og:title\" content=\"Seminario &quot;Tomando ventaja&quot;: potencia tu liderazgo empresarial - Tu Gu\u00eda\" \/>\n<meta property=\"og:description\" content=\"La planeaci\u00f3n\u00a0estrat\u00e9gica es un proceso que no solo permite el posicionamiento de una empresa. Tambi\u00e9n le da\u00a0un\u00a0valor\u00a0intangible ante los ojos de los clientes. En la actualidad,\u00a0resulta esencial\u00a0crear espacios\u00a0que\u00a0brinden herramientas para\u00a0liderar con prop\u00f3sito\u00a0y\u00a0resaltar en el mercado.\u00a0Con el objetivo de\u00a0dialogar\u00a0sobre\u00a0este tema,\u00a0este 8 de noviembre\u00a0llega el seminario \u201cTomando ventaja\u201d del Centro de Formaci\u00f3n de Combarranquilla.\u00a0Un espacio\u00a0para l\u00edderes que [&hellip;]\" \/>\n<meta property=\"og:url\" content=\"https:\/\/tuguia.combarranquilla.co\/Revista\/seminario-tomando-ventaja-potencia-tu-liderazgo-empresarial\/\" \/>\n<meta property=\"og:site_name\" content=\"Tu Gu\u00eda\" \/>\n<meta property=\"article:published_time\" content=\"2025-11-01T16:40:29+00:00\" \/>\n<meta property=\"article:modified_time\" content=\"2025-11-20T15:46:15+00:00\" \/>\n<meta property=\"og:image\" content=\"https:\/\/tuguia.combarranquilla.co\/Revista\/wp-content\/uploads\/2025\/10\/Revista-Combarranquilla-4-scaled.jpg\" \/>\n\t<meta property=\"og:image:width\" content=\"2560\" \/>\n\t<meta property=\"og:image:height\" content=\"1280\" \/>\n\t<meta property=\"og:image:type\" content=\"image\/jpeg\" \/>\n<meta name=\"author\" content=\"Comunicaciones Combarranquilla\" \/>\n<meta name=\"twitter:card\" content=\"summary_large_image\" \/>\n<meta name=\"twitter:label1\" content=\"Escrito por\" \/>\n\t<meta name=\"twitter:data1\" content=\"Comunicaciones Combarranquilla\" \/>\n\t<meta name=\"twitter:label2\" content=\"Tiempo de lectura\" \/>\n\t<meta name=\"twitter:data2\" content=\"2 minutos\" \/>\n<script type=\"application\/ld+json\" class=\"yoast-schema-graph\">{\"@context\":\"https:\\\/\\\/schema.org\",\"@graph\":[{\"@type\":\"Article\",\"@id\":\"https:\\\/\\\/tuguia.combarranquilla.co\\\/Revista\\\/seminario-tomando-ventaja-potencia-tu-liderazgo-empresarial\\\/#article\",\"isPartOf\":{\"@id\":\"https:\\\/\\\/tuguia.combarranquilla.co\\\/Revista\\\/seminario-tomando-ventaja-potencia-tu-liderazgo-empresarial\\\/\"},\"author\":{\"name\":\"Comunicaciones Combarranquilla\",\"@id\":\"https:\\\/\\\/tuguia.combarranquilla.co\\\/Revista\\\/#\\\/schema\\\/person\\\/c2c396a77170bd1d5f8ba73294eb0d10\"},\"headline\":\"Seminario &#8220;Tomando ventaja&#8221;: potencia tu liderazgo empresarial\",\"datePublished\":\"2025-11-01T16:40:29+00:00\",\"dateModified\":\"2025-11-20T15:46:15+00:00\",\"mainEntityOfPage\":{\"@id\":\"https:\\\/\\\/tuguia.combarranquilla.co\\\/Revista\\\/seminario-tomando-ventaja-potencia-tu-liderazgo-empresarial\\\/\"},\"wordCount\":392,\"commentCount\":0,\"publisher\":{\"@id\":\"https:\\\/\\\/tuguia.combarranquilla.co\\\/Revista\\\/#organization\"},\"image\":{\"@id\":\"https:\\\/\\\/tuguia.combarranquilla.co\\\/Revista\\\/seminario-tomando-ventaja-potencia-tu-liderazgo-empresarial\\\/#primaryimage\"},\"thumbnailUrl\":\"https:\\\/\\\/tuguia.combarranquilla.co\\\/Revista\\\/wp-content\\\/uploads\\\/2025\\\/10\\\/Revista-Combarranquilla-4-scaled.jpg\",\"articleSection\":[\"FORMACI\u00d3N\"],\"inLanguage\":\"es-CO\",\"potentialAction\":[{\"@type\":\"CommentAction\",\"name\":\"Comment\",\"target\":[\"https:\\\/\\\/tuguia.combarranquilla.co\\\/Revista\\\/seminario-tomando-ventaja-potencia-tu-liderazgo-empresarial\\\/#respond\"]}]},{\"@type\":\"WebPage\",\"@id\":\"https:\\\/\\\/tuguia.combarranquilla.co\\\/Revista\\\/seminario-tomando-ventaja-potencia-tu-liderazgo-empresarial\\\/\",\"url\":\"https:\\\/\\\/tuguia.combarranquilla.co\\\/Revista\\\/seminario-tomando-ventaja-potencia-tu-liderazgo-empresarial\\\/\",\"name\":\"Seminario \\\"Tomando ventaja\\\": potencia tu liderazgo empresarial - Tu Gu\u00eda\",\"isPartOf\":{\"@id\":\"https:\\\/\\\/tuguia.combarranquilla.co\\\/Revista\\\/#website\"},\"primaryImageOfPage\":{\"@id\":\"https:\\\/\\\/tuguia.combarranquilla.co\\\/Revista\\\/seminario-tomando-ventaja-potencia-tu-liderazgo-empresarial\\\/#primaryimage\"},\"image\":{\"@id\":\"https:\\\/\\\/tuguia.combarranquilla.co\\\/Revista\\\/seminario-tomando-ventaja-potencia-tu-liderazgo-empresarial\\\/#primaryimage\"},\"thumbnailUrl\":\"https:\\\/\\\/tuguia.combarranquilla.co\\\/Revista\\\/wp-content\\\/uploads\\\/2025\\\/10\\\/Revista-Combarranquilla-4-scaled.jpg\",\"datePublished\":\"2025-11-01T16:40:29+00:00\",\"dateModified\":\"2025-11-20T15:46:15+00:00\",\"breadcrumb\":{\"@id\":\"https:\\\/\\\/tuguia.combarranquilla.co\\\/Revista\\\/seminario-tomando-ventaja-potencia-tu-liderazgo-empresarial\\\/#breadcrumb\"},\"inLanguage\":\"es-CO\",\"potentialAction\":[{\"@type\":\"ReadAction\",\"target\":[\"https:\\\/\\\/tuguia.combarranquilla.co\\\/Revista\\\/seminario-tomando-ventaja-potencia-tu-liderazgo-empresarial\\\/\"]}]},{\"@type\":\"ImageObject\",\"inLanguage\":\"es-CO\",\"@id\":\"https:\\\/\\\/tuguia.combarranquilla.co\\\/Revista\\\/seminario-tomando-ventaja-potencia-tu-liderazgo-empresarial\\\/#primaryimage\",\"url\":\"https:\\\/\\\/tuguia.combarranquilla.co\\\/Revista\\\/wp-content\\\/uploads\\\/2025\\\/10\\\/Revista-Combarranquilla-4-scaled.jpg\",\"contentUrl\":\"https:\\\/\\\/tuguia.combarranquilla.co\\\/Revista\\\/wp-content\\\/uploads\\\/2025\\\/10\\\/Revista-Combarranquilla-4-scaled.jpg\",\"width\":2560,\"height\":1280},{\"@type\":\"BreadcrumbList\",\"@id\":\"https:\\\/\\\/tuguia.combarranquilla.co\\\/Revista\\\/seminario-tomando-ventaja-potencia-tu-liderazgo-empresarial\\\/#breadcrumb\",\"itemListElement\":[{\"@type\":\"ListItem\",\"position\":1,\"name\":\"Inicio\",\"item\":\"https:\\\/\\\/tuguia.combarranquilla.co\\\/Revista\\\/\"},{\"@type\":\"ListItem\",\"position\":2,\"name\":\"Seminario &#8220;Tomando ventaja&#8221;: potencia tu liderazgo empresarial\"}]},{\"@type\":\"WebSite\",\"@id\":\"https:\\\/\\\/tuguia.combarranquilla.co\\\/Revista\\\/#website\",\"url\":\"https:\\\/\\\/tuguia.combarranquilla.co\\\/Revista\\\/\",\"name\":\"Tu Gu\u00eda\",\"description\":\"La revista donde lo tienes todo.\",\"publisher\":{\"@id\":\"https:\\\/\\\/tuguia.combarranquilla.co\\\/Revista\\\/#organization\"},\"alternateName\":\"Tu Gu\u00eda Combarranquilla\",\"potentialAction\":[{\"@type\":\"SearchAction\",\"target\":{\"@type\":\"EntryPoint\",\"urlTemplate\":\"https:\\\/\\\/tuguia.combarranquilla.co\\\/Revista\\\/?s={search_term_string}\"},\"query-input\":{\"@type\":\"PropertyValueSpecification\",\"valueRequired\":true,\"valueName\":\"search_term_string\"}}],\"inLanguage\":\"es-CO\"},{\"@type\":\"Organization\",\"@id\":\"https:\\\/\\\/tuguia.combarranquilla.co\\\/Revista\\\/#organization\",\"name\":\"Tu Gu\u00eda Combarranquilla\",\"url\":\"https:\\\/\\\/tuguia.combarranquilla.co\\\/Revista\\\/\",\"logo\":{\"@type\":\"ImageObject\",\"inLanguage\":\"es-CO\",\"@id\":\"https:\\\/\\\/tuguia.combarranquilla.co\\\/Revista\\\/#\\\/schema\\\/logo\\\/image\\\/\",\"url\":\"https:\\\/\\\/tuguia.combarranquilla.co\\\/Revista\\\/wp-content\\\/uploads\\\/2022\\\/02\\\/logo-guia-combarranquilla.svg\",\"contentUrl\":\"https:\\\/\\\/tuguia.combarranquilla.co\\\/Revista\\\/wp-content\\\/uploads\\\/2022\\\/02\\\/logo-guia-combarranquilla.svg\",\"caption\":\"Tu Gu\u00eda Combarranquilla\"},\"image\":{\"@id\":\"https:\\\/\\\/tuguia.combarranquilla.co\\\/Revista\\\/#\\\/schema\\\/logo\\\/image\\\/\"}},{\"@type\":\"Person\",\"@id\":\"https:\\\/\\\/tuguia.combarranquilla.co\\\/Revista\\\/#\\\/schema\\\/person\\\/c2c396a77170bd1d5f8ba73294eb0d10\",\"name\":\"Comunicaciones Combarranquilla\",\"image\":{\"@type\":\"ImageObject\",\"inLanguage\":\"es-CO\",\"@id\":\"https:\\\/\\\/tuguia.combarranquilla.co\\\/Revista\\\/wp-content\\\/uploads\\\/2025\\\/05\\\/ABC-Al-Rojo-Logo-96x96.jpg\",\"url\":\"https:\\\/\\\/tuguia.combarranquilla.co\\\/Revista\\\/wp-content\\\/uploads\\\/2025\\\/05\\\/ABC-Al-Rojo-Logo-96x96.jpg\",\"contentUrl\":\"https:\\\/\\\/tuguia.combarranquilla.co\\\/Revista\\\/wp-content\\\/uploads\\\/2025\\\/05\\\/ABC-Al-Rojo-Logo-96x96.jpg\",\"caption\":\"Comunicaciones Combarranquilla\"},\"sameAs\":[\"https:\\\/\\\/www.combarranquilla.co\"],\"url\":\"https:\\\/\\\/tuguia.combarranquilla.co\\\/Revista\\\/author\\\/comunicaciones\\\/\"}]}<\/script>\n<!-- \/ Yoast SEO plugin. -->","yoast_head_json":{"title":"Seminario \"Tomando ventaja\": potencia tu liderazgo empresarial - Tu Gu\u00eda","robots":{"index":"index","follow":"follow","max-snippet":"max-snippet:-1","max-image-preview":"max-image-preview:large","max-video-preview":"max-video-preview:-1"},"canonical":"https:\/\/tuguia.combarranquilla.co\/Revista\/seminario-tomando-ventaja-potencia-tu-liderazgo-empresarial\/","og_locale":"es_ES","og_type":"article","og_title":"Seminario \"Tomando ventaja\": potencia tu liderazgo empresarial - Tu Gu\u00eda","og_description":"La planeaci\u00f3n\u00a0estrat\u00e9gica es un proceso que no solo permite el posicionamiento de una empresa. Tambi\u00e9n le da\u00a0un\u00a0valor\u00a0intangible ante los ojos de los clientes. En la actualidad,\u00a0resulta esencial\u00a0crear espacios\u00a0que\u00a0brinden herramientas para\u00a0liderar con prop\u00f3sito\u00a0y\u00a0resaltar en el mercado.\u00a0Con el objetivo de\u00a0dialogar\u00a0sobre\u00a0este tema,\u00a0este 8 de noviembre\u00a0llega el seminario \u201cTomando ventaja\u201d del Centro de Formaci\u00f3n de Combarranquilla.\u00a0Un espacio\u00a0para l\u00edderes que [&hellip;]","og_url":"https:\/\/tuguia.combarranquilla.co\/Revista\/seminario-tomando-ventaja-potencia-tu-liderazgo-empresarial\/","og_site_name":"Tu Gu\u00eda","article_published_time":"2025-11-01T16:40:29+00:00","article_modified_time":"2025-11-20T15:46:15+00:00","og_image":[{"width":2560,"height":1280,"url":"https:\/\/tuguia.combarranquilla.co\/Revista\/wp-content\/uploads\/2025\/10\/Revista-Combarranquilla-4-scaled.jpg","type":"image\/jpeg"}],"author":"Comunicaciones Combarranquilla","twitter_card":"summary_large_image","twitter_misc":{"Escrito por":"Comunicaciones Combarranquilla","Tiempo de lectura":"2 minutos"},"schema":{"@context":"https:\/\/schema.org","@graph":[{"@type":"Article","@id":"https:\/\/tuguia.combarranquilla.co\/Revista\/seminario-tomando-ventaja-potencia-tu-liderazgo-empresarial\/#article","isPartOf":{"@id":"https:\/\/tuguia.combarranquilla.co\/Revista\/seminario-tomando-ventaja-potencia-tu-liderazgo-empresarial\/"},"author":{"name":"Comunicaciones Combarranquilla","@id":"https:\/\/tuguia.combarranquilla.co\/Revista\/#\/schema\/person\/c2c396a77170bd1d5f8ba73294eb0d10"},"headline":"Seminario &#8220;Tomando ventaja&#8221;: potencia tu liderazgo empresarial","datePublished":"2025-11-01T16:40:29+00:00","dateModified":"2025-11-20T15:46:15+00:00","mainEntityOfPage":{"@id":"https:\/\/tuguia.combarranquilla.co\/Revista\/seminario-tomando-ventaja-potencia-tu-liderazgo-empresarial\/"},"wordCount":392,"commentCount":0,"publisher":{"@id":"https:\/\/tuguia.combarranquilla.co\/Revista\/#organization"},"image":{"@id":"https:\/\/tuguia.combarranquilla.co\/Revista\/seminario-tomando-ventaja-potencia-tu-liderazgo-empresarial\/#primaryimage"},"thumbnailUrl":"https:\/\/tuguia.combarranquilla.co\/Revista\/wp-content\/uploads\/2025\/10\/Revista-Combarranquilla-4-scaled.jpg","articleSection":["FORMACI\u00d3N"],"inLanguage":"es-CO","potentialAction":[{"@type":"CommentAction","name":"Comment","target":["https:\/\/tuguia.combarranquilla.co\/Revista\/seminario-tomando-ventaja-potencia-tu-liderazgo-empresarial\/#respond"]}]},{"@type":"WebPage","@id":"https:\/\/tuguia.combarranquilla.co\/Revista\/seminario-tomando-ventaja-potencia-tu-liderazgo-empresarial\/","url":"https:\/\/tuguia.combarranquilla.co\/Revista\/seminario-tomando-ventaja-potencia-tu-liderazgo-empresarial\/","name":"Seminario \"Tomando ventaja\": potencia tu liderazgo empresarial - Tu Gu\u00eda","isPartOf":{"@id":"https:\/\/tuguia.combarranquilla.co\/Revista\/#website"},"primaryImageOfPage":{"@id":"https:\/\/tuguia.combarranquilla.co\/Revista\/seminario-tomando-ventaja-potencia-tu-liderazgo-empresarial\/#primaryimage"},"image":{"@id":"https:\/\/tuguia.combarranquilla.co\/Revista\/seminario-tomando-ventaja-potencia-tu-liderazgo-empresarial\/#primaryimage"},"thumbnailUrl":"https:\/\/tuguia.combarranquilla.co\/Revista\/wp-content\/uploads\/2025\/10\/Revista-Combarranquilla-4-scaled.jpg","datePublished":"2025-11-01T16:40:29+00:00","dateModified":"2025-11-20T15:46:15+00:00","breadcrumb":{"@id":"https:\/\/tuguia.combarranquilla.co\/Revista\/seminario-tomando-ventaja-potencia-tu-liderazgo-empresarial\/#breadcrumb"},"inLanguage":"es-CO","potentialAction":[{"@type":"ReadAction","target":["https:\/\/tuguia.combarranquilla.co\/Revista\/seminario-tomando-ventaja-potencia-tu-liderazgo-empresarial\/"]}]},{"@type":"ImageObject","inLanguage":"es-CO","@id":"https:\/\/tuguia.combarranquilla.co\/Revista\/seminario-tomando-ventaja-potencia-tu-liderazgo-empresarial\/#primaryimage","url":"https:\/\/tuguia.combarranquilla.co\/Revista\/wp-content\/uploads\/2025\/10\/Revista-Combarranquilla-4-scaled.jpg","contentUrl":"https:\/\/tuguia.combarranquilla.co\/Revista\/wp-content\/uploads\/2025\/10\/Revista-Combarranquilla-4-scaled.jpg","width":2560,"height":1280},{"@type":"BreadcrumbList","@id":"https:\/\/tuguia.combarranquilla.co\/Revista\/seminario-tomando-ventaja-potencia-tu-liderazgo-empresarial\/#breadcrumb","itemListElement":[{"@type":"ListItem","position":1,"name":"Inicio","item":"https:\/\/tuguia.combarranquilla.co\/Revista\/"},{"@type":"ListItem","position":2,"name":"Seminario &#8220;Tomando ventaja&#8221;: potencia tu liderazgo empresarial"}]},{"@type":"WebSite","@id":"https:\/\/tuguia.combarranquilla.co\/Revista\/#website","url":"https:\/\/tuguia.combarranquilla.co\/Revista\/","name":"Tu Gu\u00eda","description":"La revista donde lo tienes todo.","publisher":{"@id":"https:\/\/tuguia.combarranquilla.co\/Revista\/#organization"},"alternateName":"Tu Gu\u00eda Combarranquilla","potentialAction":[{"@type":"SearchAction","target":{"@type":"EntryPoint","urlTemplate":"https:\/\/tuguia.combarranquilla.co\/Revista\/?s={search_term_string}"},"query-input":{"@type":"PropertyValueSpecification","valueRequired":true,"valueName":"search_term_string"}}],"inLanguage":"es-CO"},{"@type":"Organization","@id":"https:\/\/tuguia.combarranquilla.co\/Revista\/#organization","name":"Tu Gu\u00eda Combarranquilla","url":"https:\/\/tuguia.combarranquilla.co\/Revista\/","logo":{"@type":"ImageObject","inLanguage":"es-CO","@id":"https:\/\/tuguia.combarranquilla.co\/Revista\/#\/schema\/logo\/image\/","url":"https:\/\/tuguia.combarranquilla.co\/Revista\/wp-content\/uploads\/2022\/02\/logo-guia-combarranquilla.svg","contentUrl":"https:\/\/tuguia.combarranquilla.co\/Revista\/wp-content\/uploads\/2022\/02\/logo-guia-combarranquilla.svg","caption":"Tu Gu\u00eda Combarranquilla"},"image":{"@id":"https:\/\/tuguia.combarranquilla.co\/Revista\/#\/schema\/logo\/image\/"}},{"@type":"Person","@id":"https:\/\/tuguia.combarranquilla.co\/Revista\/#\/schema\/person\/c2c396a77170bd1d5f8ba73294eb0d10","name":"Comunicaciones Combarranquilla","image":{"@type":"ImageObject","inLanguage":"es-CO","@id":"https:\/\/tuguia.combarranquilla.co\/Revista\/wp-content\/uploads\/2025\/05\/ABC-Al-Rojo-Logo-96x96.jpg","url":"https:\/\/tuguia.combarranquilla.co\/Revista\/wp-content\/uploads\/2025\/05\/ABC-Al-Rojo-Logo-96x96.jpg","contentUrl":"https:\/\/tuguia.combarranquilla.co\/Revista\/wp-content\/uploads\/2025\/05\/ABC-Al-Rojo-Logo-96x96.jpg","caption":"Comunicaciones Combarranquilla"},"sameAs":["https:\/\/www.combarranquilla.co"],"url":"https:\/\/tuguia.combarranquilla.co\/Revista\/author\/comunicaciones\/"}]}},"_links":{"self":[{"href":"https:\/\/tuguia.combarranquilla.co\/Revista\/wp-json\/wp\/v2\/posts\/7993","targetHints":{"allow":["GET"]}}],"collection":[{"href":"https:\/\/tuguia.combarranquilla.co\/Revista\/wp-json\/wp\/v2\/posts"}],"about":[{"href":"https:\/\/tuguia.combarranquilla.co\/Revista\/wp-json\/wp\/v2\/types\/post"}],"author":[{"embeddable":true,"href":"https:\/\/tuguia.combarranquilla.co\/Revista\/wp-json\/wp\/v2\/users\/2"}],"replies":[{"embeddable":true,"href":"https:\/\/tuguia.combarranquilla.co\/Revista\/wp-json\/wp\/v2\/comments?post=7993"}],"version-history":[{"count":6,"href":"https:\/\/tuguia.combarranquilla.co\/Revista\/wp-json\/wp\/v2\/posts\/7993\/revisions"}],"predecessor-version":[{"id":8140,"href":"https:\/\/tuguia.combarranquilla.co\/Revista\/wp-json\/wp\/v2\/posts\/7993\/revisions\/8140"}],"wp:featuredmedia":[{"embeddable":true,"href":"https:\/\/tuguia.combarranquilla.co\/Revista\/wp-json\/wp\/v2\/media\/7996"}],"wp:attachment":[{"href":"https:\/\/tuguia.combarranquilla.co\/Revista\/wp-json\/wp\/v2\/media?parent=7993"}],"wp:term":[{"taxonomy":"category","embeddable":true,"href":"https:\/\/tuguia.combarranquilla.co\/Revista\/wp-json\/wp\/v2\/categories?post=7993"},{"taxonomy":"post_tag","embeddable":true,"href":"https:\/\/tuguia.combarranquilla.co\/Revista\/wp-json\/wp\/v2\/tags?post=7993"}],"curies":[{"name":"wp","href":"https:\/\/api.w.org\/{rel}","templated":true}]}}