{"id":8000,"date":"2025-11-01T11:43:00","date_gmt":"2025-11-01T16:43:00","guid":{"rendered":"https:\/\/tuguia.combarranquilla.co\/Revista\/?p=8000"},"modified":"2025-11-27T13:38:20","modified_gmt":"2025-11-27T18:38:20","slug":"atencion-integral-a-poblacion-victima-del-conflicto-armado-y-de-violencia-contra-la-mujer","status":"publish","type":"post","link":"https:\/\/tuguia.combarranquilla.co\/Revista\/atencion-integral-a-poblacion-victima-del-conflicto-armado-y-de-violencia-contra-la-mujer\/","title":{"rendered":"Atenci\u00f3n integral a poblaci\u00f3n v\u00edctima del conflicto armado y de violencia contra la mujer"},"content":{"rendered":"\n<p>La Agencia de Empleo de Combarranquilla, como parte del Servicio P\u00fablico de Empleo (SPE), reafirma su compromiso con la inclusi\u00f3n y la reparaci\u00f3n integral de las personas v\u00edctimas del conflicto armado y de las mujeres que han sufrido alg\u00fan tipo de violencia. A trav\u00e9s de diferentes estrategias y alianzas, la entidad ofrece acompa\u00f1amiento, orientaci\u00f3n y oportunidades que contribuyen al restablecimiento de derechos y la mejora de las condiciones de vida de estas poblaciones.<\/p>\n\n\n\n<p>Uno de los principales mecanismos de apoyo es la Ruta de Orientaci\u00f3n Laboral. Este proceso incluye el registro de la hoja de vida en el sistema del SPE, la orientaci\u00f3n laboral personalizada para identificar habilidades y oportunidades, la intermediaci\u00f3n laboral con empresas que promueven la inclusi\u00f3n y el fortalecimiento de la empleabilidad mediante asesor\u00edas y talleres. Adem\u00e1s, las personas pueden acceder a capacitaciones complementarias que refuerzan sus competencias y aumentan sus posibilidades de inserci\u00f3n en el mercado laboral formal.<\/p>\n\n\n\n<p>El trabajo de la Agencia no se limita a la atenci\u00f3n directa en sus sedes. En coordinaci\u00f3n con otras entidades gubernamentales y organizaciones de la sociedad civil, se realizan visitas a los Centros Regionales de Atenci\u00f3n a V\u00edctimas (CRAV) en Soledad y Barranquilla. Estas jornadas permiten orientar a m\u00e1s personas sobre los servicios disponibles, las rutas de empleabilidad y los beneficios del SPE, fortaleciendo as\u00ed la articulaci\u00f3n institucional en favor de la poblaci\u00f3n v\u00edctima.<\/p>\n\n\n\n<p>En el caso de las mujeres que han vivido situaciones de violencia, la Agencia de Empleo ofrece acompa\u00f1amiento a trav\u00e9s de la misma ruta de orientaci\u00f3n, incluyendo informaci\u00f3n sobre las entidades competentes a las cuales pueden acudir para realizar reportes, denuncias o recibir atenci\u00f3n psicosocial y jur\u00eddica. De esta manera, Combarranquilla contribuye no solo a la inclusi\u00f3n laboral, sino tambi\u00e9n al acceso a mecanismos de protecci\u00f3n y empoderamiento femenino.<\/p>\n\n\n\n<p>La labor de la Agencia de Empleo Combarranquilla evidencia la importancia del trabajo conjunto entre el sector p\u00fablico y privado, para avanzar en la construcci\u00f3n de una sociedad m\u00e1s equitativa e incluyente. Un lugar donde las v\u00edctimas del conflicto y las mujeres sobrevivientes de violencia tengan oportunidades reales de desarrollo personal y profesional.<\/p>\n","protected":false},"excerpt":{"rendered":"<p>La Agencia de Empleo de Combarranquilla, como parte del Servicio P\u00fablico de Empleo (SPE), reafirma su compromiso con la inclusi\u00f3n y la reparaci\u00f3n integral de las personas v\u00edctimas del conflicto armado y de las mujeres que han sufrido alg\u00fan tipo de violencia. A trav\u00e9s de diferentes estrategias y alianzas, la entidad ofrece acompa\u00f1amiento, orientaci\u00f3n y [&hellip;]<\/p>\n","protected":false},"author":2,"featured_media":8001,"comment_status":"open","ping_status":"open","sticky":false,"template":"","format":"standard","meta":{"inline_featured_image":false,"footnotes":""},"categories":[6],"tags":[],"class_list":["post-8000","post","type-post","status-publish","format-standard","has-post-thumbnail","hentry","category-empleabilidad"],"yoast_head":"<!-- This site is optimized with the Yoast SEO plugin v27.4 - https:\/\/yoast.com\/product\/yoast-seo-wordpress\/ -->\n<title>Atenci\u00f3n integral a poblaci\u00f3n v\u00edctima del conflicto armado y de violencia contra la mujer - Tu Gu\u00eda<\/title>\n<meta name=\"robots\" content=\"index, follow, max-snippet:-1, max-image-preview:large, max-video-preview:-1\" \/>\n<link rel=\"canonical\" href=\"https:\/\/tuguia.combarranquilla.co\/Revista\/atencion-integral-a-poblacion-victima-del-conflicto-armado-y-de-violencia-contra-la-mujer\/\" \/>\n<meta property=\"og:locale\" content=\"es_ES\" \/>\n<meta property=\"og:type\" content=\"article\" \/>\n<meta property=\"og:title\" content=\"Atenci\u00f3n integral a poblaci\u00f3n v\u00edctima del conflicto armado y de violencia contra la mujer - Tu Gu\u00eda\" \/>\n<meta property=\"og:description\" content=\"La Agencia de Empleo de Combarranquilla, como parte del Servicio P\u00fablico de Empleo (SPE), reafirma su compromiso con la inclusi\u00f3n y la reparaci\u00f3n integral de las personas v\u00edctimas del conflicto armado y de las mujeres que han sufrido alg\u00fan tipo de violencia. A trav\u00e9s de diferentes estrategias y alianzas, la entidad ofrece acompa\u00f1amiento, orientaci\u00f3n y [&hellip;]\" \/>\n<meta property=\"og:url\" content=\"https:\/\/tuguia.combarranquilla.co\/Revista\/atencion-integral-a-poblacion-victima-del-conflicto-armado-y-de-violencia-contra-la-mujer\/\" \/>\n<meta property=\"og:site_name\" content=\"Tu Gu\u00eda\" \/>\n<meta property=\"article:published_time\" content=\"2025-11-01T16:43:00+00:00\" \/>\n<meta property=\"article:modified_time\" content=\"2025-11-27T18:38:20+00:00\" \/>\n<meta property=\"og:image\" content=\"https:\/\/tuguia.combarranquilla.co\/Revista\/wp-content\/uploads\/2025\/10\/Revista-Combarranquilla-5-scaled.jpg\" \/>\n\t<meta property=\"og:image:width\" content=\"2560\" \/>\n\t<meta property=\"og:image:height\" content=\"1280\" \/>\n\t<meta property=\"og:image:type\" content=\"image\/jpeg\" \/>\n<meta name=\"author\" content=\"Comunicaciones Combarranquilla\" \/>\n<meta name=\"twitter:card\" content=\"summary_large_image\" \/>\n<meta name=\"twitter:label1\" content=\"Escrito por\" \/>\n\t<meta name=\"twitter:data1\" content=\"Comunicaciones Combarranquilla\" \/>\n\t<meta name=\"twitter:label2\" content=\"Tiempo de lectura\" \/>\n\t<meta name=\"twitter:data2\" content=\"2 minutos\" \/>\n<script type=\"application\/ld+json\" class=\"yoast-schema-graph\">{\"@context\":\"https:\\\/\\\/schema.org\",\"@graph\":[{\"@type\":\"Article\",\"@id\":\"https:\\\/\\\/tuguia.combarranquilla.co\\\/Revista\\\/atencion-integral-a-poblacion-victima-del-conflicto-armado-y-de-violencia-contra-la-mujer\\\/#article\",\"isPartOf\":{\"@id\":\"https:\\\/\\\/tuguia.combarranquilla.co\\\/Revista\\\/atencion-integral-a-poblacion-victima-del-conflicto-armado-y-de-violencia-contra-la-mujer\\\/\"},\"author\":{\"name\":\"Comunicaciones Combarranquilla\",\"@id\":\"https:\\\/\\\/tuguia.combarranquilla.co\\\/Revista\\\/#\\\/schema\\\/person\\\/c2c396a77170bd1d5f8ba73294eb0d10\"},\"headline\":\"Atenci\u00f3n integral a poblaci\u00f3n v\u00edctima del conflicto armado y de violencia contra la mujer\",\"datePublished\":\"2025-11-01T16:43:00+00:00\",\"dateModified\":\"2025-11-27T18:38:20+00:00\",\"mainEntityOfPage\":{\"@id\":\"https:\\\/\\\/tuguia.combarranquilla.co\\\/Revista\\\/atencion-integral-a-poblacion-victima-del-conflicto-armado-y-de-violencia-contra-la-mujer\\\/\"},\"wordCount\":401,\"commentCount\":0,\"publisher\":{\"@id\":\"https:\\\/\\\/tuguia.combarranquilla.co\\\/Revista\\\/#organization\"},\"image\":{\"@id\":\"https:\\\/\\\/tuguia.combarranquilla.co\\\/Revista\\\/atencion-integral-a-poblacion-victima-del-conflicto-armado-y-de-violencia-contra-la-mujer\\\/#primaryimage\"},\"thumbnailUrl\":\"https:\\\/\\\/tuguia.combarranquilla.co\\\/Revista\\\/wp-content\\\/uploads\\\/2025\\\/10\\\/Revista-Combarranquilla-5-scaled.jpg\",\"articleSection\":[\"EMPLEABILIDAD\"],\"inLanguage\":\"es-CO\",\"potentialAction\":[{\"@type\":\"CommentAction\",\"name\":\"Comment\",\"target\":[\"https:\\\/\\\/tuguia.combarranquilla.co\\\/Revista\\\/atencion-integral-a-poblacion-victima-del-conflicto-armado-y-de-violencia-contra-la-mujer\\\/#respond\"]}]},{\"@type\":\"WebPage\",\"@id\":\"https:\\\/\\\/tuguia.combarranquilla.co\\\/Revista\\\/atencion-integral-a-poblacion-victima-del-conflicto-armado-y-de-violencia-contra-la-mujer\\\/\",\"url\":\"https:\\\/\\\/tuguia.combarranquilla.co\\\/Revista\\\/atencion-integral-a-poblacion-victima-del-conflicto-armado-y-de-violencia-contra-la-mujer\\\/\",\"name\":\"Atenci\u00f3n integral a poblaci\u00f3n v\u00edctima del conflicto armado y de violencia contra la mujer - Tu Gu\u00eda\",\"isPartOf\":{\"@id\":\"https:\\\/\\\/tuguia.combarranquilla.co\\\/Revista\\\/#website\"},\"primaryImageOfPage\":{\"@id\":\"https:\\\/\\\/tuguia.combarranquilla.co\\\/Revista\\\/atencion-integral-a-poblacion-victima-del-conflicto-armado-y-de-violencia-contra-la-mujer\\\/#primaryimage\"},\"image\":{\"@id\":\"https:\\\/\\\/tuguia.combarranquilla.co\\\/Revista\\\/atencion-integral-a-poblacion-victima-del-conflicto-armado-y-de-violencia-contra-la-mujer\\\/#primaryimage\"},\"thumbnailUrl\":\"https:\\\/\\\/tuguia.combarranquilla.co\\\/Revista\\\/wp-content\\\/uploads\\\/2025\\\/10\\\/Revista-Combarranquilla-5-scaled.jpg\",\"datePublished\":\"2025-11-01T16:43:00+00:00\",\"dateModified\":\"2025-11-27T18:38:20+00:00\",\"breadcrumb\":{\"@id\":\"https:\\\/\\\/tuguia.combarranquilla.co\\\/Revista\\\/atencion-integral-a-poblacion-victima-del-conflicto-armado-y-de-violencia-contra-la-mujer\\\/#breadcrumb\"},\"inLanguage\":\"es-CO\",\"potentialAction\":[{\"@type\":\"ReadAction\",\"target\":[\"https:\\\/\\\/tuguia.combarranquilla.co\\\/Revista\\\/atencion-integral-a-poblacion-victima-del-conflicto-armado-y-de-violencia-contra-la-mujer\\\/\"]}]},{\"@type\":\"ImageObject\",\"inLanguage\":\"es-CO\",\"@id\":\"https:\\\/\\\/tuguia.combarranquilla.co\\\/Revista\\\/atencion-integral-a-poblacion-victima-del-conflicto-armado-y-de-violencia-contra-la-mujer\\\/#primaryimage\",\"url\":\"https:\\\/\\\/tuguia.combarranquilla.co\\\/Revista\\\/wp-content\\\/uploads\\\/2025\\\/10\\\/Revista-Combarranquilla-5-scaled.jpg\",\"contentUrl\":\"https:\\\/\\\/tuguia.combarranquilla.co\\\/Revista\\\/wp-content\\\/uploads\\\/2025\\\/10\\\/Revista-Combarranquilla-5-scaled.jpg\",\"width\":2560,\"height\":1280},{\"@type\":\"BreadcrumbList\",\"@id\":\"https:\\\/\\\/tuguia.combarranquilla.co\\\/Revista\\\/atencion-integral-a-poblacion-victima-del-conflicto-armado-y-de-violencia-contra-la-mujer\\\/#breadcrumb\",\"itemListElement\":[{\"@type\":\"ListItem\",\"position\":1,\"name\":\"Inicio\",\"item\":\"https:\\\/\\\/tuguia.combarranquilla.co\\\/Revista\\\/\"},{\"@type\":\"ListItem\",\"position\":2,\"name\":\"Atenci\u00f3n integral a poblaci\u00f3n v\u00edctima del conflicto armado y de violencia contra la mujer\"}]},{\"@type\":\"WebSite\",\"@id\":\"https:\\\/\\\/tuguia.combarranquilla.co\\\/Revista\\\/#website\",\"url\":\"https:\\\/\\\/tuguia.combarranquilla.co\\\/Revista\\\/\",\"name\":\"Tu Gu\u00eda\",\"description\":\"La revista donde lo tienes todo.\",\"publisher\":{\"@id\":\"https:\\\/\\\/tuguia.combarranquilla.co\\\/Revista\\\/#organization\"},\"alternateName\":\"Tu Gu\u00eda Combarranquilla\",\"potentialAction\":[{\"@type\":\"SearchAction\",\"target\":{\"@type\":\"EntryPoint\",\"urlTemplate\":\"https:\\\/\\\/tuguia.combarranquilla.co\\\/Revista\\\/?s={search_term_string}\"},\"query-input\":{\"@type\":\"PropertyValueSpecification\",\"valueRequired\":true,\"valueName\":\"search_term_string\"}}],\"inLanguage\":\"es-CO\"},{\"@type\":\"Organization\",\"@id\":\"https:\\\/\\\/tuguia.combarranquilla.co\\\/Revista\\\/#organization\",\"name\":\"Tu Gu\u00eda Combarranquilla\",\"url\":\"https:\\\/\\\/tuguia.combarranquilla.co\\\/Revista\\\/\",\"logo\":{\"@type\":\"ImageObject\",\"inLanguage\":\"es-CO\",\"@id\":\"https:\\\/\\\/tuguia.combarranquilla.co\\\/Revista\\\/#\\\/schema\\\/logo\\\/image\\\/\",\"url\":\"https:\\\/\\\/tuguia.combarranquilla.co\\\/Revista\\\/wp-content\\\/uploads\\\/2022\\\/02\\\/logo-guia-combarranquilla.svg\",\"contentUrl\":\"https:\\\/\\\/tuguia.combarranquilla.co\\\/Revista\\\/wp-content\\\/uploads\\\/2022\\\/02\\\/logo-guia-combarranquilla.svg\",\"caption\":\"Tu Gu\u00eda Combarranquilla\"},\"image\":{\"@id\":\"https:\\\/\\\/tuguia.combarranquilla.co\\\/Revista\\\/#\\\/schema\\\/logo\\\/image\\\/\"}},{\"@type\":\"Person\",\"@id\":\"https:\\\/\\\/tuguia.combarranquilla.co\\\/Revista\\\/#\\\/schema\\\/person\\\/c2c396a77170bd1d5f8ba73294eb0d10\",\"name\":\"Comunicaciones Combarranquilla\",\"image\":{\"@type\":\"ImageObject\",\"inLanguage\":\"es-CO\",\"@id\":\"https:\\\/\\\/tuguia.combarranquilla.co\\\/Revista\\\/wp-content\\\/uploads\\\/2025\\\/05\\\/ABC-Al-Rojo-Logo-96x96.jpg\",\"url\":\"https:\\\/\\\/tuguia.combarranquilla.co\\\/Revista\\\/wp-content\\\/uploads\\\/2025\\\/05\\\/ABC-Al-Rojo-Logo-96x96.jpg\",\"contentUrl\":\"https:\\\/\\\/tuguia.combarranquilla.co\\\/Revista\\\/wp-content\\\/uploads\\\/2025\\\/05\\\/ABC-Al-Rojo-Logo-96x96.jpg\",\"caption\":\"Comunicaciones Combarranquilla\"},\"sameAs\":[\"https:\\\/\\\/www.combarranquilla.co\"],\"url\":\"https:\\\/\\\/tuguia.combarranquilla.co\\\/Revista\\\/author\\\/comunicaciones\\\/\"}]}<\/script>\n<!-- \/ Yoast SEO plugin. -->","yoast_head_json":{"title":"Atenci\u00f3n integral a poblaci\u00f3n v\u00edctima del conflicto armado y de violencia contra la mujer - Tu Gu\u00eda","robots":{"index":"index","follow":"follow","max-snippet":"max-snippet:-1","max-image-preview":"max-image-preview:large","max-video-preview":"max-video-preview:-1"},"canonical":"https:\/\/tuguia.combarranquilla.co\/Revista\/atencion-integral-a-poblacion-victima-del-conflicto-armado-y-de-violencia-contra-la-mujer\/","og_locale":"es_ES","og_type":"article","og_title":"Atenci\u00f3n integral a poblaci\u00f3n v\u00edctima del conflicto armado y de violencia contra la mujer - Tu Gu\u00eda","og_description":"La Agencia de Empleo de Combarranquilla, como parte del Servicio P\u00fablico de Empleo (SPE), reafirma su compromiso con la inclusi\u00f3n y la reparaci\u00f3n integral de las personas v\u00edctimas del conflicto armado y de las mujeres que han sufrido alg\u00fan tipo de violencia. A trav\u00e9s de diferentes estrategias y alianzas, la entidad ofrece acompa\u00f1amiento, orientaci\u00f3n y [&hellip;]","og_url":"https:\/\/tuguia.combarranquilla.co\/Revista\/atencion-integral-a-poblacion-victima-del-conflicto-armado-y-de-violencia-contra-la-mujer\/","og_site_name":"Tu Gu\u00eda","article_published_time":"2025-11-01T16:43:00+00:00","article_modified_time":"2025-11-27T18:38:20+00:00","og_image":[{"width":2560,"height":1280,"url":"https:\/\/tuguia.combarranquilla.co\/Revista\/wp-content\/uploads\/2025\/10\/Revista-Combarranquilla-5-scaled.jpg","type":"image\/jpeg"}],"author":"Comunicaciones Combarranquilla","twitter_card":"summary_large_image","twitter_misc":{"Escrito por":"Comunicaciones Combarranquilla","Tiempo de lectura":"2 minutos"},"schema":{"@context":"https:\/\/schema.org","@graph":[{"@type":"Article","@id":"https:\/\/tuguia.combarranquilla.co\/Revista\/atencion-integral-a-poblacion-victima-del-conflicto-armado-y-de-violencia-contra-la-mujer\/#article","isPartOf":{"@id":"https:\/\/tuguia.combarranquilla.co\/Revista\/atencion-integral-a-poblacion-victima-del-conflicto-armado-y-de-violencia-contra-la-mujer\/"},"author":{"name":"Comunicaciones Combarranquilla","@id":"https:\/\/tuguia.combarranquilla.co\/Revista\/#\/schema\/person\/c2c396a77170bd1d5f8ba73294eb0d10"},"headline":"Atenci\u00f3n integral a poblaci\u00f3n v\u00edctima del conflicto armado y de violencia contra la mujer","datePublished":"2025-11-01T16:43:00+00:00","dateModified":"2025-11-27T18:38:20+00:00","mainEntityOfPage":{"@id":"https:\/\/tuguia.combarranquilla.co\/Revista\/atencion-integral-a-poblacion-victima-del-conflicto-armado-y-de-violencia-contra-la-mujer\/"},"wordCount":401,"commentCount":0,"publisher":{"@id":"https:\/\/tuguia.combarranquilla.co\/Revista\/#organization"},"image":{"@id":"https:\/\/tuguia.combarranquilla.co\/Revista\/atencion-integral-a-poblacion-victima-del-conflicto-armado-y-de-violencia-contra-la-mujer\/#primaryimage"},"thumbnailUrl":"https:\/\/tuguia.combarranquilla.co\/Revista\/wp-content\/uploads\/2025\/10\/Revista-Combarranquilla-5-scaled.jpg","articleSection":["EMPLEABILIDAD"],"inLanguage":"es-CO","potentialAction":[{"@type":"CommentAction","name":"Comment","target":["https:\/\/tuguia.combarranquilla.co\/Revista\/atencion-integral-a-poblacion-victima-del-conflicto-armado-y-de-violencia-contra-la-mujer\/#respond"]}]},{"@type":"WebPage","@id":"https:\/\/tuguia.combarranquilla.co\/Revista\/atencion-integral-a-poblacion-victima-del-conflicto-armado-y-de-violencia-contra-la-mujer\/","url":"https:\/\/tuguia.combarranquilla.co\/Revista\/atencion-integral-a-poblacion-victima-del-conflicto-armado-y-de-violencia-contra-la-mujer\/","name":"Atenci\u00f3n integral a poblaci\u00f3n v\u00edctima del conflicto armado y de violencia contra la mujer - Tu Gu\u00eda","isPartOf":{"@id":"https:\/\/tuguia.combarranquilla.co\/Revista\/#website"},"primaryImageOfPage":{"@id":"https:\/\/tuguia.combarranquilla.co\/Revista\/atencion-integral-a-poblacion-victima-del-conflicto-armado-y-de-violencia-contra-la-mujer\/#primaryimage"},"image":{"@id":"https:\/\/tuguia.combarranquilla.co\/Revista\/atencion-integral-a-poblacion-victima-del-conflicto-armado-y-de-violencia-contra-la-mujer\/#primaryimage"},"thumbnailUrl":"https:\/\/tuguia.combarranquilla.co\/Revista\/wp-content\/uploads\/2025\/10\/Revista-Combarranquilla-5-scaled.jpg","datePublished":"2025-11-01T16:43:00+00:00","dateModified":"2025-11-27T18:38:20+00:00","breadcrumb":{"@id":"https:\/\/tuguia.combarranquilla.co\/Revista\/atencion-integral-a-poblacion-victima-del-conflicto-armado-y-de-violencia-contra-la-mujer\/#breadcrumb"},"inLanguage":"es-CO","potentialAction":[{"@type":"ReadAction","target":["https:\/\/tuguia.combarranquilla.co\/Revista\/atencion-integral-a-poblacion-victima-del-conflicto-armado-y-de-violencia-contra-la-mujer\/"]}]},{"@type":"ImageObject","inLanguage":"es-CO","@id":"https:\/\/tuguia.combarranquilla.co\/Revista\/atencion-integral-a-poblacion-victima-del-conflicto-armado-y-de-violencia-contra-la-mujer\/#primaryimage","url":"https:\/\/tuguia.combarranquilla.co\/Revista\/wp-content\/uploads\/2025\/10\/Revista-Combarranquilla-5-scaled.jpg","contentUrl":"https:\/\/tuguia.combarranquilla.co\/Revista\/wp-content\/uploads\/2025\/10\/Revista-Combarranquilla-5-scaled.jpg","width":2560,"height":1280},{"@type":"BreadcrumbList","@id":"https:\/\/tuguia.combarranquilla.co\/Revista\/atencion-integral-a-poblacion-victima-del-conflicto-armado-y-de-violencia-contra-la-mujer\/#breadcrumb","itemListElement":[{"@type":"ListItem","position":1,"name":"Inicio","item":"https:\/\/tuguia.combarranquilla.co\/Revista\/"},{"@type":"ListItem","position":2,"name":"Atenci\u00f3n integral a poblaci\u00f3n v\u00edctima del conflicto armado y de violencia contra la mujer"}]},{"@type":"WebSite","@id":"https:\/\/tuguia.combarranquilla.co\/Revista\/#website","url":"https:\/\/tuguia.combarranquilla.co\/Revista\/","name":"Tu Gu\u00eda","description":"La revista donde lo tienes todo.","publisher":{"@id":"https:\/\/tuguia.combarranquilla.co\/Revista\/#organization"},"alternateName":"Tu Gu\u00eda Combarranquilla","potentialAction":[{"@type":"SearchAction","target":{"@type":"EntryPoint","urlTemplate":"https:\/\/tuguia.combarranquilla.co\/Revista\/?s={search_term_string}"},"query-input":{"@type":"PropertyValueSpecification","valueRequired":true,"valueName":"search_term_string"}}],"inLanguage":"es-CO"},{"@type":"Organization","@id":"https:\/\/tuguia.combarranquilla.co\/Revista\/#organization","name":"Tu Gu\u00eda Combarranquilla","url":"https:\/\/tuguia.combarranquilla.co\/Revista\/","logo":{"@type":"ImageObject","inLanguage":"es-CO","@id":"https:\/\/tuguia.combarranquilla.co\/Revista\/#\/schema\/logo\/image\/","url":"https:\/\/tuguia.combarranquilla.co\/Revista\/wp-content\/uploads\/2022\/02\/logo-guia-combarranquilla.svg","contentUrl":"https:\/\/tuguia.combarranquilla.co\/Revista\/wp-content\/uploads\/2022\/02\/logo-guia-combarranquilla.svg","caption":"Tu Gu\u00eda Combarranquilla"},"image":{"@id":"https:\/\/tuguia.combarranquilla.co\/Revista\/#\/schema\/logo\/image\/"}},{"@type":"Person","@id":"https:\/\/tuguia.combarranquilla.co\/Revista\/#\/schema\/person\/c2c396a77170bd1d5f8ba73294eb0d10","name":"Comunicaciones Combarranquilla","image":{"@type":"ImageObject","inLanguage":"es-CO","@id":"https:\/\/tuguia.combarranquilla.co\/Revista\/wp-content\/uploads\/2025\/05\/ABC-Al-Rojo-Logo-96x96.jpg","url":"https:\/\/tuguia.combarranquilla.co\/Revista\/wp-content\/uploads\/2025\/05\/ABC-Al-Rojo-Logo-96x96.jpg","contentUrl":"https:\/\/tuguia.combarranquilla.co\/Revista\/wp-content\/uploads\/2025\/05\/ABC-Al-Rojo-Logo-96x96.jpg","caption":"Comunicaciones Combarranquilla"},"sameAs":["https:\/\/www.combarranquilla.co"],"url":"https:\/\/tuguia.combarranquilla.co\/Revista\/author\/comunicaciones\/"}]}},"_links":{"self":[{"href":"https:\/\/tuguia.combarranquilla.co\/Revista\/wp-json\/wp\/v2\/posts\/8000","targetHints":{"allow":["GET"]}}],"collection":[{"href":"https:\/\/tuguia.combarranquilla.co\/Revista\/wp-json\/wp\/v2\/posts"}],"about":[{"href":"https:\/\/tuguia.combarranquilla.co\/Revista\/wp-json\/wp\/v2\/types\/post"}],"author":[{"embeddable":true,"href":"https:\/\/tuguia.combarranquilla.co\/Revista\/wp-json\/wp\/v2\/users\/2"}],"replies":[{"embeddable":true,"href":"https:\/\/tuguia.combarranquilla.co\/Revista\/wp-json\/wp\/v2\/comments?post=8000"}],"version-history":[{"count":3,"href":"https:\/\/tuguia.combarranquilla.co\/Revista\/wp-json\/wp\/v2\/posts\/8000\/revisions"}],"predecessor-version":[{"id":8081,"href":"https:\/\/tuguia.combarranquilla.co\/Revista\/wp-json\/wp\/v2\/posts\/8000\/revisions\/8081"}],"wp:featuredmedia":[{"embeddable":true,"href":"https:\/\/tuguia.combarranquilla.co\/Revista\/wp-json\/wp\/v2\/media\/8001"}],"wp:attachment":[{"href":"https:\/\/tuguia.combarranquilla.co\/Revista\/wp-json\/wp\/v2\/media?parent=8000"}],"wp:term":[{"taxonomy":"category","embeddable":true,"href":"https:\/\/tuguia.combarranquilla.co\/Revista\/wp-json\/wp\/v2\/categories?post=8000"},{"taxonomy":"post_tag","embeddable":true,"href":"https:\/\/tuguia.combarranquilla.co\/Revista\/wp-json\/wp\/v2\/tags?post=8000"}],"curies":[{"name":"wp","href":"https:\/\/api.w.org\/{rel}","templated":true}]}}