{"id":8141,"date":"2025-12-01T07:58:30","date_gmt":"2025-12-01T12:58:30","guid":{"rendered":"https:\/\/tuguia.combarranquilla.co\/Revista\/?p=8141"},"modified":"2026-03-30T11:21:14","modified_gmt":"2026-03-30T16:21:14","slug":"ruta-de-beneficios-para-personas-con-discapacidad","status":"publish","type":"post","link":"https:\/\/tuguia.combarranquilla.co\/Revista\/ruta-de-beneficios-para-personas-con-discapacidad\/","title":{"rendered":"Ruta de beneficios para personas con discapacidad"},"content":{"rendered":"\n<p>Las cajas de compensaci\u00f3n&nbsp;en Colombia tienen diferentes servicios para personas en condici\u00f3n de&nbsp;discapacidad. Aqu\u00ed te explicamos c\u00f3mo puedes acceder a ellos si eres afiliado a Combarranquilla, y tambi\u00e9n te compartimos otros beneficios solo para ti.<\/p>\n\n\n\n<h2 class=\"wp-block-heading\" style=\"font-size:24px\"><strong>Requisitos&nbsp;generales<\/strong><\/h2>\n\n\n\n<h2 class=\"wp-block-heading has-medium-font-size\"><strong>Acreditaci\u00f3n&nbsp;de&nbsp;discapacidad:<\/strong><\/h2>\n\n\n\n<p>Inicialmente, se debe soportar ante la Caja la&nbsp;condici\u00f3n de&nbsp;discapacidad del trabajador o de la&nbsp;persona a cargo. Para esto, es necesario:&nbsp;<\/p>\n\n\n\n<ul class=\"wp-block-list\">\n<li>Diligenciar el formulario de afiliaci\u00f3n f\u00edsico que puede solicitarse en cualquiera de nuestras Unidades de Servicio (Boston, Country y Calle 30).&nbsp;<\/li>\n\n\n\n<li>Anexar&nbsp;el&nbsp;certificado&nbsp;de&nbsp;discapacidad&nbsp;expedido&nbsp;por&nbsp;alguna de las siguientes entidades:&nbsp;\n<ul class=\"wp-block-list\">\n<li>IPS&nbsp;autorizadas&nbsp;<\/li>\n\n\n\n<li>Secretar\u00edas&nbsp;de&nbsp;salud&nbsp;distritales y\/o departamentales&nbsp;<\/li>\n\n\n\n<li>Junta Regional&nbsp;de Calificaci\u00f3n&nbsp;de Invalidez&nbsp;del Atl\u00e1ntico<\/li>\n<\/ul>\n<\/li>\n\n\n\n<li>Presentar la historia cl\u00ednica del&nbsp;beneficiario.&nbsp;<\/li>\n<\/ul>\n\n\n\n<p><\/p>\n\n\n\n<p>En el caso del subsidio educativo para personas con discapacidad, se solicitar\u00e1n otros documentos que ser\u00e1n precisados en la siguiente secci\u00f3n.<\/p>\n\n\n<div class=\"wp-block-image\">\n<figure class=\"aligncenter size-full\"><img decoding=\"async\" width=\"2560\" height=\"1439\" data-src=\"https:\/\/tuguia.combarranquilla.co\/Revista\/wp-content\/uploads\/2025\/11\/DSC09905-edited-scaled.jpg\" alt=\"\" class=\"wp-image-8244 lazyload\" data-srcset=\"https:\/\/tuguia.combarranquilla.co\/Revista\/wp-content\/uploads\/2025\/11\/DSC09905-edited-scaled.jpg 2560w, https:\/\/tuguia.combarranquilla.co\/Revista\/wp-content\/uploads\/2025\/11\/DSC09905-edited-300x169.jpg 300w, https:\/\/tuguia.combarranquilla.co\/Revista\/wp-content\/uploads\/2025\/11\/DSC09905-edited-1024x576.jpg 1024w, https:\/\/tuguia.combarranquilla.co\/Revista\/wp-content\/uploads\/2025\/11\/DSC09905-edited-768x432.jpg 768w, https:\/\/tuguia.combarranquilla.co\/Revista\/wp-content\/uploads\/2025\/11\/DSC09905-edited-1536x863.jpg 1536w, https:\/\/tuguia.combarranquilla.co\/Revista\/wp-content\/uploads\/2025\/11\/DSC09905-edited-2048x1151.jpg 2048w\" data-sizes=\"(max-width: 2560px) 100vw, 2560px\" src=\"data:image\/svg+xml;base64,PHN2ZyB3aWR0aD0iMSIgaGVpZ2h0PSIxIiB4bWxucz0iaHR0cDovL3d3dy53My5vcmcvMjAwMC9zdmciPjwvc3ZnPg==\" style=\"--smush-placeholder-width: 2560px; --smush-placeholder-aspect-ratio: 2560\/1439;\" \/><\/figure><\/div>\n\n\n<h2 class=\"wp-block-heading\" style=\"font-size:24px\"><strong>Beneficios<\/strong>&nbsp;<\/h2>\n\n\n\n<h2 class=\"wp-block-heading has-medium-font-size\"><strong>Subsidio en&nbsp;dinero:<\/strong>&nbsp;<\/h2>\n\n\n\n<p>El subsidio&nbsp;familiar&nbsp;en dinero es&nbsp;la cuota monetaria que se otorga mensualmente a todo afiliado por persona a cargo que tenga derecho a este beneficio.&nbsp;Para recibirlo, seg\u00fan la <a href=\"https:\/\/www.ssf.gov.co\/preguntas-frecuentes-subsidio\">Superintendencia del&nbsp;Subsidio&nbsp;Familiar<\/a>, los afiliados a las cajas de compensaci\u00f3n deben:&nbsp;<\/p>\n\n\n\n<ul class=\"wp-block-list\">\n<li>Tener ingresos inferiores a 4 SMLV.&nbsp;<\/li>\n\n\n\n<li>Sus ingresos sumados a los del&nbsp;c\u00f3nyuge o compa\u00f1ero(a)&nbsp;no deben sobrepasar los 6 SMLV.&nbsp;<\/li>\n\n\n\n<li>Laborar al menos 96 horas en el mes.&nbsp;<\/li>\n\n\n\n<li>Incluir a sus personas a cargo en el sistema, adjuntando los documentos que prueben el derecho al subsidio.&nbsp;<\/li>\n<\/ul>\n\n\n\n<p><\/p>\n\n\n\n<p>Las personas a cargo incluyen:&nbsp;<\/p>\n\n\n\n<ul class=\"wp-block-list\">\n<li>Hijos biol\u00f3gicos, adoptivos e hijastros&nbsp;que no sobrepasen los 18 a\u00f1os y que dependan econ\u00f3micamente del trabajador.&nbsp;<\/li>\n\n\n\n<li>Hermanos hu\u00e9rfanos&nbsp;que no sobrepasen los 18 a\u00f1os y que dependan econ\u00f3micamente del trabajador.&nbsp;<\/li>\n\n\n\n<li>Padres mayores de 60 a\u00f1os&nbsp;que no reciban salario, renta o pensi\u00f3n.&nbsp;<\/li>\n<\/ul>\n\n\n\n<p><\/p>\n\n\n\n<p><\/p>\n\n\n\n<p><strong><em>Nota:<\/em><\/strong><em>&nbsp;Los&nbsp;beneficiarios mayores de&nbsp;12 a\u00f1os&nbsp;deben presentar una acreditaci\u00f3n de escolaridad.<\/em>&nbsp;<\/p>\n\n\n\n<p>Este beneficio tambi\u00e9n aplica para:<\/p>\n\n\n\n<ul class=\"wp-block-list\">\n<li>Hijos y hermanos hu\u00e9rfanos de padres en condici\u00f3n de discapacidad.<\/li>\n\n\n\n<li>Padres que presenten una condici\u00f3n de discapacidad.<\/li>\n<\/ul>\n\n\n\n<p><\/p>\n\n\n\n<p>Ambos deben depender econ\u00f3micamente del trabajador afiliado.<\/p>\n\n\n\n<p>En este caso, el trabajador&nbsp;recibir\u00e1 el doble del subsidio en dinero&nbsp;por persona a cargo que tenga alg\u00fan tipo de discapacidad certificada.&nbsp;No hay limites de edad.<\/p>\n\n\n\n<p class=\"has-text-align-center has-background\" style=\"background-color:#afc9af\"><em>En 2025, la cuota del subsidio en dinero es de $52.700.<\/em><\/p>\n\n\n\n<p>As\u00ed, por ejemplo,&nbsp;si&nbsp;una madre&nbsp;tiene&nbsp;2&nbsp;hijos en su grupo familiar&nbsp;y ambos&nbsp;acreditan una discapacidad,&nbsp;recibir\u00e1&nbsp;en total una cuota de $210.800. Para cada hijo, corresponden $105.400 (el doble de $52.700).&nbsp;<\/p>\n\n\n\n<h2 class=\"wp-block-heading has-medium-font-size\"><strong>Subsidio educativo:<\/strong>&nbsp;<\/h2>\n\n\n\n<p>El&nbsp;subsidio&nbsp;educativo es un beneficio que se otorga para apoyar&nbsp;la educaci\u00f3n del trabajador&nbsp;y su grupo familiar.&nbsp;&nbsp;<\/p>\n\n\n\n<h2 class=\"wp-block-heading\" style=\"font-size:18px\"><strong>Subsidio escolar<\/strong><\/h2>\n\n\n\n<p>Si el afiliado tiene a su cargo personas en condici\u00f3n de discapacidad,&nbsp;este&nbsp;debe:&nbsp;<\/p>\n\n\n\n<ul class=\"wp-block-list\">\n<li>Registrar&nbsp;al beneficiario&nbsp;en Combarranquilla&nbsp;como&nbsp;persona a cargo en condici\u00f3n de discapacidad&nbsp;(teniendo en cuenta la acreditaci\u00f3n de discapacidad mencionada).&nbsp;<\/li>\n\n\n\n<li>Presentar solicitud de Subsidio Educativo debidamente diligenciada, con firma y sello de la instituci\u00f3n educativa.&nbsp;<\/li>\n\n\n\n<li>Anexar la circular expedida por la instituci\u00f3n que indique el valor de la mensualidad a cancelar.&nbsp;<\/li>\n\n\n\n<li>Para los hijos en condici\u00f3n de discapacidad que estudien en instituciones educativas&nbsp;regulares,&nbsp;se&nbsp;deber\u00e1 presentar:\n<ul class=\"wp-block-list\">\n<li>Resoluci\u00f3n de aprobaci\u00f3n de las tarifas de los costos educativos emitida por la&nbsp;Secretar\u00eda&nbsp;de Educaci\u00f3n.&nbsp;<\/li>\n<\/ul>\n<\/li>\n<\/ul>\n\n\n\n<p><\/p>\n\n\n\n<p class=\"has-text-align-center has-background\" style=\"background-color:#afc9af\"><em>En 2025, los beneficiarios pueden&nbsp;recibir hasta $735.000. El monto var\u00eda seg\u00fan lo evidenciado en la resoluci\u00f3n de la Secretar\u00eda de Educaci\u00f3n<\/em>.<\/p>\n\n\n\n<h2 class=\"wp-block-heading\" style=\"font-size:18px\"><strong>Subsidio universitario<\/strong>&nbsp;<\/h2>\n\n\n\n<p>Como beneficio, las personas a cargo en condici\u00f3n de discapacidad no tienen un l\u00edmite de edad para recibir este subsidio. Solo se tiene&nbsp;en cuenta&nbsp;el n\u00famero de semestres se\u00f1alados en el&nbsp;p\u00e9nsum&nbsp;del estudiante.&nbsp;<\/p>\n\n\n\n<h2 class=\"wp-block-heading has-medium-font-size\"><strong>Programas sociales:<\/strong>&nbsp;<\/h2>\n\n\n\n<h2 class=\"wp-block-heading\" style=\"font-size:18px\"><strong>Atenci\u00f3n a Personas con Discapacidad<\/strong>&nbsp;<\/h2>\n\n\n\n<p>En el programa\u00a0Atenci\u00f3n a Personas con Discapacidad\u00a0se brindan oportunidades de inclusi\u00f3n para favorecer el desarrollo humano y\u00a0la calidad\u00a0de vida.\u00a0Podr\u00e1n disfrutar de cursos de nataci\u00f3n, talleres de manualidades,\u00a0clases de baile y otras actividades que activan el cuerpo y la mente.\u00a0<\/p>\n\n\n\n<p>Los requisitos son:&nbsp;<\/p>\n\n\n\n<div class=\"wp-block-group is-vertical is-layout-flex wp-container-core-group-is-layout-8cf370e7 wp-block-group-is-layout-flex\">\n<ul class=\"wp-block-list\">\n<li>Ser beneficiario de trabajador afiliado (hijo o hermano hu\u00e9rfano).&nbsp;<\/li>\n<\/ul>\n\n\n\n<ul class=\"wp-block-list\">\n<li>Estar inscrito en el programa.&nbsp;<\/li>\n<\/ul>\n\n\n\n<ul class=\"wp-block-list\">\n<li>Tener al menos 5&nbsp;a\u00f1os de edad.&nbsp;<\/li>\n<\/ul>\n\n\n\n<ul class=\"wp-block-list\">\n<li>Presentar diagn\u00f3stico de discapacidad f\u00edsica, sensorial o cognitiva.&nbsp;<\/li>\n<\/ul>\n\n\n\n<ul class=\"wp-block-list\">\n<li>Tener acompa\u00f1amiento en los talleres, para las personas que lo requieran.<\/li>\n<\/ul>\n<\/div>\n\n\n\n<p><\/p>\n\n\n\n<p>Unidades de atenci\u00f3n:&nbsp;<\/p>\n\n\n\n<div class=\"wp-block-group is-vertical is-layout-flex wp-container-core-group-is-layout-8cf370e7 wp-block-group-is-layout-flex\">\n<ul class=\"wp-block-list\">\n<li>Unidad Boston (Carrera 43 No. 63B-107)&nbsp;<\/li>\n<\/ul>\n\n\n\n<ul class=\"wp-block-list\">\n<li>Unidad&nbsp;Calle 30 (Calle 34 # 36-24)&nbsp;<\/li>\n<\/ul>\n<\/div>\n\n\n\n<p><\/p>\n\n\n\n<p>Si necesitas m\u00e1s detalles sobre los beneficios monetarios para personas con discapacidad,&nbsp;contacta a Eloy al&nbsp;+57 5 3225049&nbsp;o escribe al correo&nbsp;<a href=\"mailto:info@combarranquilla.co\" target=\"_blank\" rel=\"noreferrer noopener\">info@combarranquilla.co<\/a>.&nbsp;<\/p>\n\n\n\n<p>Para m\u00e1s informaci\u00f3n del programa Atenci\u00f3n a Personas con Discapacidad, puedes acercarte a nuestras Unidades de Servicio o escribir al correo&nbsp;<a href=\"mailto:lyla.llinas@combarranquilla.co\" target=\"_blank\" rel=\"noreferrer noopener\">lyla.llinas@combarranquilla.co<\/a>.&nbsp;<\/p>\n\n\n\n<p>Tu bienestar es nuestra prioridad. Apoyamos tus procesos para darte todo lo que necesitas y seguir transformando tu vida.&nbsp;<\/p>\n","protected":false},"excerpt":{"rendered":"<p>Las cajas de compensaci\u00f3n&nbsp;en Colombia tienen diferentes servicios para personas en condici\u00f3n de&nbsp;discapacidad. Aqu\u00ed te explicamos c\u00f3mo puedes acceder a ellos si eres afiliado a Combarranquilla, y tambi\u00e9n te compartimos otros beneficios solo para ti. Requisitos&nbsp;generales Acreditaci\u00f3n&nbsp;de&nbsp;discapacidad: Inicialmente, se debe soportar ante la Caja la&nbsp;condici\u00f3n de&nbsp;discapacidad del trabajador o de la&nbsp;persona a cargo. Para esto, [&hellip;]<\/p>\n","protected":false},"author":2,"featured_media":8146,"comment_status":"open","ping_status":"open","sticky":false,"template":"","format":"standard","meta":{"inline_featured_image":false,"footnotes":""},"categories":[2],"tags":[],"class_list":["post-8141","post","type-post","status-publish","format-standard","has-post-thumbnail","hentry","category-subsidios"],"yoast_head":"<!-- This site is optimized with the Yoast SEO plugin v27.4 - https:\/\/yoast.com\/product\/yoast-seo-wordpress\/ -->\n<title>Ruta de beneficios para personas con discapacidad - Tu Gu\u00eda<\/title>\n<meta name=\"robots\" content=\"index, follow, max-snippet:-1, max-image-preview:large, max-video-preview:-1\" \/>\n<link rel=\"canonical\" href=\"https:\/\/tuguia.combarranquilla.co\/Revista\/ruta-de-beneficios-para-personas-con-discapacidad\/\" \/>\n<meta property=\"og:locale\" content=\"es_ES\" \/>\n<meta property=\"og:type\" content=\"article\" \/>\n<meta property=\"og:title\" content=\"Ruta de beneficios para personas con discapacidad - Tu Gu\u00eda\" \/>\n<meta property=\"og:description\" content=\"Las cajas de compensaci\u00f3n&nbsp;en Colombia tienen diferentes servicios para personas en condici\u00f3n de&nbsp;discapacidad. Aqu\u00ed te explicamos c\u00f3mo puedes acceder a ellos si eres afiliado a Combarranquilla, y tambi\u00e9n te compartimos otros beneficios solo para ti. Requisitos&nbsp;generales Acreditaci\u00f3n&nbsp;de&nbsp;discapacidad: Inicialmente, se debe soportar ante la Caja la&nbsp;condici\u00f3n de&nbsp;discapacidad del trabajador o de la&nbsp;persona a cargo. Para esto, [&hellip;]\" \/>\n<meta property=\"og:url\" content=\"https:\/\/tuguia.combarranquilla.co\/Revista\/ruta-de-beneficios-para-personas-con-discapacidad\/\" \/>\n<meta property=\"og:site_name\" content=\"Tu Gu\u00eda\" \/>\n<meta property=\"article:published_time\" content=\"2025-12-01T12:58:30+00:00\" \/>\n<meta property=\"article:modified_time\" content=\"2026-03-30T16:21:14+00:00\" \/>\n<meta property=\"og:image\" content=\"https:\/\/tuguia.combarranquilla.co\/Revista\/wp-content\/uploads\/2025\/11\/Revista-Combarranquilla-1-scaled.jpg\" \/>\n\t<meta property=\"og:image:width\" content=\"2560\" \/>\n\t<meta property=\"og:image:height\" content=\"1280\" \/>\n\t<meta property=\"og:image:type\" content=\"image\/jpeg\" \/>\n<meta name=\"author\" content=\"Comunicaciones Combarranquilla\" \/>\n<meta name=\"twitter:card\" content=\"summary_large_image\" \/>\n<meta name=\"twitter:label1\" content=\"Escrito por\" \/>\n\t<meta name=\"twitter:data1\" content=\"Comunicaciones Combarranquilla\" \/>\n\t<meta name=\"twitter:label2\" content=\"Tiempo de lectura\" \/>\n\t<meta name=\"twitter:data2\" content=\"4 minutos\" \/>\n<script type=\"application\/ld+json\" class=\"yoast-schema-graph\">{\"@context\":\"https:\\\/\\\/schema.org\",\"@graph\":[{\"@type\":\"Article\",\"@id\":\"https:\\\/\\\/tuguia.combarranquilla.co\\\/Revista\\\/ruta-de-beneficios-para-personas-con-discapacidad\\\/#article\",\"isPartOf\":{\"@id\":\"https:\\\/\\\/tuguia.combarranquilla.co\\\/Revista\\\/ruta-de-beneficios-para-personas-con-discapacidad\\\/\"},\"author\":{\"name\":\"Comunicaciones Combarranquilla\",\"@id\":\"https:\\\/\\\/tuguia.combarranquilla.co\\\/Revista\\\/#\\\/schema\\\/person\\\/c2c396a77170bd1d5f8ba73294eb0d10\"},\"headline\":\"Ruta de beneficios para personas con discapacidad\",\"datePublished\":\"2025-12-01T12:58:30+00:00\",\"dateModified\":\"2026-03-30T16:21:14+00:00\",\"mainEntityOfPage\":{\"@id\":\"https:\\\/\\\/tuguia.combarranquilla.co\\\/Revista\\\/ruta-de-beneficios-para-personas-con-discapacidad\\\/\"},\"wordCount\":935,\"commentCount\":0,\"publisher\":{\"@id\":\"https:\\\/\\\/tuguia.combarranquilla.co\\\/Revista\\\/#organization\"},\"image\":{\"@id\":\"https:\\\/\\\/tuguia.combarranquilla.co\\\/Revista\\\/ruta-de-beneficios-para-personas-con-discapacidad\\\/#primaryimage\"},\"thumbnailUrl\":\"https:\\\/\\\/tuguia.combarranquilla.co\\\/Revista\\\/wp-content\\\/uploads\\\/2025\\\/11\\\/Revista-Combarranquilla-1-scaled.jpg\",\"articleSection\":[\"SUBSIDIOS\"],\"inLanguage\":\"es-CO\",\"potentialAction\":[{\"@type\":\"CommentAction\",\"name\":\"Comment\",\"target\":[\"https:\\\/\\\/tuguia.combarranquilla.co\\\/Revista\\\/ruta-de-beneficios-para-personas-con-discapacidad\\\/#respond\"]}]},{\"@type\":\"WebPage\",\"@id\":\"https:\\\/\\\/tuguia.combarranquilla.co\\\/Revista\\\/ruta-de-beneficios-para-personas-con-discapacidad\\\/\",\"url\":\"https:\\\/\\\/tuguia.combarranquilla.co\\\/Revista\\\/ruta-de-beneficios-para-personas-con-discapacidad\\\/\",\"name\":\"Ruta de beneficios para personas con discapacidad - Tu Gu\u00eda\",\"isPartOf\":{\"@id\":\"https:\\\/\\\/tuguia.combarranquilla.co\\\/Revista\\\/#website\"},\"primaryImageOfPage\":{\"@id\":\"https:\\\/\\\/tuguia.combarranquilla.co\\\/Revista\\\/ruta-de-beneficios-para-personas-con-discapacidad\\\/#primaryimage\"},\"image\":{\"@id\":\"https:\\\/\\\/tuguia.combarranquilla.co\\\/Revista\\\/ruta-de-beneficios-para-personas-con-discapacidad\\\/#primaryimage\"},\"thumbnailUrl\":\"https:\\\/\\\/tuguia.combarranquilla.co\\\/Revista\\\/wp-content\\\/uploads\\\/2025\\\/11\\\/Revista-Combarranquilla-1-scaled.jpg\",\"datePublished\":\"2025-12-01T12:58:30+00:00\",\"dateModified\":\"2026-03-30T16:21:14+00:00\",\"breadcrumb\":{\"@id\":\"https:\\\/\\\/tuguia.combarranquilla.co\\\/Revista\\\/ruta-de-beneficios-para-personas-con-discapacidad\\\/#breadcrumb\"},\"inLanguage\":\"es-CO\",\"potentialAction\":[{\"@type\":\"ReadAction\",\"target\":[\"https:\\\/\\\/tuguia.combarranquilla.co\\\/Revista\\\/ruta-de-beneficios-para-personas-con-discapacidad\\\/\"]}]},{\"@type\":\"ImageObject\",\"inLanguage\":\"es-CO\",\"@id\":\"https:\\\/\\\/tuguia.combarranquilla.co\\\/Revista\\\/ruta-de-beneficios-para-personas-con-discapacidad\\\/#primaryimage\",\"url\":\"https:\\\/\\\/tuguia.combarranquilla.co\\\/Revista\\\/wp-content\\\/uploads\\\/2025\\\/11\\\/Revista-Combarranquilla-1-scaled.jpg\",\"contentUrl\":\"https:\\\/\\\/tuguia.combarranquilla.co\\\/Revista\\\/wp-content\\\/uploads\\\/2025\\\/11\\\/Revista-Combarranquilla-1-scaled.jpg\",\"width\":2560,\"height\":1280},{\"@type\":\"BreadcrumbList\",\"@id\":\"https:\\\/\\\/tuguia.combarranquilla.co\\\/Revista\\\/ruta-de-beneficios-para-personas-con-discapacidad\\\/#breadcrumb\",\"itemListElement\":[{\"@type\":\"ListItem\",\"position\":1,\"name\":\"Inicio\",\"item\":\"https:\\\/\\\/tuguia.combarranquilla.co\\\/Revista\\\/\"},{\"@type\":\"ListItem\",\"position\":2,\"name\":\"Ruta de beneficios para personas con discapacidad\"}]},{\"@type\":\"WebSite\",\"@id\":\"https:\\\/\\\/tuguia.combarranquilla.co\\\/Revista\\\/#website\",\"url\":\"https:\\\/\\\/tuguia.combarranquilla.co\\\/Revista\\\/\",\"name\":\"Tu Gu\u00eda\",\"description\":\"La revista donde lo tienes todo.\",\"publisher\":{\"@id\":\"https:\\\/\\\/tuguia.combarranquilla.co\\\/Revista\\\/#organization\"},\"alternateName\":\"Tu Gu\u00eda Combarranquilla\",\"potentialAction\":[{\"@type\":\"SearchAction\",\"target\":{\"@type\":\"EntryPoint\",\"urlTemplate\":\"https:\\\/\\\/tuguia.combarranquilla.co\\\/Revista\\\/?s={search_term_string}\"},\"query-input\":{\"@type\":\"PropertyValueSpecification\",\"valueRequired\":true,\"valueName\":\"search_term_string\"}}],\"inLanguage\":\"es-CO\"},{\"@type\":\"Organization\",\"@id\":\"https:\\\/\\\/tuguia.combarranquilla.co\\\/Revista\\\/#organization\",\"name\":\"Tu Gu\u00eda Combarranquilla\",\"url\":\"https:\\\/\\\/tuguia.combarranquilla.co\\\/Revista\\\/\",\"logo\":{\"@type\":\"ImageObject\",\"inLanguage\":\"es-CO\",\"@id\":\"https:\\\/\\\/tuguia.combarranquilla.co\\\/Revista\\\/#\\\/schema\\\/logo\\\/image\\\/\",\"url\":\"https:\\\/\\\/tuguia.combarranquilla.co\\\/Revista\\\/wp-content\\\/uploads\\\/2022\\\/02\\\/logo-guia-combarranquilla.svg\",\"contentUrl\":\"https:\\\/\\\/tuguia.combarranquilla.co\\\/Revista\\\/wp-content\\\/uploads\\\/2022\\\/02\\\/logo-guia-combarranquilla.svg\",\"caption\":\"Tu Gu\u00eda Combarranquilla\"},\"image\":{\"@id\":\"https:\\\/\\\/tuguia.combarranquilla.co\\\/Revista\\\/#\\\/schema\\\/logo\\\/image\\\/\"}},{\"@type\":\"Person\",\"@id\":\"https:\\\/\\\/tuguia.combarranquilla.co\\\/Revista\\\/#\\\/schema\\\/person\\\/c2c396a77170bd1d5f8ba73294eb0d10\",\"name\":\"Comunicaciones Combarranquilla\",\"image\":{\"@type\":\"ImageObject\",\"inLanguage\":\"es-CO\",\"@id\":\"https:\\\/\\\/tuguia.combarranquilla.co\\\/Revista\\\/wp-content\\\/uploads\\\/2025\\\/05\\\/ABC-Al-Rojo-Logo-96x96.jpg\",\"url\":\"https:\\\/\\\/tuguia.combarranquilla.co\\\/Revista\\\/wp-content\\\/uploads\\\/2025\\\/05\\\/ABC-Al-Rojo-Logo-96x96.jpg\",\"contentUrl\":\"https:\\\/\\\/tuguia.combarranquilla.co\\\/Revista\\\/wp-content\\\/uploads\\\/2025\\\/05\\\/ABC-Al-Rojo-Logo-96x96.jpg\",\"caption\":\"Comunicaciones Combarranquilla\"},\"sameAs\":[\"https:\\\/\\\/www.combarranquilla.co\"],\"url\":\"https:\\\/\\\/tuguia.combarranquilla.co\\\/Revista\\\/author\\\/comunicaciones\\\/\"}]}<\/script>\n<!-- \/ Yoast SEO plugin. -->","yoast_head_json":{"title":"Ruta de beneficios para personas con discapacidad - Tu Gu\u00eda","robots":{"index":"index","follow":"follow","max-snippet":"max-snippet:-1","max-image-preview":"max-image-preview:large","max-video-preview":"max-video-preview:-1"},"canonical":"https:\/\/tuguia.combarranquilla.co\/Revista\/ruta-de-beneficios-para-personas-con-discapacidad\/","og_locale":"es_ES","og_type":"article","og_title":"Ruta de beneficios para personas con discapacidad - Tu Gu\u00eda","og_description":"Las cajas de compensaci\u00f3n&nbsp;en Colombia tienen diferentes servicios para personas en condici\u00f3n de&nbsp;discapacidad. Aqu\u00ed te explicamos c\u00f3mo puedes acceder a ellos si eres afiliado a Combarranquilla, y tambi\u00e9n te compartimos otros beneficios solo para ti. Requisitos&nbsp;generales Acreditaci\u00f3n&nbsp;de&nbsp;discapacidad: Inicialmente, se debe soportar ante la Caja la&nbsp;condici\u00f3n de&nbsp;discapacidad del trabajador o de la&nbsp;persona a cargo. Para esto, [&hellip;]","og_url":"https:\/\/tuguia.combarranquilla.co\/Revista\/ruta-de-beneficios-para-personas-con-discapacidad\/","og_site_name":"Tu Gu\u00eda","article_published_time":"2025-12-01T12:58:30+00:00","article_modified_time":"2026-03-30T16:21:14+00:00","og_image":[{"width":2560,"height":1280,"url":"https:\/\/tuguia.combarranquilla.co\/Revista\/wp-content\/uploads\/2025\/11\/Revista-Combarranquilla-1-scaled.jpg","type":"image\/jpeg"}],"author":"Comunicaciones Combarranquilla","twitter_card":"summary_large_image","twitter_misc":{"Escrito por":"Comunicaciones Combarranquilla","Tiempo de lectura":"4 minutos"},"schema":{"@context":"https:\/\/schema.org","@graph":[{"@type":"Article","@id":"https:\/\/tuguia.combarranquilla.co\/Revista\/ruta-de-beneficios-para-personas-con-discapacidad\/#article","isPartOf":{"@id":"https:\/\/tuguia.combarranquilla.co\/Revista\/ruta-de-beneficios-para-personas-con-discapacidad\/"},"author":{"name":"Comunicaciones Combarranquilla","@id":"https:\/\/tuguia.combarranquilla.co\/Revista\/#\/schema\/person\/c2c396a77170bd1d5f8ba73294eb0d10"},"headline":"Ruta de beneficios para personas con discapacidad","datePublished":"2025-12-01T12:58:30+00:00","dateModified":"2026-03-30T16:21:14+00:00","mainEntityOfPage":{"@id":"https:\/\/tuguia.combarranquilla.co\/Revista\/ruta-de-beneficios-para-personas-con-discapacidad\/"},"wordCount":935,"commentCount":0,"publisher":{"@id":"https:\/\/tuguia.combarranquilla.co\/Revista\/#organization"},"image":{"@id":"https:\/\/tuguia.combarranquilla.co\/Revista\/ruta-de-beneficios-para-personas-con-discapacidad\/#primaryimage"},"thumbnailUrl":"https:\/\/tuguia.combarranquilla.co\/Revista\/wp-content\/uploads\/2025\/11\/Revista-Combarranquilla-1-scaled.jpg","articleSection":["SUBSIDIOS"],"inLanguage":"es-CO","potentialAction":[{"@type":"CommentAction","name":"Comment","target":["https:\/\/tuguia.combarranquilla.co\/Revista\/ruta-de-beneficios-para-personas-con-discapacidad\/#respond"]}]},{"@type":"WebPage","@id":"https:\/\/tuguia.combarranquilla.co\/Revista\/ruta-de-beneficios-para-personas-con-discapacidad\/","url":"https:\/\/tuguia.combarranquilla.co\/Revista\/ruta-de-beneficios-para-personas-con-discapacidad\/","name":"Ruta de beneficios para personas con discapacidad - Tu Gu\u00eda","isPartOf":{"@id":"https:\/\/tuguia.combarranquilla.co\/Revista\/#website"},"primaryImageOfPage":{"@id":"https:\/\/tuguia.combarranquilla.co\/Revista\/ruta-de-beneficios-para-personas-con-discapacidad\/#primaryimage"},"image":{"@id":"https:\/\/tuguia.combarranquilla.co\/Revista\/ruta-de-beneficios-para-personas-con-discapacidad\/#primaryimage"},"thumbnailUrl":"https:\/\/tuguia.combarranquilla.co\/Revista\/wp-content\/uploads\/2025\/11\/Revista-Combarranquilla-1-scaled.jpg","datePublished":"2025-12-01T12:58:30+00:00","dateModified":"2026-03-30T16:21:14+00:00","breadcrumb":{"@id":"https:\/\/tuguia.combarranquilla.co\/Revista\/ruta-de-beneficios-para-personas-con-discapacidad\/#breadcrumb"},"inLanguage":"es-CO","potentialAction":[{"@type":"ReadAction","target":["https:\/\/tuguia.combarranquilla.co\/Revista\/ruta-de-beneficios-para-personas-con-discapacidad\/"]}]},{"@type":"ImageObject","inLanguage":"es-CO","@id":"https:\/\/tuguia.combarranquilla.co\/Revista\/ruta-de-beneficios-para-personas-con-discapacidad\/#primaryimage","url":"https:\/\/tuguia.combarranquilla.co\/Revista\/wp-content\/uploads\/2025\/11\/Revista-Combarranquilla-1-scaled.jpg","contentUrl":"https:\/\/tuguia.combarranquilla.co\/Revista\/wp-content\/uploads\/2025\/11\/Revista-Combarranquilla-1-scaled.jpg","width":2560,"height":1280},{"@type":"BreadcrumbList","@id":"https:\/\/tuguia.combarranquilla.co\/Revista\/ruta-de-beneficios-para-personas-con-discapacidad\/#breadcrumb","itemListElement":[{"@type":"ListItem","position":1,"name":"Inicio","item":"https:\/\/tuguia.combarranquilla.co\/Revista\/"},{"@type":"ListItem","position":2,"name":"Ruta de beneficios para personas con discapacidad"}]},{"@type":"WebSite","@id":"https:\/\/tuguia.combarranquilla.co\/Revista\/#website","url":"https:\/\/tuguia.combarranquilla.co\/Revista\/","name":"Tu Gu\u00eda","description":"La revista donde lo tienes todo.","publisher":{"@id":"https:\/\/tuguia.combarranquilla.co\/Revista\/#organization"},"alternateName":"Tu Gu\u00eda Combarranquilla","potentialAction":[{"@type":"SearchAction","target":{"@type":"EntryPoint","urlTemplate":"https:\/\/tuguia.combarranquilla.co\/Revista\/?s={search_term_string}"},"query-input":{"@type":"PropertyValueSpecification","valueRequired":true,"valueName":"search_term_string"}}],"inLanguage":"es-CO"},{"@type":"Organization","@id":"https:\/\/tuguia.combarranquilla.co\/Revista\/#organization","name":"Tu Gu\u00eda Combarranquilla","url":"https:\/\/tuguia.combarranquilla.co\/Revista\/","logo":{"@type":"ImageObject","inLanguage":"es-CO","@id":"https:\/\/tuguia.combarranquilla.co\/Revista\/#\/schema\/logo\/image\/","url":"https:\/\/tuguia.combarranquilla.co\/Revista\/wp-content\/uploads\/2022\/02\/logo-guia-combarranquilla.svg","contentUrl":"https:\/\/tuguia.combarranquilla.co\/Revista\/wp-content\/uploads\/2022\/02\/logo-guia-combarranquilla.svg","caption":"Tu Gu\u00eda Combarranquilla"},"image":{"@id":"https:\/\/tuguia.combarranquilla.co\/Revista\/#\/schema\/logo\/image\/"}},{"@type":"Person","@id":"https:\/\/tuguia.combarranquilla.co\/Revista\/#\/schema\/person\/c2c396a77170bd1d5f8ba73294eb0d10","name":"Comunicaciones Combarranquilla","image":{"@type":"ImageObject","inLanguage":"es-CO","@id":"https:\/\/tuguia.combarranquilla.co\/Revista\/wp-content\/uploads\/2025\/05\/ABC-Al-Rojo-Logo-96x96.jpg","url":"https:\/\/tuguia.combarranquilla.co\/Revista\/wp-content\/uploads\/2025\/05\/ABC-Al-Rojo-Logo-96x96.jpg","contentUrl":"https:\/\/tuguia.combarranquilla.co\/Revista\/wp-content\/uploads\/2025\/05\/ABC-Al-Rojo-Logo-96x96.jpg","caption":"Comunicaciones Combarranquilla"},"sameAs":["https:\/\/www.combarranquilla.co"],"url":"https:\/\/tuguia.combarranquilla.co\/Revista\/author\/comunicaciones\/"}]}},"_links":{"self":[{"href":"https:\/\/tuguia.combarranquilla.co\/Revista\/wp-json\/wp\/v2\/posts\/8141","targetHints":{"allow":["GET"]}}],"collection":[{"href":"https:\/\/tuguia.combarranquilla.co\/Revista\/wp-json\/wp\/v2\/posts"}],"about":[{"href":"https:\/\/tuguia.combarranquilla.co\/Revista\/wp-json\/wp\/v2\/types\/post"}],"author":[{"embeddable":true,"href":"https:\/\/tuguia.combarranquilla.co\/Revista\/wp-json\/wp\/v2\/users\/2"}],"replies":[{"embeddable":true,"href":"https:\/\/tuguia.combarranquilla.co\/Revista\/wp-json\/wp\/v2\/comments?post=8141"}],"version-history":[{"count":27,"href":"https:\/\/tuguia.combarranquilla.co\/Revista\/wp-json\/wp\/v2\/posts\/8141\/revisions"}],"predecessor-version":[{"id":9004,"href":"https:\/\/tuguia.combarranquilla.co\/Revista\/wp-json\/wp\/v2\/posts\/8141\/revisions\/9004"}],"wp:featuredmedia":[{"embeddable":true,"href":"https:\/\/tuguia.combarranquilla.co\/Revista\/wp-json\/wp\/v2\/media\/8146"}],"wp:attachment":[{"href":"https:\/\/tuguia.combarranquilla.co\/Revista\/wp-json\/wp\/v2\/media?parent=8141"}],"wp:term":[{"taxonomy":"category","embeddable":true,"href":"https:\/\/tuguia.combarranquilla.co\/Revista\/wp-json\/wp\/v2\/categories?post=8141"},{"taxonomy":"post_tag","embeddable":true,"href":"https:\/\/tuguia.combarranquilla.co\/Revista\/wp-json\/wp\/v2\/tags?post=8141"}],"curies":[{"name":"wp","href":"https:\/\/api.w.org\/{rel}","templated":true}]}}