{"id":8170,"date":"2025-12-01T07:57:24","date_gmt":"2025-12-01T12:57:24","guid":{"rendered":"https:\/\/tuguia.combarranquilla.co\/Revista\/?p=8170"},"modified":"2025-12-01T07:57:25","modified_gmt":"2025-12-01T12:57:25","slug":"recomendados-del-chef-restaurantes-de-combarranquilla","status":"publish","type":"post","link":"https:\/\/tuguia.combarranquilla.co\/Revista\/recomendados-del-chef-restaurantes-de-combarranquilla\/","title":{"rendered":"Recomendados del chef: restaurantes de Combarranquilla\u00a0"},"content":{"rendered":"\n<p>La gastronom\u00eda de nuestros restaurantes&nbsp;destaca por contar&nbsp;diferentes historias&nbsp;para paladares&nbsp;variados.&nbsp;Los&nbsp;men\u00fas&nbsp;de cada restaurante se&nbsp;adaptan&nbsp;a&nbsp;gustos&nbsp;y edades.&nbsp;Para que conozcas m\u00e1s sobre nuestra oferta culinaria, te traemos una selecci\u00f3n de&nbsp;los platos recomendados del chef en cada uno&nbsp;de&nbsp;nuestros restaurantes.&nbsp;<\/p>\n\n\n\n<h2 class=\"wp-block-heading has-medium-font-size\"><strong>Caf\u00e9 Gourmet<\/strong>&nbsp;<\/h2>\n\n\n\n<p>Subiendo por la calle 76, justo entre las carreras 58&nbsp;y 57,&nbsp;se encuentra la Unidad&nbsp;Country de&nbsp;Combarranquilla. Al ingresar a las instalaciones, tan solo con tomar el camino ubicado a la derecha, por las piscinas, encontraremos el Caf\u00e9&nbsp;Gourmet.&nbsp;Es el restaurante ideal para&nbsp;disfrutar de un d\u00eda sin prisa, por tu cuenta o con tus seres queridos.<\/p>\n\n\n<div class=\"wp-block-image\">\n<figure class=\"aligncenter size-full is-resized\"><img decoding=\"async\" width=\"2560\" height=\"1439\" data-src=\"https:\/\/tuguia.combarranquilla.co\/Revista\/wp-content\/uploads\/2025\/11\/DSC9540-edited-scaled.jpg\" alt=\"\" class=\"wp-image-8175 lazyload\" style=\"--smush-placeholder-width: 2560px; --smush-placeholder-aspect-ratio: 2560\/1439;width:728px\" data-srcset=\"https:\/\/tuguia.combarranquilla.co\/Revista\/wp-content\/uploads\/2025\/11\/DSC9540-edited-scaled.jpg 2560w, https:\/\/tuguia.combarranquilla.co\/Revista\/wp-content\/uploads\/2025\/11\/DSC9540-edited-300x169.jpg 300w, https:\/\/tuguia.combarranquilla.co\/Revista\/wp-content\/uploads\/2025\/11\/DSC9540-edited-1024x576.jpg 1024w, https:\/\/tuguia.combarranquilla.co\/Revista\/wp-content\/uploads\/2025\/11\/DSC9540-edited-768x432.jpg 768w, https:\/\/tuguia.combarranquilla.co\/Revista\/wp-content\/uploads\/2025\/11\/DSC9540-edited-1536x863.jpg 1536w, https:\/\/tuguia.combarranquilla.co\/Revista\/wp-content\/uploads\/2025\/11\/DSC9540-edited-2048x1151.jpg 2048w\" data-sizes=\"(max-width: 2560px) 100vw, 2560px\" src=\"data:image\/svg+xml;base64,PHN2ZyB3aWR0aD0iMSIgaGVpZ2h0PSIxIiB4bWxucz0iaHR0cDovL3d3dy53My5vcmcvMjAwMC9zdmciPjwvc3ZnPg==\" \/><\/figure><\/div>\n\n\n<p>El recomendado destacado de este mes es el&nbsp;brunch, disponible todos los domingos de 9:00 a.m. a 12:00 m.&nbsp;Las&nbsp;cartas&nbsp;del&nbsp;brunch&nbsp;en Caf\u00e9 Gourmet var\u00edan cada fin de semana, brindando a los usuarios sabores \u00fanicos.&nbsp;Generalmente, incluyen:&nbsp;<\/p>\n\n\n\n<div class=\"wp-block-group is-vertical is-layout-flex wp-container-core-group-is-layout-8cf370e7 wp-block-group-is-layout-flex\">\n<ul class=\"wp-block-list\">\n<li>Porciones de frutas, como papaya, mel\u00f3n, patilla, pi\u00f1a.&nbsp;<\/li>\n<\/ul>\n\n\n\n<ul class=\"wp-block-list\">\n<li>Barra de cereal, como&nbsp;granola, cereal de chocolate&nbsp;y&nbsp;cereal neutro, acompa\u00f1ados de&nbsp;yogur&nbsp;o kumis.&nbsp;<\/li>\n<\/ul>\n\n\n\n<ul class=\"wp-block-list\">\n<li>Mini croissant&nbsp;de&nbsp;queso, pan pi\u00f1ita&nbsp;y&nbsp;panecillos.&nbsp;<\/li>\n<\/ul>\n\n\n\n<ul class=\"wp-block-list\">\n<li>Huevos y&nbsp;waffles&nbsp;a la minuta.&nbsp;<\/li>\n<\/ul>\n\n\n\n<ul class=\"wp-block-list\">\n<li>Opciones calientes, como&nbsp;mini arepita dulce, chicharr\u00f3n al barril,&nbsp;cayeye&nbsp;con queso, entre otras.&nbsp;<\/li>\n<\/ul>\n<\/div>\n\n\n\n<p><\/p>\n\n\n\n<p>El men\u00fa puede variar, pero el sabor&nbsp;permanece igual: exquisito.&nbsp;<\/p>\n\n\n\n<h2 class=\"wp-block-heading has-medium-font-size\"><strong>Mirador del R\u00edo<\/strong>&nbsp;<\/h2>\n\n\n\n<p>Si todav\u00eda nos encontramos en la Unidad Country, podemos subir al tercer piso. All\u00ed, nos espera una vista al\u00a0r\u00edo Magdalena\u00a0frente\u00a0al\u00a0restaurante Mirador del R\u00edo.\u00a0Este espacio ofrece una experiencia moderna\u00a0y acogedora. Entre los platos de su men\u00fa destacan las pastas. Especialmente el espagueti de frutos del mar,\u00a0hecho con mariscos surtidos.\u00a0<\/p>\n\n\n<div class=\"wp-block-image\">\n<figure class=\"aligncenter size-full is-resized\"><img decoding=\"async\" width=\"2560\" height=\"1440\" data-src=\"https:\/\/tuguia.combarranquilla.co\/Revista\/wp-content\/uploads\/2025\/11\/nmmm-edited-scaled.jpg\" alt=\"\" class=\"wp-image-8181 lazyload\" style=\"--smush-placeholder-width: 2560px; --smush-placeholder-aspect-ratio: 2560\/1440;width:728px\" data-srcset=\"https:\/\/tuguia.combarranquilla.co\/Revista\/wp-content\/uploads\/2025\/11\/nmmm-edited-scaled.jpg 2560w, https:\/\/tuguia.combarranquilla.co\/Revista\/wp-content\/uploads\/2025\/11\/nmmm-edited-300x169.jpg 300w, https:\/\/tuguia.combarranquilla.co\/Revista\/wp-content\/uploads\/2025\/11\/nmmm-edited-1024x576.jpg 1024w, https:\/\/tuguia.combarranquilla.co\/Revista\/wp-content\/uploads\/2025\/11\/nmmm-edited-768x432.jpg 768w, https:\/\/tuguia.combarranquilla.co\/Revista\/wp-content\/uploads\/2025\/11\/nmmm-edited-1536x864.jpg 1536w, https:\/\/tuguia.combarranquilla.co\/Revista\/wp-content\/uploads\/2025\/11\/nmmm-edited-2048x1152.jpg 2048w\" data-sizes=\"(max-width: 2560px) 100vw, 2560px\" src=\"data:image\/svg+xml;base64,PHN2ZyB3aWR0aD0iMSIgaGVpZ2h0PSIxIiB4bWxucz0iaHR0cDovL3d3dy53My5vcmcvMjAwMC9zdmciPjwvc3ZnPg==\" \/><\/figure><\/div>\n\n\n<p>Los jueves tambi\u00e9n son perfectos para visitar este lugar. Desde las 6:00 p.m. tendr\u00e1s acceso a una carta m\u00e1s diversa\u00a0de pastas acompa\u00f1adas de una copa de vino.\u00a0<\/p>\n\n\n\n<p>Para&nbsp;los m\u00e1s peque\u00f1os, recomendamos el&nbsp;mini baby&nbsp;beef,&nbsp;un lomo fino a la plancha&nbsp;acompa\u00f1ado&nbsp;de papas a la francesa.&nbsp;Y contamos con&nbsp;jugos&nbsp;naturales en leche o agua&nbsp;para refrescar tu d\u00eda.&nbsp;<\/p>\n\n\n\n<h2 class=\"wp-block-heading has-medium-font-size\"><strong>Bar Mirador<\/strong>&nbsp;<\/h2>\n\n\n\n<p>En el tercer piso de la Unidad Country, al fondo,&nbsp;se encuentra&nbsp;el Bar Mirador. Entre luces y m\u00fasica&nbsp;crossover, podr\u00e1s&nbsp;construir momentos especiales con tu familia y amigos.<\/p>\n\n\n<div class=\"wp-block-image\">\n<figure class=\"aligncenter size-full is-resized\"><img decoding=\"async\" width=\"2560\" height=\"1440\" data-src=\"https:\/\/tuguia.combarranquilla.co\/Revista\/wp-content\/uploads\/2025\/11\/DSC_0114-edited-scaled.jpg\" alt=\"\" class=\"wp-image-8183 lazyload\" style=\"--smush-placeholder-width: 2560px; --smush-placeholder-aspect-ratio: 2560\/1440;width:728px\" data-srcset=\"https:\/\/tuguia.combarranquilla.co\/Revista\/wp-content\/uploads\/2025\/11\/DSC_0114-edited-scaled.jpg 2560w, https:\/\/tuguia.combarranquilla.co\/Revista\/wp-content\/uploads\/2025\/11\/DSC_0114-edited-300x169.jpg 300w, https:\/\/tuguia.combarranquilla.co\/Revista\/wp-content\/uploads\/2025\/11\/DSC_0114-edited-1024x576.jpg 1024w, https:\/\/tuguia.combarranquilla.co\/Revista\/wp-content\/uploads\/2025\/11\/DSC_0114-edited-768x432.jpg 768w, https:\/\/tuguia.combarranquilla.co\/Revista\/wp-content\/uploads\/2025\/11\/DSC_0114-edited-1536x864.jpg 1536w, https:\/\/tuguia.combarranquilla.co\/Revista\/wp-content\/uploads\/2025\/11\/DSC_0114-edited-2048x1152.jpg 2048w\" data-sizes=\"(max-width: 2560px) 100vw, 2560px\" src=\"data:image\/svg+xml;base64,PHN2ZyB3aWR0aD0iMSIgaGVpZ2h0PSIxIiB4bWxucz0iaHR0cDovL3d3dy53My5vcmcvMjAwMC9zdmciPjwvc3ZnPg==\" \/><\/figure><\/div>\n\n\n<p>La secci\u00f3n de \u201cPicadas\u201d en el men\u00fa es la m\u00e1s amada por los visitantes. Pueden escoger entre&nbsp;picadas de cerdo, de pollo, de chorizo y butifarra, de butifarra y bollo o de chorizo y bollo.&nbsp;<\/p>\n\n\n\n<p>Adem\u00e1s, al ser un espacio para adultos responsables, resaltan las opciones de vinos, c\u00f3cteles y licores. Ver un partido de la Selecci\u00f3n Colombia o del Junior en el Bar Mirador es una experiencia imperdible.&nbsp;<\/p>\n\n\n\n<h2 class=\"wp-block-heading has-medium-font-size\"><strong>Mirador del Mar<\/strong>&nbsp;<\/h2>\n\n\n\n<p>A 15 minutos de Barranquilla, en el Centro Recreacional&nbsp;Solinilla,&nbsp;se ubica el restaurante Mirador del Mar, con la mejor vista hacia las playas de Salgar. Es un lugar con decoraciones tropicales que nos hacen sentir realmente&nbsp;parte del Caribe&nbsp;colombiano.<\/p>\n\n\n<div class=\"wp-block-image\">\n<figure class=\"aligncenter size-full is-resized\"><img decoding=\"async\" width=\"2560\" height=\"1439\" data-src=\"https:\/\/tuguia.combarranquilla.co\/Revista\/wp-content\/uploads\/2025\/11\/RESTAURANTE-edited-scaled.jpg\" alt=\"\" class=\"wp-image-8185 lazyload\" style=\"--smush-placeholder-width: 2560px; --smush-placeholder-aspect-ratio: 2560\/1439;width:728px\" data-srcset=\"https:\/\/tuguia.combarranquilla.co\/Revista\/wp-content\/uploads\/2025\/11\/RESTAURANTE-edited-scaled.jpg 2560w, https:\/\/tuguia.combarranquilla.co\/Revista\/wp-content\/uploads\/2025\/11\/RESTAURANTE-edited-300x169.jpg 300w, https:\/\/tuguia.combarranquilla.co\/Revista\/wp-content\/uploads\/2025\/11\/RESTAURANTE-edited-1024x576.jpg 1024w, https:\/\/tuguia.combarranquilla.co\/Revista\/wp-content\/uploads\/2025\/11\/RESTAURANTE-edited-768x432.jpg 768w, https:\/\/tuguia.combarranquilla.co\/Revista\/wp-content\/uploads\/2025\/11\/RESTAURANTE-edited-1536x863.jpg 1536w, https:\/\/tuguia.combarranquilla.co\/Revista\/wp-content\/uploads\/2025\/11\/RESTAURANTE-edited-2048x1151.jpg 2048w\" data-sizes=\"(max-width: 2560px) 100vw, 2560px\" src=\"data:image\/svg+xml;base64,PHN2ZyB3aWR0aD0iMSIgaGVpZ2h0PSIxIiB4bWxucz0iaHR0cDovL3d3dy53My5vcmcvMjAwMC9zdmciPjwvc3ZnPg==\" \/><\/figure><\/div>\n\n\n<p>El Mirador del Mar tiene dos cartas. Una general y otra de asados y pizzas, disponible desde las 12:00 p.m. Durante este mes, para una entrada memorable, recomendamos el c\u00f3ctel de camar\u00f3n&nbsp;en salsa golf con cracker de or\u00e9gano y pimienta. Si quieres el plato fuerte primero, el filete de salm\u00f3n en salsa de coco es la mejor opci\u00f3n. Y los ni\u00f1os tambi\u00e9n tienen su lugar aqu\u00ed. La milanesa de pollo acompa\u00f1ada de papas a la francesa y miel de abejas es su elecci\u00f3n preferida.&nbsp;<\/p>\n\n\n\n<p>A partir del mediod\u00eda, se&nbsp;ampl\u00eda&nbsp;el men\u00fa. Para probar algo diferente, recomendamos la pizza&nbsp;Combarranquilla, que trae chorizo, butifarra y cuadros de chicharr\u00f3n tostado. Acomp\u00e1\u00f1ala con una limonada&nbsp;frapp\u00e9&nbsp;de coco y tu d\u00eda mejorar\u00e1 instant\u00e1neamente.<\/p>\n\n\n\n<hr class=\"wp-block-separator has-alpha-channel-opacity\"\/>\n\n\n\n<p>En Combarranquilla buscamos darte la experiencia completa. Con nosotros encuentras confort y calidad en un solo lugar. Visita nuestros restaurantes y comparte la felicidad con otros.<strong><em> \u00a1Te esperamos!<\/em><\/strong><\/p>\n","protected":false},"excerpt":{"rendered":"<p>La gastronom\u00eda de nuestros restaurantes&nbsp;destaca por contar&nbsp;diferentes historias&nbsp;para paladares&nbsp;variados.&nbsp;Los&nbsp;men\u00fas&nbsp;de cada restaurante se&nbsp;adaptan&nbsp;a&nbsp;gustos&nbsp;y edades.&nbsp;Para que conozcas m\u00e1s sobre nuestra oferta culinaria, te traemos una selecci\u00f3n de&nbsp;los platos recomendados del chef en cada uno&nbsp;de&nbsp;nuestros restaurantes.&nbsp; Caf\u00e9 Gourmet&nbsp; Subiendo por la calle 76, justo entre las carreras 58&nbsp;y 57,&nbsp;se encuentra la Unidad&nbsp;Country de&nbsp;Combarranquilla. Al ingresar a las instalaciones, [&hellip;]<\/p>\n","protected":false},"author":2,"featured_media":8178,"comment_status":"open","ping_status":"open","sticky":false,"template":"","format":"standard","meta":{"inline_featured_image":false,"footnotes":""},"categories":[3],"tags":[],"class_list":["post-8170","post","type-post","status-publish","format-standard","has-post-thumbnail","hentry","category-mirador-gastronomico"],"yoast_head":"<!-- This site is optimized with the Yoast SEO plugin v27.4 - https:\/\/yoast.com\/product\/yoast-seo-wordpress\/ -->\n<title>Recomendados del chef: restaurantes de Combarranquilla\u00a0 - Tu Gu\u00eda<\/title>\n<meta name=\"robots\" content=\"index, follow, max-snippet:-1, max-image-preview:large, max-video-preview:-1\" \/>\n<link rel=\"canonical\" href=\"https:\/\/tuguia.combarranquilla.co\/Revista\/recomendados-del-chef-restaurantes-de-combarranquilla\/\" \/>\n<meta property=\"og:locale\" content=\"es_ES\" \/>\n<meta property=\"og:type\" content=\"article\" \/>\n<meta property=\"og:title\" content=\"Recomendados del chef: restaurantes de Combarranquilla\u00a0 - Tu Gu\u00eda\" \/>\n<meta property=\"og:description\" content=\"La gastronom\u00eda de nuestros restaurantes&nbsp;destaca por contar&nbsp;diferentes historias&nbsp;para paladares&nbsp;variados.&nbsp;Los&nbsp;men\u00fas&nbsp;de cada restaurante se&nbsp;adaptan&nbsp;a&nbsp;gustos&nbsp;y edades.&nbsp;Para que conozcas m\u00e1s sobre nuestra oferta culinaria, te traemos una selecci\u00f3n de&nbsp;los platos recomendados del chef en cada uno&nbsp;de&nbsp;nuestros restaurantes.&nbsp; Caf\u00e9 Gourmet&nbsp; Subiendo por la calle 76, justo entre las carreras 58&nbsp;y 57,&nbsp;se encuentra la Unidad&nbsp;Country de&nbsp;Combarranquilla. Al ingresar a las instalaciones, [&hellip;]\" \/>\n<meta property=\"og:url\" content=\"https:\/\/tuguia.combarranquilla.co\/Revista\/recomendados-del-chef-restaurantes-de-combarranquilla\/\" \/>\n<meta property=\"og:site_name\" content=\"Tu Gu\u00eda\" \/>\n<meta property=\"article:published_time\" content=\"2025-12-01T12:57:24+00:00\" \/>\n<meta property=\"article:modified_time\" content=\"2025-12-01T12:57:25+00:00\" \/>\n<meta property=\"og:image\" content=\"https:\/\/tuguia.combarranquilla.co\/Revista\/wp-content\/uploads\/2025\/11\/Revista-Combarranquilla-1-1-scaled.jpg\" \/>\n\t<meta property=\"og:image:width\" content=\"2560\" \/>\n\t<meta property=\"og:image:height\" content=\"1280\" \/>\n\t<meta property=\"og:image:type\" content=\"image\/jpeg\" \/>\n<meta name=\"author\" content=\"Comunicaciones Combarranquilla\" \/>\n<meta name=\"twitter:card\" content=\"summary_large_image\" \/>\n<meta name=\"twitter:label1\" content=\"Escrito por\" \/>\n\t<meta name=\"twitter:data1\" content=\"Comunicaciones Combarranquilla\" \/>\n\t<meta name=\"twitter:label2\" content=\"Tiempo de lectura\" \/>\n\t<meta name=\"twitter:data2\" content=\"1 minuto\" \/>\n<script type=\"application\/ld+json\" class=\"yoast-schema-graph\">{\"@context\":\"https:\\\/\\\/schema.org\",\"@graph\":[{\"@type\":\"Article\",\"@id\":\"https:\\\/\\\/tuguia.combarranquilla.co\\\/Revista\\\/recomendados-del-chef-restaurantes-de-combarranquilla\\\/#article\",\"isPartOf\":{\"@id\":\"https:\\\/\\\/tuguia.combarranquilla.co\\\/Revista\\\/recomendados-del-chef-restaurantes-de-combarranquilla\\\/\"},\"author\":{\"name\":\"Comunicaciones Combarranquilla\",\"@id\":\"https:\\\/\\\/tuguia.combarranquilla.co\\\/Revista\\\/#\\\/schema\\\/person\\\/c2c396a77170bd1d5f8ba73294eb0d10\"},\"headline\":\"Recomendados del chef: restaurantes de Combarranquilla\u00a0\",\"datePublished\":\"2025-12-01T12:57:24+00:00\",\"dateModified\":\"2025-12-01T12:57:25+00:00\",\"mainEntityOfPage\":{\"@id\":\"https:\\\/\\\/tuguia.combarranquilla.co\\\/Revista\\\/recomendados-del-chef-restaurantes-de-combarranquilla\\\/\"},\"wordCount\":756,\"commentCount\":0,\"publisher\":{\"@id\":\"https:\\\/\\\/tuguia.combarranquilla.co\\\/Revista\\\/#organization\"},\"image\":{\"@id\":\"https:\\\/\\\/tuguia.combarranquilla.co\\\/Revista\\\/recomendados-del-chef-restaurantes-de-combarranquilla\\\/#primaryimage\"},\"thumbnailUrl\":\"https:\\\/\\\/tuguia.combarranquilla.co\\\/Revista\\\/wp-content\\\/uploads\\\/2025\\\/11\\\/Revista-Combarranquilla-1-1-scaled.jpg\",\"articleSection\":[\"MIRADOR GASTRON\u00d3MICO\"],\"inLanguage\":\"es-CO\",\"potentialAction\":[{\"@type\":\"CommentAction\",\"name\":\"Comment\",\"target\":[\"https:\\\/\\\/tuguia.combarranquilla.co\\\/Revista\\\/recomendados-del-chef-restaurantes-de-combarranquilla\\\/#respond\"]}]},{\"@type\":\"WebPage\",\"@id\":\"https:\\\/\\\/tuguia.combarranquilla.co\\\/Revista\\\/recomendados-del-chef-restaurantes-de-combarranquilla\\\/\",\"url\":\"https:\\\/\\\/tuguia.combarranquilla.co\\\/Revista\\\/recomendados-del-chef-restaurantes-de-combarranquilla\\\/\",\"name\":\"Recomendados del chef: restaurantes de Combarranquilla\u00a0 - Tu Gu\u00eda\",\"isPartOf\":{\"@id\":\"https:\\\/\\\/tuguia.combarranquilla.co\\\/Revista\\\/#website\"},\"primaryImageOfPage\":{\"@id\":\"https:\\\/\\\/tuguia.combarranquilla.co\\\/Revista\\\/recomendados-del-chef-restaurantes-de-combarranquilla\\\/#primaryimage\"},\"image\":{\"@id\":\"https:\\\/\\\/tuguia.combarranquilla.co\\\/Revista\\\/recomendados-del-chef-restaurantes-de-combarranquilla\\\/#primaryimage\"},\"thumbnailUrl\":\"https:\\\/\\\/tuguia.combarranquilla.co\\\/Revista\\\/wp-content\\\/uploads\\\/2025\\\/11\\\/Revista-Combarranquilla-1-1-scaled.jpg\",\"datePublished\":\"2025-12-01T12:57:24+00:00\",\"dateModified\":\"2025-12-01T12:57:25+00:00\",\"breadcrumb\":{\"@id\":\"https:\\\/\\\/tuguia.combarranquilla.co\\\/Revista\\\/recomendados-del-chef-restaurantes-de-combarranquilla\\\/#breadcrumb\"},\"inLanguage\":\"es-CO\",\"potentialAction\":[{\"@type\":\"ReadAction\",\"target\":[\"https:\\\/\\\/tuguia.combarranquilla.co\\\/Revista\\\/recomendados-del-chef-restaurantes-de-combarranquilla\\\/\"]}]},{\"@type\":\"ImageObject\",\"inLanguage\":\"es-CO\",\"@id\":\"https:\\\/\\\/tuguia.combarranquilla.co\\\/Revista\\\/recomendados-del-chef-restaurantes-de-combarranquilla\\\/#primaryimage\",\"url\":\"https:\\\/\\\/tuguia.combarranquilla.co\\\/Revista\\\/wp-content\\\/uploads\\\/2025\\\/11\\\/Revista-Combarranquilla-1-1-scaled.jpg\",\"contentUrl\":\"https:\\\/\\\/tuguia.combarranquilla.co\\\/Revista\\\/wp-content\\\/uploads\\\/2025\\\/11\\\/Revista-Combarranquilla-1-1-scaled.jpg\",\"width\":2560,\"height\":1280},{\"@type\":\"BreadcrumbList\",\"@id\":\"https:\\\/\\\/tuguia.combarranquilla.co\\\/Revista\\\/recomendados-del-chef-restaurantes-de-combarranquilla\\\/#breadcrumb\",\"itemListElement\":[{\"@type\":\"ListItem\",\"position\":1,\"name\":\"Inicio\",\"item\":\"https:\\\/\\\/tuguia.combarranquilla.co\\\/Revista\\\/\"},{\"@type\":\"ListItem\",\"position\":2,\"name\":\"Recomendados del chef: restaurantes de Combarranquilla\u00a0\"}]},{\"@type\":\"WebSite\",\"@id\":\"https:\\\/\\\/tuguia.combarranquilla.co\\\/Revista\\\/#website\",\"url\":\"https:\\\/\\\/tuguia.combarranquilla.co\\\/Revista\\\/\",\"name\":\"Tu Gu\u00eda\",\"description\":\"La revista donde lo tienes todo.\",\"publisher\":{\"@id\":\"https:\\\/\\\/tuguia.combarranquilla.co\\\/Revista\\\/#organization\"},\"alternateName\":\"Tu Gu\u00eda Combarranquilla\",\"potentialAction\":[{\"@type\":\"SearchAction\",\"target\":{\"@type\":\"EntryPoint\",\"urlTemplate\":\"https:\\\/\\\/tuguia.combarranquilla.co\\\/Revista\\\/?s={search_term_string}\"},\"query-input\":{\"@type\":\"PropertyValueSpecification\",\"valueRequired\":true,\"valueName\":\"search_term_string\"}}],\"inLanguage\":\"es-CO\"},{\"@type\":\"Organization\",\"@id\":\"https:\\\/\\\/tuguia.combarranquilla.co\\\/Revista\\\/#organization\",\"name\":\"Tu Gu\u00eda Combarranquilla\",\"url\":\"https:\\\/\\\/tuguia.combarranquilla.co\\\/Revista\\\/\",\"logo\":{\"@type\":\"ImageObject\",\"inLanguage\":\"es-CO\",\"@id\":\"https:\\\/\\\/tuguia.combarranquilla.co\\\/Revista\\\/#\\\/schema\\\/logo\\\/image\\\/\",\"url\":\"https:\\\/\\\/tuguia.combarranquilla.co\\\/Revista\\\/wp-content\\\/uploads\\\/2022\\\/02\\\/logo-guia-combarranquilla.svg\",\"contentUrl\":\"https:\\\/\\\/tuguia.combarranquilla.co\\\/Revista\\\/wp-content\\\/uploads\\\/2022\\\/02\\\/logo-guia-combarranquilla.svg\",\"caption\":\"Tu Gu\u00eda Combarranquilla\"},\"image\":{\"@id\":\"https:\\\/\\\/tuguia.combarranquilla.co\\\/Revista\\\/#\\\/schema\\\/logo\\\/image\\\/\"}},{\"@type\":\"Person\",\"@id\":\"https:\\\/\\\/tuguia.combarranquilla.co\\\/Revista\\\/#\\\/schema\\\/person\\\/c2c396a77170bd1d5f8ba73294eb0d10\",\"name\":\"Comunicaciones Combarranquilla\",\"image\":{\"@type\":\"ImageObject\",\"inLanguage\":\"es-CO\",\"@id\":\"https:\\\/\\\/tuguia.combarranquilla.co\\\/Revista\\\/wp-content\\\/uploads\\\/2025\\\/05\\\/ABC-Al-Rojo-Logo-96x96.jpg\",\"url\":\"https:\\\/\\\/tuguia.combarranquilla.co\\\/Revista\\\/wp-content\\\/uploads\\\/2025\\\/05\\\/ABC-Al-Rojo-Logo-96x96.jpg\",\"contentUrl\":\"https:\\\/\\\/tuguia.combarranquilla.co\\\/Revista\\\/wp-content\\\/uploads\\\/2025\\\/05\\\/ABC-Al-Rojo-Logo-96x96.jpg\",\"caption\":\"Comunicaciones Combarranquilla\"},\"sameAs\":[\"https:\\\/\\\/www.combarranquilla.co\"],\"url\":\"https:\\\/\\\/tuguia.combarranquilla.co\\\/Revista\\\/author\\\/comunicaciones\\\/\"}]}<\/script>\n<!-- \/ Yoast SEO plugin. -->","yoast_head_json":{"title":"Recomendados del chef: restaurantes de Combarranquilla\u00a0 - Tu Gu\u00eda","robots":{"index":"index","follow":"follow","max-snippet":"max-snippet:-1","max-image-preview":"max-image-preview:large","max-video-preview":"max-video-preview:-1"},"canonical":"https:\/\/tuguia.combarranquilla.co\/Revista\/recomendados-del-chef-restaurantes-de-combarranquilla\/","og_locale":"es_ES","og_type":"article","og_title":"Recomendados del chef: restaurantes de Combarranquilla\u00a0 - Tu Gu\u00eda","og_description":"La gastronom\u00eda de nuestros restaurantes&nbsp;destaca por contar&nbsp;diferentes historias&nbsp;para paladares&nbsp;variados.&nbsp;Los&nbsp;men\u00fas&nbsp;de cada restaurante se&nbsp;adaptan&nbsp;a&nbsp;gustos&nbsp;y edades.&nbsp;Para que conozcas m\u00e1s sobre nuestra oferta culinaria, te traemos una selecci\u00f3n de&nbsp;los platos recomendados del chef en cada uno&nbsp;de&nbsp;nuestros restaurantes.&nbsp; Caf\u00e9 Gourmet&nbsp; Subiendo por la calle 76, justo entre las carreras 58&nbsp;y 57,&nbsp;se encuentra la Unidad&nbsp;Country de&nbsp;Combarranquilla. Al ingresar a las instalaciones, [&hellip;]","og_url":"https:\/\/tuguia.combarranquilla.co\/Revista\/recomendados-del-chef-restaurantes-de-combarranquilla\/","og_site_name":"Tu Gu\u00eda","article_published_time":"2025-12-01T12:57:24+00:00","article_modified_time":"2025-12-01T12:57:25+00:00","og_image":[{"width":2560,"height":1280,"url":"https:\/\/tuguia.combarranquilla.co\/Revista\/wp-content\/uploads\/2025\/11\/Revista-Combarranquilla-1-1-scaled.jpg","type":"image\/jpeg"}],"author":"Comunicaciones Combarranquilla","twitter_card":"summary_large_image","twitter_misc":{"Escrito por":"Comunicaciones Combarranquilla","Tiempo de lectura":"1 minuto"},"schema":{"@context":"https:\/\/schema.org","@graph":[{"@type":"Article","@id":"https:\/\/tuguia.combarranquilla.co\/Revista\/recomendados-del-chef-restaurantes-de-combarranquilla\/#article","isPartOf":{"@id":"https:\/\/tuguia.combarranquilla.co\/Revista\/recomendados-del-chef-restaurantes-de-combarranquilla\/"},"author":{"name":"Comunicaciones Combarranquilla","@id":"https:\/\/tuguia.combarranquilla.co\/Revista\/#\/schema\/person\/c2c396a77170bd1d5f8ba73294eb0d10"},"headline":"Recomendados del chef: restaurantes de Combarranquilla\u00a0","datePublished":"2025-12-01T12:57:24+00:00","dateModified":"2025-12-01T12:57:25+00:00","mainEntityOfPage":{"@id":"https:\/\/tuguia.combarranquilla.co\/Revista\/recomendados-del-chef-restaurantes-de-combarranquilla\/"},"wordCount":756,"commentCount":0,"publisher":{"@id":"https:\/\/tuguia.combarranquilla.co\/Revista\/#organization"},"image":{"@id":"https:\/\/tuguia.combarranquilla.co\/Revista\/recomendados-del-chef-restaurantes-de-combarranquilla\/#primaryimage"},"thumbnailUrl":"https:\/\/tuguia.combarranquilla.co\/Revista\/wp-content\/uploads\/2025\/11\/Revista-Combarranquilla-1-1-scaled.jpg","articleSection":["MIRADOR GASTRON\u00d3MICO"],"inLanguage":"es-CO","potentialAction":[{"@type":"CommentAction","name":"Comment","target":["https:\/\/tuguia.combarranquilla.co\/Revista\/recomendados-del-chef-restaurantes-de-combarranquilla\/#respond"]}]},{"@type":"WebPage","@id":"https:\/\/tuguia.combarranquilla.co\/Revista\/recomendados-del-chef-restaurantes-de-combarranquilla\/","url":"https:\/\/tuguia.combarranquilla.co\/Revista\/recomendados-del-chef-restaurantes-de-combarranquilla\/","name":"Recomendados del chef: restaurantes de Combarranquilla\u00a0 - Tu Gu\u00eda","isPartOf":{"@id":"https:\/\/tuguia.combarranquilla.co\/Revista\/#website"},"primaryImageOfPage":{"@id":"https:\/\/tuguia.combarranquilla.co\/Revista\/recomendados-del-chef-restaurantes-de-combarranquilla\/#primaryimage"},"image":{"@id":"https:\/\/tuguia.combarranquilla.co\/Revista\/recomendados-del-chef-restaurantes-de-combarranquilla\/#primaryimage"},"thumbnailUrl":"https:\/\/tuguia.combarranquilla.co\/Revista\/wp-content\/uploads\/2025\/11\/Revista-Combarranquilla-1-1-scaled.jpg","datePublished":"2025-12-01T12:57:24+00:00","dateModified":"2025-12-01T12:57:25+00:00","breadcrumb":{"@id":"https:\/\/tuguia.combarranquilla.co\/Revista\/recomendados-del-chef-restaurantes-de-combarranquilla\/#breadcrumb"},"inLanguage":"es-CO","potentialAction":[{"@type":"ReadAction","target":["https:\/\/tuguia.combarranquilla.co\/Revista\/recomendados-del-chef-restaurantes-de-combarranquilla\/"]}]},{"@type":"ImageObject","inLanguage":"es-CO","@id":"https:\/\/tuguia.combarranquilla.co\/Revista\/recomendados-del-chef-restaurantes-de-combarranquilla\/#primaryimage","url":"https:\/\/tuguia.combarranquilla.co\/Revista\/wp-content\/uploads\/2025\/11\/Revista-Combarranquilla-1-1-scaled.jpg","contentUrl":"https:\/\/tuguia.combarranquilla.co\/Revista\/wp-content\/uploads\/2025\/11\/Revista-Combarranquilla-1-1-scaled.jpg","width":2560,"height":1280},{"@type":"BreadcrumbList","@id":"https:\/\/tuguia.combarranquilla.co\/Revista\/recomendados-del-chef-restaurantes-de-combarranquilla\/#breadcrumb","itemListElement":[{"@type":"ListItem","position":1,"name":"Inicio","item":"https:\/\/tuguia.combarranquilla.co\/Revista\/"},{"@type":"ListItem","position":2,"name":"Recomendados del chef: restaurantes de Combarranquilla\u00a0"}]},{"@type":"WebSite","@id":"https:\/\/tuguia.combarranquilla.co\/Revista\/#website","url":"https:\/\/tuguia.combarranquilla.co\/Revista\/","name":"Tu Gu\u00eda","description":"La revista donde lo tienes todo.","publisher":{"@id":"https:\/\/tuguia.combarranquilla.co\/Revista\/#organization"},"alternateName":"Tu Gu\u00eda Combarranquilla","potentialAction":[{"@type":"SearchAction","target":{"@type":"EntryPoint","urlTemplate":"https:\/\/tuguia.combarranquilla.co\/Revista\/?s={search_term_string}"},"query-input":{"@type":"PropertyValueSpecification","valueRequired":true,"valueName":"search_term_string"}}],"inLanguage":"es-CO"},{"@type":"Organization","@id":"https:\/\/tuguia.combarranquilla.co\/Revista\/#organization","name":"Tu Gu\u00eda Combarranquilla","url":"https:\/\/tuguia.combarranquilla.co\/Revista\/","logo":{"@type":"ImageObject","inLanguage":"es-CO","@id":"https:\/\/tuguia.combarranquilla.co\/Revista\/#\/schema\/logo\/image\/","url":"https:\/\/tuguia.combarranquilla.co\/Revista\/wp-content\/uploads\/2022\/02\/logo-guia-combarranquilla.svg","contentUrl":"https:\/\/tuguia.combarranquilla.co\/Revista\/wp-content\/uploads\/2022\/02\/logo-guia-combarranquilla.svg","caption":"Tu Gu\u00eda Combarranquilla"},"image":{"@id":"https:\/\/tuguia.combarranquilla.co\/Revista\/#\/schema\/logo\/image\/"}},{"@type":"Person","@id":"https:\/\/tuguia.combarranquilla.co\/Revista\/#\/schema\/person\/c2c396a77170bd1d5f8ba73294eb0d10","name":"Comunicaciones Combarranquilla","image":{"@type":"ImageObject","inLanguage":"es-CO","@id":"https:\/\/tuguia.combarranquilla.co\/Revista\/wp-content\/uploads\/2025\/05\/ABC-Al-Rojo-Logo-96x96.jpg","url":"https:\/\/tuguia.combarranquilla.co\/Revista\/wp-content\/uploads\/2025\/05\/ABC-Al-Rojo-Logo-96x96.jpg","contentUrl":"https:\/\/tuguia.combarranquilla.co\/Revista\/wp-content\/uploads\/2025\/05\/ABC-Al-Rojo-Logo-96x96.jpg","caption":"Comunicaciones Combarranquilla"},"sameAs":["https:\/\/www.combarranquilla.co"],"url":"https:\/\/tuguia.combarranquilla.co\/Revista\/author\/comunicaciones\/"}]}},"_links":{"self":[{"href":"https:\/\/tuguia.combarranquilla.co\/Revista\/wp-json\/wp\/v2\/posts\/8170","targetHints":{"allow":["GET"]}}],"collection":[{"href":"https:\/\/tuguia.combarranquilla.co\/Revista\/wp-json\/wp\/v2\/posts"}],"about":[{"href":"https:\/\/tuguia.combarranquilla.co\/Revista\/wp-json\/wp\/v2\/types\/post"}],"author":[{"embeddable":true,"href":"https:\/\/tuguia.combarranquilla.co\/Revista\/wp-json\/wp\/v2\/users\/2"}],"replies":[{"embeddable":true,"href":"https:\/\/tuguia.combarranquilla.co\/Revista\/wp-json\/wp\/v2\/comments?post=8170"}],"version-history":[{"count":6,"href":"https:\/\/tuguia.combarranquilla.co\/Revista\/wp-json\/wp\/v2\/posts\/8170\/revisions"}],"predecessor-version":[{"id":8259,"href":"https:\/\/tuguia.combarranquilla.co\/Revista\/wp-json\/wp\/v2\/posts\/8170\/revisions\/8259"}],"wp:featuredmedia":[{"embeddable":true,"href":"https:\/\/tuguia.combarranquilla.co\/Revista\/wp-json\/wp\/v2\/media\/8178"}],"wp:attachment":[{"href":"https:\/\/tuguia.combarranquilla.co\/Revista\/wp-json\/wp\/v2\/media?parent=8170"}],"wp:term":[{"taxonomy":"category","embeddable":true,"href":"https:\/\/tuguia.combarranquilla.co\/Revista\/wp-json\/wp\/v2\/categories?post=8170"},{"taxonomy":"post_tag","embeddable":true,"href":"https:\/\/tuguia.combarranquilla.co\/Revista\/wp-json\/wp\/v2\/tags?post=8170"}],"curies":[{"name":"wp","href":"https:\/\/api.w.org\/{rel}","templated":true}]}}