{"id":8189,"date":"2025-12-01T07:58:17","date_gmt":"2025-12-01T12:58:17","guid":{"rendered":"https:\/\/tuguia.combarranquilla.co\/Revista\/?p=8189"},"modified":"2025-12-16T12:23:58","modified_gmt":"2025-12-16T17:23:58","slug":"programa-atencion-a-personas-con-discapacidad-qa-con-lyla-llinas-asesora-de-combarranquilla","status":"publish","type":"post","link":"https:\/\/tuguia.combarranquilla.co\/Revista\/programa-atencion-a-personas-con-discapacidad-qa-con-lyla-llinas-asesora-de-combarranquilla\/","title":{"rendered":"Programa Atenci\u00f3n a Personas con Discapacidad: Q&amp;A\u00a0con\u00a0Lyla\u00a0Llin\u00e1s, asesora de Combarranquilla"},"content":{"rendered":"\n<p>Los programas sociales de Combarranquilla se caracterizan por brindar espacios de integraci\u00f3n, respeto y solidaridad. A lo largo de los a\u00f1os, la Caja ha destinado sus recursos a mejorar programas como AIPI (Atenci\u00f3n Integral a la Primera Infancia), JEC (Jornada Escolar Complementaria), Atenci\u00f3n al Adulto Mayor y Atenci\u00f3n a Personas con Discapacidad.<\/p>\n\n\n\n<p>En el marco del D\u00eda Internacional de las Personas con Discapacidad el 5 de diciembre, hablamos con Lyla Llin\u00e1s, asesora de Combarranquilla. Lyla se encarga de guiar las actividades del programa Atenci\u00f3n a Personas con Discapacidad.<\/p>\n\n\n<div class=\"wp-block-image\">\n<figure class=\"aligncenter size-full is-resized\"><img decoding=\"async\" width=\"1280\" height=\"720\" data-src=\"https:\/\/tuguia.combarranquilla.co\/Revista\/wp-content\/uploads\/2025\/11\/WhatsApp-Image-2025-11-20-at-10.53.25-AM-edited.jpeg\" alt=\"\" class=\"wp-image-8211 lazyload\" style=\"--smush-placeholder-width: 1280px; --smush-placeholder-aspect-ratio: 1280\/720;width:728px\" data-srcset=\"https:\/\/tuguia.combarranquilla.co\/Revista\/wp-content\/uploads\/2025\/11\/WhatsApp-Image-2025-11-20-at-10.53.25-AM-edited.jpeg 1280w, https:\/\/tuguia.combarranquilla.co\/Revista\/wp-content\/uploads\/2025\/11\/WhatsApp-Image-2025-11-20-at-10.53.25-AM-edited-300x169.jpeg 300w, https:\/\/tuguia.combarranquilla.co\/Revista\/wp-content\/uploads\/2025\/11\/WhatsApp-Image-2025-11-20-at-10.53.25-AM-edited-1024x576.jpeg 1024w, https:\/\/tuguia.combarranquilla.co\/Revista\/wp-content\/uploads\/2025\/11\/WhatsApp-Image-2025-11-20-at-10.53.25-AM-edited-768x432.jpeg 768w\" data-sizes=\"(max-width: 1280px) 100vw, 1280px\" src=\"data:image\/svg+xml;base64,PHN2ZyB3aWR0aD0iMSIgaGVpZ2h0PSIxIiB4bWxucz0iaHR0cDovL3d3dy53My5vcmcvMjAwMC9zdmciPjwvc3ZnPg==\" \/><\/figure><\/div>\n\n\n<h2 class=\"wp-block-heading\" style=\"font-size:28px\"><strong>Q&amp;A: Lyla responde tus preguntas sobre el programa<\/strong><\/h2>\n\n\n\n<h2 class=\"wp-block-heading has-medium-font-size\"><strong>\u00bfNos podr\u00edas contar cu\u00e1l es el prop\u00f3sito del programa de Atenci\u00f3n a Personas con Discapacidad de Combarranquilla?<\/strong><\/h2>\n\n\n\n<p>El&nbsp;programa brinda oportunidades de inclusi\u00f3n y participaci\u00f3n. Esto lo hacemos a trav\u00e9s de talleres que fomentan el crecimiento personal, las habilidades y capacidades sociales. Queremos promover su autonom\u00eda y una mayor integraci\u00f3n en la&nbsp;comunidad.&nbsp;<\/p>\n\n\n\n<p>Tambi\u00e9n buscamos favorecer el desarrollo humano y mejorar la calidad de vida de la poblaci\u00f3n afiliada en situaci\u00f3n de discapacidad (f\u00edsica, sensorial, ps\u00edquica o emocional). Nos centramos mucho en la realizaci\u00f3n de actividades formativas, art\u00edsticas, productivas, deportivas y de&nbsp;socializaci\u00f3n.<\/p>\n\n\n\n<h2 class=\"wp-block-heading has-medium-font-size\"><strong>\u00bfQu\u00e9 hace que este programa sea tan importante?&nbsp;<\/strong><\/h2>\n\n\n\n<p>Hay tres razones principales:<\/p>\n\n\n\n<ol class=\"wp-block-list\">\n<li>Ofrecemos un portafolio de actividades que promueven la participaci\u00f3n, de acuerdo con los intereses y habilidades de los usuarios.&nbsp;<\/li>\n\n\n\n<li>Estas actividades favorecen el desarrollo de habilidades comunicativas, deportivas y art\u00edsticas. Cada una se dise\u00f1a de acuerdo con las necesidades y edades de los ni\u00f1os, ni\u00f1as y adolescentes con discapacidad.<\/li>\n\n\n\n<li>Creamos espacios de vinculaci\u00f3n de las familias a trav\u00e9s de la participaci\u00f3n en escuelas de&nbsp;padres.<\/li>\n<\/ol>\n\n\n\n<p><\/p>\n\n\n<div class=\"wp-block-image\">\n<figure class=\"aligncenter size-large is-resized\"><img decoding=\"async\" width=\"2560\" height=\"1439\" data-src=\"https:\/\/tuguia.combarranquilla.co\/Revista\/wp-content\/uploads\/2025\/12\/DSC09875-edited-scaled.jpg\" alt=\"\" class=\"wp-image-8321 lazyload\" style=\"--smush-placeholder-width: 2560px; --smush-placeholder-aspect-ratio: 2560\/1439;width:728px\" data-srcset=\"https:\/\/tuguia.combarranquilla.co\/Revista\/wp-content\/uploads\/2025\/12\/DSC09875-edited-scaled.jpg 2560w, https:\/\/tuguia.combarranquilla.co\/Revista\/wp-content\/uploads\/2025\/12\/DSC09875-edited-300x169.jpg 300w, https:\/\/tuguia.combarranquilla.co\/Revista\/wp-content\/uploads\/2025\/12\/DSC09875-edited-1024x576.jpg 1024w, https:\/\/tuguia.combarranquilla.co\/Revista\/wp-content\/uploads\/2025\/12\/DSC09875-edited-768x432.jpg 768w, https:\/\/tuguia.combarranquilla.co\/Revista\/wp-content\/uploads\/2025\/12\/DSC09875-edited-1536x863.jpg 1536w, https:\/\/tuguia.combarranquilla.co\/Revista\/wp-content\/uploads\/2025\/12\/DSC09875-edited-2048x1151.jpg 2048w\" data-sizes=\"(max-width: 2560px) 100vw, 2560px\" src=\"data:image\/svg+xml;base64,PHN2ZyB3aWR0aD0iMSIgaGVpZ2h0PSIxIiB4bWxucz0iaHR0cDovL3d3dy53My5vcmcvMjAwMC9zdmciPjwvc3ZnPg==\" \/><\/figure><\/div>\n\n\n<h2 class=\"wp-block-heading has-medium-font-size\"><strong>\u00bfQu\u00e9 tipo de actividades o servicios se ofrecen?&nbsp;<\/strong><\/h2>\n\n\n\n<p>Dentro del programa de atenci\u00f3n a personas con discapacidad, se desarrollan actividades desde los siguientes componentes:<\/p>\n\n\n\n<div class=\"wp-block-group is-vertical is-layout-flex wp-container-core-group-is-layout-8cf370e7 wp-block-group-is-layout-flex\">\n<ul class=\"wp-block-list\">\n<li>Componente&nbsp;deportivo:&nbsp;Comprende talleres de nataci\u00f3n, escuela infantil de futbol y taekwondo.&nbsp;&nbsp;<\/li>\n<\/ul>\n\n\n\n<ul class=\"wp-block-list\">\n<li>Componente&nbsp;art\u00edstico:&nbsp;Desde este componente se brindan talleres de pintura, manualidades, danza, bisuter\u00eda y&nbsp;teatro.&nbsp;<\/li>\n<\/ul>\n\n\n\n<ul class=\"wp-block-list\">\n<li>Componente de desarrollo de habilidades: En este, se desarrollan talleres de inform\u00e1tica b\u00e1sica, modelaje, habilidades b\u00e1sicas&nbsp;cotidianas, ciencias y cocina.&nbsp;&nbsp;<\/li>\n<\/ul>\n<\/div>\n\n\n\n<p><\/p>\n\n\n\n<h2 class=\"wp-block-heading has-medium-font-size\"><strong>\u00bfC\u00f3mo logran adaptar los servicios a las necesidades de cada persona?&nbsp;<\/strong><\/h2>\n\n\n\n<p>Con el prop\u00f3sito de promover la participaci\u00f3n de nuestros beneficiarios, las actividades se desarrollan con horarios flexibles que facilitan su asistencia. Adem\u00e1s, hacemos ajustes razonables en los contenidos, priorizando estrategias pr\u00e1cticas que favorezcan experiencias significativas y pertinentes para cada\u00a0participante.<\/p>\n\n\n\n<h2 class=\"wp-block-heading has-medium-font-size\"><strong>\u00bfQu\u00e9 papel tienen las familias o cuidadores en todo este proceso de apoyo?&nbsp;<\/strong><\/h2>\n\n\n\n<p>La participaci\u00f3n de las familias y cuidadores es esencial para garantizar la continuidad de las acciones desarrolladas dentro del programa. Son ellos quienes acompa\u00f1an a los ni\u00f1os en su vida diaria y pueden reforzar los aprendizajes, rutinas y habilidades trabajadas en las sesiones.<\/p>\n\n\n<div class=\"wp-block-image\">\n<figure class=\"aligncenter size-full is-resized\"><img decoding=\"async\" width=\"2560\" height=\"1440\" data-src=\"https:\/\/tuguia.combarranquilla.co\/Revista\/wp-content\/uploads\/2025\/11\/DSC09925-edited-scaled.jpg\" alt=\"\" class=\"wp-image-8215 lazyload\" style=\"--smush-placeholder-width: 2560px; --smush-placeholder-aspect-ratio: 2560\/1440;width:728px\" data-srcset=\"https:\/\/tuguia.combarranquilla.co\/Revista\/wp-content\/uploads\/2025\/11\/DSC09925-edited-scaled.jpg 2560w, https:\/\/tuguia.combarranquilla.co\/Revista\/wp-content\/uploads\/2025\/11\/DSC09925-edited-300x169.jpg 300w, https:\/\/tuguia.combarranquilla.co\/Revista\/wp-content\/uploads\/2025\/11\/DSC09925-edited-1024x576.jpg 1024w, https:\/\/tuguia.combarranquilla.co\/Revista\/wp-content\/uploads\/2025\/11\/DSC09925-edited-768x432.jpg 768w, https:\/\/tuguia.combarranquilla.co\/Revista\/wp-content\/uploads\/2025\/11\/DSC09925-edited-1536x864.jpg 1536w, https:\/\/tuguia.combarranquilla.co\/Revista\/wp-content\/uploads\/2025\/11\/DSC09925-edited-2048x1152.jpg 2048w\" data-sizes=\"(max-width: 2560px) 100vw, 2560px\" src=\"data:image\/svg+xml;base64,PHN2ZyB3aWR0aD0iMSIgaGVpZ2h0PSIxIiB4bWxucz0iaHR0cDovL3d3dy53My5vcmcvMjAwMC9zdmciPjwvc3ZnPg==\" \/><\/figure><\/div>\n\n\n<h2 class=\"wp-block-heading has-medium-font-size\"><strong>\u00bfC\u00f3mo han respondido los padres o cuidadores frente a las actividades que se realizan<\/strong>?<\/h2>\n\n\n\n<p>Los padres y cuidadores han manifestado una respuesta favorable frente a las actividades desarrolladas en el programa. Siempre expresan satisfacci\u00f3n por la calidad de los procesos formativos, as\u00ed como por el apoyo permanente que les damos.<\/p>\n\n\n\n<h2 class=\"wp-block-heading has-medium-font-size\"><strong>En el D\u00eda de las Personas con Discapacidad, \u00bfqu\u00e9 mensaje te gustar\u00eda enviar?&nbsp;<\/strong><\/h2>\n\n\n\n<p>Quiero enviar un mensaje de&nbsp;inclusi\u00f3n, respeto y reconocimiento. Cada persona, sin importar sus capacidades, aporta valor \u00fanico a nuestra sociedad y merece oportunidades para desarrollarse plenamente. Es un recordatorio de que la verdadera inclusi\u00f3n se construye d\u00eda a d\u00eda. Debemos fomentar el respeto, la empat\u00eda y la eliminaci\u00f3n de barreras, para que todas las personas puedan sentirse valoradas en todos los espacios de la vida.<\/p>\n\n\n\n<h2 class=\"wp-block-heading has-medium-font-size\"><strong>\u00bfQu\u00e9 sue\u00f1os o metas tiene el programa?&nbsp;<\/strong><\/h2>\n\n\n\n<p>Queremos seguir ampliando su impacto y alcance, fortaleciendo cada vez m\u00e1s los procesos de inclusi\u00f3n y desarrollo integral de las personas con discapacidad.<\/p>\n\n\n\n<hr class=\"wp-block-separator has-alpha-channel-opacity\"\/>\n\n\n\n<p>Para m\u00e1s informaci\u00f3n sobre este programa, puedes escribir al correo lyla.llinas@combarranquilla.co o llamar a nuestra l\u00ednea verde (605) 3225049 &#8211; Ext. 2223.<\/p>\n","protected":false},"excerpt":{"rendered":"<p>Los programas sociales de Combarranquilla se caracterizan por brindar espacios de integraci\u00f3n, respeto y solidaridad. A lo largo de los a\u00f1os, la Caja ha destinado sus recursos a mejorar programas como AIPI (Atenci\u00f3n Integral a la Primera Infancia), JEC (Jornada Escolar Complementaria), Atenci\u00f3n al Adulto Mayor y Atenci\u00f3n a Personas con Discapacidad. En el marco [&hellip;]<\/p>\n","protected":false},"author":2,"featured_media":8191,"comment_status":"open","ping_status":"open","sticky":false,"template":"","format":"standard","meta":{"inline_featured_image":false,"footnotes":""},"categories":[7],"tags":[],"class_list":["post-8189","post","type-post","status-publish","format-standard","has-post-thumbnail","hentry","category-familia-combarranquilla"],"yoast_head":"<!-- This site is optimized with the Yoast SEO plugin v27.4 - https:\/\/yoast.com\/product\/yoast-seo-wordpress\/ -->\n<title>Programa Atenci\u00f3n a Personas con Discapacidad: Q&amp;A\u00a0con\u00a0Lyla\u00a0Llin\u00e1s, asesora de Combarranquilla - Tu Gu\u00eda<\/title>\n<meta name=\"robots\" content=\"index, follow, max-snippet:-1, max-image-preview:large, max-video-preview:-1\" \/>\n<link rel=\"canonical\" href=\"https:\/\/tuguia.combarranquilla.co\/Revista\/programa-atencion-a-personas-con-discapacidad-qa-con-lyla-llinas-asesora-de-combarranquilla\/\" \/>\n<meta property=\"og:locale\" content=\"es_ES\" \/>\n<meta property=\"og:type\" content=\"article\" \/>\n<meta property=\"og:title\" content=\"Programa Atenci\u00f3n a Personas con Discapacidad: Q&amp;A\u00a0con\u00a0Lyla\u00a0Llin\u00e1s, asesora de Combarranquilla - Tu Gu\u00eda\" \/>\n<meta property=\"og:description\" content=\"Los programas sociales de Combarranquilla se caracterizan por brindar espacios de integraci\u00f3n, respeto y solidaridad. A lo largo de los a\u00f1os, la Caja ha destinado sus recursos a mejorar programas como AIPI (Atenci\u00f3n Integral a la Primera Infancia), JEC (Jornada Escolar Complementaria), Atenci\u00f3n al Adulto Mayor y Atenci\u00f3n a Personas con Discapacidad. En el marco [&hellip;]\" \/>\n<meta property=\"og:url\" content=\"https:\/\/tuguia.combarranquilla.co\/Revista\/programa-atencion-a-personas-con-discapacidad-qa-con-lyla-llinas-asesora-de-combarranquilla\/\" \/>\n<meta property=\"og:site_name\" content=\"Tu Gu\u00eda\" \/>\n<meta property=\"article:published_time\" content=\"2025-12-01T12:58:17+00:00\" \/>\n<meta property=\"article:modified_time\" content=\"2025-12-16T17:23:58+00:00\" \/>\n<meta property=\"og:image\" content=\"https:\/\/tuguia.combarranquilla.co\/Revista\/wp-content\/uploads\/2025\/11\/Revista-Combarranquilla-3-scaled.jpg\" \/>\n\t<meta property=\"og:image:width\" content=\"2560\" \/>\n\t<meta property=\"og:image:height\" content=\"1280\" \/>\n\t<meta property=\"og:image:type\" content=\"image\/jpeg\" \/>\n<meta name=\"author\" content=\"Comunicaciones Combarranquilla\" \/>\n<meta name=\"twitter:card\" content=\"summary_large_image\" \/>\n<meta name=\"twitter:label1\" content=\"Escrito por\" \/>\n\t<meta name=\"twitter:data1\" content=\"Comunicaciones Combarranquilla\" \/>\n\t<meta name=\"twitter:label2\" content=\"Tiempo de lectura\" \/>\n\t<meta name=\"twitter:data2\" content=\"4 minutos\" \/>\n<script type=\"application\/ld+json\" class=\"yoast-schema-graph\">{\"@context\":\"https:\\\/\\\/schema.org\",\"@graph\":[{\"@type\":\"Article\",\"@id\":\"https:\\\/\\\/tuguia.combarranquilla.co\\\/Revista\\\/programa-atencion-a-personas-con-discapacidad-qa-con-lyla-llinas-asesora-de-combarranquilla\\\/#article\",\"isPartOf\":{\"@id\":\"https:\\\/\\\/tuguia.combarranquilla.co\\\/Revista\\\/programa-atencion-a-personas-con-discapacidad-qa-con-lyla-llinas-asesora-de-combarranquilla\\\/\"},\"author\":{\"name\":\"Comunicaciones Combarranquilla\",\"@id\":\"https:\\\/\\\/tuguia.combarranquilla.co\\\/Revista\\\/#\\\/schema\\\/person\\\/c2c396a77170bd1d5f8ba73294eb0d10\"},\"headline\":\"Programa Atenci\u00f3n a Personas con Discapacidad: Q&amp;A\u00a0con\u00a0Lyla\u00a0Llin\u00e1s, asesora de Combarranquilla\",\"datePublished\":\"2025-12-01T12:58:17+00:00\",\"dateModified\":\"2025-12-16T17:23:58+00:00\",\"mainEntityOfPage\":{\"@id\":\"https:\\\/\\\/tuguia.combarranquilla.co\\\/Revista\\\/programa-atencion-a-personas-con-discapacidad-qa-con-lyla-llinas-asesora-de-combarranquilla\\\/\"},\"wordCount\":731,\"commentCount\":0,\"publisher\":{\"@id\":\"https:\\\/\\\/tuguia.combarranquilla.co\\\/Revista\\\/#organization\"},\"image\":{\"@id\":\"https:\\\/\\\/tuguia.combarranquilla.co\\\/Revista\\\/programa-atencion-a-personas-con-discapacidad-qa-con-lyla-llinas-asesora-de-combarranquilla\\\/#primaryimage\"},\"thumbnailUrl\":\"https:\\\/\\\/tuguia.combarranquilla.co\\\/Revista\\\/wp-content\\\/uploads\\\/2025\\\/11\\\/Revista-Combarranquilla-3-scaled.jpg\",\"articleSection\":[\"FAMILIA COMBARRANQUILLA\"],\"inLanguage\":\"es-CO\",\"potentialAction\":[{\"@type\":\"CommentAction\",\"name\":\"Comment\",\"target\":[\"https:\\\/\\\/tuguia.combarranquilla.co\\\/Revista\\\/programa-atencion-a-personas-con-discapacidad-qa-con-lyla-llinas-asesora-de-combarranquilla\\\/#respond\"]}]},{\"@type\":\"WebPage\",\"@id\":\"https:\\\/\\\/tuguia.combarranquilla.co\\\/Revista\\\/programa-atencion-a-personas-con-discapacidad-qa-con-lyla-llinas-asesora-de-combarranquilla\\\/\",\"url\":\"https:\\\/\\\/tuguia.combarranquilla.co\\\/Revista\\\/programa-atencion-a-personas-con-discapacidad-qa-con-lyla-llinas-asesora-de-combarranquilla\\\/\",\"name\":\"Programa Atenci\u00f3n a Personas con Discapacidad: Q&amp;A\u00a0con\u00a0Lyla\u00a0Llin\u00e1s, asesora de Combarranquilla - Tu Gu\u00eda\",\"isPartOf\":{\"@id\":\"https:\\\/\\\/tuguia.combarranquilla.co\\\/Revista\\\/#website\"},\"primaryImageOfPage\":{\"@id\":\"https:\\\/\\\/tuguia.combarranquilla.co\\\/Revista\\\/programa-atencion-a-personas-con-discapacidad-qa-con-lyla-llinas-asesora-de-combarranquilla\\\/#primaryimage\"},\"image\":{\"@id\":\"https:\\\/\\\/tuguia.combarranquilla.co\\\/Revista\\\/programa-atencion-a-personas-con-discapacidad-qa-con-lyla-llinas-asesora-de-combarranquilla\\\/#primaryimage\"},\"thumbnailUrl\":\"https:\\\/\\\/tuguia.combarranquilla.co\\\/Revista\\\/wp-content\\\/uploads\\\/2025\\\/11\\\/Revista-Combarranquilla-3-scaled.jpg\",\"datePublished\":\"2025-12-01T12:58:17+00:00\",\"dateModified\":\"2025-12-16T17:23:58+00:00\",\"breadcrumb\":{\"@id\":\"https:\\\/\\\/tuguia.combarranquilla.co\\\/Revista\\\/programa-atencion-a-personas-con-discapacidad-qa-con-lyla-llinas-asesora-de-combarranquilla\\\/#breadcrumb\"},\"inLanguage\":\"es-CO\",\"potentialAction\":[{\"@type\":\"ReadAction\",\"target\":[\"https:\\\/\\\/tuguia.combarranquilla.co\\\/Revista\\\/programa-atencion-a-personas-con-discapacidad-qa-con-lyla-llinas-asesora-de-combarranquilla\\\/\"]}]},{\"@type\":\"ImageObject\",\"inLanguage\":\"es-CO\",\"@id\":\"https:\\\/\\\/tuguia.combarranquilla.co\\\/Revista\\\/programa-atencion-a-personas-con-discapacidad-qa-con-lyla-llinas-asesora-de-combarranquilla\\\/#primaryimage\",\"url\":\"https:\\\/\\\/tuguia.combarranquilla.co\\\/Revista\\\/wp-content\\\/uploads\\\/2025\\\/11\\\/Revista-Combarranquilla-3-scaled.jpg\",\"contentUrl\":\"https:\\\/\\\/tuguia.combarranquilla.co\\\/Revista\\\/wp-content\\\/uploads\\\/2025\\\/11\\\/Revista-Combarranquilla-3-scaled.jpg\",\"width\":2560,\"height\":1280},{\"@type\":\"BreadcrumbList\",\"@id\":\"https:\\\/\\\/tuguia.combarranquilla.co\\\/Revista\\\/programa-atencion-a-personas-con-discapacidad-qa-con-lyla-llinas-asesora-de-combarranquilla\\\/#breadcrumb\",\"itemListElement\":[{\"@type\":\"ListItem\",\"position\":1,\"name\":\"Inicio\",\"item\":\"https:\\\/\\\/tuguia.combarranquilla.co\\\/Revista\\\/\"},{\"@type\":\"ListItem\",\"position\":2,\"name\":\"Programa Atenci\u00f3n a Personas con Discapacidad: Q&amp;A\u00a0con\u00a0Lyla\u00a0Llin\u00e1s, asesora de Combarranquilla\"}]},{\"@type\":\"WebSite\",\"@id\":\"https:\\\/\\\/tuguia.combarranquilla.co\\\/Revista\\\/#website\",\"url\":\"https:\\\/\\\/tuguia.combarranquilla.co\\\/Revista\\\/\",\"name\":\"Tu Gu\u00eda\",\"description\":\"La revista donde lo tienes todo.\",\"publisher\":{\"@id\":\"https:\\\/\\\/tuguia.combarranquilla.co\\\/Revista\\\/#organization\"},\"alternateName\":\"Tu Gu\u00eda Combarranquilla\",\"potentialAction\":[{\"@type\":\"SearchAction\",\"target\":{\"@type\":\"EntryPoint\",\"urlTemplate\":\"https:\\\/\\\/tuguia.combarranquilla.co\\\/Revista\\\/?s={search_term_string}\"},\"query-input\":{\"@type\":\"PropertyValueSpecification\",\"valueRequired\":true,\"valueName\":\"search_term_string\"}}],\"inLanguage\":\"es-CO\"},{\"@type\":\"Organization\",\"@id\":\"https:\\\/\\\/tuguia.combarranquilla.co\\\/Revista\\\/#organization\",\"name\":\"Tu Gu\u00eda Combarranquilla\",\"url\":\"https:\\\/\\\/tuguia.combarranquilla.co\\\/Revista\\\/\",\"logo\":{\"@type\":\"ImageObject\",\"inLanguage\":\"es-CO\",\"@id\":\"https:\\\/\\\/tuguia.combarranquilla.co\\\/Revista\\\/#\\\/schema\\\/logo\\\/image\\\/\",\"url\":\"https:\\\/\\\/tuguia.combarranquilla.co\\\/Revista\\\/wp-content\\\/uploads\\\/2022\\\/02\\\/logo-guia-combarranquilla.svg\",\"contentUrl\":\"https:\\\/\\\/tuguia.combarranquilla.co\\\/Revista\\\/wp-content\\\/uploads\\\/2022\\\/02\\\/logo-guia-combarranquilla.svg\",\"caption\":\"Tu Gu\u00eda Combarranquilla\"},\"image\":{\"@id\":\"https:\\\/\\\/tuguia.combarranquilla.co\\\/Revista\\\/#\\\/schema\\\/logo\\\/image\\\/\"}},{\"@type\":\"Person\",\"@id\":\"https:\\\/\\\/tuguia.combarranquilla.co\\\/Revista\\\/#\\\/schema\\\/person\\\/c2c396a77170bd1d5f8ba73294eb0d10\",\"name\":\"Comunicaciones Combarranquilla\",\"image\":{\"@type\":\"ImageObject\",\"inLanguage\":\"es-CO\",\"@id\":\"https:\\\/\\\/tuguia.combarranquilla.co\\\/Revista\\\/wp-content\\\/uploads\\\/2025\\\/05\\\/ABC-Al-Rojo-Logo-96x96.jpg\",\"url\":\"https:\\\/\\\/tuguia.combarranquilla.co\\\/Revista\\\/wp-content\\\/uploads\\\/2025\\\/05\\\/ABC-Al-Rojo-Logo-96x96.jpg\",\"contentUrl\":\"https:\\\/\\\/tuguia.combarranquilla.co\\\/Revista\\\/wp-content\\\/uploads\\\/2025\\\/05\\\/ABC-Al-Rojo-Logo-96x96.jpg\",\"caption\":\"Comunicaciones Combarranquilla\"},\"sameAs\":[\"https:\\\/\\\/www.combarranquilla.co\"],\"url\":\"https:\\\/\\\/tuguia.combarranquilla.co\\\/Revista\\\/author\\\/comunicaciones\\\/\"}]}<\/script>\n<!-- \/ Yoast SEO plugin. -->","yoast_head_json":{"title":"Programa Atenci\u00f3n a Personas con Discapacidad: Q&amp;A\u00a0con\u00a0Lyla\u00a0Llin\u00e1s, asesora de Combarranquilla - Tu Gu\u00eda","robots":{"index":"index","follow":"follow","max-snippet":"max-snippet:-1","max-image-preview":"max-image-preview:large","max-video-preview":"max-video-preview:-1"},"canonical":"https:\/\/tuguia.combarranquilla.co\/Revista\/programa-atencion-a-personas-con-discapacidad-qa-con-lyla-llinas-asesora-de-combarranquilla\/","og_locale":"es_ES","og_type":"article","og_title":"Programa Atenci\u00f3n a Personas con Discapacidad: Q&amp;A\u00a0con\u00a0Lyla\u00a0Llin\u00e1s, asesora de Combarranquilla - Tu Gu\u00eda","og_description":"Los programas sociales de Combarranquilla se caracterizan por brindar espacios de integraci\u00f3n, respeto y solidaridad. A lo largo de los a\u00f1os, la Caja ha destinado sus recursos a mejorar programas como AIPI (Atenci\u00f3n Integral a la Primera Infancia), JEC (Jornada Escolar Complementaria), Atenci\u00f3n al Adulto Mayor y Atenci\u00f3n a Personas con Discapacidad. En el marco [&hellip;]","og_url":"https:\/\/tuguia.combarranquilla.co\/Revista\/programa-atencion-a-personas-con-discapacidad-qa-con-lyla-llinas-asesora-de-combarranquilla\/","og_site_name":"Tu Gu\u00eda","article_published_time":"2025-12-01T12:58:17+00:00","article_modified_time":"2025-12-16T17:23:58+00:00","og_image":[{"width":2560,"height":1280,"url":"https:\/\/tuguia.combarranquilla.co\/Revista\/wp-content\/uploads\/2025\/11\/Revista-Combarranquilla-3-scaled.jpg","type":"image\/jpeg"}],"author":"Comunicaciones Combarranquilla","twitter_card":"summary_large_image","twitter_misc":{"Escrito por":"Comunicaciones Combarranquilla","Tiempo de lectura":"4 minutos"},"schema":{"@context":"https:\/\/schema.org","@graph":[{"@type":"Article","@id":"https:\/\/tuguia.combarranquilla.co\/Revista\/programa-atencion-a-personas-con-discapacidad-qa-con-lyla-llinas-asesora-de-combarranquilla\/#article","isPartOf":{"@id":"https:\/\/tuguia.combarranquilla.co\/Revista\/programa-atencion-a-personas-con-discapacidad-qa-con-lyla-llinas-asesora-de-combarranquilla\/"},"author":{"name":"Comunicaciones Combarranquilla","@id":"https:\/\/tuguia.combarranquilla.co\/Revista\/#\/schema\/person\/c2c396a77170bd1d5f8ba73294eb0d10"},"headline":"Programa Atenci\u00f3n a Personas con Discapacidad: Q&amp;A\u00a0con\u00a0Lyla\u00a0Llin\u00e1s, asesora de Combarranquilla","datePublished":"2025-12-01T12:58:17+00:00","dateModified":"2025-12-16T17:23:58+00:00","mainEntityOfPage":{"@id":"https:\/\/tuguia.combarranquilla.co\/Revista\/programa-atencion-a-personas-con-discapacidad-qa-con-lyla-llinas-asesora-de-combarranquilla\/"},"wordCount":731,"commentCount":0,"publisher":{"@id":"https:\/\/tuguia.combarranquilla.co\/Revista\/#organization"},"image":{"@id":"https:\/\/tuguia.combarranquilla.co\/Revista\/programa-atencion-a-personas-con-discapacidad-qa-con-lyla-llinas-asesora-de-combarranquilla\/#primaryimage"},"thumbnailUrl":"https:\/\/tuguia.combarranquilla.co\/Revista\/wp-content\/uploads\/2025\/11\/Revista-Combarranquilla-3-scaled.jpg","articleSection":["FAMILIA COMBARRANQUILLA"],"inLanguage":"es-CO","potentialAction":[{"@type":"CommentAction","name":"Comment","target":["https:\/\/tuguia.combarranquilla.co\/Revista\/programa-atencion-a-personas-con-discapacidad-qa-con-lyla-llinas-asesora-de-combarranquilla\/#respond"]}]},{"@type":"WebPage","@id":"https:\/\/tuguia.combarranquilla.co\/Revista\/programa-atencion-a-personas-con-discapacidad-qa-con-lyla-llinas-asesora-de-combarranquilla\/","url":"https:\/\/tuguia.combarranquilla.co\/Revista\/programa-atencion-a-personas-con-discapacidad-qa-con-lyla-llinas-asesora-de-combarranquilla\/","name":"Programa Atenci\u00f3n a Personas con Discapacidad: Q&amp;A\u00a0con\u00a0Lyla\u00a0Llin\u00e1s, asesora de Combarranquilla - Tu Gu\u00eda","isPartOf":{"@id":"https:\/\/tuguia.combarranquilla.co\/Revista\/#website"},"primaryImageOfPage":{"@id":"https:\/\/tuguia.combarranquilla.co\/Revista\/programa-atencion-a-personas-con-discapacidad-qa-con-lyla-llinas-asesora-de-combarranquilla\/#primaryimage"},"image":{"@id":"https:\/\/tuguia.combarranquilla.co\/Revista\/programa-atencion-a-personas-con-discapacidad-qa-con-lyla-llinas-asesora-de-combarranquilla\/#primaryimage"},"thumbnailUrl":"https:\/\/tuguia.combarranquilla.co\/Revista\/wp-content\/uploads\/2025\/11\/Revista-Combarranquilla-3-scaled.jpg","datePublished":"2025-12-01T12:58:17+00:00","dateModified":"2025-12-16T17:23:58+00:00","breadcrumb":{"@id":"https:\/\/tuguia.combarranquilla.co\/Revista\/programa-atencion-a-personas-con-discapacidad-qa-con-lyla-llinas-asesora-de-combarranquilla\/#breadcrumb"},"inLanguage":"es-CO","potentialAction":[{"@type":"ReadAction","target":["https:\/\/tuguia.combarranquilla.co\/Revista\/programa-atencion-a-personas-con-discapacidad-qa-con-lyla-llinas-asesora-de-combarranquilla\/"]}]},{"@type":"ImageObject","inLanguage":"es-CO","@id":"https:\/\/tuguia.combarranquilla.co\/Revista\/programa-atencion-a-personas-con-discapacidad-qa-con-lyla-llinas-asesora-de-combarranquilla\/#primaryimage","url":"https:\/\/tuguia.combarranquilla.co\/Revista\/wp-content\/uploads\/2025\/11\/Revista-Combarranquilla-3-scaled.jpg","contentUrl":"https:\/\/tuguia.combarranquilla.co\/Revista\/wp-content\/uploads\/2025\/11\/Revista-Combarranquilla-3-scaled.jpg","width":2560,"height":1280},{"@type":"BreadcrumbList","@id":"https:\/\/tuguia.combarranquilla.co\/Revista\/programa-atencion-a-personas-con-discapacidad-qa-con-lyla-llinas-asesora-de-combarranquilla\/#breadcrumb","itemListElement":[{"@type":"ListItem","position":1,"name":"Inicio","item":"https:\/\/tuguia.combarranquilla.co\/Revista\/"},{"@type":"ListItem","position":2,"name":"Programa Atenci\u00f3n a Personas con Discapacidad: Q&amp;A\u00a0con\u00a0Lyla\u00a0Llin\u00e1s, asesora de Combarranquilla"}]},{"@type":"WebSite","@id":"https:\/\/tuguia.combarranquilla.co\/Revista\/#website","url":"https:\/\/tuguia.combarranquilla.co\/Revista\/","name":"Tu Gu\u00eda","description":"La revista donde lo tienes todo.","publisher":{"@id":"https:\/\/tuguia.combarranquilla.co\/Revista\/#organization"},"alternateName":"Tu Gu\u00eda Combarranquilla","potentialAction":[{"@type":"SearchAction","target":{"@type":"EntryPoint","urlTemplate":"https:\/\/tuguia.combarranquilla.co\/Revista\/?s={search_term_string}"},"query-input":{"@type":"PropertyValueSpecification","valueRequired":true,"valueName":"search_term_string"}}],"inLanguage":"es-CO"},{"@type":"Organization","@id":"https:\/\/tuguia.combarranquilla.co\/Revista\/#organization","name":"Tu Gu\u00eda Combarranquilla","url":"https:\/\/tuguia.combarranquilla.co\/Revista\/","logo":{"@type":"ImageObject","inLanguage":"es-CO","@id":"https:\/\/tuguia.combarranquilla.co\/Revista\/#\/schema\/logo\/image\/","url":"https:\/\/tuguia.combarranquilla.co\/Revista\/wp-content\/uploads\/2022\/02\/logo-guia-combarranquilla.svg","contentUrl":"https:\/\/tuguia.combarranquilla.co\/Revista\/wp-content\/uploads\/2022\/02\/logo-guia-combarranquilla.svg","caption":"Tu Gu\u00eda Combarranquilla"},"image":{"@id":"https:\/\/tuguia.combarranquilla.co\/Revista\/#\/schema\/logo\/image\/"}},{"@type":"Person","@id":"https:\/\/tuguia.combarranquilla.co\/Revista\/#\/schema\/person\/c2c396a77170bd1d5f8ba73294eb0d10","name":"Comunicaciones Combarranquilla","image":{"@type":"ImageObject","inLanguage":"es-CO","@id":"https:\/\/tuguia.combarranquilla.co\/Revista\/wp-content\/uploads\/2025\/05\/ABC-Al-Rojo-Logo-96x96.jpg","url":"https:\/\/tuguia.combarranquilla.co\/Revista\/wp-content\/uploads\/2025\/05\/ABC-Al-Rojo-Logo-96x96.jpg","contentUrl":"https:\/\/tuguia.combarranquilla.co\/Revista\/wp-content\/uploads\/2025\/05\/ABC-Al-Rojo-Logo-96x96.jpg","caption":"Comunicaciones Combarranquilla"},"sameAs":["https:\/\/www.combarranquilla.co"],"url":"https:\/\/tuguia.combarranquilla.co\/Revista\/author\/comunicaciones\/"}]}},"_links":{"self":[{"href":"https:\/\/tuguia.combarranquilla.co\/Revista\/wp-json\/wp\/v2\/posts\/8189","targetHints":{"allow":["GET"]}}],"collection":[{"href":"https:\/\/tuguia.combarranquilla.co\/Revista\/wp-json\/wp\/v2\/posts"}],"about":[{"href":"https:\/\/tuguia.combarranquilla.co\/Revista\/wp-json\/wp\/v2\/types\/post"}],"author":[{"embeddable":true,"href":"https:\/\/tuguia.combarranquilla.co\/Revista\/wp-json\/wp\/v2\/users\/2"}],"replies":[{"embeddable":true,"href":"https:\/\/tuguia.combarranquilla.co\/Revista\/wp-json\/wp\/v2\/comments?post=8189"}],"version-history":[{"count":17,"href":"https:\/\/tuguia.combarranquilla.co\/Revista\/wp-json\/wp\/v2\/posts\/8189\/revisions"}],"predecessor-version":[{"id":8324,"href":"https:\/\/tuguia.combarranquilla.co\/Revista\/wp-json\/wp\/v2\/posts\/8189\/revisions\/8324"}],"wp:featuredmedia":[{"embeddable":true,"href":"https:\/\/tuguia.combarranquilla.co\/Revista\/wp-json\/wp\/v2\/media\/8191"}],"wp:attachment":[{"href":"https:\/\/tuguia.combarranquilla.co\/Revista\/wp-json\/wp\/v2\/media?parent=8189"}],"wp:term":[{"taxonomy":"category","embeddable":true,"href":"https:\/\/tuguia.combarranquilla.co\/Revista\/wp-json\/wp\/v2\/categories?post=8189"},{"taxonomy":"post_tag","embeddable":true,"href":"https:\/\/tuguia.combarranquilla.co\/Revista\/wp-json\/wp\/v2\/tags?post=8189"}],"curies":[{"name":"wp","href":"https:\/\/api.w.org\/{rel}","templated":true}]}}