{"id":8219,"date":"2025-12-01T07:58:38","date_gmt":"2025-12-01T12:58:38","guid":{"rendered":"https:\/\/tuguia.combarranquilla.co\/Revista\/?p=8219"},"modified":"2025-12-12T15:35:09","modified_gmt":"2025-12-12T20:35:09","slug":"disfruta-diciembre-en-combarranquilla-itinerario-navideno","status":"publish","type":"post","link":"https:\/\/tuguia.combarranquilla.co\/Revista\/disfruta-diciembre-en-combarranquilla-itinerario-navideno\/","title":{"rendered":"Disfruta diciembre en Combarranquilla: itinerario navide\u00f1o"},"content":{"rendered":"\n<p>La Navidad en Combarranquilla no solo se ve, se siente en cada espacio, en cada sonrisa, en cada voz que llena nuestros corazones.&nbsp;Para que inicies esta \u00e9poca navide\u00f1a, te traemos un itinerario que celebra la esperanza y la tradici\u00f3n. Este recorrido especial es ideal para que grandes y peque\u00f1os fortalezcan sus&nbsp;lazos y despierten ese brillo en los ojos, que solo diciembre sabe despertar.&nbsp;<\/p>\n\n\n\n<h2 class=\"wp-block-heading\" style=\"font-size:24px\">\u00a1<strong>Ag\u00e9ndate este mes<\/strong>!<\/h2>\n\n\n\n<h2 class=\"wp-block-heading\" style=\"font-size:18px\"><strong>Novena navide\u00f1a<\/strong><\/h2>\n\n\n\n<p>En nuestra Unidad Boston, ya se escuchan los villancicos. Las bibliotecas de Combarranquilla tienen preparados d\u00edas especiales para ti.&nbsp;<\/p>\n\n\n\n<div class=\"wp-block-group is-vertical is-layout-flex wp-container-core-group-is-layout-8cf370e7 wp-block-group-is-layout-flex\">\n<ul class=\"wp-block-list\">\n<li><strong>Fechas:<\/strong>&nbsp;16, 17, 18, 19&nbsp;y 22 de diciembre de 2025.&nbsp;<\/li>\n<\/ul>\n\n\n\n<ul class=\"wp-block-list\">\n<li><strong>Hora:<\/strong> 4:00 p.m.&nbsp;<\/li>\n<\/ul>\n<\/div>\n\n\n\n<p><\/p>\n\n\n\n<p>No te pierdas este tiempo para despertar el esp\u00edritu navide\u00f1o.&nbsp;<\/p>\n\n\n\n<hr class=\"wp-block-separator has-alpha-channel-opacity\"\/>\n\n\n\n<h2 class=\"wp-block-heading\" style=\"font-size:18px\"><strong>Escuela de Rob\u00f3tica: Pilotaje de drones<\/strong><\/h2>\n\n\n\n<p>Un taller para adolescentes de 12 a 17 a\u00f1os, donde aprender\u00e1n a volar drones, mejorar su coordinaci\u00f3n y explorar la tecnolog\u00eda a\u00e9rea.<\/p>\n\n\n\n<ul class=\"wp-block-list\">\n<li><strong>Fecha:<\/strong> 19 y 20 de diciembre<\/li>\n\n\n\n<li><strong>Lugar: <\/strong>Unidad Boston<\/li>\n<\/ul>\n\n\n\n<p><\/p>\n\n\n\n<hr class=\"wp-block-separator has-alpha-channel-opacity\"\/>\n\n\n\n<h2 class=\"wp-block-heading\" style=\"font-size:18px\"><strong>Caf\u00e9 Planetario: Charla &#8220;El Sol, nuestra estrella viviente&#8221;<\/strong><\/h2>\n\n\n\n<p>Un encuentro guiado por Cristian Goez Teher\u00e1n, autor de <em>El Sol y el color de las estrellas<\/em> y director de las Olimpiadas Colombianas de Astronom\u00eda.<\/p>\n\n\n\n<ul class=\"wp-block-list\">\n<li><strong>Fecha:<\/strong> 19 de diciembre<\/li>\n\n\n\n<li><strong>Lugar: <\/strong>Unidad Boston &#8211; Tercer piso<\/li>\n<\/ul>\n\n\n\n<p>Entrada libre.<\/p>\n\n\n\n<hr class=\"wp-block-separator has-alpha-channel-opacity\"\/>\n\n\n\n<h2 class=\"wp-block-heading\" style=\"font-size:18px\"><strong>Taller de Astronom\u00eda Recreativa<\/strong><\/h2>\n\n\n\n<p>Descubre el universo e interact\u00faa con el conocimiento en este taller, donde las galaxias se sentir\u00e1n m\u00e1s cerca que nunca.<\/p>\n\n\n\n<ul class=\"wp-block-list\">\n<li><strong>Fecha:<\/strong> 20 de diciembre<\/li>\n\n\n\n<li><strong>Lugar: <\/strong>Unidad Boston<\/li>\n<\/ul>\n\n\n\n<p><\/p>\n\n\n\n<hr class=\"wp-block-separator has-alpha-channel-opacity\"\/>\n\n\n\n<h2 class=\"wp-block-heading\" style=\"font-size:18px\"><strong>Feria de cr\u00e9ditos navide\u00f1a<\/strong><\/h2>\n\n\n\n<p>Encuentra tu lugar ideal en el segundo&nbsp;piso de SAO 93. Aqu\u00ed podr\u00e1s acceder&nbsp;a&nbsp;art\u00edculos para&nbsp;la&nbsp;familia&nbsp;y&nbsp;tramitar cr\u00e9dito de forma sencilla, r\u00e1pida y segura.&nbsp;Escoge entre electrodom\u00e9sticos, ropa y decoraciones para el hogar, para que estrenes esta Navidad.&nbsp;<\/p>\n\n\n\n<hr class=\"wp-block-separator has-alpha-channel-opacity\"\/>\n\n\n\n<h2 class=\"wp-block-heading\" style=\"font-size:18px\"><strong>Cenas rom\u00e1nticas en la Unidad Country<\/strong><\/h2>\n\n\n\n<p>El&nbsp;Restaurante Mirador del R\u00edo&nbsp;de la Unidad Country recibe a todas las parejas en esta \u00e9poca de amor y alegr\u00eda. Agenda tu cena rom\u00e1ntica a la luz de las velas y del\u00e9itate con la gastronom\u00eda&nbsp;en Combarranquilla. Encuentra m\u00e1s informaci\u00f3n en <a href=\"https:\/\/tuguia.combarranquilla.co\/Revista\/?p=7493\">este<\/a> art\u00edculo.<\/p>\n\n\n\n<p><em>Para reservas: (605) 3225049<\/em> &#8211;<em> Opci\u00f3n 3<\/em><\/p>\n\n\n\n<hr class=\"wp-block-separator has-alpha-channel-opacity\"\/>\n\n\n\n<h2 class=\"wp-block-heading\" style=\"font-size:18px\"><strong>Cenas navide\u00f1as en Solinilla<\/strong><\/h2>\n\n\n\n<p>Del\u00e9itate con un men\u00fa especial para noches decembrinas, ideal para todos nuestros hu\u00e9spedes. Aplica para el 24 y el 31 de diciembre.<\/p>\n\n\n\n<p>M\u00e1s informaci\u00f3n: <em>(605) 3225049<\/em> &#8211;<em> Opci\u00f3n 3<\/em><\/p>\n\n\n\n<p>Esta Navidad queremos que todos tus deseos se hagan realidad. \u00a1Te esperamos en nuestras instalaciones para seguir viviendo un mes lleno de prosperidad!<\/p>\n\n\n<div\n\t\tclass=\"free align wp-block-btn-button\"\tid='btnButton-1'\n\tdata-nonce='&quot;5acd2351b9&quot;'\n\tdata-attributes='{&quot;cPostId&quot;:8219,&quot;text&quot;:&quot;Consulta con Eloy&quot;,&quot;url&quot;:&quot;https:\\\/\\\/t.rdsv2.net\\\/ls\\\/click?upn=u001.HNpwmjsbpG-2FbGQOGEv75c5GV6SQOkRhSg0V3K-2FtPR2pUHjMtuHMeHZBq2g8zu32X3uQu3xjgZZkUDhajcFhyfg8kRjapfvyx03g-2FN4963snjaVyG9-2FLi6s-2B6bfSMcnpNgukeddgmAh4DK-2FQGgNDan0ysb4F8ouT-2FHjHubvyATi4-3D2_5d_pyQp6AfwguphmMFiLxAo8wTmNsYntUlpkkxK-2FH8rxdxs7IVOOeojoTD47SAwbnnVg4VYN0MFUcF18pr29bLXTSAQK-2BAcOskOnM49BAqZ8mVpdM4p3gwqzW1ClxtQBheeQ0FbdgI85tNheL1ZHpyeCF98EcpoJbkFV4PGbhsbAxvE-2Bhgwa7fyZWnSY4EUdQpQWEY-2FZ8soFzgFIgAsCN9dqsjJ53dYxPw34GidpzeQkcRJ4KrnGQFwIb1wetvgfm5dGdVNlcPmagrojCo3TWfNyAM8BRDVazcp24c73CORtVMmfcdgO40gczDN9vouSKcp5rOHFl1R-2FGw65MbBfNDA-2F3R3DUqjHforu7vib-2FWDu6flumTihDEUDLcG6ChllFxmM-2FSVO9eSDtI1-2B1ONoImocK8sArCT3h0HZCzvuXqmXD41UYOA0ynci5jN3OO3bt0karC05trhV-2BNK2Y0K8279ZA5CGeeGVKdt-2BSE4X8bM-2FyK5C6RMfYnA4VePMISdP5v17u74ONGHSHhi7oAtjIj9t4hFGimkedRQwMd7w10Clp5-2BhKwzM7Z7iX4zBzwzZ8-2BMVCSIcNO4sLPYilgZsxZrWbBLcf-2BD0tgwYePVe-2BHx4ebXaIW52xhOb4kZM7Z4h2rzFfP-2BKC5ce2SWe-2Bq8HdH8kg-3D-3D&quot;,&quot;target&quot;:&quot;_blank&quot;,&quot;alignment&quot;:&quot;left&quot;,&quot;colors&quot;:{&quot;color&quot;:&quot;#fff&quot;,&quot;bg&quot;:&quot;rgba(34, 102, 34, 1)&quot;},&quot;hovColors&quot;:{&quot;color&quot;:&quot;#fff&quot;,&quot;bg&quot;:&quot;rgba(63, 133, 60, 1)&quot;},&quot;align&quot;:&quot;&quot;,&quot;actionType&quot;:&quot;link&quot;,&quot;security&quot;:&quot;none&quot;,&quot;securityPassword&quot;:&quot;&quot;,&quot;tooltip&quot;:&quot;&quot;,&quot;tooltipPos&quot;:&quot;top&quot;,&quot;attrs&quot;:{&quot;rel&quot;:&quot;noreferrer&quot;,&quot;referrerpolicy&quot;:&quot;no-referrer&quot;},&quot;hideOn&quot;:{&quot;desktop&quot;:false,&quot;tablet&quot;:false,&quot;mobile&quot;:false},&quot;isDownload&quot;:false,&quot;downloadFileName&quot;:&quot;&quot;,&quot;isUpIcon&quot;:false,&quot;icon&quot;:{&quot;svg&quot;:&quot;&lt;svg xmlns=&#039;http:\\\/\\\/www.w3.org\\\/2000\\\/svg&#039; viewBox=&#039;0 0 512 512&#039;&gt;&lt;path d=&#039;M498.1 5.6c10.1 7 15.4 19.1 13.5 31.2l-64 416c-1.5 9.7-7.4 18.2-16 23s-18.9 5.4-28 1.6L284 427.7l-68.5 74.1c-8.9 9.7-22.9 12.9-35.2 8.1S160 493.2 160 480V396.4c0-4 1.5-7.8 4.2-10.7L331.8 202.8c5.8-6.3 5.6-16-.4-22s-15.7-6.4-22-.7L106 360.8 17.7 316.6C7.1 311.3 .3 300.7 0 288.9s5.9-22.8 16.1-28.7l448-256c10.7-6.1 23.9-5.5 34 1.4z&#039;\\\/&gt;&lt;\\\/svg&gt;&quot;},&quot;upIcon&quot;:{&quot;id&quot;:null,&quot;url&quot;:&quot;&quot;,&quot;alt&quot;:&quot;&quot;,&quot;title&quot;:&quot;&quot;},&quot;iconPos&quot;:&quot;left&quot;,&quot;type&quot;:&quot;flat&quot;,&quot;isFullWidth&quot;:false,&quot;size&quot;:&quot;medium&quot;,&quot;popup&quot;:{&quot;type&quot;:&quot;image&quot;,&quot;content&quot;:&quot;&quot;,&quot;caption&quot;:&quot;&quot;,&quot;width&quot;:&quot;&quot;},&quot;animationType&quot;:&quot;&quot;,&quot;animationDuration&quot;:0.40000000000000002220446049250313080847263336181640625,&quot;addID&quot;:&quot;&quot;,&quot;addCSS&quot;:&quot;&quot;,&quot;typography&quot;:{&quot;fontSize&quot;:{&quot;desktop&quot;:&quot;16px&quot;},&quot;fontWeight&quot;:600,&quot;textDecoration&quot;:&quot;none&quot;},&quot;padding&quot;:{&quot;vertical&quot;:&quot;12px&quot;,&quot;horizontal&quot;:&quot;24px&quot;},&quot;border&quot;:{&quot;radius&quot;:&quot;5px&quot;},&quot;shadow&quot;:[]}'\n\tdata-info='{&quot;userRoles&quot;:[],&quot;loginURL&quot;:&quot;https:\\\/\\\/tuguia.combarranquilla.co\\\/Revista\\\/wp-login.php&quot;}'\n\tdata-pipecheck=''\n><\/div>","protected":false},"excerpt":{"rendered":"<p>La Navidad en Combarranquilla no solo se ve, se siente en cada espacio, en cada sonrisa, en cada voz que llena nuestros corazones.&nbsp;Para que inicies esta \u00e9poca navide\u00f1a, te traemos un itinerario que celebra la esperanza y la tradici\u00f3n. Este recorrido especial es ideal para que grandes y peque\u00f1os fortalezcan sus&nbsp;lazos y despierten ese brillo [&hellip;]<\/p>\n","protected":false},"author":2,"featured_media":8228,"comment_status":"open","ping_status":"open","sticky":false,"template":"","format":"standard","meta":{"inline_featured_image":false,"footnotes":""},"categories":[1],"tags":[],"class_list":["post-8219","post","type-post","status-publish","format-standard","has-post-thumbnail","hentry","category-entretenimiento"],"yoast_head":"<!-- This site is optimized with the Yoast SEO plugin v27.4 - https:\/\/yoast.com\/product\/yoast-seo-wordpress\/ -->\n<title>Disfruta diciembre en Combarranquilla: itinerario navide\u00f1o - Tu Gu\u00eda<\/title>\n<meta name=\"robots\" content=\"index, follow, max-snippet:-1, max-image-preview:large, max-video-preview:-1\" \/>\n<link rel=\"canonical\" href=\"https:\/\/tuguia.combarranquilla.co\/Revista\/disfruta-diciembre-en-combarranquilla-itinerario-navideno\/\" \/>\n<meta property=\"og:locale\" content=\"es_ES\" \/>\n<meta property=\"og:type\" content=\"article\" \/>\n<meta property=\"og:title\" content=\"Disfruta diciembre en Combarranquilla: itinerario navide\u00f1o - Tu Gu\u00eda\" \/>\n<meta property=\"og:description\" content=\"La Navidad en Combarranquilla no solo se ve, se siente en cada espacio, en cada sonrisa, en cada voz que llena nuestros corazones.&nbsp;Para que inicies esta \u00e9poca navide\u00f1a, te traemos un itinerario que celebra la esperanza y la tradici\u00f3n. Este recorrido especial es ideal para que grandes y peque\u00f1os fortalezcan sus&nbsp;lazos y despierten ese brillo [&hellip;]\" \/>\n<meta property=\"og:url\" content=\"https:\/\/tuguia.combarranquilla.co\/Revista\/disfruta-diciembre-en-combarranquilla-itinerario-navideno\/\" \/>\n<meta property=\"og:site_name\" content=\"Tu Gu\u00eda\" \/>\n<meta property=\"article:published_time\" content=\"2025-12-01T12:58:38+00:00\" \/>\n<meta property=\"article:modified_time\" content=\"2025-12-12T20:35:09+00:00\" \/>\n<meta property=\"og:image\" content=\"https:\/\/tuguia.combarranquilla.co\/Revista\/wp-content\/uploads\/2025\/11\/Revista-Combarranquilla-1-3-scaled.jpg\" \/>\n\t<meta property=\"og:image:width\" content=\"2560\" \/>\n\t<meta property=\"og:image:height\" content=\"1280\" \/>\n\t<meta property=\"og:image:type\" content=\"image\/jpeg\" \/>\n<meta name=\"author\" content=\"Comunicaciones Combarranquilla\" \/>\n<meta name=\"twitter:card\" content=\"summary_large_image\" \/>\n<meta name=\"twitter:label1\" content=\"Escrito por\" \/>\n\t<meta name=\"twitter:data1\" content=\"Comunicaciones Combarranquilla\" \/>\n\t<meta name=\"twitter:label2\" content=\"Tiempo de lectura\" \/>\n\t<meta name=\"twitter:data2\" content=\"1 minuto\" \/>\n<script type=\"application\/ld+json\" class=\"yoast-schema-graph\">{\"@context\":\"https:\\\/\\\/schema.org\",\"@graph\":[{\"@type\":\"Article\",\"@id\":\"https:\\\/\\\/tuguia.combarranquilla.co\\\/Revista\\\/disfruta-diciembre-en-combarranquilla-itinerario-navideno\\\/#article\",\"isPartOf\":{\"@id\":\"https:\\\/\\\/tuguia.combarranquilla.co\\\/Revista\\\/disfruta-diciembre-en-combarranquilla-itinerario-navideno\\\/\"},\"author\":{\"name\":\"Comunicaciones Combarranquilla\",\"@id\":\"https:\\\/\\\/tuguia.combarranquilla.co\\\/Revista\\\/#\\\/schema\\\/person\\\/c2c396a77170bd1d5f8ba73294eb0d10\"},\"headline\":\"Disfruta diciembre en Combarranquilla: itinerario navide\u00f1o\",\"datePublished\":\"2025-12-01T12:58:38+00:00\",\"dateModified\":\"2025-12-12T20:35:09+00:00\",\"mainEntityOfPage\":{\"@id\":\"https:\\\/\\\/tuguia.combarranquilla.co\\\/Revista\\\/disfruta-diciembre-en-combarranquilla-itinerario-navideno\\\/\"},\"wordCount\":435,\"commentCount\":0,\"publisher\":{\"@id\":\"https:\\\/\\\/tuguia.combarranquilla.co\\\/Revista\\\/#organization\"},\"image\":{\"@id\":\"https:\\\/\\\/tuguia.combarranquilla.co\\\/Revista\\\/disfruta-diciembre-en-combarranquilla-itinerario-navideno\\\/#primaryimage\"},\"thumbnailUrl\":\"https:\\\/\\\/tuguia.combarranquilla.co\\\/Revista\\\/wp-content\\\/uploads\\\/2025\\\/11\\\/Revista-Combarranquilla-1-3-scaled.jpg\",\"articleSection\":[\"ENTRETENIMIENTO\"],\"inLanguage\":\"es-CO\",\"potentialAction\":[{\"@type\":\"CommentAction\",\"name\":\"Comment\",\"target\":[\"https:\\\/\\\/tuguia.combarranquilla.co\\\/Revista\\\/disfruta-diciembre-en-combarranquilla-itinerario-navideno\\\/#respond\"]}]},{\"@type\":\"WebPage\",\"@id\":\"https:\\\/\\\/tuguia.combarranquilla.co\\\/Revista\\\/disfruta-diciembre-en-combarranquilla-itinerario-navideno\\\/\",\"url\":\"https:\\\/\\\/tuguia.combarranquilla.co\\\/Revista\\\/disfruta-diciembre-en-combarranquilla-itinerario-navideno\\\/\",\"name\":\"Disfruta diciembre en Combarranquilla: itinerario navide\u00f1o - Tu Gu\u00eda\",\"isPartOf\":{\"@id\":\"https:\\\/\\\/tuguia.combarranquilla.co\\\/Revista\\\/#website\"},\"primaryImageOfPage\":{\"@id\":\"https:\\\/\\\/tuguia.combarranquilla.co\\\/Revista\\\/disfruta-diciembre-en-combarranquilla-itinerario-navideno\\\/#primaryimage\"},\"image\":{\"@id\":\"https:\\\/\\\/tuguia.combarranquilla.co\\\/Revista\\\/disfruta-diciembre-en-combarranquilla-itinerario-navideno\\\/#primaryimage\"},\"thumbnailUrl\":\"https:\\\/\\\/tuguia.combarranquilla.co\\\/Revista\\\/wp-content\\\/uploads\\\/2025\\\/11\\\/Revista-Combarranquilla-1-3-scaled.jpg\",\"datePublished\":\"2025-12-01T12:58:38+00:00\",\"dateModified\":\"2025-12-12T20:35:09+00:00\",\"breadcrumb\":{\"@id\":\"https:\\\/\\\/tuguia.combarranquilla.co\\\/Revista\\\/disfruta-diciembre-en-combarranquilla-itinerario-navideno\\\/#breadcrumb\"},\"inLanguage\":\"es-CO\",\"potentialAction\":[{\"@type\":\"ReadAction\",\"target\":[\"https:\\\/\\\/tuguia.combarranquilla.co\\\/Revista\\\/disfruta-diciembre-en-combarranquilla-itinerario-navideno\\\/\"]}]},{\"@type\":\"ImageObject\",\"inLanguage\":\"es-CO\",\"@id\":\"https:\\\/\\\/tuguia.combarranquilla.co\\\/Revista\\\/disfruta-diciembre-en-combarranquilla-itinerario-navideno\\\/#primaryimage\",\"url\":\"https:\\\/\\\/tuguia.combarranquilla.co\\\/Revista\\\/wp-content\\\/uploads\\\/2025\\\/11\\\/Revista-Combarranquilla-1-3-scaled.jpg\",\"contentUrl\":\"https:\\\/\\\/tuguia.combarranquilla.co\\\/Revista\\\/wp-content\\\/uploads\\\/2025\\\/11\\\/Revista-Combarranquilla-1-3-scaled.jpg\",\"width\":2560,\"height\":1280},{\"@type\":\"BreadcrumbList\",\"@id\":\"https:\\\/\\\/tuguia.combarranquilla.co\\\/Revista\\\/disfruta-diciembre-en-combarranquilla-itinerario-navideno\\\/#breadcrumb\",\"itemListElement\":[{\"@type\":\"ListItem\",\"position\":1,\"name\":\"Inicio\",\"item\":\"https:\\\/\\\/tuguia.combarranquilla.co\\\/Revista\\\/\"},{\"@type\":\"ListItem\",\"position\":2,\"name\":\"Disfruta diciembre en Combarranquilla: itinerario navide\u00f1o\"}]},{\"@type\":\"WebSite\",\"@id\":\"https:\\\/\\\/tuguia.combarranquilla.co\\\/Revista\\\/#website\",\"url\":\"https:\\\/\\\/tuguia.combarranquilla.co\\\/Revista\\\/\",\"name\":\"Tu Gu\u00eda\",\"description\":\"La revista donde lo tienes todo.\",\"publisher\":{\"@id\":\"https:\\\/\\\/tuguia.combarranquilla.co\\\/Revista\\\/#organization\"},\"alternateName\":\"Tu Gu\u00eda Combarranquilla\",\"potentialAction\":[{\"@type\":\"SearchAction\",\"target\":{\"@type\":\"EntryPoint\",\"urlTemplate\":\"https:\\\/\\\/tuguia.combarranquilla.co\\\/Revista\\\/?s={search_term_string}\"},\"query-input\":{\"@type\":\"PropertyValueSpecification\",\"valueRequired\":true,\"valueName\":\"search_term_string\"}}],\"inLanguage\":\"es-CO\"},{\"@type\":\"Organization\",\"@id\":\"https:\\\/\\\/tuguia.combarranquilla.co\\\/Revista\\\/#organization\",\"name\":\"Tu Gu\u00eda Combarranquilla\",\"url\":\"https:\\\/\\\/tuguia.combarranquilla.co\\\/Revista\\\/\",\"logo\":{\"@type\":\"ImageObject\",\"inLanguage\":\"es-CO\",\"@id\":\"https:\\\/\\\/tuguia.combarranquilla.co\\\/Revista\\\/#\\\/schema\\\/logo\\\/image\\\/\",\"url\":\"https:\\\/\\\/tuguia.combarranquilla.co\\\/Revista\\\/wp-content\\\/uploads\\\/2022\\\/02\\\/logo-guia-combarranquilla.svg\",\"contentUrl\":\"https:\\\/\\\/tuguia.combarranquilla.co\\\/Revista\\\/wp-content\\\/uploads\\\/2022\\\/02\\\/logo-guia-combarranquilla.svg\",\"caption\":\"Tu Gu\u00eda Combarranquilla\"},\"image\":{\"@id\":\"https:\\\/\\\/tuguia.combarranquilla.co\\\/Revista\\\/#\\\/schema\\\/logo\\\/image\\\/\"}},{\"@type\":\"Person\",\"@id\":\"https:\\\/\\\/tuguia.combarranquilla.co\\\/Revista\\\/#\\\/schema\\\/person\\\/c2c396a77170bd1d5f8ba73294eb0d10\",\"name\":\"Comunicaciones Combarranquilla\",\"image\":{\"@type\":\"ImageObject\",\"inLanguage\":\"es-CO\",\"@id\":\"https:\\\/\\\/tuguia.combarranquilla.co\\\/Revista\\\/wp-content\\\/uploads\\\/2025\\\/05\\\/ABC-Al-Rojo-Logo-96x96.jpg\",\"url\":\"https:\\\/\\\/tuguia.combarranquilla.co\\\/Revista\\\/wp-content\\\/uploads\\\/2025\\\/05\\\/ABC-Al-Rojo-Logo-96x96.jpg\",\"contentUrl\":\"https:\\\/\\\/tuguia.combarranquilla.co\\\/Revista\\\/wp-content\\\/uploads\\\/2025\\\/05\\\/ABC-Al-Rojo-Logo-96x96.jpg\",\"caption\":\"Comunicaciones Combarranquilla\"},\"sameAs\":[\"https:\\\/\\\/www.combarranquilla.co\"],\"url\":\"https:\\\/\\\/tuguia.combarranquilla.co\\\/Revista\\\/author\\\/comunicaciones\\\/\"}]}<\/script>\n<!-- \/ Yoast SEO plugin. -->","yoast_head_json":{"title":"Disfruta diciembre en Combarranquilla: itinerario navide\u00f1o - Tu Gu\u00eda","robots":{"index":"index","follow":"follow","max-snippet":"max-snippet:-1","max-image-preview":"max-image-preview:large","max-video-preview":"max-video-preview:-1"},"canonical":"https:\/\/tuguia.combarranquilla.co\/Revista\/disfruta-diciembre-en-combarranquilla-itinerario-navideno\/","og_locale":"es_ES","og_type":"article","og_title":"Disfruta diciembre en Combarranquilla: itinerario navide\u00f1o - Tu Gu\u00eda","og_description":"La Navidad en Combarranquilla no solo se ve, se siente en cada espacio, en cada sonrisa, en cada voz que llena nuestros corazones.&nbsp;Para que inicies esta \u00e9poca navide\u00f1a, te traemos un itinerario que celebra la esperanza y la tradici\u00f3n. Este recorrido especial es ideal para que grandes y peque\u00f1os fortalezcan sus&nbsp;lazos y despierten ese brillo [&hellip;]","og_url":"https:\/\/tuguia.combarranquilla.co\/Revista\/disfruta-diciembre-en-combarranquilla-itinerario-navideno\/","og_site_name":"Tu Gu\u00eda","article_published_time":"2025-12-01T12:58:38+00:00","article_modified_time":"2025-12-12T20:35:09+00:00","og_image":[{"width":2560,"height":1280,"url":"https:\/\/tuguia.combarranquilla.co\/Revista\/wp-content\/uploads\/2025\/11\/Revista-Combarranquilla-1-3-scaled.jpg","type":"image\/jpeg"}],"author":"Comunicaciones Combarranquilla","twitter_card":"summary_large_image","twitter_misc":{"Escrito por":"Comunicaciones Combarranquilla","Tiempo de lectura":"1 minuto"},"schema":{"@context":"https:\/\/schema.org","@graph":[{"@type":"Article","@id":"https:\/\/tuguia.combarranquilla.co\/Revista\/disfruta-diciembre-en-combarranquilla-itinerario-navideno\/#article","isPartOf":{"@id":"https:\/\/tuguia.combarranquilla.co\/Revista\/disfruta-diciembre-en-combarranquilla-itinerario-navideno\/"},"author":{"name":"Comunicaciones Combarranquilla","@id":"https:\/\/tuguia.combarranquilla.co\/Revista\/#\/schema\/person\/c2c396a77170bd1d5f8ba73294eb0d10"},"headline":"Disfruta diciembre en Combarranquilla: itinerario navide\u00f1o","datePublished":"2025-12-01T12:58:38+00:00","dateModified":"2025-12-12T20:35:09+00:00","mainEntityOfPage":{"@id":"https:\/\/tuguia.combarranquilla.co\/Revista\/disfruta-diciembre-en-combarranquilla-itinerario-navideno\/"},"wordCount":435,"commentCount":0,"publisher":{"@id":"https:\/\/tuguia.combarranquilla.co\/Revista\/#organization"},"image":{"@id":"https:\/\/tuguia.combarranquilla.co\/Revista\/disfruta-diciembre-en-combarranquilla-itinerario-navideno\/#primaryimage"},"thumbnailUrl":"https:\/\/tuguia.combarranquilla.co\/Revista\/wp-content\/uploads\/2025\/11\/Revista-Combarranquilla-1-3-scaled.jpg","articleSection":["ENTRETENIMIENTO"],"inLanguage":"es-CO","potentialAction":[{"@type":"CommentAction","name":"Comment","target":["https:\/\/tuguia.combarranquilla.co\/Revista\/disfruta-diciembre-en-combarranquilla-itinerario-navideno\/#respond"]}]},{"@type":"WebPage","@id":"https:\/\/tuguia.combarranquilla.co\/Revista\/disfruta-diciembre-en-combarranquilla-itinerario-navideno\/","url":"https:\/\/tuguia.combarranquilla.co\/Revista\/disfruta-diciembre-en-combarranquilla-itinerario-navideno\/","name":"Disfruta diciembre en Combarranquilla: itinerario navide\u00f1o - Tu Gu\u00eda","isPartOf":{"@id":"https:\/\/tuguia.combarranquilla.co\/Revista\/#website"},"primaryImageOfPage":{"@id":"https:\/\/tuguia.combarranquilla.co\/Revista\/disfruta-diciembre-en-combarranquilla-itinerario-navideno\/#primaryimage"},"image":{"@id":"https:\/\/tuguia.combarranquilla.co\/Revista\/disfruta-diciembre-en-combarranquilla-itinerario-navideno\/#primaryimage"},"thumbnailUrl":"https:\/\/tuguia.combarranquilla.co\/Revista\/wp-content\/uploads\/2025\/11\/Revista-Combarranquilla-1-3-scaled.jpg","datePublished":"2025-12-01T12:58:38+00:00","dateModified":"2025-12-12T20:35:09+00:00","breadcrumb":{"@id":"https:\/\/tuguia.combarranquilla.co\/Revista\/disfruta-diciembre-en-combarranquilla-itinerario-navideno\/#breadcrumb"},"inLanguage":"es-CO","potentialAction":[{"@type":"ReadAction","target":["https:\/\/tuguia.combarranquilla.co\/Revista\/disfruta-diciembre-en-combarranquilla-itinerario-navideno\/"]}]},{"@type":"ImageObject","inLanguage":"es-CO","@id":"https:\/\/tuguia.combarranquilla.co\/Revista\/disfruta-diciembre-en-combarranquilla-itinerario-navideno\/#primaryimage","url":"https:\/\/tuguia.combarranquilla.co\/Revista\/wp-content\/uploads\/2025\/11\/Revista-Combarranquilla-1-3-scaled.jpg","contentUrl":"https:\/\/tuguia.combarranquilla.co\/Revista\/wp-content\/uploads\/2025\/11\/Revista-Combarranquilla-1-3-scaled.jpg","width":2560,"height":1280},{"@type":"BreadcrumbList","@id":"https:\/\/tuguia.combarranquilla.co\/Revista\/disfruta-diciembre-en-combarranquilla-itinerario-navideno\/#breadcrumb","itemListElement":[{"@type":"ListItem","position":1,"name":"Inicio","item":"https:\/\/tuguia.combarranquilla.co\/Revista\/"},{"@type":"ListItem","position":2,"name":"Disfruta diciembre en Combarranquilla: itinerario navide\u00f1o"}]},{"@type":"WebSite","@id":"https:\/\/tuguia.combarranquilla.co\/Revista\/#website","url":"https:\/\/tuguia.combarranquilla.co\/Revista\/","name":"Tu Gu\u00eda","description":"La revista donde lo tienes todo.","publisher":{"@id":"https:\/\/tuguia.combarranquilla.co\/Revista\/#organization"},"alternateName":"Tu Gu\u00eda Combarranquilla","potentialAction":[{"@type":"SearchAction","target":{"@type":"EntryPoint","urlTemplate":"https:\/\/tuguia.combarranquilla.co\/Revista\/?s={search_term_string}"},"query-input":{"@type":"PropertyValueSpecification","valueRequired":true,"valueName":"search_term_string"}}],"inLanguage":"es-CO"},{"@type":"Organization","@id":"https:\/\/tuguia.combarranquilla.co\/Revista\/#organization","name":"Tu Gu\u00eda Combarranquilla","url":"https:\/\/tuguia.combarranquilla.co\/Revista\/","logo":{"@type":"ImageObject","inLanguage":"es-CO","@id":"https:\/\/tuguia.combarranquilla.co\/Revista\/#\/schema\/logo\/image\/","url":"https:\/\/tuguia.combarranquilla.co\/Revista\/wp-content\/uploads\/2022\/02\/logo-guia-combarranquilla.svg","contentUrl":"https:\/\/tuguia.combarranquilla.co\/Revista\/wp-content\/uploads\/2022\/02\/logo-guia-combarranquilla.svg","caption":"Tu Gu\u00eda Combarranquilla"},"image":{"@id":"https:\/\/tuguia.combarranquilla.co\/Revista\/#\/schema\/logo\/image\/"}},{"@type":"Person","@id":"https:\/\/tuguia.combarranquilla.co\/Revista\/#\/schema\/person\/c2c396a77170bd1d5f8ba73294eb0d10","name":"Comunicaciones Combarranquilla","image":{"@type":"ImageObject","inLanguage":"es-CO","@id":"https:\/\/tuguia.combarranquilla.co\/Revista\/wp-content\/uploads\/2025\/05\/ABC-Al-Rojo-Logo-96x96.jpg","url":"https:\/\/tuguia.combarranquilla.co\/Revista\/wp-content\/uploads\/2025\/05\/ABC-Al-Rojo-Logo-96x96.jpg","contentUrl":"https:\/\/tuguia.combarranquilla.co\/Revista\/wp-content\/uploads\/2025\/05\/ABC-Al-Rojo-Logo-96x96.jpg","caption":"Comunicaciones Combarranquilla"},"sameAs":["https:\/\/www.combarranquilla.co"],"url":"https:\/\/tuguia.combarranquilla.co\/Revista\/author\/comunicaciones\/"}]}},"_links":{"self":[{"href":"https:\/\/tuguia.combarranquilla.co\/Revista\/wp-json\/wp\/v2\/posts\/8219","targetHints":{"allow":["GET"]}}],"collection":[{"href":"https:\/\/tuguia.combarranquilla.co\/Revista\/wp-json\/wp\/v2\/posts"}],"about":[{"href":"https:\/\/tuguia.combarranquilla.co\/Revista\/wp-json\/wp\/v2\/types\/post"}],"author":[{"embeddable":true,"href":"https:\/\/tuguia.combarranquilla.co\/Revista\/wp-json\/wp\/v2\/users\/2"}],"replies":[{"embeddable":true,"href":"https:\/\/tuguia.combarranquilla.co\/Revista\/wp-json\/wp\/v2\/comments?post=8219"}],"version-history":[{"count":31,"href":"https:\/\/tuguia.combarranquilla.co\/Revista\/wp-json\/wp\/v2\/posts\/8219\/revisions"}],"predecessor-version":[{"id":8314,"href":"https:\/\/tuguia.combarranquilla.co\/Revista\/wp-json\/wp\/v2\/posts\/8219\/revisions\/8314"}],"wp:featuredmedia":[{"embeddable":true,"href":"https:\/\/tuguia.combarranquilla.co\/Revista\/wp-json\/wp\/v2\/media\/8228"}],"wp:attachment":[{"href":"https:\/\/tuguia.combarranquilla.co\/Revista\/wp-json\/wp\/v2\/media?parent=8219"}],"wp:term":[{"taxonomy":"category","embeddable":true,"href":"https:\/\/tuguia.combarranquilla.co\/Revista\/wp-json\/wp\/v2\/categories?post=8219"},{"taxonomy":"post_tag","embeddable":true,"href":"https:\/\/tuguia.combarranquilla.co\/Revista\/wp-json\/wp\/v2\/tags?post=8219"}],"curies":[{"name":"wp","href":"https:\/\/api.w.org\/{rel}","templated":true}]}}