{"id":8221,"date":"2025-12-01T07:58:05","date_gmt":"2025-12-01T12:58:05","guid":{"rendered":"https:\/\/tuguia.combarranquilla.co\/Revista\/?p=8221"},"modified":"2025-12-01T07:58:06","modified_gmt":"2025-12-01T12:58:06","slug":"asi-celebramos-el-festival-de-natacion-del-programa-de-atencion-a-personas-con-discapacidad","status":"publish","type":"post","link":"https:\/\/tuguia.combarranquilla.co\/Revista\/asi-celebramos-el-festival-de-natacion-del-programa-de-atencion-a-personas-con-discapacidad\/","title":{"rendered":"As\u00ed celebramos el Festival de Nataci\u00f3n del programa de Atenci\u00f3n a Personas con Discapacidad"},"content":{"rendered":"\n<p><strong><em>El 21 de noviembre, se vivi\u00f3 una ma\u00f1ana llena de energ\u00eda y compa\u00f1erismo<\/em><\/strong> <strong><em>que cerr\u00f3 un hermoso ciclo de metas alcanzadas.<\/em><\/strong><\/p>\n\n\n\n<p>Desde las 8:30 de la ma\u00f1ana, la zona de piscinas de la Unidad Boston se llen\u00f3 de chapoteos que anunciaban un d\u00eda espacial. El curso de nataci\u00f3n para el programa de Atenci\u00f3n a Personas con Discapacidad tuvo su gran clausura con el Festival de&nbsp;Paranataci\u00f3n.<\/p>\n\n\n\n<p>La jornada comenz\u00f3 con los participantes entonando con orgullo los himnos de Colombia y de Barranquilla. Luego de esto, se dio paso a la emoci\u00f3n de una competencia en la que todos fueron ganadores.<\/p>\n\n\n\n<p>Ni\u00f1os, ni\u00f1as y adolescentes se lanzaron al agua en relevos de estilo libre y mariposa que pusieron a prueba sus habilidades. Al borde&nbsp;de la piscina, no muy lejos de los participantes, estaban sus padres y familiares, cuyas voces celebraban cada esfuerzo.<\/p>\n\n\n\n<div class=\"wp-block-columns is-layout-flex wp-container-core-columns-is-layout-9d6595d7 wp-block-columns-is-layout-flex\">\n<div class=\"wp-block-column is-layout-flow wp-block-column-is-layout-flow\">\n<figure class=\"wp-block-image size-large\"><img decoding=\"async\" width=\"1024\" height=\"683\" data-src=\"https:\/\/tuguia.combarranquilla.co\/Revista\/wp-content\/uploads\/2025\/11\/DSC_1074-1024x683.jpg\" alt=\"\" class=\"wp-image-8246 lazyload\" data-srcset=\"https:\/\/tuguia.combarranquilla.co\/Revista\/wp-content\/uploads\/2025\/11\/DSC_1074-1024x683.jpg 1024w, https:\/\/tuguia.combarranquilla.co\/Revista\/wp-content\/uploads\/2025\/11\/DSC_1074-300x200.jpg 300w, https:\/\/tuguia.combarranquilla.co\/Revista\/wp-content\/uploads\/2025\/11\/DSC_1074-768x512.jpg 768w, https:\/\/tuguia.combarranquilla.co\/Revista\/wp-content\/uploads\/2025\/11\/DSC_1074-1536x1024.jpg 1536w, https:\/\/tuguia.combarranquilla.co\/Revista\/wp-content\/uploads\/2025\/11\/DSC_1074-2048x1365.jpg 2048w\" data-sizes=\"(max-width: 1024px) 100vw, 1024px\" src=\"data:image\/svg+xml;base64,PHN2ZyB3aWR0aD0iMSIgaGVpZ2h0PSIxIiB4bWxucz0iaHR0cDovL3d3dy53My5vcmcvMjAwMC9zdmciPjwvc3ZnPg==\" style=\"--smush-placeholder-width: 1024px; --smush-placeholder-aspect-ratio: 1024\/683;\" \/><\/figure>\n<\/div>\n\n\n\n<div class=\"wp-block-column is-layout-flow wp-block-column-is-layout-flow\">\n<figure class=\"wp-block-image size-large\"><img decoding=\"async\" width=\"1024\" height=\"683\" data-src=\"https:\/\/tuguia.combarranquilla.co\/Revista\/wp-content\/uploads\/2025\/11\/DSC_1072-1024x683.jpg\" alt=\"\" class=\"wp-image-8247 lazyload\" data-srcset=\"https:\/\/tuguia.combarranquilla.co\/Revista\/wp-content\/uploads\/2025\/11\/DSC_1072-1024x683.jpg 1024w, https:\/\/tuguia.combarranquilla.co\/Revista\/wp-content\/uploads\/2025\/11\/DSC_1072-300x200.jpg 300w, https:\/\/tuguia.combarranquilla.co\/Revista\/wp-content\/uploads\/2025\/11\/DSC_1072-768x512.jpg 768w, https:\/\/tuguia.combarranquilla.co\/Revista\/wp-content\/uploads\/2025\/11\/DSC_1072-1536x1024.jpg 1536w, https:\/\/tuguia.combarranquilla.co\/Revista\/wp-content\/uploads\/2025\/11\/DSC_1072-2048x1365.jpg 2048w\" data-sizes=\"(max-width: 1024px) 100vw, 1024px\" src=\"data:image\/svg+xml;base64,PHN2ZyB3aWR0aD0iMSIgaGVpZ2h0PSIxIiB4bWxucz0iaHR0cDovL3d3dy53My5vcmcvMjAwMC9zdmciPjwvc3ZnPg==\" style=\"--smush-placeholder-width: 1024px; --smush-placeholder-aspect-ratio: 1024\/683;\" \/><\/figure>\n<\/div>\n<\/div>\n\n\n\n<p>Al finalizar las pruebas y aplaudir a los ganadores, los participantes y sus familias se dirigieron a un sal\u00f3n. All\u00ed cada uno recibi\u00f3 su certificado de participaci\u00f3n entre&nbsp;sonrisas y palabras de gratitud.&nbsp;\u201cMi hija ha estado en el club de nataci\u00f3n desde los 9 a\u00f1os. Ya&nbsp;tenemos 11&nbsp;a\u00f1os en este proceso y estamos viendo los resultados gracias a Combarranquilla y a sus grandes maestros\u201d, coment\u00f3 Oliva Sarmiento, mam\u00e1 de Isabella P\u00e9rez.<\/p>\n\n\n\n<p>El festival no solo celebr\u00f3 el talento, sino tambi\u00e9n la&nbsp;perseverancia&nbsp;y la uni\u00f3n familiar que caracteriza al programa de Atenci\u00f3n a Personas con Discapacidad.&nbsp;Esta clausura fue un momento inolvidable y&nbsp;valioso&nbsp;que resalta la importancia de la inclusi\u00f3n, el respeto y el amor en todas las&nbsp;etapas&nbsp;de la vida.<\/p>\n\n\n\n<div class=\"wp-block-columns is-layout-flex wp-container-core-columns-is-layout-9d6595d7 wp-block-columns-is-layout-flex\">\n<div class=\"wp-block-column is-layout-flow wp-block-column-is-layout-flow\">\n<figure class=\"wp-block-image size-large\"><img decoding=\"async\" width=\"1024\" height=\"683\" data-src=\"https:\/\/tuguia.combarranquilla.co\/Revista\/wp-content\/uploads\/2025\/11\/DSC_1122-1024x683.jpg\" alt=\"\" class=\"wp-image-8248 lazyload\" data-srcset=\"https:\/\/tuguia.combarranquilla.co\/Revista\/wp-content\/uploads\/2025\/11\/DSC_1122-1024x683.jpg 1024w, https:\/\/tuguia.combarranquilla.co\/Revista\/wp-content\/uploads\/2025\/11\/DSC_1122-300x200.jpg 300w, https:\/\/tuguia.combarranquilla.co\/Revista\/wp-content\/uploads\/2025\/11\/DSC_1122-768x512.jpg 768w, https:\/\/tuguia.combarranquilla.co\/Revista\/wp-content\/uploads\/2025\/11\/DSC_1122-1536x1024.jpg 1536w, https:\/\/tuguia.combarranquilla.co\/Revista\/wp-content\/uploads\/2025\/11\/DSC_1122-2048x1365.jpg 2048w\" data-sizes=\"(max-width: 1024px) 100vw, 1024px\" src=\"data:image\/svg+xml;base64,PHN2ZyB3aWR0aD0iMSIgaGVpZ2h0PSIxIiB4bWxucz0iaHR0cDovL3d3dy53My5vcmcvMjAwMC9zdmciPjwvc3ZnPg==\" style=\"--smush-placeholder-width: 1024px; --smush-placeholder-aspect-ratio: 1024\/683;\" \/><\/figure>\n<\/div>\n\n\n\n<div class=\"wp-block-column is-layout-flow wp-block-column-is-layout-flow\">\n<figure class=\"wp-block-image size-large\"><img decoding=\"async\" width=\"1024\" height=\"683\" data-src=\"https:\/\/tuguia.combarranquilla.co\/Revista\/wp-content\/uploads\/2025\/11\/DSC_1176-3-1024x683.jpg\" alt=\"\" class=\"wp-image-8249 lazyload\" data-srcset=\"https:\/\/tuguia.combarranquilla.co\/Revista\/wp-content\/uploads\/2025\/11\/DSC_1176-3-1024x683.jpg 1024w, https:\/\/tuguia.combarranquilla.co\/Revista\/wp-content\/uploads\/2025\/11\/DSC_1176-3-300x200.jpg 300w, https:\/\/tuguia.combarranquilla.co\/Revista\/wp-content\/uploads\/2025\/11\/DSC_1176-3-768x512.jpg 768w, https:\/\/tuguia.combarranquilla.co\/Revista\/wp-content\/uploads\/2025\/11\/DSC_1176-3-1536x1024.jpg 1536w, https:\/\/tuguia.combarranquilla.co\/Revista\/wp-content\/uploads\/2025\/11\/DSC_1176-3-2048x1365.jpg 2048w\" data-sizes=\"(max-width: 1024px) 100vw, 1024px\" src=\"data:image\/svg+xml;base64,PHN2ZyB3aWR0aD0iMSIgaGVpZ2h0PSIxIiB4bWxucz0iaHR0cDovL3d3dy53My5vcmcvMjAwMC9zdmciPjwvc3ZnPg==\" style=\"--smush-placeholder-width: 1024px; --smush-placeholder-aspect-ratio: 1024\/683;\" \/><\/figure>\n<\/div>\n<\/div>\n\n\n\n<p>Combarranquilla contin\u00faa apoyando la transformaci\u00f3n social a trav\u00e9s de sus programas. Porque siempre es ganancia aprender, compartir y destacar cada logro.<\/p>\n","protected":false},"excerpt":{"rendered":"<p>El 21 de noviembre, se vivi\u00f3 una ma\u00f1ana llena de energ\u00eda y compa\u00f1erismo que cerr\u00f3 un hermoso ciclo de metas alcanzadas. Desde las 8:30 de la ma\u00f1ana, la zona de piscinas de la Unidad Boston se llen\u00f3 de chapoteos que anunciaban un d\u00eda espacial. El curso de nataci\u00f3n para el programa de Atenci\u00f3n a Personas [&hellip;]<\/p>\n","protected":false},"author":2,"featured_media":8225,"comment_status":"open","ping_status":"open","sticky":false,"template":"","format":"standard","meta":{"inline_featured_image":false,"footnotes":""},"categories":[5],"tags":[],"class_list":["post-8221","post","type-post","status-publish","format-standard","has-post-thumbnail","hentry","category-vida-saludable"],"yoast_head":"<!-- This site is optimized with the Yoast SEO plugin v27.4 - https:\/\/yoast.com\/product\/yoast-seo-wordpress\/ -->\n<title>As\u00ed celebramos el Festival de Nataci\u00f3n del programa de Atenci\u00f3n a Personas con Discapacidad - Tu Gu\u00eda<\/title>\n<meta name=\"robots\" content=\"index, follow, max-snippet:-1, max-image-preview:large, max-video-preview:-1\" \/>\n<link rel=\"canonical\" href=\"https:\/\/tuguia.combarranquilla.co\/Revista\/asi-celebramos-el-festival-de-natacion-del-programa-de-atencion-a-personas-con-discapacidad\/\" \/>\n<meta property=\"og:locale\" content=\"es_ES\" \/>\n<meta property=\"og:type\" content=\"article\" \/>\n<meta property=\"og:title\" content=\"As\u00ed celebramos el Festival de Nataci\u00f3n del programa de Atenci\u00f3n a Personas con Discapacidad - Tu Gu\u00eda\" \/>\n<meta property=\"og:description\" content=\"El 21 de noviembre, se vivi\u00f3 una ma\u00f1ana llena de energ\u00eda y compa\u00f1erismo que cerr\u00f3 un hermoso ciclo de metas alcanzadas. Desde las 8:30 de la ma\u00f1ana, la zona de piscinas de la Unidad Boston se llen\u00f3 de chapoteos que anunciaban un d\u00eda espacial. El curso de nataci\u00f3n para el programa de Atenci\u00f3n a Personas [&hellip;]\" \/>\n<meta property=\"og:url\" content=\"https:\/\/tuguia.combarranquilla.co\/Revista\/asi-celebramos-el-festival-de-natacion-del-programa-de-atencion-a-personas-con-discapacidad\/\" \/>\n<meta property=\"og:site_name\" content=\"Tu Gu\u00eda\" \/>\n<meta property=\"article:published_time\" content=\"2025-12-01T12:58:05+00:00\" \/>\n<meta property=\"article:modified_time\" content=\"2025-12-01T12:58:06+00:00\" \/>\n<meta property=\"og:image\" content=\"https:\/\/tuguia.combarranquilla.co\/Revista\/wp-content\/uploads\/2025\/11\/Revista-Combarranquilla-1-2-scaled.jpg\" \/>\n\t<meta property=\"og:image:width\" content=\"2560\" \/>\n\t<meta property=\"og:image:height\" content=\"1280\" \/>\n\t<meta property=\"og:image:type\" content=\"image\/jpeg\" \/>\n<meta name=\"author\" content=\"Comunicaciones Combarranquilla\" \/>\n<meta name=\"twitter:card\" content=\"summary_large_image\" \/>\n<meta name=\"twitter:label1\" content=\"Escrito por\" \/>\n\t<meta name=\"twitter:data1\" content=\"Comunicaciones Combarranquilla\" \/>\n\t<meta name=\"twitter:label2\" content=\"Tiempo de lectura\" \/>\n\t<meta name=\"twitter:data2\" content=\"1 minuto\" \/>\n<script type=\"application\/ld+json\" class=\"yoast-schema-graph\">{\"@context\":\"https:\\\/\\\/schema.org\",\"@graph\":[{\"@type\":\"Article\",\"@id\":\"https:\\\/\\\/tuguia.combarranquilla.co\\\/Revista\\\/asi-celebramos-el-festival-de-natacion-del-programa-de-atencion-a-personas-con-discapacidad\\\/#article\",\"isPartOf\":{\"@id\":\"https:\\\/\\\/tuguia.combarranquilla.co\\\/Revista\\\/asi-celebramos-el-festival-de-natacion-del-programa-de-atencion-a-personas-con-discapacidad\\\/\"},\"author\":{\"name\":\"Comunicaciones Combarranquilla\",\"@id\":\"https:\\\/\\\/tuguia.combarranquilla.co\\\/Revista\\\/#\\\/schema\\\/person\\\/c2c396a77170bd1d5f8ba73294eb0d10\"},\"headline\":\"As\u00ed celebramos el Festival de Nataci\u00f3n del programa de Atenci\u00f3n a Personas con Discapacidad\",\"datePublished\":\"2025-12-01T12:58:05+00:00\",\"dateModified\":\"2025-12-01T12:58:06+00:00\",\"mainEntityOfPage\":{\"@id\":\"https:\\\/\\\/tuguia.combarranquilla.co\\\/Revista\\\/asi-celebramos-el-festival-de-natacion-del-programa-de-atencion-a-personas-con-discapacidad\\\/\"},\"wordCount\":337,\"commentCount\":0,\"publisher\":{\"@id\":\"https:\\\/\\\/tuguia.combarranquilla.co\\\/Revista\\\/#organization\"},\"image\":{\"@id\":\"https:\\\/\\\/tuguia.combarranquilla.co\\\/Revista\\\/asi-celebramos-el-festival-de-natacion-del-programa-de-atencion-a-personas-con-discapacidad\\\/#primaryimage\"},\"thumbnailUrl\":\"https:\\\/\\\/tuguia.combarranquilla.co\\\/Revista\\\/wp-content\\\/uploads\\\/2025\\\/11\\\/Revista-Combarranquilla-1-2-scaled.jpg\",\"articleSection\":[\"VIDA SALUDABLE\"],\"inLanguage\":\"es-CO\",\"potentialAction\":[{\"@type\":\"CommentAction\",\"name\":\"Comment\",\"target\":[\"https:\\\/\\\/tuguia.combarranquilla.co\\\/Revista\\\/asi-celebramos-el-festival-de-natacion-del-programa-de-atencion-a-personas-con-discapacidad\\\/#respond\"]}]},{\"@type\":\"WebPage\",\"@id\":\"https:\\\/\\\/tuguia.combarranquilla.co\\\/Revista\\\/asi-celebramos-el-festival-de-natacion-del-programa-de-atencion-a-personas-con-discapacidad\\\/\",\"url\":\"https:\\\/\\\/tuguia.combarranquilla.co\\\/Revista\\\/asi-celebramos-el-festival-de-natacion-del-programa-de-atencion-a-personas-con-discapacidad\\\/\",\"name\":\"As\u00ed celebramos el Festival de Nataci\u00f3n del programa de Atenci\u00f3n a Personas con Discapacidad - Tu Gu\u00eda\",\"isPartOf\":{\"@id\":\"https:\\\/\\\/tuguia.combarranquilla.co\\\/Revista\\\/#website\"},\"primaryImageOfPage\":{\"@id\":\"https:\\\/\\\/tuguia.combarranquilla.co\\\/Revista\\\/asi-celebramos-el-festival-de-natacion-del-programa-de-atencion-a-personas-con-discapacidad\\\/#primaryimage\"},\"image\":{\"@id\":\"https:\\\/\\\/tuguia.combarranquilla.co\\\/Revista\\\/asi-celebramos-el-festival-de-natacion-del-programa-de-atencion-a-personas-con-discapacidad\\\/#primaryimage\"},\"thumbnailUrl\":\"https:\\\/\\\/tuguia.combarranquilla.co\\\/Revista\\\/wp-content\\\/uploads\\\/2025\\\/11\\\/Revista-Combarranquilla-1-2-scaled.jpg\",\"datePublished\":\"2025-12-01T12:58:05+00:00\",\"dateModified\":\"2025-12-01T12:58:06+00:00\",\"breadcrumb\":{\"@id\":\"https:\\\/\\\/tuguia.combarranquilla.co\\\/Revista\\\/asi-celebramos-el-festival-de-natacion-del-programa-de-atencion-a-personas-con-discapacidad\\\/#breadcrumb\"},\"inLanguage\":\"es-CO\",\"potentialAction\":[{\"@type\":\"ReadAction\",\"target\":[\"https:\\\/\\\/tuguia.combarranquilla.co\\\/Revista\\\/asi-celebramos-el-festival-de-natacion-del-programa-de-atencion-a-personas-con-discapacidad\\\/\"]}]},{\"@type\":\"ImageObject\",\"inLanguage\":\"es-CO\",\"@id\":\"https:\\\/\\\/tuguia.combarranquilla.co\\\/Revista\\\/asi-celebramos-el-festival-de-natacion-del-programa-de-atencion-a-personas-con-discapacidad\\\/#primaryimage\",\"url\":\"https:\\\/\\\/tuguia.combarranquilla.co\\\/Revista\\\/wp-content\\\/uploads\\\/2025\\\/11\\\/Revista-Combarranquilla-1-2-scaled.jpg\",\"contentUrl\":\"https:\\\/\\\/tuguia.combarranquilla.co\\\/Revista\\\/wp-content\\\/uploads\\\/2025\\\/11\\\/Revista-Combarranquilla-1-2-scaled.jpg\",\"width\":2560,\"height\":1280},{\"@type\":\"BreadcrumbList\",\"@id\":\"https:\\\/\\\/tuguia.combarranquilla.co\\\/Revista\\\/asi-celebramos-el-festival-de-natacion-del-programa-de-atencion-a-personas-con-discapacidad\\\/#breadcrumb\",\"itemListElement\":[{\"@type\":\"ListItem\",\"position\":1,\"name\":\"Inicio\",\"item\":\"https:\\\/\\\/tuguia.combarranquilla.co\\\/Revista\\\/\"},{\"@type\":\"ListItem\",\"position\":2,\"name\":\"As\u00ed celebramos el Festival de Nataci\u00f3n del programa de Atenci\u00f3n a Personas con Discapacidad\"}]},{\"@type\":\"WebSite\",\"@id\":\"https:\\\/\\\/tuguia.combarranquilla.co\\\/Revista\\\/#website\",\"url\":\"https:\\\/\\\/tuguia.combarranquilla.co\\\/Revista\\\/\",\"name\":\"Tu Gu\u00eda\",\"description\":\"La revista donde lo tienes todo.\",\"publisher\":{\"@id\":\"https:\\\/\\\/tuguia.combarranquilla.co\\\/Revista\\\/#organization\"},\"alternateName\":\"Tu Gu\u00eda Combarranquilla\",\"potentialAction\":[{\"@type\":\"SearchAction\",\"target\":{\"@type\":\"EntryPoint\",\"urlTemplate\":\"https:\\\/\\\/tuguia.combarranquilla.co\\\/Revista\\\/?s={search_term_string}\"},\"query-input\":{\"@type\":\"PropertyValueSpecification\",\"valueRequired\":true,\"valueName\":\"search_term_string\"}}],\"inLanguage\":\"es-CO\"},{\"@type\":\"Organization\",\"@id\":\"https:\\\/\\\/tuguia.combarranquilla.co\\\/Revista\\\/#organization\",\"name\":\"Tu Gu\u00eda Combarranquilla\",\"url\":\"https:\\\/\\\/tuguia.combarranquilla.co\\\/Revista\\\/\",\"logo\":{\"@type\":\"ImageObject\",\"inLanguage\":\"es-CO\",\"@id\":\"https:\\\/\\\/tuguia.combarranquilla.co\\\/Revista\\\/#\\\/schema\\\/logo\\\/image\\\/\",\"url\":\"https:\\\/\\\/tuguia.combarranquilla.co\\\/Revista\\\/wp-content\\\/uploads\\\/2022\\\/02\\\/logo-guia-combarranquilla.svg\",\"contentUrl\":\"https:\\\/\\\/tuguia.combarranquilla.co\\\/Revista\\\/wp-content\\\/uploads\\\/2022\\\/02\\\/logo-guia-combarranquilla.svg\",\"caption\":\"Tu Gu\u00eda Combarranquilla\"},\"image\":{\"@id\":\"https:\\\/\\\/tuguia.combarranquilla.co\\\/Revista\\\/#\\\/schema\\\/logo\\\/image\\\/\"}},{\"@type\":\"Person\",\"@id\":\"https:\\\/\\\/tuguia.combarranquilla.co\\\/Revista\\\/#\\\/schema\\\/person\\\/c2c396a77170bd1d5f8ba73294eb0d10\",\"name\":\"Comunicaciones Combarranquilla\",\"image\":{\"@type\":\"ImageObject\",\"inLanguage\":\"es-CO\",\"@id\":\"https:\\\/\\\/tuguia.combarranquilla.co\\\/Revista\\\/wp-content\\\/uploads\\\/2025\\\/05\\\/ABC-Al-Rojo-Logo-96x96.jpg\",\"url\":\"https:\\\/\\\/tuguia.combarranquilla.co\\\/Revista\\\/wp-content\\\/uploads\\\/2025\\\/05\\\/ABC-Al-Rojo-Logo-96x96.jpg\",\"contentUrl\":\"https:\\\/\\\/tuguia.combarranquilla.co\\\/Revista\\\/wp-content\\\/uploads\\\/2025\\\/05\\\/ABC-Al-Rojo-Logo-96x96.jpg\",\"caption\":\"Comunicaciones Combarranquilla\"},\"sameAs\":[\"https:\\\/\\\/www.combarranquilla.co\"],\"url\":\"https:\\\/\\\/tuguia.combarranquilla.co\\\/Revista\\\/author\\\/comunicaciones\\\/\"}]}<\/script>\n<!-- \/ Yoast SEO plugin. -->","yoast_head_json":{"title":"As\u00ed celebramos el Festival de Nataci\u00f3n del programa de Atenci\u00f3n a Personas con Discapacidad - Tu Gu\u00eda","robots":{"index":"index","follow":"follow","max-snippet":"max-snippet:-1","max-image-preview":"max-image-preview:large","max-video-preview":"max-video-preview:-1"},"canonical":"https:\/\/tuguia.combarranquilla.co\/Revista\/asi-celebramos-el-festival-de-natacion-del-programa-de-atencion-a-personas-con-discapacidad\/","og_locale":"es_ES","og_type":"article","og_title":"As\u00ed celebramos el Festival de Nataci\u00f3n del programa de Atenci\u00f3n a Personas con Discapacidad - Tu Gu\u00eda","og_description":"El 21 de noviembre, se vivi\u00f3 una ma\u00f1ana llena de energ\u00eda y compa\u00f1erismo que cerr\u00f3 un hermoso ciclo de metas alcanzadas. Desde las 8:30 de la ma\u00f1ana, la zona de piscinas de la Unidad Boston se llen\u00f3 de chapoteos que anunciaban un d\u00eda espacial. El curso de nataci\u00f3n para el programa de Atenci\u00f3n a Personas [&hellip;]","og_url":"https:\/\/tuguia.combarranquilla.co\/Revista\/asi-celebramos-el-festival-de-natacion-del-programa-de-atencion-a-personas-con-discapacidad\/","og_site_name":"Tu Gu\u00eda","article_published_time":"2025-12-01T12:58:05+00:00","article_modified_time":"2025-12-01T12:58:06+00:00","og_image":[{"width":2560,"height":1280,"url":"https:\/\/tuguia.combarranquilla.co\/Revista\/wp-content\/uploads\/2025\/11\/Revista-Combarranquilla-1-2-scaled.jpg","type":"image\/jpeg"}],"author":"Comunicaciones Combarranquilla","twitter_card":"summary_large_image","twitter_misc":{"Escrito por":"Comunicaciones Combarranquilla","Tiempo de lectura":"1 minuto"},"schema":{"@context":"https:\/\/schema.org","@graph":[{"@type":"Article","@id":"https:\/\/tuguia.combarranquilla.co\/Revista\/asi-celebramos-el-festival-de-natacion-del-programa-de-atencion-a-personas-con-discapacidad\/#article","isPartOf":{"@id":"https:\/\/tuguia.combarranquilla.co\/Revista\/asi-celebramos-el-festival-de-natacion-del-programa-de-atencion-a-personas-con-discapacidad\/"},"author":{"name":"Comunicaciones Combarranquilla","@id":"https:\/\/tuguia.combarranquilla.co\/Revista\/#\/schema\/person\/c2c396a77170bd1d5f8ba73294eb0d10"},"headline":"As\u00ed celebramos el Festival de Nataci\u00f3n del programa de Atenci\u00f3n a Personas con Discapacidad","datePublished":"2025-12-01T12:58:05+00:00","dateModified":"2025-12-01T12:58:06+00:00","mainEntityOfPage":{"@id":"https:\/\/tuguia.combarranquilla.co\/Revista\/asi-celebramos-el-festival-de-natacion-del-programa-de-atencion-a-personas-con-discapacidad\/"},"wordCount":337,"commentCount":0,"publisher":{"@id":"https:\/\/tuguia.combarranquilla.co\/Revista\/#organization"},"image":{"@id":"https:\/\/tuguia.combarranquilla.co\/Revista\/asi-celebramos-el-festival-de-natacion-del-programa-de-atencion-a-personas-con-discapacidad\/#primaryimage"},"thumbnailUrl":"https:\/\/tuguia.combarranquilla.co\/Revista\/wp-content\/uploads\/2025\/11\/Revista-Combarranquilla-1-2-scaled.jpg","articleSection":["VIDA SALUDABLE"],"inLanguage":"es-CO","potentialAction":[{"@type":"CommentAction","name":"Comment","target":["https:\/\/tuguia.combarranquilla.co\/Revista\/asi-celebramos-el-festival-de-natacion-del-programa-de-atencion-a-personas-con-discapacidad\/#respond"]}]},{"@type":"WebPage","@id":"https:\/\/tuguia.combarranquilla.co\/Revista\/asi-celebramos-el-festival-de-natacion-del-programa-de-atencion-a-personas-con-discapacidad\/","url":"https:\/\/tuguia.combarranquilla.co\/Revista\/asi-celebramos-el-festival-de-natacion-del-programa-de-atencion-a-personas-con-discapacidad\/","name":"As\u00ed celebramos el Festival de Nataci\u00f3n del programa de Atenci\u00f3n a Personas con Discapacidad - Tu Gu\u00eda","isPartOf":{"@id":"https:\/\/tuguia.combarranquilla.co\/Revista\/#website"},"primaryImageOfPage":{"@id":"https:\/\/tuguia.combarranquilla.co\/Revista\/asi-celebramos-el-festival-de-natacion-del-programa-de-atencion-a-personas-con-discapacidad\/#primaryimage"},"image":{"@id":"https:\/\/tuguia.combarranquilla.co\/Revista\/asi-celebramos-el-festival-de-natacion-del-programa-de-atencion-a-personas-con-discapacidad\/#primaryimage"},"thumbnailUrl":"https:\/\/tuguia.combarranquilla.co\/Revista\/wp-content\/uploads\/2025\/11\/Revista-Combarranquilla-1-2-scaled.jpg","datePublished":"2025-12-01T12:58:05+00:00","dateModified":"2025-12-01T12:58:06+00:00","breadcrumb":{"@id":"https:\/\/tuguia.combarranquilla.co\/Revista\/asi-celebramos-el-festival-de-natacion-del-programa-de-atencion-a-personas-con-discapacidad\/#breadcrumb"},"inLanguage":"es-CO","potentialAction":[{"@type":"ReadAction","target":["https:\/\/tuguia.combarranquilla.co\/Revista\/asi-celebramos-el-festival-de-natacion-del-programa-de-atencion-a-personas-con-discapacidad\/"]}]},{"@type":"ImageObject","inLanguage":"es-CO","@id":"https:\/\/tuguia.combarranquilla.co\/Revista\/asi-celebramos-el-festival-de-natacion-del-programa-de-atencion-a-personas-con-discapacidad\/#primaryimage","url":"https:\/\/tuguia.combarranquilla.co\/Revista\/wp-content\/uploads\/2025\/11\/Revista-Combarranquilla-1-2-scaled.jpg","contentUrl":"https:\/\/tuguia.combarranquilla.co\/Revista\/wp-content\/uploads\/2025\/11\/Revista-Combarranquilla-1-2-scaled.jpg","width":2560,"height":1280},{"@type":"BreadcrumbList","@id":"https:\/\/tuguia.combarranquilla.co\/Revista\/asi-celebramos-el-festival-de-natacion-del-programa-de-atencion-a-personas-con-discapacidad\/#breadcrumb","itemListElement":[{"@type":"ListItem","position":1,"name":"Inicio","item":"https:\/\/tuguia.combarranquilla.co\/Revista\/"},{"@type":"ListItem","position":2,"name":"As\u00ed celebramos el Festival de Nataci\u00f3n del programa de Atenci\u00f3n a Personas con Discapacidad"}]},{"@type":"WebSite","@id":"https:\/\/tuguia.combarranquilla.co\/Revista\/#website","url":"https:\/\/tuguia.combarranquilla.co\/Revista\/","name":"Tu Gu\u00eda","description":"La revista donde lo tienes todo.","publisher":{"@id":"https:\/\/tuguia.combarranquilla.co\/Revista\/#organization"},"alternateName":"Tu Gu\u00eda Combarranquilla","potentialAction":[{"@type":"SearchAction","target":{"@type":"EntryPoint","urlTemplate":"https:\/\/tuguia.combarranquilla.co\/Revista\/?s={search_term_string}"},"query-input":{"@type":"PropertyValueSpecification","valueRequired":true,"valueName":"search_term_string"}}],"inLanguage":"es-CO"},{"@type":"Organization","@id":"https:\/\/tuguia.combarranquilla.co\/Revista\/#organization","name":"Tu Gu\u00eda Combarranquilla","url":"https:\/\/tuguia.combarranquilla.co\/Revista\/","logo":{"@type":"ImageObject","inLanguage":"es-CO","@id":"https:\/\/tuguia.combarranquilla.co\/Revista\/#\/schema\/logo\/image\/","url":"https:\/\/tuguia.combarranquilla.co\/Revista\/wp-content\/uploads\/2022\/02\/logo-guia-combarranquilla.svg","contentUrl":"https:\/\/tuguia.combarranquilla.co\/Revista\/wp-content\/uploads\/2022\/02\/logo-guia-combarranquilla.svg","caption":"Tu Gu\u00eda Combarranquilla"},"image":{"@id":"https:\/\/tuguia.combarranquilla.co\/Revista\/#\/schema\/logo\/image\/"}},{"@type":"Person","@id":"https:\/\/tuguia.combarranquilla.co\/Revista\/#\/schema\/person\/c2c396a77170bd1d5f8ba73294eb0d10","name":"Comunicaciones Combarranquilla","image":{"@type":"ImageObject","inLanguage":"es-CO","@id":"https:\/\/tuguia.combarranquilla.co\/Revista\/wp-content\/uploads\/2025\/05\/ABC-Al-Rojo-Logo-96x96.jpg","url":"https:\/\/tuguia.combarranquilla.co\/Revista\/wp-content\/uploads\/2025\/05\/ABC-Al-Rojo-Logo-96x96.jpg","contentUrl":"https:\/\/tuguia.combarranquilla.co\/Revista\/wp-content\/uploads\/2025\/05\/ABC-Al-Rojo-Logo-96x96.jpg","caption":"Comunicaciones Combarranquilla"},"sameAs":["https:\/\/www.combarranquilla.co"],"url":"https:\/\/tuguia.combarranquilla.co\/Revista\/author\/comunicaciones\/"}]}},"_links":{"self":[{"href":"https:\/\/tuguia.combarranquilla.co\/Revista\/wp-json\/wp\/v2\/posts\/8221","targetHints":{"allow":["GET"]}}],"collection":[{"href":"https:\/\/tuguia.combarranquilla.co\/Revista\/wp-json\/wp\/v2\/posts"}],"about":[{"href":"https:\/\/tuguia.combarranquilla.co\/Revista\/wp-json\/wp\/v2\/types\/post"}],"author":[{"embeddable":true,"href":"https:\/\/tuguia.combarranquilla.co\/Revista\/wp-json\/wp\/v2\/users\/2"}],"replies":[{"embeddable":true,"href":"https:\/\/tuguia.combarranquilla.co\/Revista\/wp-json\/wp\/v2\/comments?post=8221"}],"version-history":[{"count":8,"href":"https:\/\/tuguia.combarranquilla.co\/Revista\/wp-json\/wp\/v2\/posts\/8221\/revisions"}],"predecessor-version":[{"id":8255,"href":"https:\/\/tuguia.combarranquilla.co\/Revista\/wp-json\/wp\/v2\/posts\/8221\/revisions\/8255"}],"wp:featuredmedia":[{"embeddable":true,"href":"https:\/\/tuguia.combarranquilla.co\/Revista\/wp-json\/wp\/v2\/media\/8225"}],"wp:attachment":[{"href":"https:\/\/tuguia.combarranquilla.co\/Revista\/wp-json\/wp\/v2\/media?parent=8221"}],"wp:term":[{"taxonomy":"category","embeddable":true,"href":"https:\/\/tuguia.combarranquilla.co\/Revista\/wp-json\/wp\/v2\/categories?post=8221"},{"taxonomy":"post_tag","embeddable":true,"href":"https:\/\/tuguia.combarranquilla.co\/Revista\/wp-json\/wp\/v2\/tags?post=8221"}],"curies":[{"name":"wp","href":"https:\/\/api.w.org\/{rel}","templated":true}]}}