{"id":8301,"date":"2025-12-01T07:47:00","date_gmt":"2025-12-01T12:47:00","guid":{"rendered":"https:\/\/tuguia.combarranquilla.co\/Revista\/?p=8301"},"modified":"2025-12-10T13:26:22","modified_gmt":"2025-12-10T18:26:22","slug":"rueda-de-negocios-de-combarranquilla-dejo-resultados-positivos-para-mipymes","status":"publish","type":"post","link":"https:\/\/tuguia.combarranquilla.co\/Revista\/rueda-de-negocios-de-combarranquilla-dejo-resultados-positivos-para-mipymes\/","title":{"rendered":"Rueda de Negocios de Combarranquilla dej\u00f3 resultados positivos para MiPymes"},"content":{"rendered":"\n<p><em><strong>El evento, que tuvo lugar el pasado 12 de noviembre, fue un espacio de conexiones valiosas y nuevas alianzas para el pr\u00f3ximo a\u00f1o.<\/strong><\/em><\/p>\n\n\n\n<p>La Rueda de Negocios organizada por el programa Crecemos Contigo de Combarranquilla se consolid\u00f3 como un espacio estrat\u00e9gico para fortalecer la generaci\u00f3n de oportunidades comerciales entre las MiPymes del Atl\u00e1ntico. Esta actividad orientada al desarrollo empresarial y al impulso del crecimiento productivo reuni\u00f3 a emprendedores y representantes de empresas de distintos sectores.<\/p>\n\n\n\n<h2 class=\"wp-block-heading has-medium-font-size\"><strong>Participaci\u00f3n y din\u00e1mica del evento<\/strong><\/h2>\n\n\n\n<p>La jornada cont\u00f3 con un alto nivel de inter\u00e9s previo y una participaci\u00f3n significativa. En total, 89 personas y 69 empresas se inscribieron, reflejando la confianza que tiene el ecosistema empresarial local en las iniciativas de desarrollo de Combarranquilla.<\/p>\n\n\n\n<p>De estas, 42 personas asistieron finalmente al encuentro, representando a 31 empresas, lo que permiti\u00f3 una din\u00e1mica fluida y cercana entre los participantes. El formato facilit\u00f3 conversaciones uno a uno, presentaci\u00f3n de portafolios, intercambio de tarjetas y exploraci\u00f3n de posibles relaciones comerciales.<\/p>\n\n\n\n<h2 class=\"wp-block-heading has-medium-font-size\"><strong>Resultados y expectativas comerciales<\/strong><\/h2>\n\n\n\n<p>Uno de los puntos m\u00e1s relevantes del balance preliminar fue la estimaci\u00f3n de oportunidades detectadas durante las mesas de negocio. La expectativa comercial proyectada a partir de las interacciones realizadas alcanz\u00f3 un estimado de $63\u2019260.000, cifra que evidencia el potencial de crecimiento que crean estos espacios cuando se articulan esfuerzos institucionales y empresariales.<\/p>\n\n\n\n<p>La Rueda de Negocios no solo permiti\u00f3 la visibilizaci\u00f3n de productos y servicios, sino tambi\u00e9n la identificaci\u00f3n de necesidades espec\u00edficas, oportunidades de colaboraci\u00f3n y posibles alianzas estrat\u00e9gicas entre empresas de distintos tama\u00f1os y sectores.<\/p>\n\n\n\n<h2 class=\"wp-block-heading has-medium-font-size\"><strong>Percepci\u00f3n de los participantes<\/strong><\/h2>\n\n\n\n<p>Como parte del proceso de retroalimentaci\u00f3n, se aplic\u00f3 una encuesta a los asistentes. 25 empresas respondieron, y los resultados fueron altamente positivos. Todas expresaron satisfacci\u00f3n con la metodolog\u00eda y la organizaci\u00f3n del evento.<\/p>\n\n\n\n<p>Asimismo, resaltaron la pertinencia de contar con espacios de networking estructurados para ampliar su red de contactos. Y, de manera un\u00e1nime, manifestaron su inter\u00e9s en participar en una nueva versi\u00f3n de la rueda local el pr\u00f3ximo a\u00f1o.<\/p>\n\n\n\n<p>Este inter\u00e9s generalizado confirma que este evento se posiciona como un escenario de alto valor para las MiPymes, tanto para la b\u00fasqueda de clientes como para la construcci\u00f3n de alianzas.<\/p>\n\n\n\n<h2 class=\"wp-block-heading has-medium-font-size\"><strong>Un futuro prometedor<\/strong><\/h2>\n\n\n\n<p>La Rueda de Negocios del programa Crecemos Contigo reafirma el rol de Combarranquilla como un aliado fundamental en el fortalecimiento empresarial de la regi\u00f3n. La alta participaci\u00f3n, la generaci\u00f3n de expectativas econ\u00f3micas relevantes y la satisfacci\u00f3n de los asistentes demuestran que estos espacios son claves para dinamizar la actividad empresarial local.<\/p>\n\n\n\n<p>El compromiso manifestado por las empresas para futuras ediciones invita a continuar impulsando este tipo de iniciativas, promoviendo la innovaci\u00f3n, la competitividad y el desarrollo sostenible de las MiPymes del departamento.<\/p>\n","protected":false},"excerpt":{"rendered":"<p>El evento, que tuvo lugar el pasado 12 de noviembre, fue un espacio de conexiones valiosas y nuevas alianzas para el pr\u00f3ximo a\u00f1o. La Rueda de Negocios organizada por el programa Crecemos Contigo de Combarranquilla se consolid\u00f3 como un espacio estrat\u00e9gico para fortalecer la generaci\u00f3n de oportunidades comerciales entre las MiPymes del Atl\u00e1ntico. Esta actividad [&hellip;]<\/p>\n","protected":false},"author":2,"featured_media":8306,"comment_status":"open","ping_status":"open","sticky":false,"template":"","format":"standard","meta":{"inline_featured_image":false,"footnotes":""},"categories":[6],"tags":[],"class_list":["post-8301","post","type-post","status-publish","format-standard","has-post-thumbnail","hentry","category-empleabilidad"],"yoast_head":"<!-- This site is optimized with the Yoast SEO plugin v27.4 - https:\/\/yoast.com\/product\/yoast-seo-wordpress\/ -->\n<title>Rueda de Negocios de Combarranquilla dej\u00f3 resultados positivos para MiPymes - Tu Gu\u00eda<\/title>\n<meta name=\"robots\" content=\"index, follow, max-snippet:-1, max-image-preview:large, max-video-preview:-1\" \/>\n<link rel=\"canonical\" href=\"https:\/\/tuguia.combarranquilla.co\/Revista\/rueda-de-negocios-de-combarranquilla-dejo-resultados-positivos-para-mipymes\/\" \/>\n<meta property=\"og:locale\" content=\"es_ES\" \/>\n<meta property=\"og:type\" content=\"article\" \/>\n<meta property=\"og:title\" content=\"Rueda de Negocios de Combarranquilla dej\u00f3 resultados positivos para MiPymes - Tu Gu\u00eda\" \/>\n<meta property=\"og:description\" content=\"El evento, que tuvo lugar el pasado 12 de noviembre, fue un espacio de conexiones valiosas y nuevas alianzas para el pr\u00f3ximo a\u00f1o. La Rueda de Negocios organizada por el programa Crecemos Contigo de Combarranquilla se consolid\u00f3 como un espacio estrat\u00e9gico para fortalecer la generaci\u00f3n de oportunidades comerciales entre las MiPymes del Atl\u00e1ntico. Esta actividad [&hellip;]\" \/>\n<meta property=\"og:url\" content=\"https:\/\/tuguia.combarranquilla.co\/Revista\/rueda-de-negocios-de-combarranquilla-dejo-resultados-positivos-para-mipymes\/\" \/>\n<meta property=\"og:site_name\" content=\"Tu Gu\u00eda\" \/>\n<meta property=\"article:published_time\" content=\"2025-12-01T12:47:00+00:00\" \/>\n<meta property=\"article:modified_time\" content=\"2025-12-10T18:26:22+00:00\" \/>\n<meta property=\"og:image\" content=\"https:\/\/tuguia.combarranquilla.co\/Revista\/wp-content\/uploads\/2025\/12\/Revista-Combarranquilla-scaled.jpg\" \/>\n\t<meta property=\"og:image:width\" content=\"2560\" \/>\n\t<meta property=\"og:image:height\" content=\"1280\" \/>\n\t<meta property=\"og:image:type\" content=\"image\/jpeg\" \/>\n<meta name=\"author\" content=\"Comunicaciones Combarranquilla\" \/>\n<meta name=\"twitter:card\" content=\"summary_large_image\" \/>\n<meta name=\"twitter:label1\" content=\"Escrito por\" \/>\n\t<meta name=\"twitter:data1\" content=\"Comunicaciones Combarranquilla\" \/>\n\t<meta name=\"twitter:label2\" content=\"Tiempo de lectura\" \/>\n\t<meta name=\"twitter:data2\" content=\"3 minutos\" \/>\n<script type=\"application\/ld+json\" class=\"yoast-schema-graph\">{\"@context\":\"https:\\\/\\\/schema.org\",\"@graph\":[{\"@type\":\"Article\",\"@id\":\"https:\\\/\\\/tuguia.combarranquilla.co\\\/Revista\\\/rueda-de-negocios-de-combarranquilla-dejo-resultados-positivos-para-mipymes\\\/#article\",\"isPartOf\":{\"@id\":\"https:\\\/\\\/tuguia.combarranquilla.co\\\/Revista\\\/rueda-de-negocios-de-combarranquilla-dejo-resultados-positivos-para-mipymes\\\/\"},\"author\":{\"name\":\"Comunicaciones Combarranquilla\",\"@id\":\"https:\\\/\\\/tuguia.combarranquilla.co\\\/Revista\\\/#\\\/schema\\\/person\\\/c2c396a77170bd1d5f8ba73294eb0d10\"},\"headline\":\"Rueda de Negocios de Combarranquilla dej\u00f3 resultados positivos para MiPymes\",\"datePublished\":\"2025-12-01T12:47:00+00:00\",\"dateModified\":\"2025-12-10T18:26:22+00:00\",\"mainEntityOfPage\":{\"@id\":\"https:\\\/\\\/tuguia.combarranquilla.co\\\/Revista\\\/rueda-de-negocios-de-combarranquilla-dejo-resultados-positivos-para-mipymes\\\/\"},\"wordCount\":484,\"commentCount\":0,\"publisher\":{\"@id\":\"https:\\\/\\\/tuguia.combarranquilla.co\\\/Revista\\\/#organization\"},\"image\":{\"@id\":\"https:\\\/\\\/tuguia.combarranquilla.co\\\/Revista\\\/rueda-de-negocios-de-combarranquilla-dejo-resultados-positivos-para-mipymes\\\/#primaryimage\"},\"thumbnailUrl\":\"https:\\\/\\\/tuguia.combarranquilla.co\\\/Revista\\\/wp-content\\\/uploads\\\/2025\\\/12\\\/Revista-Combarranquilla-scaled.jpg\",\"articleSection\":[\"EMPLEABILIDAD\"],\"inLanguage\":\"es-CO\",\"potentialAction\":[{\"@type\":\"CommentAction\",\"name\":\"Comment\",\"target\":[\"https:\\\/\\\/tuguia.combarranquilla.co\\\/Revista\\\/rueda-de-negocios-de-combarranquilla-dejo-resultados-positivos-para-mipymes\\\/#respond\"]}]},{\"@type\":\"WebPage\",\"@id\":\"https:\\\/\\\/tuguia.combarranquilla.co\\\/Revista\\\/rueda-de-negocios-de-combarranquilla-dejo-resultados-positivos-para-mipymes\\\/\",\"url\":\"https:\\\/\\\/tuguia.combarranquilla.co\\\/Revista\\\/rueda-de-negocios-de-combarranquilla-dejo-resultados-positivos-para-mipymes\\\/\",\"name\":\"Rueda de Negocios de Combarranquilla dej\u00f3 resultados positivos para MiPymes - Tu Gu\u00eda\",\"isPartOf\":{\"@id\":\"https:\\\/\\\/tuguia.combarranquilla.co\\\/Revista\\\/#website\"},\"primaryImageOfPage\":{\"@id\":\"https:\\\/\\\/tuguia.combarranquilla.co\\\/Revista\\\/rueda-de-negocios-de-combarranquilla-dejo-resultados-positivos-para-mipymes\\\/#primaryimage\"},\"image\":{\"@id\":\"https:\\\/\\\/tuguia.combarranquilla.co\\\/Revista\\\/rueda-de-negocios-de-combarranquilla-dejo-resultados-positivos-para-mipymes\\\/#primaryimage\"},\"thumbnailUrl\":\"https:\\\/\\\/tuguia.combarranquilla.co\\\/Revista\\\/wp-content\\\/uploads\\\/2025\\\/12\\\/Revista-Combarranquilla-scaled.jpg\",\"datePublished\":\"2025-12-01T12:47:00+00:00\",\"dateModified\":\"2025-12-10T18:26:22+00:00\",\"breadcrumb\":{\"@id\":\"https:\\\/\\\/tuguia.combarranquilla.co\\\/Revista\\\/rueda-de-negocios-de-combarranquilla-dejo-resultados-positivos-para-mipymes\\\/#breadcrumb\"},\"inLanguage\":\"es-CO\",\"potentialAction\":[{\"@type\":\"ReadAction\",\"target\":[\"https:\\\/\\\/tuguia.combarranquilla.co\\\/Revista\\\/rueda-de-negocios-de-combarranquilla-dejo-resultados-positivos-para-mipymes\\\/\"]}]},{\"@type\":\"ImageObject\",\"inLanguage\":\"es-CO\",\"@id\":\"https:\\\/\\\/tuguia.combarranquilla.co\\\/Revista\\\/rueda-de-negocios-de-combarranquilla-dejo-resultados-positivos-para-mipymes\\\/#primaryimage\",\"url\":\"https:\\\/\\\/tuguia.combarranquilla.co\\\/Revista\\\/wp-content\\\/uploads\\\/2025\\\/12\\\/Revista-Combarranquilla-scaled.jpg\",\"contentUrl\":\"https:\\\/\\\/tuguia.combarranquilla.co\\\/Revista\\\/wp-content\\\/uploads\\\/2025\\\/12\\\/Revista-Combarranquilla-scaled.jpg\",\"width\":2560,\"height\":1280},{\"@type\":\"BreadcrumbList\",\"@id\":\"https:\\\/\\\/tuguia.combarranquilla.co\\\/Revista\\\/rueda-de-negocios-de-combarranquilla-dejo-resultados-positivos-para-mipymes\\\/#breadcrumb\",\"itemListElement\":[{\"@type\":\"ListItem\",\"position\":1,\"name\":\"Inicio\",\"item\":\"https:\\\/\\\/tuguia.combarranquilla.co\\\/Revista\\\/\"},{\"@type\":\"ListItem\",\"position\":2,\"name\":\"Rueda de Negocios de Combarranquilla dej\u00f3 resultados positivos para MiPymes\"}]},{\"@type\":\"WebSite\",\"@id\":\"https:\\\/\\\/tuguia.combarranquilla.co\\\/Revista\\\/#website\",\"url\":\"https:\\\/\\\/tuguia.combarranquilla.co\\\/Revista\\\/\",\"name\":\"Tu Gu\u00eda\",\"description\":\"La revista donde lo tienes todo.\",\"publisher\":{\"@id\":\"https:\\\/\\\/tuguia.combarranquilla.co\\\/Revista\\\/#organization\"},\"alternateName\":\"Tu Gu\u00eda Combarranquilla\",\"potentialAction\":[{\"@type\":\"SearchAction\",\"target\":{\"@type\":\"EntryPoint\",\"urlTemplate\":\"https:\\\/\\\/tuguia.combarranquilla.co\\\/Revista\\\/?s={search_term_string}\"},\"query-input\":{\"@type\":\"PropertyValueSpecification\",\"valueRequired\":true,\"valueName\":\"search_term_string\"}}],\"inLanguage\":\"es-CO\"},{\"@type\":\"Organization\",\"@id\":\"https:\\\/\\\/tuguia.combarranquilla.co\\\/Revista\\\/#organization\",\"name\":\"Tu Gu\u00eda Combarranquilla\",\"url\":\"https:\\\/\\\/tuguia.combarranquilla.co\\\/Revista\\\/\",\"logo\":{\"@type\":\"ImageObject\",\"inLanguage\":\"es-CO\",\"@id\":\"https:\\\/\\\/tuguia.combarranquilla.co\\\/Revista\\\/#\\\/schema\\\/logo\\\/image\\\/\",\"url\":\"https:\\\/\\\/tuguia.combarranquilla.co\\\/Revista\\\/wp-content\\\/uploads\\\/2022\\\/02\\\/logo-guia-combarranquilla.svg\",\"contentUrl\":\"https:\\\/\\\/tuguia.combarranquilla.co\\\/Revista\\\/wp-content\\\/uploads\\\/2022\\\/02\\\/logo-guia-combarranquilla.svg\",\"caption\":\"Tu Gu\u00eda Combarranquilla\"},\"image\":{\"@id\":\"https:\\\/\\\/tuguia.combarranquilla.co\\\/Revista\\\/#\\\/schema\\\/logo\\\/image\\\/\"}},{\"@type\":\"Person\",\"@id\":\"https:\\\/\\\/tuguia.combarranquilla.co\\\/Revista\\\/#\\\/schema\\\/person\\\/c2c396a77170bd1d5f8ba73294eb0d10\",\"name\":\"Comunicaciones Combarranquilla\",\"image\":{\"@type\":\"ImageObject\",\"inLanguage\":\"es-CO\",\"@id\":\"https:\\\/\\\/tuguia.combarranquilla.co\\\/Revista\\\/wp-content\\\/uploads\\\/2025\\\/05\\\/ABC-Al-Rojo-Logo-96x96.jpg\",\"url\":\"https:\\\/\\\/tuguia.combarranquilla.co\\\/Revista\\\/wp-content\\\/uploads\\\/2025\\\/05\\\/ABC-Al-Rojo-Logo-96x96.jpg\",\"contentUrl\":\"https:\\\/\\\/tuguia.combarranquilla.co\\\/Revista\\\/wp-content\\\/uploads\\\/2025\\\/05\\\/ABC-Al-Rojo-Logo-96x96.jpg\",\"caption\":\"Comunicaciones Combarranquilla\"},\"sameAs\":[\"https:\\\/\\\/www.combarranquilla.co\"],\"url\":\"https:\\\/\\\/tuguia.combarranquilla.co\\\/Revista\\\/author\\\/comunicaciones\\\/\"}]}<\/script>\n<!-- \/ Yoast SEO plugin. -->","yoast_head_json":{"title":"Rueda de Negocios de Combarranquilla dej\u00f3 resultados positivos para MiPymes - Tu Gu\u00eda","robots":{"index":"index","follow":"follow","max-snippet":"max-snippet:-1","max-image-preview":"max-image-preview:large","max-video-preview":"max-video-preview:-1"},"canonical":"https:\/\/tuguia.combarranquilla.co\/Revista\/rueda-de-negocios-de-combarranquilla-dejo-resultados-positivos-para-mipymes\/","og_locale":"es_ES","og_type":"article","og_title":"Rueda de Negocios de Combarranquilla dej\u00f3 resultados positivos para MiPymes - Tu Gu\u00eda","og_description":"El evento, que tuvo lugar el pasado 12 de noviembre, fue un espacio de conexiones valiosas y nuevas alianzas para el pr\u00f3ximo a\u00f1o. La Rueda de Negocios organizada por el programa Crecemos Contigo de Combarranquilla se consolid\u00f3 como un espacio estrat\u00e9gico para fortalecer la generaci\u00f3n de oportunidades comerciales entre las MiPymes del Atl\u00e1ntico. Esta actividad [&hellip;]","og_url":"https:\/\/tuguia.combarranquilla.co\/Revista\/rueda-de-negocios-de-combarranquilla-dejo-resultados-positivos-para-mipymes\/","og_site_name":"Tu Gu\u00eda","article_published_time":"2025-12-01T12:47:00+00:00","article_modified_time":"2025-12-10T18:26:22+00:00","og_image":[{"width":2560,"height":1280,"url":"https:\/\/tuguia.combarranquilla.co\/Revista\/wp-content\/uploads\/2025\/12\/Revista-Combarranquilla-scaled.jpg","type":"image\/jpeg"}],"author":"Comunicaciones Combarranquilla","twitter_card":"summary_large_image","twitter_misc":{"Escrito por":"Comunicaciones Combarranquilla","Tiempo de lectura":"3 minutos"},"schema":{"@context":"https:\/\/schema.org","@graph":[{"@type":"Article","@id":"https:\/\/tuguia.combarranquilla.co\/Revista\/rueda-de-negocios-de-combarranquilla-dejo-resultados-positivos-para-mipymes\/#article","isPartOf":{"@id":"https:\/\/tuguia.combarranquilla.co\/Revista\/rueda-de-negocios-de-combarranquilla-dejo-resultados-positivos-para-mipymes\/"},"author":{"name":"Comunicaciones Combarranquilla","@id":"https:\/\/tuguia.combarranquilla.co\/Revista\/#\/schema\/person\/c2c396a77170bd1d5f8ba73294eb0d10"},"headline":"Rueda de Negocios de Combarranquilla dej\u00f3 resultados positivos para MiPymes","datePublished":"2025-12-01T12:47:00+00:00","dateModified":"2025-12-10T18:26:22+00:00","mainEntityOfPage":{"@id":"https:\/\/tuguia.combarranquilla.co\/Revista\/rueda-de-negocios-de-combarranquilla-dejo-resultados-positivos-para-mipymes\/"},"wordCount":484,"commentCount":0,"publisher":{"@id":"https:\/\/tuguia.combarranquilla.co\/Revista\/#organization"},"image":{"@id":"https:\/\/tuguia.combarranquilla.co\/Revista\/rueda-de-negocios-de-combarranquilla-dejo-resultados-positivos-para-mipymes\/#primaryimage"},"thumbnailUrl":"https:\/\/tuguia.combarranquilla.co\/Revista\/wp-content\/uploads\/2025\/12\/Revista-Combarranquilla-scaled.jpg","articleSection":["EMPLEABILIDAD"],"inLanguage":"es-CO","potentialAction":[{"@type":"CommentAction","name":"Comment","target":["https:\/\/tuguia.combarranquilla.co\/Revista\/rueda-de-negocios-de-combarranquilla-dejo-resultados-positivos-para-mipymes\/#respond"]}]},{"@type":"WebPage","@id":"https:\/\/tuguia.combarranquilla.co\/Revista\/rueda-de-negocios-de-combarranquilla-dejo-resultados-positivos-para-mipymes\/","url":"https:\/\/tuguia.combarranquilla.co\/Revista\/rueda-de-negocios-de-combarranquilla-dejo-resultados-positivos-para-mipymes\/","name":"Rueda de Negocios de Combarranquilla dej\u00f3 resultados positivos para MiPymes - Tu Gu\u00eda","isPartOf":{"@id":"https:\/\/tuguia.combarranquilla.co\/Revista\/#website"},"primaryImageOfPage":{"@id":"https:\/\/tuguia.combarranquilla.co\/Revista\/rueda-de-negocios-de-combarranquilla-dejo-resultados-positivos-para-mipymes\/#primaryimage"},"image":{"@id":"https:\/\/tuguia.combarranquilla.co\/Revista\/rueda-de-negocios-de-combarranquilla-dejo-resultados-positivos-para-mipymes\/#primaryimage"},"thumbnailUrl":"https:\/\/tuguia.combarranquilla.co\/Revista\/wp-content\/uploads\/2025\/12\/Revista-Combarranquilla-scaled.jpg","datePublished":"2025-12-01T12:47:00+00:00","dateModified":"2025-12-10T18:26:22+00:00","breadcrumb":{"@id":"https:\/\/tuguia.combarranquilla.co\/Revista\/rueda-de-negocios-de-combarranquilla-dejo-resultados-positivos-para-mipymes\/#breadcrumb"},"inLanguage":"es-CO","potentialAction":[{"@type":"ReadAction","target":["https:\/\/tuguia.combarranquilla.co\/Revista\/rueda-de-negocios-de-combarranquilla-dejo-resultados-positivos-para-mipymes\/"]}]},{"@type":"ImageObject","inLanguage":"es-CO","@id":"https:\/\/tuguia.combarranquilla.co\/Revista\/rueda-de-negocios-de-combarranquilla-dejo-resultados-positivos-para-mipymes\/#primaryimage","url":"https:\/\/tuguia.combarranquilla.co\/Revista\/wp-content\/uploads\/2025\/12\/Revista-Combarranquilla-scaled.jpg","contentUrl":"https:\/\/tuguia.combarranquilla.co\/Revista\/wp-content\/uploads\/2025\/12\/Revista-Combarranquilla-scaled.jpg","width":2560,"height":1280},{"@type":"BreadcrumbList","@id":"https:\/\/tuguia.combarranquilla.co\/Revista\/rueda-de-negocios-de-combarranquilla-dejo-resultados-positivos-para-mipymes\/#breadcrumb","itemListElement":[{"@type":"ListItem","position":1,"name":"Inicio","item":"https:\/\/tuguia.combarranquilla.co\/Revista\/"},{"@type":"ListItem","position":2,"name":"Rueda de Negocios de Combarranquilla dej\u00f3 resultados positivos para MiPymes"}]},{"@type":"WebSite","@id":"https:\/\/tuguia.combarranquilla.co\/Revista\/#website","url":"https:\/\/tuguia.combarranquilla.co\/Revista\/","name":"Tu Gu\u00eda","description":"La revista donde lo tienes todo.","publisher":{"@id":"https:\/\/tuguia.combarranquilla.co\/Revista\/#organization"},"alternateName":"Tu Gu\u00eda Combarranquilla","potentialAction":[{"@type":"SearchAction","target":{"@type":"EntryPoint","urlTemplate":"https:\/\/tuguia.combarranquilla.co\/Revista\/?s={search_term_string}"},"query-input":{"@type":"PropertyValueSpecification","valueRequired":true,"valueName":"search_term_string"}}],"inLanguage":"es-CO"},{"@type":"Organization","@id":"https:\/\/tuguia.combarranquilla.co\/Revista\/#organization","name":"Tu Gu\u00eda Combarranquilla","url":"https:\/\/tuguia.combarranquilla.co\/Revista\/","logo":{"@type":"ImageObject","inLanguage":"es-CO","@id":"https:\/\/tuguia.combarranquilla.co\/Revista\/#\/schema\/logo\/image\/","url":"https:\/\/tuguia.combarranquilla.co\/Revista\/wp-content\/uploads\/2022\/02\/logo-guia-combarranquilla.svg","contentUrl":"https:\/\/tuguia.combarranquilla.co\/Revista\/wp-content\/uploads\/2022\/02\/logo-guia-combarranquilla.svg","caption":"Tu Gu\u00eda Combarranquilla"},"image":{"@id":"https:\/\/tuguia.combarranquilla.co\/Revista\/#\/schema\/logo\/image\/"}},{"@type":"Person","@id":"https:\/\/tuguia.combarranquilla.co\/Revista\/#\/schema\/person\/c2c396a77170bd1d5f8ba73294eb0d10","name":"Comunicaciones Combarranquilla","image":{"@type":"ImageObject","inLanguage":"es-CO","@id":"https:\/\/tuguia.combarranquilla.co\/Revista\/wp-content\/uploads\/2025\/05\/ABC-Al-Rojo-Logo-96x96.jpg","url":"https:\/\/tuguia.combarranquilla.co\/Revista\/wp-content\/uploads\/2025\/05\/ABC-Al-Rojo-Logo-96x96.jpg","contentUrl":"https:\/\/tuguia.combarranquilla.co\/Revista\/wp-content\/uploads\/2025\/05\/ABC-Al-Rojo-Logo-96x96.jpg","caption":"Comunicaciones Combarranquilla"},"sameAs":["https:\/\/www.combarranquilla.co"],"url":"https:\/\/tuguia.combarranquilla.co\/Revista\/author\/comunicaciones\/"}]}},"_links":{"self":[{"href":"https:\/\/tuguia.combarranquilla.co\/Revista\/wp-json\/wp\/v2\/posts\/8301","targetHints":{"allow":["GET"]}}],"collection":[{"href":"https:\/\/tuguia.combarranquilla.co\/Revista\/wp-json\/wp\/v2\/posts"}],"about":[{"href":"https:\/\/tuguia.combarranquilla.co\/Revista\/wp-json\/wp\/v2\/types\/post"}],"author":[{"embeddable":true,"href":"https:\/\/tuguia.combarranquilla.co\/Revista\/wp-json\/wp\/v2\/users\/2"}],"replies":[{"embeddable":true,"href":"https:\/\/tuguia.combarranquilla.co\/Revista\/wp-json\/wp\/v2\/comments?post=8301"}],"version-history":[{"count":7,"href":"https:\/\/tuguia.combarranquilla.co\/Revista\/wp-json\/wp\/v2\/posts\/8301\/revisions"}],"predecessor-version":[{"id":8309,"href":"https:\/\/tuguia.combarranquilla.co\/Revista\/wp-json\/wp\/v2\/posts\/8301\/revisions\/8309"}],"wp:featuredmedia":[{"embeddable":true,"href":"https:\/\/tuguia.combarranquilla.co\/Revista\/wp-json\/wp\/v2\/media\/8306"}],"wp:attachment":[{"href":"https:\/\/tuguia.combarranquilla.co\/Revista\/wp-json\/wp\/v2\/media?parent=8301"}],"wp:term":[{"taxonomy":"category","embeddable":true,"href":"https:\/\/tuguia.combarranquilla.co\/Revista\/wp-json\/wp\/v2\/categories?post=8301"},{"taxonomy":"post_tag","embeddable":true,"href":"https:\/\/tuguia.combarranquilla.co\/Revista\/wp-json\/wp\/v2\/tags?post=8301"}],"curies":[{"name":"wp","href":"https:\/\/api.w.org\/{rel}","templated":true}]}}