{"id":8331,"date":"2025-12-18T14:11:06","date_gmt":"2025-12-18T19:11:06","guid":{"rendered":"https:\/\/tuguia.combarranquilla.co\/Revista\/?p=8331"},"modified":"2025-12-22T15:52:17","modified_gmt":"2025-12-22T20:52:17","slug":"matriculas-abiertas-en-el-centro-de-formacion-combarranquilla-disena-tu-futuro","status":"publish","type":"post","link":"https:\/\/tuguia.combarranquilla.co\/Revista\/matriculas-abiertas-en-el-centro-de-formacion-combarranquilla-disena-tu-futuro\/","title":{"rendered":"Matr\u00edculas abiertas en el Centro de Formaci\u00f3n Combarranquilla: dise\u00f1a tu futuro con nosotros"},"content":{"rendered":"\n<p><strong><em>Estudia un t\u00e9cnico laboral con tarifas del 2025 y accede a beneficios que te ayudar\u00e1n a alcanzar tus sue\u00f1os.<\/em><\/strong><\/p>\n\n\n\n<p>El Centro de Formaci\u00f3n Combarranquilla abre la convocatoria para sus programas de T\u00e9cnicos Laborales. Una oportunidad pensada para mejorar las posibilidades de inserci\u00f3n laboral y fortalecer proyectos de vida.<\/p>\n\n\n\n<p>Para este mes de diciembre, los programas cuentan con tarifas preferenciales y un beneficio para trabajadores afiliados en categor\u00edas A y B: un subsidio de $350.000.<\/p>\n\n\n\n<p>La oferta del Centro de Formaci\u00f3n se caracteriza por sus docentes especializados, su enfoque pr\u00e1ctico y sus programas alineados con las necesidades actuales del sector productivo. Es una oportunidad para seguir aportando al conocimiento de j\u00f3venes y adultos de todas las edades.<\/p>\n\n\n\n<p>Invitamos a los interesados a postularse en el programa de su preferencia. El portafolio incluye los siguientes programas t\u00e9cnicos:<\/p>\n\n\n\n<ul class=\"wp-block-list\">\n<li>Auxiliar en Soporte T\u00e9cnico en Desarrollo de Software<\/li>\n\n\n\n<li>Auxiliar en Cocina<\/li>\n\n\n\n<li>Almac\u00e9n y Bodegaje<\/li>\n\n\n\n<li>Contact Center<\/li>\n\n\n\n<li>Auxiliar en Panader\u00eda y Pasteler\u00eda<\/li>\n\n\n\n<li>Auxiliar Contable y Financiero<\/li>\n\n\n\n<li>Auxiliar en Recursos Humanos<\/li>\n\n\n\n<li>Auxiliar de Servicios Tur\u00edsticos<\/li>\n\n\n\n<li>Auxiliar Administrativo<\/li>\n\n\n\n<li>Auxiliar de Aduanas<\/li>\n\n\n\n<li>Axiliar en Dise\u00f1o Gr\u00e1fico<\/li>\n\n\n\n<li>Mercadeo y Ventas<\/li>\n<\/ul>\n\n\n\n<p><\/p>\n\n\n\n<p>Recuerda: El proceso estar\u00e1 vigente hasta el 31 de diciembre.<\/p>\n\n\n\n<div class=\"wp-block-columns is-layout-flex wp-container-core-columns-is-layout-9d6595d7 wp-block-columns-is-layout-flex\">\n<div class=\"wp-block-column is-layout-flow wp-block-column-is-layout-flow\">\n<figure class=\"wp-block-image size-full\"><img decoding=\"async\" width=\"2048\" height=\"2560\" data-src=\"https:\/\/tuguia.combarranquilla.co\/Revista\/wp-content\/uploads\/2025\/12\/WhatsApp-Image-2025-12-11-at-2.39.09-PM.jpeg\" alt=\"\" class=\"wp-image-8333 lazyload\" data-srcset=\"https:\/\/tuguia.combarranquilla.co\/Revista\/wp-content\/uploads\/2025\/12\/WhatsApp-Image-2025-12-11-at-2.39.09-PM.jpeg 2048w, https:\/\/tuguia.combarranquilla.co\/Revista\/wp-content\/uploads\/2025\/12\/WhatsApp-Image-2025-12-11-at-2.39.09-PM-240x300.jpeg 240w, https:\/\/tuguia.combarranquilla.co\/Revista\/wp-content\/uploads\/2025\/12\/WhatsApp-Image-2025-12-11-at-2.39.09-PM-819x1024.jpeg 819w, https:\/\/tuguia.combarranquilla.co\/Revista\/wp-content\/uploads\/2025\/12\/WhatsApp-Image-2025-12-11-at-2.39.09-PM-768x960.jpeg 768w, https:\/\/tuguia.combarranquilla.co\/Revista\/wp-content\/uploads\/2025\/12\/WhatsApp-Image-2025-12-11-at-2.39.09-PM-1229x1536.jpeg 1229w, https:\/\/tuguia.combarranquilla.co\/Revista\/wp-content\/uploads\/2025\/12\/WhatsApp-Image-2025-12-11-at-2.39.09-PM-1638x2048.jpeg 1638w\" data-sizes=\"(max-width: 2048px) 100vw, 2048px\" src=\"data:image\/svg+xml;base64,PHN2ZyB3aWR0aD0iMSIgaGVpZ2h0PSIxIiB4bWxucz0iaHR0cDovL3d3dy53My5vcmcvMjAwMC9zdmciPjwvc3ZnPg==\" style=\"--smush-placeholder-width: 2048px; --smush-placeholder-aspect-ratio: 2048\/2560;\" \/><\/figure>\n<\/div>\n\n\n\n<div class=\"wp-block-column is-layout-flow wp-block-column-is-layout-flow\">\n<figure class=\"wp-block-image size-full\"><img decoding=\"async\" width=\"1280\" height=\"1600\" data-src=\"https:\/\/tuguia.combarranquilla.co\/Revista\/wp-content\/uploads\/2025\/12\/WhatsApp-Image-2025-12-11-at-2.39.09-PM-1.jpeg\" alt=\"\" class=\"wp-image-8334 lazyload\" data-srcset=\"https:\/\/tuguia.combarranquilla.co\/Revista\/wp-content\/uploads\/2025\/12\/WhatsApp-Image-2025-12-11-at-2.39.09-PM-1.jpeg 1280w, https:\/\/tuguia.combarranquilla.co\/Revista\/wp-content\/uploads\/2025\/12\/WhatsApp-Image-2025-12-11-at-2.39.09-PM-1-240x300.jpeg 240w, https:\/\/tuguia.combarranquilla.co\/Revista\/wp-content\/uploads\/2025\/12\/WhatsApp-Image-2025-12-11-at-2.39.09-PM-1-819x1024.jpeg 819w, https:\/\/tuguia.combarranquilla.co\/Revista\/wp-content\/uploads\/2025\/12\/WhatsApp-Image-2025-12-11-at-2.39.09-PM-1-768x960.jpeg 768w, https:\/\/tuguia.combarranquilla.co\/Revista\/wp-content\/uploads\/2025\/12\/WhatsApp-Image-2025-12-11-at-2.39.09-PM-1-1229x1536.jpeg 1229w\" data-sizes=\"(max-width: 1280px) 100vw, 1280px\" src=\"data:image\/svg+xml;base64,PHN2ZyB3aWR0aD0iMSIgaGVpZ2h0PSIxIiB4bWxucz0iaHR0cDovL3d3dy53My5vcmcvMjAwMC9zdmciPjwvc3ZnPg==\" style=\"--smush-placeholder-width: 1280px; --smush-placeholder-aspect-ratio: 1280\/1600;\" \/><\/figure>\n<\/div>\n<\/div>\n\n\n\n<figure class=\"wp-block-image alignwide size-full\"><img decoding=\"async\" width=\"1259\" height=\"150\" data-src=\"https:\/\/tuguia.combarranquilla.co\/Revista\/wp-content\/uploads\/2025\/12\/image.png\" alt=\"\" class=\"wp-image-8337 lazyload\" data-srcset=\"https:\/\/tuguia.combarranquilla.co\/Revista\/wp-content\/uploads\/2025\/12\/image.png 1259w, https:\/\/tuguia.combarranquilla.co\/Revista\/wp-content\/uploads\/2025\/12\/image-300x36.png 300w, https:\/\/tuguia.combarranquilla.co\/Revista\/wp-content\/uploads\/2025\/12\/image-1024x122.png 1024w, https:\/\/tuguia.combarranquilla.co\/Revista\/wp-content\/uploads\/2025\/12\/image-768x92.png 768w\" data-sizes=\"(max-width: 1259px) 100vw, 1259px\" src=\"data:image\/svg+xml;base64,PHN2ZyB3aWR0aD0iMSIgaGVpZ2h0PSIxIiB4bWxucz0iaHR0cDovL3d3dy53My5vcmcvMjAwMC9zdmciPjwvc3ZnPg==\" style=\"--smush-placeholder-width: 1259px; --smush-placeholder-aspect-ratio: 1259\/150;\" \/><\/figure>\n\n\n\n<p>Para m\u00e1s detalles, tambi\u00e9n puedes contactar cualquiera de los siguientes n\u00fameros telef\u00f3nicos: 3174286861 &#8211; 3173716381 &#8211; 31778187499.<\/p>\n\n\n\n<p><em><strong>La educaci\u00f3n es nuestro motor. Transformar tu vida es nuestro prop\u00f3sito.<\/strong><\/em><\/p>\n","protected":false},"excerpt":{"rendered":"<p>Estudia un t\u00e9cnico laboral con tarifas del 2025 y accede a beneficios que te ayudar\u00e1n a alcanzar tus sue\u00f1os. El Centro de Formaci\u00f3n Combarranquilla abre la convocatoria para sus programas de T\u00e9cnicos Laborales. Una oportunidad pensada para mejorar las posibilidades de inserci\u00f3n laboral y fortalecer proyectos de vida. Para este mes de diciembre, los programas [&hellip;]<\/p>\n","protected":false},"author":2,"featured_media":8381,"comment_status":"open","ping_status":"open","sticky":false,"template":"","format":"standard","meta":{"inline_featured_image":false,"footnotes":""},"categories":[8],"tags":[],"class_list":["post-8331","post","type-post","status-publish","format-standard","has-post-thumbnail","hentry","category-formacion"],"yoast_head":"<!-- This site is optimized with the Yoast SEO plugin v27.4 - https:\/\/yoast.com\/product\/yoast-seo-wordpress\/ -->\n<title>Matr\u00edculas abiertas en el Centro de Formaci\u00f3n Combarranquilla: dise\u00f1a tu futuro con nosotros - Tu Gu\u00eda<\/title>\n<meta name=\"robots\" content=\"index, follow, max-snippet:-1, max-image-preview:large, max-video-preview:-1\" \/>\n<link rel=\"canonical\" href=\"https:\/\/tuguia.combarranquilla.co\/Revista\/matriculas-abiertas-en-el-centro-de-formacion-combarranquilla-disena-tu-futuro\/\" \/>\n<meta property=\"og:locale\" content=\"es_ES\" \/>\n<meta property=\"og:type\" content=\"article\" \/>\n<meta property=\"og:title\" content=\"Matr\u00edculas abiertas en el Centro de Formaci\u00f3n Combarranquilla: dise\u00f1a tu futuro con nosotros - Tu Gu\u00eda\" \/>\n<meta property=\"og:description\" content=\"Estudia un t\u00e9cnico laboral con tarifas del 2025 y accede a beneficios que te ayudar\u00e1n a alcanzar tus sue\u00f1os. El Centro de Formaci\u00f3n Combarranquilla abre la convocatoria para sus programas de T\u00e9cnicos Laborales. Una oportunidad pensada para mejorar las posibilidades de inserci\u00f3n laboral y fortalecer proyectos de vida. Para este mes de diciembre, los programas [&hellip;]\" \/>\n<meta property=\"og:url\" content=\"https:\/\/tuguia.combarranquilla.co\/Revista\/matriculas-abiertas-en-el-centro-de-formacion-combarranquilla-disena-tu-futuro\/\" \/>\n<meta property=\"og:site_name\" content=\"Tu Gu\u00eda\" \/>\n<meta property=\"article:published_time\" content=\"2025-12-18T19:11:06+00:00\" \/>\n<meta property=\"article:modified_time\" content=\"2025-12-22T20:52:17+00:00\" \/>\n<meta property=\"og:image\" content=\"https:\/\/tuguia.combarranquilla.co\/Revista\/wp-content\/uploads\/2025\/12\/Revista-Combarranquilla-4-scaled.jpg\" \/>\n\t<meta property=\"og:image:width\" content=\"2560\" \/>\n\t<meta property=\"og:image:height\" content=\"1280\" \/>\n\t<meta property=\"og:image:type\" content=\"image\/jpeg\" \/>\n<meta name=\"author\" content=\"Comunicaciones Combarranquilla\" \/>\n<meta name=\"twitter:card\" content=\"summary_large_image\" \/>\n<meta name=\"twitter:label1\" content=\"Escrito por\" \/>\n\t<meta name=\"twitter:data1\" content=\"Comunicaciones Combarranquilla\" \/>\n\t<meta name=\"twitter:label2\" content=\"Tiempo de lectura\" \/>\n\t<meta name=\"twitter:data2\" content=\"2 minutos\" \/>\n<script type=\"application\/ld+json\" class=\"yoast-schema-graph\">{\"@context\":\"https:\\\/\\\/schema.org\",\"@graph\":[{\"@type\":\"Article\",\"@id\":\"https:\\\/\\\/tuguia.combarranquilla.co\\\/Revista\\\/matriculas-abiertas-en-el-centro-de-formacion-combarranquilla-disena-tu-futuro\\\/#article\",\"isPartOf\":{\"@id\":\"https:\\\/\\\/tuguia.combarranquilla.co\\\/Revista\\\/matriculas-abiertas-en-el-centro-de-formacion-combarranquilla-disena-tu-futuro\\\/\"},\"author\":{\"name\":\"Comunicaciones Combarranquilla\",\"@id\":\"https:\\\/\\\/tuguia.combarranquilla.co\\\/Revista\\\/#\\\/schema\\\/person\\\/c2c396a77170bd1d5f8ba73294eb0d10\"},\"headline\":\"Matr\u00edculas abiertas en el Centro de Formaci\u00f3n Combarranquilla: dise\u00f1a tu futuro con nosotros\",\"datePublished\":\"2025-12-18T19:11:06+00:00\",\"dateModified\":\"2025-12-22T20:52:17+00:00\",\"mainEntityOfPage\":{\"@id\":\"https:\\\/\\\/tuguia.combarranquilla.co\\\/Revista\\\/matriculas-abiertas-en-el-centro-de-formacion-combarranquilla-disena-tu-futuro\\\/\"},\"wordCount\":252,\"commentCount\":0,\"publisher\":{\"@id\":\"https:\\\/\\\/tuguia.combarranquilla.co\\\/Revista\\\/#organization\"},\"image\":{\"@id\":\"https:\\\/\\\/tuguia.combarranquilla.co\\\/Revista\\\/matriculas-abiertas-en-el-centro-de-formacion-combarranquilla-disena-tu-futuro\\\/#primaryimage\"},\"thumbnailUrl\":\"https:\\\/\\\/tuguia.combarranquilla.co\\\/Revista\\\/wp-content\\\/uploads\\\/2025\\\/12\\\/Revista-Combarranquilla-4-scaled.jpg\",\"articleSection\":[\"FORMACI\u00d3N\"],\"inLanguage\":\"es-CO\",\"potentialAction\":[{\"@type\":\"CommentAction\",\"name\":\"Comment\",\"target\":[\"https:\\\/\\\/tuguia.combarranquilla.co\\\/Revista\\\/matriculas-abiertas-en-el-centro-de-formacion-combarranquilla-disena-tu-futuro\\\/#respond\"]}]},{\"@type\":\"WebPage\",\"@id\":\"https:\\\/\\\/tuguia.combarranquilla.co\\\/Revista\\\/matriculas-abiertas-en-el-centro-de-formacion-combarranquilla-disena-tu-futuro\\\/\",\"url\":\"https:\\\/\\\/tuguia.combarranquilla.co\\\/Revista\\\/matriculas-abiertas-en-el-centro-de-formacion-combarranquilla-disena-tu-futuro\\\/\",\"name\":\"Matr\u00edculas abiertas en el Centro de Formaci\u00f3n Combarranquilla: dise\u00f1a tu futuro con nosotros - Tu Gu\u00eda\",\"isPartOf\":{\"@id\":\"https:\\\/\\\/tuguia.combarranquilla.co\\\/Revista\\\/#website\"},\"primaryImageOfPage\":{\"@id\":\"https:\\\/\\\/tuguia.combarranquilla.co\\\/Revista\\\/matriculas-abiertas-en-el-centro-de-formacion-combarranquilla-disena-tu-futuro\\\/#primaryimage\"},\"image\":{\"@id\":\"https:\\\/\\\/tuguia.combarranquilla.co\\\/Revista\\\/matriculas-abiertas-en-el-centro-de-formacion-combarranquilla-disena-tu-futuro\\\/#primaryimage\"},\"thumbnailUrl\":\"https:\\\/\\\/tuguia.combarranquilla.co\\\/Revista\\\/wp-content\\\/uploads\\\/2025\\\/12\\\/Revista-Combarranquilla-4-scaled.jpg\",\"datePublished\":\"2025-12-18T19:11:06+00:00\",\"dateModified\":\"2025-12-22T20:52:17+00:00\",\"breadcrumb\":{\"@id\":\"https:\\\/\\\/tuguia.combarranquilla.co\\\/Revista\\\/matriculas-abiertas-en-el-centro-de-formacion-combarranquilla-disena-tu-futuro\\\/#breadcrumb\"},\"inLanguage\":\"es-CO\",\"potentialAction\":[{\"@type\":\"ReadAction\",\"target\":[\"https:\\\/\\\/tuguia.combarranquilla.co\\\/Revista\\\/matriculas-abiertas-en-el-centro-de-formacion-combarranquilla-disena-tu-futuro\\\/\"]}]},{\"@type\":\"ImageObject\",\"inLanguage\":\"es-CO\",\"@id\":\"https:\\\/\\\/tuguia.combarranquilla.co\\\/Revista\\\/matriculas-abiertas-en-el-centro-de-formacion-combarranquilla-disena-tu-futuro\\\/#primaryimage\",\"url\":\"https:\\\/\\\/tuguia.combarranquilla.co\\\/Revista\\\/wp-content\\\/uploads\\\/2025\\\/12\\\/Revista-Combarranquilla-4-scaled.jpg\",\"contentUrl\":\"https:\\\/\\\/tuguia.combarranquilla.co\\\/Revista\\\/wp-content\\\/uploads\\\/2025\\\/12\\\/Revista-Combarranquilla-4-scaled.jpg\",\"width\":2560,\"height\":1280},{\"@type\":\"BreadcrumbList\",\"@id\":\"https:\\\/\\\/tuguia.combarranquilla.co\\\/Revista\\\/matriculas-abiertas-en-el-centro-de-formacion-combarranquilla-disena-tu-futuro\\\/#breadcrumb\",\"itemListElement\":[{\"@type\":\"ListItem\",\"position\":1,\"name\":\"Inicio\",\"item\":\"https:\\\/\\\/tuguia.combarranquilla.co\\\/Revista\\\/\"},{\"@type\":\"ListItem\",\"position\":2,\"name\":\"Matr\u00edculas abiertas en el Centro de Formaci\u00f3n Combarranquilla: dise\u00f1a tu futuro con nosotros\"}]},{\"@type\":\"WebSite\",\"@id\":\"https:\\\/\\\/tuguia.combarranquilla.co\\\/Revista\\\/#website\",\"url\":\"https:\\\/\\\/tuguia.combarranquilla.co\\\/Revista\\\/\",\"name\":\"Tu Gu\u00eda\",\"description\":\"La revista donde lo tienes todo.\",\"publisher\":{\"@id\":\"https:\\\/\\\/tuguia.combarranquilla.co\\\/Revista\\\/#organization\"},\"alternateName\":\"Tu Gu\u00eda Combarranquilla\",\"potentialAction\":[{\"@type\":\"SearchAction\",\"target\":{\"@type\":\"EntryPoint\",\"urlTemplate\":\"https:\\\/\\\/tuguia.combarranquilla.co\\\/Revista\\\/?s={search_term_string}\"},\"query-input\":{\"@type\":\"PropertyValueSpecification\",\"valueRequired\":true,\"valueName\":\"search_term_string\"}}],\"inLanguage\":\"es-CO\"},{\"@type\":\"Organization\",\"@id\":\"https:\\\/\\\/tuguia.combarranquilla.co\\\/Revista\\\/#organization\",\"name\":\"Tu Gu\u00eda Combarranquilla\",\"url\":\"https:\\\/\\\/tuguia.combarranquilla.co\\\/Revista\\\/\",\"logo\":{\"@type\":\"ImageObject\",\"inLanguage\":\"es-CO\",\"@id\":\"https:\\\/\\\/tuguia.combarranquilla.co\\\/Revista\\\/#\\\/schema\\\/logo\\\/image\\\/\",\"url\":\"https:\\\/\\\/tuguia.combarranquilla.co\\\/Revista\\\/wp-content\\\/uploads\\\/2022\\\/02\\\/logo-guia-combarranquilla.svg\",\"contentUrl\":\"https:\\\/\\\/tuguia.combarranquilla.co\\\/Revista\\\/wp-content\\\/uploads\\\/2022\\\/02\\\/logo-guia-combarranquilla.svg\",\"caption\":\"Tu Gu\u00eda Combarranquilla\"},\"image\":{\"@id\":\"https:\\\/\\\/tuguia.combarranquilla.co\\\/Revista\\\/#\\\/schema\\\/logo\\\/image\\\/\"}},{\"@type\":\"Person\",\"@id\":\"https:\\\/\\\/tuguia.combarranquilla.co\\\/Revista\\\/#\\\/schema\\\/person\\\/c2c396a77170bd1d5f8ba73294eb0d10\",\"name\":\"Comunicaciones Combarranquilla\",\"image\":{\"@type\":\"ImageObject\",\"inLanguage\":\"es-CO\",\"@id\":\"https:\\\/\\\/tuguia.combarranquilla.co\\\/Revista\\\/wp-content\\\/uploads\\\/2025\\\/05\\\/ABC-Al-Rojo-Logo-96x96.jpg\",\"url\":\"https:\\\/\\\/tuguia.combarranquilla.co\\\/Revista\\\/wp-content\\\/uploads\\\/2025\\\/05\\\/ABC-Al-Rojo-Logo-96x96.jpg\",\"contentUrl\":\"https:\\\/\\\/tuguia.combarranquilla.co\\\/Revista\\\/wp-content\\\/uploads\\\/2025\\\/05\\\/ABC-Al-Rojo-Logo-96x96.jpg\",\"caption\":\"Comunicaciones Combarranquilla\"},\"sameAs\":[\"https:\\\/\\\/www.combarranquilla.co\"],\"url\":\"https:\\\/\\\/tuguia.combarranquilla.co\\\/Revista\\\/author\\\/comunicaciones\\\/\"}]}<\/script>\n<!-- \/ Yoast SEO plugin. -->","yoast_head_json":{"title":"Matr\u00edculas abiertas en el Centro de Formaci\u00f3n Combarranquilla: dise\u00f1a tu futuro con nosotros - Tu Gu\u00eda","robots":{"index":"index","follow":"follow","max-snippet":"max-snippet:-1","max-image-preview":"max-image-preview:large","max-video-preview":"max-video-preview:-1"},"canonical":"https:\/\/tuguia.combarranquilla.co\/Revista\/matriculas-abiertas-en-el-centro-de-formacion-combarranquilla-disena-tu-futuro\/","og_locale":"es_ES","og_type":"article","og_title":"Matr\u00edculas abiertas en el Centro de Formaci\u00f3n Combarranquilla: dise\u00f1a tu futuro con nosotros - Tu Gu\u00eda","og_description":"Estudia un t\u00e9cnico laboral con tarifas del 2025 y accede a beneficios que te ayudar\u00e1n a alcanzar tus sue\u00f1os. El Centro de Formaci\u00f3n Combarranquilla abre la convocatoria para sus programas de T\u00e9cnicos Laborales. Una oportunidad pensada para mejorar las posibilidades de inserci\u00f3n laboral y fortalecer proyectos de vida. Para este mes de diciembre, los programas [&hellip;]","og_url":"https:\/\/tuguia.combarranquilla.co\/Revista\/matriculas-abiertas-en-el-centro-de-formacion-combarranquilla-disena-tu-futuro\/","og_site_name":"Tu Gu\u00eda","article_published_time":"2025-12-18T19:11:06+00:00","article_modified_time":"2025-12-22T20:52:17+00:00","og_image":[{"width":2560,"height":1280,"url":"https:\/\/tuguia.combarranquilla.co\/Revista\/wp-content\/uploads\/2025\/12\/Revista-Combarranquilla-4-scaled.jpg","type":"image\/jpeg"}],"author":"Comunicaciones Combarranquilla","twitter_card":"summary_large_image","twitter_misc":{"Escrito por":"Comunicaciones Combarranquilla","Tiempo de lectura":"2 minutos"},"schema":{"@context":"https:\/\/schema.org","@graph":[{"@type":"Article","@id":"https:\/\/tuguia.combarranquilla.co\/Revista\/matriculas-abiertas-en-el-centro-de-formacion-combarranquilla-disena-tu-futuro\/#article","isPartOf":{"@id":"https:\/\/tuguia.combarranquilla.co\/Revista\/matriculas-abiertas-en-el-centro-de-formacion-combarranquilla-disena-tu-futuro\/"},"author":{"name":"Comunicaciones Combarranquilla","@id":"https:\/\/tuguia.combarranquilla.co\/Revista\/#\/schema\/person\/c2c396a77170bd1d5f8ba73294eb0d10"},"headline":"Matr\u00edculas abiertas en el Centro de Formaci\u00f3n Combarranquilla: dise\u00f1a tu futuro con nosotros","datePublished":"2025-12-18T19:11:06+00:00","dateModified":"2025-12-22T20:52:17+00:00","mainEntityOfPage":{"@id":"https:\/\/tuguia.combarranquilla.co\/Revista\/matriculas-abiertas-en-el-centro-de-formacion-combarranquilla-disena-tu-futuro\/"},"wordCount":252,"commentCount":0,"publisher":{"@id":"https:\/\/tuguia.combarranquilla.co\/Revista\/#organization"},"image":{"@id":"https:\/\/tuguia.combarranquilla.co\/Revista\/matriculas-abiertas-en-el-centro-de-formacion-combarranquilla-disena-tu-futuro\/#primaryimage"},"thumbnailUrl":"https:\/\/tuguia.combarranquilla.co\/Revista\/wp-content\/uploads\/2025\/12\/Revista-Combarranquilla-4-scaled.jpg","articleSection":["FORMACI\u00d3N"],"inLanguage":"es-CO","potentialAction":[{"@type":"CommentAction","name":"Comment","target":["https:\/\/tuguia.combarranquilla.co\/Revista\/matriculas-abiertas-en-el-centro-de-formacion-combarranquilla-disena-tu-futuro\/#respond"]}]},{"@type":"WebPage","@id":"https:\/\/tuguia.combarranquilla.co\/Revista\/matriculas-abiertas-en-el-centro-de-formacion-combarranquilla-disena-tu-futuro\/","url":"https:\/\/tuguia.combarranquilla.co\/Revista\/matriculas-abiertas-en-el-centro-de-formacion-combarranquilla-disena-tu-futuro\/","name":"Matr\u00edculas abiertas en el Centro de Formaci\u00f3n Combarranquilla: dise\u00f1a tu futuro con nosotros - Tu Gu\u00eda","isPartOf":{"@id":"https:\/\/tuguia.combarranquilla.co\/Revista\/#website"},"primaryImageOfPage":{"@id":"https:\/\/tuguia.combarranquilla.co\/Revista\/matriculas-abiertas-en-el-centro-de-formacion-combarranquilla-disena-tu-futuro\/#primaryimage"},"image":{"@id":"https:\/\/tuguia.combarranquilla.co\/Revista\/matriculas-abiertas-en-el-centro-de-formacion-combarranquilla-disena-tu-futuro\/#primaryimage"},"thumbnailUrl":"https:\/\/tuguia.combarranquilla.co\/Revista\/wp-content\/uploads\/2025\/12\/Revista-Combarranquilla-4-scaled.jpg","datePublished":"2025-12-18T19:11:06+00:00","dateModified":"2025-12-22T20:52:17+00:00","breadcrumb":{"@id":"https:\/\/tuguia.combarranquilla.co\/Revista\/matriculas-abiertas-en-el-centro-de-formacion-combarranquilla-disena-tu-futuro\/#breadcrumb"},"inLanguage":"es-CO","potentialAction":[{"@type":"ReadAction","target":["https:\/\/tuguia.combarranquilla.co\/Revista\/matriculas-abiertas-en-el-centro-de-formacion-combarranquilla-disena-tu-futuro\/"]}]},{"@type":"ImageObject","inLanguage":"es-CO","@id":"https:\/\/tuguia.combarranquilla.co\/Revista\/matriculas-abiertas-en-el-centro-de-formacion-combarranquilla-disena-tu-futuro\/#primaryimage","url":"https:\/\/tuguia.combarranquilla.co\/Revista\/wp-content\/uploads\/2025\/12\/Revista-Combarranquilla-4-scaled.jpg","contentUrl":"https:\/\/tuguia.combarranquilla.co\/Revista\/wp-content\/uploads\/2025\/12\/Revista-Combarranquilla-4-scaled.jpg","width":2560,"height":1280},{"@type":"BreadcrumbList","@id":"https:\/\/tuguia.combarranquilla.co\/Revista\/matriculas-abiertas-en-el-centro-de-formacion-combarranquilla-disena-tu-futuro\/#breadcrumb","itemListElement":[{"@type":"ListItem","position":1,"name":"Inicio","item":"https:\/\/tuguia.combarranquilla.co\/Revista\/"},{"@type":"ListItem","position":2,"name":"Matr\u00edculas abiertas en el Centro de Formaci\u00f3n Combarranquilla: dise\u00f1a tu futuro con nosotros"}]},{"@type":"WebSite","@id":"https:\/\/tuguia.combarranquilla.co\/Revista\/#website","url":"https:\/\/tuguia.combarranquilla.co\/Revista\/","name":"Tu Gu\u00eda","description":"La revista donde lo tienes todo.","publisher":{"@id":"https:\/\/tuguia.combarranquilla.co\/Revista\/#organization"},"alternateName":"Tu Gu\u00eda Combarranquilla","potentialAction":[{"@type":"SearchAction","target":{"@type":"EntryPoint","urlTemplate":"https:\/\/tuguia.combarranquilla.co\/Revista\/?s={search_term_string}"},"query-input":{"@type":"PropertyValueSpecification","valueRequired":true,"valueName":"search_term_string"}}],"inLanguage":"es-CO"},{"@type":"Organization","@id":"https:\/\/tuguia.combarranquilla.co\/Revista\/#organization","name":"Tu Gu\u00eda Combarranquilla","url":"https:\/\/tuguia.combarranquilla.co\/Revista\/","logo":{"@type":"ImageObject","inLanguage":"es-CO","@id":"https:\/\/tuguia.combarranquilla.co\/Revista\/#\/schema\/logo\/image\/","url":"https:\/\/tuguia.combarranquilla.co\/Revista\/wp-content\/uploads\/2022\/02\/logo-guia-combarranquilla.svg","contentUrl":"https:\/\/tuguia.combarranquilla.co\/Revista\/wp-content\/uploads\/2022\/02\/logo-guia-combarranquilla.svg","caption":"Tu Gu\u00eda Combarranquilla"},"image":{"@id":"https:\/\/tuguia.combarranquilla.co\/Revista\/#\/schema\/logo\/image\/"}},{"@type":"Person","@id":"https:\/\/tuguia.combarranquilla.co\/Revista\/#\/schema\/person\/c2c396a77170bd1d5f8ba73294eb0d10","name":"Comunicaciones Combarranquilla","image":{"@type":"ImageObject","inLanguage":"es-CO","@id":"https:\/\/tuguia.combarranquilla.co\/Revista\/wp-content\/uploads\/2025\/05\/ABC-Al-Rojo-Logo-96x96.jpg","url":"https:\/\/tuguia.combarranquilla.co\/Revista\/wp-content\/uploads\/2025\/05\/ABC-Al-Rojo-Logo-96x96.jpg","contentUrl":"https:\/\/tuguia.combarranquilla.co\/Revista\/wp-content\/uploads\/2025\/05\/ABC-Al-Rojo-Logo-96x96.jpg","caption":"Comunicaciones Combarranquilla"},"sameAs":["https:\/\/www.combarranquilla.co"],"url":"https:\/\/tuguia.combarranquilla.co\/Revista\/author\/comunicaciones\/"}]}},"_links":{"self":[{"href":"https:\/\/tuguia.combarranquilla.co\/Revista\/wp-json\/wp\/v2\/posts\/8331","targetHints":{"allow":["GET"]}}],"collection":[{"href":"https:\/\/tuguia.combarranquilla.co\/Revista\/wp-json\/wp\/v2\/posts"}],"about":[{"href":"https:\/\/tuguia.combarranquilla.co\/Revista\/wp-json\/wp\/v2\/types\/post"}],"author":[{"embeddable":true,"href":"https:\/\/tuguia.combarranquilla.co\/Revista\/wp-json\/wp\/v2\/users\/2"}],"replies":[{"embeddable":true,"href":"https:\/\/tuguia.combarranquilla.co\/Revista\/wp-json\/wp\/v2\/comments?post=8331"}],"version-history":[{"count":11,"href":"https:\/\/tuguia.combarranquilla.co\/Revista\/wp-json\/wp\/v2\/posts\/8331\/revisions"}],"predecessor-version":[{"id":8346,"href":"https:\/\/tuguia.combarranquilla.co\/Revista\/wp-json\/wp\/v2\/posts\/8331\/revisions\/8346"}],"wp:featuredmedia":[{"embeddable":true,"href":"https:\/\/tuguia.combarranquilla.co\/Revista\/wp-json\/wp\/v2\/media\/8381"}],"wp:attachment":[{"href":"https:\/\/tuguia.combarranquilla.co\/Revista\/wp-json\/wp\/v2\/media?parent=8331"}],"wp:term":[{"taxonomy":"category","embeddable":true,"href":"https:\/\/tuguia.combarranquilla.co\/Revista\/wp-json\/wp\/v2\/categories?post=8331"},{"taxonomy":"post_tag","embeddable":true,"href":"https:\/\/tuguia.combarranquilla.co\/Revista\/wp-json\/wp\/v2\/tags?post=8331"}],"curies":[{"name":"wp","href":"https:\/\/api.w.org\/{rel}","templated":true}]}}