{"id":8352,"date":"2025-12-22T10:28:47","date_gmt":"2025-12-22T15:28:47","guid":{"rendered":"https:\/\/tuguia.combarranquilla.co\/Revista\/?p=8352"},"modified":"2025-12-30T08:41:36","modified_gmt":"2025-12-30T13:41:36","slug":"programate-con-nuestros-horarios-de-fin-de-ano","status":"publish","type":"post","link":"https:\/\/tuguia.combarranquilla.co\/Revista\/programate-con-nuestros-horarios-de-fin-de-ano\/","title":{"rendered":"\u00a1Adi\u00f3s, 2025! Progr\u00e1mate con nuestros horarios de Fin de A\u00f1o"},"content":{"rendered":"\n<p class=\"has-medium-font-size\">En Combarranquilla, describimos este 2025 como un a\u00f1o lleno de retos y bellos recuerdos para atesorar. Ver crecer a las familias fue nuestro motor y transformar sus vidas, nuestra meta. Cumplimos muchos sue\u00f1os, pero queda un largo camino por recorrer.<\/p>\n\n\n\n<p class=\"has-medium-font-size\">Para que termines de disfrutar este a\u00f1o con nosotros, te compartimos nuestros horarios de Fin de A\u00f1o. \u00a1Ag\u00e9ndate desde ya!<\/p>\n\n\n\n<h2 class=\"wp-block-heading\" style=\"font-size:24px\">30 de diciembre<\/h2>\n\n\n\n<ul class=\"wp-block-list\">\n<li class=\"has-medium-font-size\"><strong>Gimnasios y spa: <\/strong>Abiertos hasta las 10:00 a.m.<\/li>\n\n\n\n<li class=\"has-medium-font-size\"><strong>Eventos (Country, Calle 30 y Boston):<\/strong> Seg\u00fan programaci\u00f3n.<\/li>\n\n\n\n<li class=\"has-medium-font-size\"><strong>Piscinas: <\/strong>Cerradas<\/li>\n\n\n\n<li class=\"has-medium-font-size\"><strong>Cafeter\u00edas: <\/strong>Abiertas hasta la 1:00 p.m.<\/li>\n\n\n\n<li class=\"has-medium-font-size\"><strong>Restaurante Mirador:<\/strong> Abierto de 12:00 m. a 3:00 p.m.<\/li>\n\n\n\n<li class=\"has-medium-font-size\"><strong>Bar Mirador: <\/strong>Cerrado.<\/li>\n\n\n\n<li class=\"has-medium-font-size\"><strong>Solinilla:<\/strong> Abierto en su horario regular.<\/li>\n\n\n\n<li class=\"has-medium-font-size\"><strong>Bibliotecas (Unidad Boston y Unidad Calle 30): <\/strong>Abiertas hasta las 10:00 a.m.<\/li>\n\n\n\n<li class=\"has-medium-font-size\"><strong>Planetario e Imagenia: <\/strong>Cerrados.<\/li>\n\n\n\n<li class=\"has-medium-font-size\"><strong>Atenci\u00f3n al p\u00fablico en las Unidades de Servicio: <\/strong>De 8:00 a.m. a 10:00 a.m.<\/li>\n\n\n\n<li class=\"has-medium-font-size\"><strong>Agencia de Empleo: <\/strong>Abierta a las 10:00 a.m.<\/li>\n<\/ul>\n\n\n\n<p><\/p>\n\n\n<div class=\"wp-block-image\">\n<figure class=\"aligncenter size-full is-resized\"><img decoding=\"async\" width=\"2560\" height=\"1707\" data-src=\"https:\/\/tuguia.combarranquilla.co\/Revista\/wp-content\/uploads\/2025\/12\/DSC_0521-scaled.jpg\" alt=\"\" class=\"wp-image-8357 lazyload\" style=\"--smush-placeholder-width: 2560px; --smush-placeholder-aspect-ratio: 2560\/1707;width:730px\" data-srcset=\"https:\/\/tuguia.combarranquilla.co\/Revista\/wp-content\/uploads\/2025\/12\/DSC_0521-scaled.jpg 2560w, https:\/\/tuguia.combarranquilla.co\/Revista\/wp-content\/uploads\/2025\/12\/DSC_0521-300x200.jpg 300w, https:\/\/tuguia.combarranquilla.co\/Revista\/wp-content\/uploads\/2025\/12\/DSC_0521-1024x683.jpg 1024w, https:\/\/tuguia.combarranquilla.co\/Revista\/wp-content\/uploads\/2025\/12\/DSC_0521-768x512.jpg 768w, https:\/\/tuguia.combarranquilla.co\/Revista\/wp-content\/uploads\/2025\/12\/DSC_0521-1536x1024.jpg 1536w, https:\/\/tuguia.combarranquilla.co\/Revista\/wp-content\/uploads\/2025\/12\/DSC_0521-2048x1365.jpg 2048w\" data-sizes=\"(max-width: 2560px) 100vw, 2560px\" src=\"data:image\/svg+xml;base64,PHN2ZyB3aWR0aD0iMSIgaGVpZ2h0PSIxIiB4bWxucz0iaHR0cDovL3d3dy53My5vcmcvMjAwMC9zdmciPjwvc3ZnPg==\" \/><\/figure><\/div>\n\n\n<h2 class=\"wp-block-heading\" style=\"font-size:24px\">31 de diciembre<\/h2>\n\n\n\n<ul class=\"wp-block-list\">\n<li class=\"has-medium-font-size\"><strong>Unidad Country:<\/strong> Cerrada.<\/li>\n\n\n\n<li class=\"has-medium-font-size\"><strong>Unidad Boston:<\/strong> Cerrada.<\/li>\n\n\n\n<li class=\"has-medium-font-size\"><strong>Unidad Calle 30:<\/strong> Cerrada.<\/li>\n\n\n\n<li class=\"has-medium-font-size\"><strong>Solinilla:<\/strong> Abierto en su horario regular.<\/li>\n\n\n\n<li class=\"has-medium-font-size\"><strong>Agencia de Empleo: <\/strong>Cerrada.<\/li>\n<\/ul>\n\n\n\n<p><\/p>\n\n\n<div class=\"wp-block-image\">\n<figure class=\"aligncenter size-full is-resized\"><img decoding=\"async\" width=\"2560\" height=\"1707\" data-src=\"https:\/\/tuguia.combarranquilla.co\/Revista\/wp-content\/uploads\/2025\/12\/DSC_0687-scaled.jpg\" alt=\"\" class=\"wp-image-8356 lazyload\" style=\"--smush-placeholder-width: 2560px; --smush-placeholder-aspect-ratio: 2560\/1707;width:730px\" data-srcset=\"https:\/\/tuguia.combarranquilla.co\/Revista\/wp-content\/uploads\/2025\/12\/DSC_0687-scaled.jpg 2560w, https:\/\/tuguia.combarranquilla.co\/Revista\/wp-content\/uploads\/2025\/12\/DSC_0687-300x200.jpg 300w, https:\/\/tuguia.combarranquilla.co\/Revista\/wp-content\/uploads\/2025\/12\/DSC_0687-1024x683.jpg 1024w, https:\/\/tuguia.combarranquilla.co\/Revista\/wp-content\/uploads\/2025\/12\/DSC_0687-768x512.jpg 768w, https:\/\/tuguia.combarranquilla.co\/Revista\/wp-content\/uploads\/2025\/12\/DSC_0687-1536x1024.jpg 1536w, https:\/\/tuguia.combarranquilla.co\/Revista\/wp-content\/uploads\/2025\/12\/DSC_0687-2048x1365.jpg 2048w\" data-sizes=\"(max-width: 2560px) 100vw, 2560px\" src=\"data:image\/svg+xml;base64,PHN2ZyB3aWR0aD0iMSIgaGVpZ2h0PSIxIiB4bWxucz0iaHR0cDovL3d3dy53My5vcmcvMjAwMC9zdmciPjwvc3ZnPg==\" \/><\/figure><\/div>\n\n\n<h2 class=\"wp-block-heading\" style=\"font-size:24px\">1 de enero<\/h2>\n\n\n\n<ul class=\"wp-block-list\">\n<li class=\"has-medium-font-size\"><strong>Gimnasio y spa:<\/strong> Cerrados.<\/li>\n\n\n\n<li class=\"has-medium-font-size\"><strong>Eventos (Country, Calle 30 y Boston):<\/strong> Seg\u00fan programaci\u00f3n.<\/li>\n\n\n\n<li class=\"has-medium-font-size\"><strong>Piscinas y cafeter\u00edas: <\/strong>Abiertas en su horario regular.<\/li>\n\n\n\n<li class=\"has-medium-font-size\"><strong>Restaurante Mirador: <\/strong>Cerrado.<\/li>\n\n\n\n<li class=\"has-medium-font-size\"><strong>Bar Mirador: <\/strong>Cerrado.<\/li>\n\n\n\n<li class=\"has-medium-font-size\"><strong>Solinilla:<\/strong> Abierto en su horario regular.<\/li>\n\n\n\n<li class=\"has-medium-font-size\"><strong>Bibliotecas (Unidad Boston y Unidad Calle 30):<\/strong> Cerradas.<\/li>\n\n\n\n<li class=\"has-medium-font-size\"><strong>Planetario e Imagenia:<\/strong> Cerrados.<\/li>\n\n\n\n<li class=\"has-medium-font-size\"><strong>Atenci\u00f3n al p\u00fablico en Unidades de Servicio:<\/strong> Cerrada.<\/li>\n\n\n\n<li class=\"has-medium-font-size\"><strong>Agencia de Empleo: <\/strong>Cerrada.<\/li>\n<\/ul>\n\n\n\n<p><\/p>\n\n\n<div class=\"wp-block-image\">\n<figure class=\"aligncenter size-large is-resized\"><img decoding=\"async\" width=\"1024\" height=\"683\" data-src=\"https:\/\/tuguia.combarranquilla.co\/Revista\/wp-content\/uploads\/2025\/12\/DSC9519-1024x683.jpg\" alt=\"\" class=\"wp-image-8388 lazyload\" style=\"--smush-placeholder-width: 1024px; --smush-placeholder-aspect-ratio: 1024\/683;width:730px\" data-srcset=\"https:\/\/tuguia.combarranquilla.co\/Revista\/wp-content\/uploads\/2025\/12\/DSC9519-1024x683.jpg 1024w, https:\/\/tuguia.combarranquilla.co\/Revista\/wp-content\/uploads\/2025\/12\/DSC9519-300x200.jpg 300w, https:\/\/tuguia.combarranquilla.co\/Revista\/wp-content\/uploads\/2025\/12\/DSC9519-768x512.jpg 768w, https:\/\/tuguia.combarranquilla.co\/Revista\/wp-content\/uploads\/2025\/12\/DSC9519-1536x1024.jpg 1536w, https:\/\/tuguia.combarranquilla.co\/Revista\/wp-content\/uploads\/2025\/12\/DSC9519-2048x1365.jpg 2048w\" data-sizes=\"(max-width: 1024px) 100vw, 1024px\" src=\"data:image\/svg+xml;base64,PHN2ZyB3aWR0aD0iMSIgaGVpZ2h0PSIxIiB4bWxucz0iaHR0cDovL3d3dy53My5vcmcvMjAwMC9zdmciPjwvc3ZnPg==\" \/><\/figure><\/div>\n\n\n<h2 class=\"wp-block-heading\" style=\"font-size:24px\">2 de enero<\/h2>\n\n\n\n<ul class=\"wp-block-list\">\n<li class=\"has-medium-font-size\"><strong>Gimnasio y spa:<\/strong> Cerrados.<\/li>\n\n\n\n<li class=\"has-medium-font-size\"><strong>Eventos (Country, Calle 30 y Boston):<\/strong> Seg\u00fan programaci\u00f3n.<\/li>\n\n\n\n<li class=\"has-medium-font-size\"><strong>Piscinas: <\/strong>Abiertas en su horario regular.<\/li>\n\n\n\n<li class=\"has-medium-font-size\"><strong>Cafeter\u00edas:<\/strong> Abiertas hasta la 1:00 p.m.<\/li>\n\n\n\n<li class=\"has-medium-font-size\"><strong>Caf\u00e9 Gourmet:<\/strong> Abierto en su horario regular.<\/li>\n\n\n\n<li class=\"has-medium-font-size\"><strong>Restaurante Mirador: <\/strong>Atenci\u00f3n hasta la 1:00 p.m.<\/li>\n\n\n\n<li class=\"has-medium-font-size\"><strong>Bar Mirador: <\/strong>Cerrado.<\/li>\n\n\n\n<li class=\"has-medium-font-size\"><strong>Solinilla:<\/strong> Abierto en su horario regular.<\/li>\n\n\n\n<li class=\"has-medium-font-size\"><strong>Bibliotecas (Unidad Boston y Unidad Calle 30):<\/strong> Cerradas.<\/li>\n\n\n\n<li class=\"has-medium-font-size\"><strong>Planetario e Imagenia:<\/strong> Cerrados.<\/li>\n\n\n\n<li class=\"has-medium-font-size\"><strong>Atenci\u00f3n al p\u00fablico en Unidades de Servicio:<\/strong> Cerrada.<\/li>\n\n\n\n<li class=\"has-medium-font-size\"><strong>Agencia de Empleo: <\/strong>Cerrada.<\/li>\n<\/ul>\n\n\n\n<p><\/p>\n\n\n\n<p class=\"has-medium-font-size\">Cerramos el a\u00f1o con aprendizajes del hoy para un mejor ma\u00f1ana. Y esperamos que sigas siendo parte de nuestro futuro.<\/p>\n\n\n\n<p class=\"has-medium-font-size\"><strong><em>\u00a1Feliz Navidad y pr\u00f3spero A\u00f1o Nuevo!<\/em><\/strong><\/p>\n","protected":false},"excerpt":{"rendered":"<p>En Combarranquilla, describimos este 2025 como un a\u00f1o lleno de retos y bellos recuerdos para atesorar. Ver crecer a las familias fue nuestro motor y transformar sus vidas, nuestra meta. Cumplimos muchos sue\u00f1os, pero queda un largo camino por recorrer. Para que termines de disfrutar este a\u00f1o con nosotros, te compartimos nuestros horarios de Fin [&hellip;]<\/p>\n","protected":false},"author":2,"featured_media":8384,"comment_status":"open","ping_status":"open","sticky":false,"template":"","format":"standard","meta":{"inline_featured_image":false,"footnotes":""},"categories":[1],"tags":[],"class_list":["post-8352","post","type-post","status-publish","format-standard","has-post-thumbnail","hentry","category-entretenimiento"],"yoast_head":"<!-- This site is optimized with the Yoast SEO plugin v27.4 - https:\/\/yoast.com\/product\/yoast-seo-wordpress\/ -->\n<title>\u00a1Adi\u00f3s, 2025! Progr\u00e1mate con nuestros horarios de Fin de A\u00f1o - Tu Gu\u00eda<\/title>\n<meta name=\"robots\" content=\"index, follow, max-snippet:-1, max-image-preview:large, max-video-preview:-1\" \/>\n<link rel=\"canonical\" href=\"https:\/\/tuguia.combarranquilla.co\/Revista\/programate-con-nuestros-horarios-de-fin-de-ano\/\" \/>\n<meta property=\"og:locale\" content=\"es_ES\" \/>\n<meta property=\"og:type\" content=\"article\" \/>\n<meta property=\"og:title\" content=\"\u00a1Adi\u00f3s, 2025! Progr\u00e1mate con nuestros horarios de Fin de A\u00f1o - Tu Gu\u00eda\" \/>\n<meta property=\"og:description\" content=\"En Combarranquilla, describimos este 2025 como un a\u00f1o lleno de retos y bellos recuerdos para atesorar. Ver crecer a las familias fue nuestro motor y transformar sus vidas, nuestra meta. Cumplimos muchos sue\u00f1os, pero queda un largo camino por recorrer. Para que termines de disfrutar este a\u00f1o con nosotros, te compartimos nuestros horarios de Fin [&hellip;]\" \/>\n<meta property=\"og:url\" content=\"https:\/\/tuguia.combarranquilla.co\/Revista\/programate-con-nuestros-horarios-de-fin-de-ano\/\" \/>\n<meta property=\"og:site_name\" content=\"Tu Gu\u00eda\" \/>\n<meta property=\"article:published_time\" content=\"2025-12-22T15:28:47+00:00\" \/>\n<meta property=\"article:modified_time\" content=\"2025-12-30T13:41:36+00:00\" \/>\n<meta property=\"og:image\" content=\"https:\/\/tuguia.combarranquilla.co\/Revista\/wp-content\/uploads\/2025\/12\/Revista-Combarranquilla-5-scaled.jpg\" \/>\n\t<meta property=\"og:image:width\" content=\"2560\" \/>\n\t<meta property=\"og:image:height\" content=\"1280\" \/>\n\t<meta property=\"og:image:type\" content=\"image\/jpeg\" \/>\n<meta name=\"author\" content=\"Comunicaciones Combarranquilla\" \/>\n<meta name=\"twitter:card\" content=\"summary_large_image\" \/>\n<meta name=\"twitter:label1\" content=\"Escrito por\" \/>\n\t<meta name=\"twitter:data1\" content=\"Comunicaciones Combarranquilla\" \/>\n\t<meta name=\"twitter:label2\" content=\"Tiempo de lectura\" \/>\n\t<meta name=\"twitter:data2\" content=\"3 minutos\" \/>\n<script type=\"application\/ld+json\" class=\"yoast-schema-graph\">{\"@context\":\"https:\\\/\\\/schema.org\",\"@graph\":[{\"@type\":\"Article\",\"@id\":\"https:\\\/\\\/tuguia.combarranquilla.co\\\/Revista\\\/programate-con-nuestros-horarios-de-fin-de-ano\\\/#article\",\"isPartOf\":{\"@id\":\"https:\\\/\\\/tuguia.combarranquilla.co\\\/Revista\\\/programate-con-nuestros-horarios-de-fin-de-ano\\\/\"},\"author\":{\"name\":\"Comunicaciones Combarranquilla\",\"@id\":\"https:\\\/\\\/tuguia.combarranquilla.co\\\/Revista\\\/#\\\/schema\\\/person\\\/c2c396a77170bd1d5f8ba73294eb0d10\"},\"headline\":\"\u00a1Adi\u00f3s, 2025! Progr\u00e1mate con nuestros horarios de Fin de A\u00f1o\",\"datePublished\":\"2025-12-22T15:28:47+00:00\",\"dateModified\":\"2025-12-30T13:41:36+00:00\",\"mainEntityOfPage\":{\"@id\":\"https:\\\/\\\/tuguia.combarranquilla.co\\\/Revista\\\/programate-con-nuestros-horarios-de-fin-de-ano\\\/\"},\"wordCount\":349,\"commentCount\":0,\"publisher\":{\"@id\":\"https:\\\/\\\/tuguia.combarranquilla.co\\\/Revista\\\/#organization\"},\"image\":{\"@id\":\"https:\\\/\\\/tuguia.combarranquilla.co\\\/Revista\\\/programate-con-nuestros-horarios-de-fin-de-ano\\\/#primaryimage\"},\"thumbnailUrl\":\"https:\\\/\\\/tuguia.combarranquilla.co\\\/Revista\\\/wp-content\\\/uploads\\\/2025\\\/12\\\/Revista-Combarranquilla-5-scaled.jpg\",\"articleSection\":[\"ENTRETENIMIENTO\"],\"inLanguage\":\"es-CO\",\"potentialAction\":[{\"@type\":\"CommentAction\",\"name\":\"Comment\",\"target\":[\"https:\\\/\\\/tuguia.combarranquilla.co\\\/Revista\\\/programate-con-nuestros-horarios-de-fin-de-ano\\\/#respond\"]}]},{\"@type\":\"WebPage\",\"@id\":\"https:\\\/\\\/tuguia.combarranquilla.co\\\/Revista\\\/programate-con-nuestros-horarios-de-fin-de-ano\\\/\",\"url\":\"https:\\\/\\\/tuguia.combarranquilla.co\\\/Revista\\\/programate-con-nuestros-horarios-de-fin-de-ano\\\/\",\"name\":\"\u00a1Adi\u00f3s, 2025! Progr\u00e1mate con nuestros horarios de Fin de A\u00f1o - Tu Gu\u00eda\",\"isPartOf\":{\"@id\":\"https:\\\/\\\/tuguia.combarranquilla.co\\\/Revista\\\/#website\"},\"primaryImageOfPage\":{\"@id\":\"https:\\\/\\\/tuguia.combarranquilla.co\\\/Revista\\\/programate-con-nuestros-horarios-de-fin-de-ano\\\/#primaryimage\"},\"image\":{\"@id\":\"https:\\\/\\\/tuguia.combarranquilla.co\\\/Revista\\\/programate-con-nuestros-horarios-de-fin-de-ano\\\/#primaryimage\"},\"thumbnailUrl\":\"https:\\\/\\\/tuguia.combarranquilla.co\\\/Revista\\\/wp-content\\\/uploads\\\/2025\\\/12\\\/Revista-Combarranquilla-5-scaled.jpg\",\"datePublished\":\"2025-12-22T15:28:47+00:00\",\"dateModified\":\"2025-12-30T13:41:36+00:00\",\"breadcrumb\":{\"@id\":\"https:\\\/\\\/tuguia.combarranquilla.co\\\/Revista\\\/programate-con-nuestros-horarios-de-fin-de-ano\\\/#breadcrumb\"},\"inLanguage\":\"es-CO\",\"potentialAction\":[{\"@type\":\"ReadAction\",\"target\":[\"https:\\\/\\\/tuguia.combarranquilla.co\\\/Revista\\\/programate-con-nuestros-horarios-de-fin-de-ano\\\/\"]}]},{\"@type\":\"ImageObject\",\"inLanguage\":\"es-CO\",\"@id\":\"https:\\\/\\\/tuguia.combarranquilla.co\\\/Revista\\\/programate-con-nuestros-horarios-de-fin-de-ano\\\/#primaryimage\",\"url\":\"https:\\\/\\\/tuguia.combarranquilla.co\\\/Revista\\\/wp-content\\\/uploads\\\/2025\\\/12\\\/Revista-Combarranquilla-5-scaled.jpg\",\"contentUrl\":\"https:\\\/\\\/tuguia.combarranquilla.co\\\/Revista\\\/wp-content\\\/uploads\\\/2025\\\/12\\\/Revista-Combarranquilla-5-scaled.jpg\",\"width\":2560,\"height\":1280},{\"@type\":\"BreadcrumbList\",\"@id\":\"https:\\\/\\\/tuguia.combarranquilla.co\\\/Revista\\\/programate-con-nuestros-horarios-de-fin-de-ano\\\/#breadcrumb\",\"itemListElement\":[{\"@type\":\"ListItem\",\"position\":1,\"name\":\"Inicio\",\"item\":\"https:\\\/\\\/tuguia.combarranquilla.co\\\/Revista\\\/\"},{\"@type\":\"ListItem\",\"position\":2,\"name\":\"\u00a1Adi\u00f3s, 2025! Progr\u00e1mate con nuestros horarios de Fin de A\u00f1o\"}]},{\"@type\":\"WebSite\",\"@id\":\"https:\\\/\\\/tuguia.combarranquilla.co\\\/Revista\\\/#website\",\"url\":\"https:\\\/\\\/tuguia.combarranquilla.co\\\/Revista\\\/\",\"name\":\"Tu Gu\u00eda\",\"description\":\"La revista donde lo tienes todo.\",\"publisher\":{\"@id\":\"https:\\\/\\\/tuguia.combarranquilla.co\\\/Revista\\\/#organization\"},\"alternateName\":\"Tu Gu\u00eda Combarranquilla\",\"potentialAction\":[{\"@type\":\"SearchAction\",\"target\":{\"@type\":\"EntryPoint\",\"urlTemplate\":\"https:\\\/\\\/tuguia.combarranquilla.co\\\/Revista\\\/?s={search_term_string}\"},\"query-input\":{\"@type\":\"PropertyValueSpecification\",\"valueRequired\":true,\"valueName\":\"search_term_string\"}}],\"inLanguage\":\"es-CO\"},{\"@type\":\"Organization\",\"@id\":\"https:\\\/\\\/tuguia.combarranquilla.co\\\/Revista\\\/#organization\",\"name\":\"Tu Gu\u00eda Combarranquilla\",\"url\":\"https:\\\/\\\/tuguia.combarranquilla.co\\\/Revista\\\/\",\"logo\":{\"@type\":\"ImageObject\",\"inLanguage\":\"es-CO\",\"@id\":\"https:\\\/\\\/tuguia.combarranquilla.co\\\/Revista\\\/#\\\/schema\\\/logo\\\/image\\\/\",\"url\":\"https:\\\/\\\/tuguia.combarranquilla.co\\\/Revista\\\/wp-content\\\/uploads\\\/2022\\\/02\\\/logo-guia-combarranquilla.svg\",\"contentUrl\":\"https:\\\/\\\/tuguia.combarranquilla.co\\\/Revista\\\/wp-content\\\/uploads\\\/2022\\\/02\\\/logo-guia-combarranquilla.svg\",\"caption\":\"Tu Gu\u00eda Combarranquilla\"},\"image\":{\"@id\":\"https:\\\/\\\/tuguia.combarranquilla.co\\\/Revista\\\/#\\\/schema\\\/logo\\\/image\\\/\"}},{\"@type\":\"Person\",\"@id\":\"https:\\\/\\\/tuguia.combarranquilla.co\\\/Revista\\\/#\\\/schema\\\/person\\\/c2c396a77170bd1d5f8ba73294eb0d10\",\"name\":\"Comunicaciones Combarranquilla\",\"image\":{\"@type\":\"ImageObject\",\"inLanguage\":\"es-CO\",\"@id\":\"https:\\\/\\\/tuguia.combarranquilla.co\\\/Revista\\\/wp-content\\\/uploads\\\/2025\\\/05\\\/ABC-Al-Rojo-Logo-96x96.jpg\",\"url\":\"https:\\\/\\\/tuguia.combarranquilla.co\\\/Revista\\\/wp-content\\\/uploads\\\/2025\\\/05\\\/ABC-Al-Rojo-Logo-96x96.jpg\",\"contentUrl\":\"https:\\\/\\\/tuguia.combarranquilla.co\\\/Revista\\\/wp-content\\\/uploads\\\/2025\\\/05\\\/ABC-Al-Rojo-Logo-96x96.jpg\",\"caption\":\"Comunicaciones Combarranquilla\"},\"sameAs\":[\"https:\\\/\\\/www.combarranquilla.co\"],\"url\":\"https:\\\/\\\/tuguia.combarranquilla.co\\\/Revista\\\/author\\\/comunicaciones\\\/\"}]}<\/script>\n<!-- \/ Yoast SEO plugin. -->","yoast_head_json":{"title":"\u00a1Adi\u00f3s, 2025! Progr\u00e1mate con nuestros horarios de Fin de A\u00f1o - Tu Gu\u00eda","robots":{"index":"index","follow":"follow","max-snippet":"max-snippet:-1","max-image-preview":"max-image-preview:large","max-video-preview":"max-video-preview:-1"},"canonical":"https:\/\/tuguia.combarranquilla.co\/Revista\/programate-con-nuestros-horarios-de-fin-de-ano\/","og_locale":"es_ES","og_type":"article","og_title":"\u00a1Adi\u00f3s, 2025! Progr\u00e1mate con nuestros horarios de Fin de A\u00f1o - Tu Gu\u00eda","og_description":"En Combarranquilla, describimos este 2025 como un a\u00f1o lleno de retos y bellos recuerdos para atesorar. Ver crecer a las familias fue nuestro motor y transformar sus vidas, nuestra meta. Cumplimos muchos sue\u00f1os, pero queda un largo camino por recorrer. Para que termines de disfrutar este a\u00f1o con nosotros, te compartimos nuestros horarios de Fin [&hellip;]","og_url":"https:\/\/tuguia.combarranquilla.co\/Revista\/programate-con-nuestros-horarios-de-fin-de-ano\/","og_site_name":"Tu Gu\u00eda","article_published_time":"2025-12-22T15:28:47+00:00","article_modified_time":"2025-12-30T13:41:36+00:00","og_image":[{"width":2560,"height":1280,"url":"https:\/\/tuguia.combarranquilla.co\/Revista\/wp-content\/uploads\/2025\/12\/Revista-Combarranquilla-5-scaled.jpg","type":"image\/jpeg"}],"author":"Comunicaciones Combarranquilla","twitter_card":"summary_large_image","twitter_misc":{"Escrito por":"Comunicaciones Combarranquilla","Tiempo de lectura":"3 minutos"},"schema":{"@context":"https:\/\/schema.org","@graph":[{"@type":"Article","@id":"https:\/\/tuguia.combarranquilla.co\/Revista\/programate-con-nuestros-horarios-de-fin-de-ano\/#article","isPartOf":{"@id":"https:\/\/tuguia.combarranquilla.co\/Revista\/programate-con-nuestros-horarios-de-fin-de-ano\/"},"author":{"name":"Comunicaciones Combarranquilla","@id":"https:\/\/tuguia.combarranquilla.co\/Revista\/#\/schema\/person\/c2c396a77170bd1d5f8ba73294eb0d10"},"headline":"\u00a1Adi\u00f3s, 2025! Progr\u00e1mate con nuestros horarios de Fin de A\u00f1o","datePublished":"2025-12-22T15:28:47+00:00","dateModified":"2025-12-30T13:41:36+00:00","mainEntityOfPage":{"@id":"https:\/\/tuguia.combarranquilla.co\/Revista\/programate-con-nuestros-horarios-de-fin-de-ano\/"},"wordCount":349,"commentCount":0,"publisher":{"@id":"https:\/\/tuguia.combarranquilla.co\/Revista\/#organization"},"image":{"@id":"https:\/\/tuguia.combarranquilla.co\/Revista\/programate-con-nuestros-horarios-de-fin-de-ano\/#primaryimage"},"thumbnailUrl":"https:\/\/tuguia.combarranquilla.co\/Revista\/wp-content\/uploads\/2025\/12\/Revista-Combarranquilla-5-scaled.jpg","articleSection":["ENTRETENIMIENTO"],"inLanguage":"es-CO","potentialAction":[{"@type":"CommentAction","name":"Comment","target":["https:\/\/tuguia.combarranquilla.co\/Revista\/programate-con-nuestros-horarios-de-fin-de-ano\/#respond"]}]},{"@type":"WebPage","@id":"https:\/\/tuguia.combarranquilla.co\/Revista\/programate-con-nuestros-horarios-de-fin-de-ano\/","url":"https:\/\/tuguia.combarranquilla.co\/Revista\/programate-con-nuestros-horarios-de-fin-de-ano\/","name":"\u00a1Adi\u00f3s, 2025! Progr\u00e1mate con nuestros horarios de Fin de A\u00f1o - Tu Gu\u00eda","isPartOf":{"@id":"https:\/\/tuguia.combarranquilla.co\/Revista\/#website"},"primaryImageOfPage":{"@id":"https:\/\/tuguia.combarranquilla.co\/Revista\/programate-con-nuestros-horarios-de-fin-de-ano\/#primaryimage"},"image":{"@id":"https:\/\/tuguia.combarranquilla.co\/Revista\/programate-con-nuestros-horarios-de-fin-de-ano\/#primaryimage"},"thumbnailUrl":"https:\/\/tuguia.combarranquilla.co\/Revista\/wp-content\/uploads\/2025\/12\/Revista-Combarranquilla-5-scaled.jpg","datePublished":"2025-12-22T15:28:47+00:00","dateModified":"2025-12-30T13:41:36+00:00","breadcrumb":{"@id":"https:\/\/tuguia.combarranquilla.co\/Revista\/programate-con-nuestros-horarios-de-fin-de-ano\/#breadcrumb"},"inLanguage":"es-CO","potentialAction":[{"@type":"ReadAction","target":["https:\/\/tuguia.combarranquilla.co\/Revista\/programate-con-nuestros-horarios-de-fin-de-ano\/"]}]},{"@type":"ImageObject","inLanguage":"es-CO","@id":"https:\/\/tuguia.combarranquilla.co\/Revista\/programate-con-nuestros-horarios-de-fin-de-ano\/#primaryimage","url":"https:\/\/tuguia.combarranquilla.co\/Revista\/wp-content\/uploads\/2025\/12\/Revista-Combarranquilla-5-scaled.jpg","contentUrl":"https:\/\/tuguia.combarranquilla.co\/Revista\/wp-content\/uploads\/2025\/12\/Revista-Combarranquilla-5-scaled.jpg","width":2560,"height":1280},{"@type":"BreadcrumbList","@id":"https:\/\/tuguia.combarranquilla.co\/Revista\/programate-con-nuestros-horarios-de-fin-de-ano\/#breadcrumb","itemListElement":[{"@type":"ListItem","position":1,"name":"Inicio","item":"https:\/\/tuguia.combarranquilla.co\/Revista\/"},{"@type":"ListItem","position":2,"name":"\u00a1Adi\u00f3s, 2025! Progr\u00e1mate con nuestros horarios de Fin de A\u00f1o"}]},{"@type":"WebSite","@id":"https:\/\/tuguia.combarranquilla.co\/Revista\/#website","url":"https:\/\/tuguia.combarranquilla.co\/Revista\/","name":"Tu Gu\u00eda","description":"La revista donde lo tienes todo.","publisher":{"@id":"https:\/\/tuguia.combarranquilla.co\/Revista\/#organization"},"alternateName":"Tu Gu\u00eda Combarranquilla","potentialAction":[{"@type":"SearchAction","target":{"@type":"EntryPoint","urlTemplate":"https:\/\/tuguia.combarranquilla.co\/Revista\/?s={search_term_string}"},"query-input":{"@type":"PropertyValueSpecification","valueRequired":true,"valueName":"search_term_string"}}],"inLanguage":"es-CO"},{"@type":"Organization","@id":"https:\/\/tuguia.combarranquilla.co\/Revista\/#organization","name":"Tu Gu\u00eda Combarranquilla","url":"https:\/\/tuguia.combarranquilla.co\/Revista\/","logo":{"@type":"ImageObject","inLanguage":"es-CO","@id":"https:\/\/tuguia.combarranquilla.co\/Revista\/#\/schema\/logo\/image\/","url":"https:\/\/tuguia.combarranquilla.co\/Revista\/wp-content\/uploads\/2022\/02\/logo-guia-combarranquilla.svg","contentUrl":"https:\/\/tuguia.combarranquilla.co\/Revista\/wp-content\/uploads\/2022\/02\/logo-guia-combarranquilla.svg","caption":"Tu Gu\u00eda Combarranquilla"},"image":{"@id":"https:\/\/tuguia.combarranquilla.co\/Revista\/#\/schema\/logo\/image\/"}},{"@type":"Person","@id":"https:\/\/tuguia.combarranquilla.co\/Revista\/#\/schema\/person\/c2c396a77170bd1d5f8ba73294eb0d10","name":"Comunicaciones Combarranquilla","image":{"@type":"ImageObject","inLanguage":"es-CO","@id":"https:\/\/tuguia.combarranquilla.co\/Revista\/wp-content\/uploads\/2025\/05\/ABC-Al-Rojo-Logo-96x96.jpg","url":"https:\/\/tuguia.combarranquilla.co\/Revista\/wp-content\/uploads\/2025\/05\/ABC-Al-Rojo-Logo-96x96.jpg","contentUrl":"https:\/\/tuguia.combarranquilla.co\/Revista\/wp-content\/uploads\/2025\/05\/ABC-Al-Rojo-Logo-96x96.jpg","caption":"Comunicaciones Combarranquilla"},"sameAs":["https:\/\/www.combarranquilla.co"],"url":"https:\/\/tuguia.combarranquilla.co\/Revista\/author\/comunicaciones\/"}]}},"_links":{"self":[{"href":"https:\/\/tuguia.combarranquilla.co\/Revista\/wp-json\/wp\/v2\/posts\/8352","targetHints":{"allow":["GET"]}}],"collection":[{"href":"https:\/\/tuguia.combarranquilla.co\/Revista\/wp-json\/wp\/v2\/posts"}],"about":[{"href":"https:\/\/tuguia.combarranquilla.co\/Revista\/wp-json\/wp\/v2\/types\/post"}],"author":[{"embeddable":true,"href":"https:\/\/tuguia.combarranquilla.co\/Revista\/wp-json\/wp\/v2\/users\/2"}],"replies":[{"embeddable":true,"href":"https:\/\/tuguia.combarranquilla.co\/Revista\/wp-json\/wp\/v2\/comments?post=8352"}],"version-history":[{"count":13,"href":"https:\/\/tuguia.combarranquilla.co\/Revista\/wp-json\/wp\/v2\/posts\/8352\/revisions"}],"predecessor-version":[{"id":8413,"href":"https:\/\/tuguia.combarranquilla.co\/Revista\/wp-json\/wp\/v2\/posts\/8352\/revisions\/8413"}],"wp:featuredmedia":[{"embeddable":true,"href":"https:\/\/tuguia.combarranquilla.co\/Revista\/wp-json\/wp\/v2\/media\/8384"}],"wp:attachment":[{"href":"https:\/\/tuguia.combarranquilla.co\/Revista\/wp-json\/wp\/v2\/media?parent=8352"}],"wp:term":[{"taxonomy":"category","embeddable":true,"href":"https:\/\/tuguia.combarranquilla.co\/Revista\/wp-json\/wp\/v2\/categories?post=8352"},{"taxonomy":"post_tag","embeddable":true,"href":"https:\/\/tuguia.combarranquilla.co\/Revista\/wp-json\/wp\/v2\/tags?post=8352"}],"curies":[{"name":"wp","href":"https:\/\/api.w.org\/{rel}","templated":true}]}}