{"id":8392,"date":"2026-01-01T08:49:00","date_gmt":"2026-01-01T13:49:00","guid":{"rendered":"https:\/\/tuguia.combarranquilla.co\/Revista\/?p=8392"},"modified":"2026-01-05T08:57:24","modified_gmt":"2026-01-05T13:57:24","slug":"prepara-tus-documentos-subsidios-vigentes-desde-enero","status":"publish","type":"post","link":"https:\/\/tuguia.combarranquilla.co\/Revista\/prepara-tus-documentos-subsidios-vigentes-desde-enero\/","title":{"rendered":"\u00a1Prepara tus documentos! Subsidios vigentes desde enero"},"content":{"rendered":"\n<p>El inicio de a\u00f1o trae nuevas oportunidades de apoyo para las familias. Durante el mes de enero, Combarranquilla abre varias convocatorias&nbsp;para acompa\u00f1ar&nbsp;a sus afiliados en momentos clave como&nbsp;regresar a clases, continuar estudios superiores y caminar hacia&nbsp;una&nbsp;vivienda&nbsp;propia.&nbsp;Conoce los subsidios vigentes para comenzar este 2026 con bienestar.&nbsp;<\/p>\n\n\n\n<h2 class=\"wp-block-heading has-medium-font-size\"><strong>Subsidio de vivienda<\/strong>&nbsp;<\/h2>\n\n\n\n<figure class=\"wp-block-table is-style-stripes\"><table class=\"has-text-color has-link-color has-fixed-layout\" style=\"color:#1a551b\"><tbody><tr><td><strong>Desde el 2 de enero<\/strong><\/td><td><strong>Hasta el 31 de enero<\/strong><\/td><\/tr><\/tbody><\/table><\/figure>\n\n\n\n<p>El subsidio FOVIS o subsidio familiar de vivienda es un aporte econ\u00f3mico que se entrega una sola vez a familias afiliadas.&nbsp;Este&nbsp;beneficio&nbsp;est\u00e1 pensado para quienes a\u00fan no cuentan con vivienda propia y buscan mejorar su calidad de vida adquiriendo un&nbsp;hogar.&nbsp;<\/p>\n\n\n\n<p>Para aplicar, el afiliado debe:&nbsp;<\/p>\n\n\n\n<div class=\"wp-block-group is-vertical is-layout-flex wp-container-core-group-is-layout-8cf370e7 wp-block-group-is-layout-flex\">\n<ul class=\"wp-block-list\">\n<li>Recibir ingresos que no superen los cuatro (4) salarios m\u00ednimos vigentes.&nbsp;<\/li>\n<\/ul>\n\n\n\n<ul class=\"wp-block-list\">\n<li>Tener un&nbsp;hogar conformado.&nbsp;<\/li>\n<\/ul>\n\n\n\n<ul class=\"wp-block-list\">\n<li>No ser propietario de vivienda.&nbsp;<\/li>\n<\/ul>\n\n\n\n<ul class=\"wp-block-list\">\n<li>Presentar la documentaci\u00f3n requerida.&nbsp;<\/li>\n<\/ul>\n<\/div>\n\n\n\n<p><\/p>\n\n\n\n<p>Lee m\u00e1s sobre c\u00f3mo aplicar al subsidio de vivienda <a href=\"https:\/\/tuguia.combarranquilla.co\/Revista\/?p=6949\">aqu\u00ed<\/a>.&nbsp;<\/p>\n\n\n\n<h2 class=\"wp-block-heading has-medium-font-size\"><strong>Subsidio&nbsp;educativo<\/strong>&nbsp;<\/h2>\n\n\n\n<figure class=\"wp-block-table is-style-stripes\"><table class=\"has-text-color has-link-color has-fixed-layout\" style=\"color:#1a551b\"><tbody><tr><td><strong>Desde el 26 de enero<\/strong><\/td><td><strong>Hasta el 31 de marzo<\/strong><\/td><\/tr><\/tbody><\/table><\/figure>\n\n\n\n<p>El&nbsp;subsidio&nbsp;educativo es uno de los apoyos m\u00e1s importantes que se ofrecen para acompa\u00f1ar los procesos de formaci\u00f3n de ni\u00f1os y j\u00f3venes afiliados. Es un auxilio en especie para estudios de primaria, bachillerato&nbsp;y educaci\u00f3n especial en instituciones en convenio.&nbsp;<\/p>\n\n\n\n<p>Este subsidio&nbsp;se otorga&nbsp;a los hijos o personas a cargo&nbsp;de trabajadores afiliados&nbsp;que devenguen menos de cuatro (4) salarios&nbsp;m\u00ednimos vigentes. El beneficiario debe:&nbsp;<\/p>\n\n\n\n<div class=\"wp-block-group is-vertical is-layout-flex wp-container-core-group-is-layout-8cf370e7 wp-block-group-is-layout-flex\">\n<ul class=\"wp-block-list\">\n<li>Ser&nbsp;menor de 18 a\u00f1os.&nbsp;<\/li>\n<\/ul>\n\n\n\n<ul class=\"wp-block-list\">\n<li>Estar matriculado&nbsp;en&nbsp;una&nbsp;instituci\u00f3n&nbsp;educativa en convenio con la Caja.&nbsp;<\/li>\n<\/ul>\n\n\n\n<ul class=\"wp-block-list\">\n<li>No estar becado por una instituci\u00f3n educativa, empresa o cualquier otra organizaci\u00f3n.&nbsp;<\/li>\n<\/ul>\n<\/div>\n\n\n\n<p><\/p>\n\n\n\n<p>La solicitud se realiza de manera virtual&nbsp;y tiene un tiempo de&nbsp;respuesta de&nbsp;m\u00e1ximo&nbsp;cinco (5) d\u00edas h\u00e1biles.&nbsp;&nbsp;<\/p>\n\n\n\n<p>Conoce todos los requisitos en la <a href=\"https:\/\/www.combarranquilla.co\/subsidios\/#educativo\">p\u00e1gina web<\/a>.&nbsp;<\/p>\n\n\n\n<h2 class=\"wp-block-heading has-medium-font-size\"><strong>Bonos escolares<\/strong>&nbsp;<\/h2>\n\n\n\n<figure class=\"wp-block-table is-style-stripes\"><table class=\"has-text-color has-link-color has-fixed-layout\" style=\"color:#1a551b\"><tbody><tr><td><strong>Desde el 26 de enero<\/strong><\/td><td><strong>Hasta el 31 de marzo<\/strong><\/td><\/tr><\/tbody><\/table><\/figure>\n\n\n\n<p>El bono escolar est\u00e1 destinado para la compra de \u00fatiles escolares para estudiantes de colegios oficiales.&nbsp;&nbsp;<\/p>\n\n\n\n<p>La solicitud puede realizarse de forma sencilla a trav\u00e9s de la <a href=\"https:\/\/www.combarranquilla.co\/subsidios\/#educativo\">p\u00e1gina web<\/a> o desde la&nbsp;app&nbsp;Combarranquilla. En este caso, aplican los mismos requisitos principales mencionados anteriormente.&nbsp;<\/p>\n\n\n\n<p>Con estos subsidios, Combarranquilla reafirma su compromiso de acompa\u00f1ar a las familias afiliadas en cada etapa de su vida. Invitamos a todos los afiliados a comenzar este 2026 con \u00e9xito, para construir un mejor futuro.&nbsp;<\/p>\n","protected":false},"excerpt":{"rendered":"<p>El inicio de a\u00f1o trae nuevas oportunidades de apoyo para las familias. Durante el mes de enero, Combarranquilla abre varias convocatorias&nbsp;para acompa\u00f1ar&nbsp;a sus afiliados en momentos clave como&nbsp;regresar a clases, continuar estudios superiores y caminar hacia&nbsp;una&nbsp;vivienda&nbsp;propia.&nbsp;Conoce los subsidios vigentes para comenzar este 2026 con bienestar.&nbsp; Subsidio de vivienda&nbsp; Desde el 2 de enero Hasta el [&hellip;]<\/p>\n","protected":false},"author":2,"featured_media":8395,"comment_status":"open","ping_status":"open","sticky":false,"template":"","format":"standard","meta":{"inline_featured_image":false,"footnotes":""},"categories":[2],"tags":[],"class_list":["post-8392","post","type-post","status-publish","format-standard","has-post-thumbnail","hentry","category-subsidios"],"yoast_head":"<!-- This site is optimized with the Yoast SEO plugin v27.4 - https:\/\/yoast.com\/product\/yoast-seo-wordpress\/ -->\n<title>\u00a1Prepara tus documentos! Subsidios vigentes desde enero - Tu Gu\u00eda<\/title>\n<meta name=\"robots\" content=\"index, follow, max-snippet:-1, max-image-preview:large, max-video-preview:-1\" \/>\n<link rel=\"canonical\" href=\"https:\/\/tuguia.combarranquilla.co\/Revista\/prepara-tus-documentos-subsidios-vigentes-desde-enero\/\" \/>\n<meta property=\"og:locale\" content=\"es_ES\" \/>\n<meta property=\"og:type\" content=\"article\" \/>\n<meta property=\"og:title\" content=\"\u00a1Prepara tus documentos! Subsidios vigentes desde enero - Tu Gu\u00eda\" \/>\n<meta property=\"og:description\" content=\"El inicio de a\u00f1o trae nuevas oportunidades de apoyo para las familias. Durante el mes de enero, Combarranquilla abre varias convocatorias&nbsp;para acompa\u00f1ar&nbsp;a sus afiliados en momentos clave como&nbsp;regresar a clases, continuar estudios superiores y caminar hacia&nbsp;una&nbsp;vivienda&nbsp;propia.&nbsp;Conoce los subsidios vigentes para comenzar este 2026 con bienestar.&nbsp; Subsidio de vivienda&nbsp; Desde el 2 de enero Hasta el [&hellip;]\" \/>\n<meta property=\"og:url\" content=\"https:\/\/tuguia.combarranquilla.co\/Revista\/prepara-tus-documentos-subsidios-vigentes-desde-enero\/\" \/>\n<meta property=\"og:site_name\" content=\"Tu Gu\u00eda\" \/>\n<meta property=\"article:published_time\" content=\"2026-01-01T13:49:00+00:00\" \/>\n<meta property=\"article:modified_time\" content=\"2026-01-05T13:57:24+00:00\" \/>\n<meta property=\"og:image\" content=\"https:\/\/tuguia.combarranquilla.co\/Revista\/wp-content\/uploads\/2025\/12\/Revista-Combarranquilla-6-scaled.jpg\" \/>\n\t<meta property=\"og:image:width\" content=\"2560\" \/>\n\t<meta property=\"og:image:height\" content=\"1280\" \/>\n\t<meta property=\"og:image:type\" content=\"image\/jpeg\" \/>\n<meta name=\"author\" content=\"Comunicaciones Combarranquilla\" \/>\n<meta name=\"twitter:card\" content=\"summary_large_image\" \/>\n<meta name=\"twitter:label1\" content=\"Escrito por\" \/>\n\t<meta name=\"twitter:data1\" content=\"Comunicaciones Combarranquilla\" \/>\n\t<meta name=\"twitter:label2\" content=\"Tiempo de lectura\" \/>\n\t<meta name=\"twitter:data2\" content=\"2 minutos\" \/>\n<script type=\"application\/ld+json\" class=\"yoast-schema-graph\">{\"@context\":\"https:\\\/\\\/schema.org\",\"@graph\":[{\"@type\":\"Article\",\"@id\":\"https:\\\/\\\/tuguia.combarranquilla.co\\\/Revista\\\/prepara-tus-documentos-subsidios-vigentes-desde-enero\\\/#article\",\"isPartOf\":{\"@id\":\"https:\\\/\\\/tuguia.combarranquilla.co\\\/Revista\\\/prepara-tus-documentos-subsidios-vigentes-desde-enero\\\/\"},\"author\":{\"name\":\"Comunicaciones Combarranquilla\",\"@id\":\"https:\\\/\\\/tuguia.combarranquilla.co\\\/Revista\\\/#\\\/schema\\\/person\\\/c2c396a77170bd1d5f8ba73294eb0d10\"},\"headline\":\"\u00a1Prepara tus documentos! Subsidios vigentes desde enero\",\"datePublished\":\"2026-01-01T13:49:00+00:00\",\"dateModified\":\"2026-01-05T13:57:24+00:00\",\"mainEntityOfPage\":{\"@id\":\"https:\\\/\\\/tuguia.combarranquilla.co\\\/Revista\\\/prepara-tus-documentos-subsidios-vigentes-desde-enero\\\/\"},\"wordCount\":448,\"commentCount\":0,\"publisher\":{\"@id\":\"https:\\\/\\\/tuguia.combarranquilla.co\\\/Revista\\\/#organization\"},\"image\":{\"@id\":\"https:\\\/\\\/tuguia.combarranquilla.co\\\/Revista\\\/prepara-tus-documentos-subsidios-vigentes-desde-enero\\\/#primaryimage\"},\"thumbnailUrl\":\"https:\\\/\\\/tuguia.combarranquilla.co\\\/Revista\\\/wp-content\\\/uploads\\\/2025\\\/12\\\/Revista-Combarranquilla-6-scaled.jpg\",\"articleSection\":[\"SUBSIDIOS\"],\"inLanguage\":\"es-CO\",\"potentialAction\":[{\"@type\":\"CommentAction\",\"name\":\"Comment\",\"target\":[\"https:\\\/\\\/tuguia.combarranquilla.co\\\/Revista\\\/prepara-tus-documentos-subsidios-vigentes-desde-enero\\\/#respond\"]}]},{\"@type\":\"WebPage\",\"@id\":\"https:\\\/\\\/tuguia.combarranquilla.co\\\/Revista\\\/prepara-tus-documentos-subsidios-vigentes-desde-enero\\\/\",\"url\":\"https:\\\/\\\/tuguia.combarranquilla.co\\\/Revista\\\/prepara-tus-documentos-subsidios-vigentes-desde-enero\\\/\",\"name\":\"\u00a1Prepara tus documentos! Subsidios vigentes desde enero - Tu Gu\u00eda\",\"isPartOf\":{\"@id\":\"https:\\\/\\\/tuguia.combarranquilla.co\\\/Revista\\\/#website\"},\"primaryImageOfPage\":{\"@id\":\"https:\\\/\\\/tuguia.combarranquilla.co\\\/Revista\\\/prepara-tus-documentos-subsidios-vigentes-desde-enero\\\/#primaryimage\"},\"image\":{\"@id\":\"https:\\\/\\\/tuguia.combarranquilla.co\\\/Revista\\\/prepara-tus-documentos-subsidios-vigentes-desde-enero\\\/#primaryimage\"},\"thumbnailUrl\":\"https:\\\/\\\/tuguia.combarranquilla.co\\\/Revista\\\/wp-content\\\/uploads\\\/2025\\\/12\\\/Revista-Combarranquilla-6-scaled.jpg\",\"datePublished\":\"2026-01-01T13:49:00+00:00\",\"dateModified\":\"2026-01-05T13:57:24+00:00\",\"breadcrumb\":{\"@id\":\"https:\\\/\\\/tuguia.combarranquilla.co\\\/Revista\\\/prepara-tus-documentos-subsidios-vigentes-desde-enero\\\/#breadcrumb\"},\"inLanguage\":\"es-CO\",\"potentialAction\":[{\"@type\":\"ReadAction\",\"target\":[\"https:\\\/\\\/tuguia.combarranquilla.co\\\/Revista\\\/prepara-tus-documentos-subsidios-vigentes-desde-enero\\\/\"]}]},{\"@type\":\"ImageObject\",\"inLanguage\":\"es-CO\",\"@id\":\"https:\\\/\\\/tuguia.combarranquilla.co\\\/Revista\\\/prepara-tus-documentos-subsidios-vigentes-desde-enero\\\/#primaryimage\",\"url\":\"https:\\\/\\\/tuguia.combarranquilla.co\\\/Revista\\\/wp-content\\\/uploads\\\/2025\\\/12\\\/Revista-Combarranquilla-6-scaled.jpg\",\"contentUrl\":\"https:\\\/\\\/tuguia.combarranquilla.co\\\/Revista\\\/wp-content\\\/uploads\\\/2025\\\/12\\\/Revista-Combarranquilla-6-scaled.jpg\",\"width\":2560,\"height\":1280},{\"@type\":\"BreadcrumbList\",\"@id\":\"https:\\\/\\\/tuguia.combarranquilla.co\\\/Revista\\\/prepara-tus-documentos-subsidios-vigentes-desde-enero\\\/#breadcrumb\",\"itemListElement\":[{\"@type\":\"ListItem\",\"position\":1,\"name\":\"Inicio\",\"item\":\"https:\\\/\\\/tuguia.combarranquilla.co\\\/Revista\\\/\"},{\"@type\":\"ListItem\",\"position\":2,\"name\":\"\u00a1Prepara tus documentos! Subsidios vigentes desde enero\"}]},{\"@type\":\"WebSite\",\"@id\":\"https:\\\/\\\/tuguia.combarranquilla.co\\\/Revista\\\/#website\",\"url\":\"https:\\\/\\\/tuguia.combarranquilla.co\\\/Revista\\\/\",\"name\":\"Tu Gu\u00eda\",\"description\":\"La revista donde lo tienes todo.\",\"publisher\":{\"@id\":\"https:\\\/\\\/tuguia.combarranquilla.co\\\/Revista\\\/#organization\"},\"alternateName\":\"Tu Gu\u00eda Combarranquilla\",\"potentialAction\":[{\"@type\":\"SearchAction\",\"target\":{\"@type\":\"EntryPoint\",\"urlTemplate\":\"https:\\\/\\\/tuguia.combarranquilla.co\\\/Revista\\\/?s={search_term_string}\"},\"query-input\":{\"@type\":\"PropertyValueSpecification\",\"valueRequired\":true,\"valueName\":\"search_term_string\"}}],\"inLanguage\":\"es-CO\"},{\"@type\":\"Organization\",\"@id\":\"https:\\\/\\\/tuguia.combarranquilla.co\\\/Revista\\\/#organization\",\"name\":\"Tu Gu\u00eda Combarranquilla\",\"url\":\"https:\\\/\\\/tuguia.combarranquilla.co\\\/Revista\\\/\",\"logo\":{\"@type\":\"ImageObject\",\"inLanguage\":\"es-CO\",\"@id\":\"https:\\\/\\\/tuguia.combarranquilla.co\\\/Revista\\\/#\\\/schema\\\/logo\\\/image\\\/\",\"url\":\"https:\\\/\\\/tuguia.combarranquilla.co\\\/Revista\\\/wp-content\\\/uploads\\\/2022\\\/02\\\/logo-guia-combarranquilla.svg\",\"contentUrl\":\"https:\\\/\\\/tuguia.combarranquilla.co\\\/Revista\\\/wp-content\\\/uploads\\\/2022\\\/02\\\/logo-guia-combarranquilla.svg\",\"caption\":\"Tu Gu\u00eda Combarranquilla\"},\"image\":{\"@id\":\"https:\\\/\\\/tuguia.combarranquilla.co\\\/Revista\\\/#\\\/schema\\\/logo\\\/image\\\/\"}},{\"@type\":\"Person\",\"@id\":\"https:\\\/\\\/tuguia.combarranquilla.co\\\/Revista\\\/#\\\/schema\\\/person\\\/c2c396a77170bd1d5f8ba73294eb0d10\",\"name\":\"Comunicaciones Combarranquilla\",\"image\":{\"@type\":\"ImageObject\",\"inLanguage\":\"es-CO\",\"@id\":\"https:\\\/\\\/tuguia.combarranquilla.co\\\/Revista\\\/wp-content\\\/uploads\\\/2025\\\/05\\\/ABC-Al-Rojo-Logo-96x96.jpg\",\"url\":\"https:\\\/\\\/tuguia.combarranquilla.co\\\/Revista\\\/wp-content\\\/uploads\\\/2025\\\/05\\\/ABC-Al-Rojo-Logo-96x96.jpg\",\"contentUrl\":\"https:\\\/\\\/tuguia.combarranquilla.co\\\/Revista\\\/wp-content\\\/uploads\\\/2025\\\/05\\\/ABC-Al-Rojo-Logo-96x96.jpg\",\"caption\":\"Comunicaciones Combarranquilla\"},\"sameAs\":[\"https:\\\/\\\/www.combarranquilla.co\"],\"url\":\"https:\\\/\\\/tuguia.combarranquilla.co\\\/Revista\\\/author\\\/comunicaciones\\\/\"}]}<\/script>\n<!-- \/ Yoast SEO plugin. -->","yoast_head_json":{"title":"\u00a1Prepara tus documentos! Subsidios vigentes desde enero - Tu Gu\u00eda","robots":{"index":"index","follow":"follow","max-snippet":"max-snippet:-1","max-image-preview":"max-image-preview:large","max-video-preview":"max-video-preview:-1"},"canonical":"https:\/\/tuguia.combarranquilla.co\/Revista\/prepara-tus-documentos-subsidios-vigentes-desde-enero\/","og_locale":"es_ES","og_type":"article","og_title":"\u00a1Prepara tus documentos! Subsidios vigentes desde enero - Tu Gu\u00eda","og_description":"El inicio de a\u00f1o trae nuevas oportunidades de apoyo para las familias. Durante el mes de enero, Combarranquilla abre varias convocatorias&nbsp;para acompa\u00f1ar&nbsp;a sus afiliados en momentos clave como&nbsp;regresar a clases, continuar estudios superiores y caminar hacia&nbsp;una&nbsp;vivienda&nbsp;propia.&nbsp;Conoce los subsidios vigentes para comenzar este 2026 con bienestar.&nbsp; Subsidio de vivienda&nbsp; Desde el 2 de enero Hasta el [&hellip;]","og_url":"https:\/\/tuguia.combarranquilla.co\/Revista\/prepara-tus-documentos-subsidios-vigentes-desde-enero\/","og_site_name":"Tu Gu\u00eda","article_published_time":"2026-01-01T13:49:00+00:00","article_modified_time":"2026-01-05T13:57:24+00:00","og_image":[{"width":2560,"height":1280,"url":"https:\/\/tuguia.combarranquilla.co\/Revista\/wp-content\/uploads\/2025\/12\/Revista-Combarranquilla-6-scaled.jpg","type":"image\/jpeg"}],"author":"Comunicaciones Combarranquilla","twitter_card":"summary_large_image","twitter_misc":{"Escrito por":"Comunicaciones Combarranquilla","Tiempo de lectura":"2 minutos"},"schema":{"@context":"https:\/\/schema.org","@graph":[{"@type":"Article","@id":"https:\/\/tuguia.combarranquilla.co\/Revista\/prepara-tus-documentos-subsidios-vigentes-desde-enero\/#article","isPartOf":{"@id":"https:\/\/tuguia.combarranquilla.co\/Revista\/prepara-tus-documentos-subsidios-vigentes-desde-enero\/"},"author":{"name":"Comunicaciones Combarranquilla","@id":"https:\/\/tuguia.combarranquilla.co\/Revista\/#\/schema\/person\/c2c396a77170bd1d5f8ba73294eb0d10"},"headline":"\u00a1Prepara tus documentos! Subsidios vigentes desde enero","datePublished":"2026-01-01T13:49:00+00:00","dateModified":"2026-01-05T13:57:24+00:00","mainEntityOfPage":{"@id":"https:\/\/tuguia.combarranquilla.co\/Revista\/prepara-tus-documentos-subsidios-vigentes-desde-enero\/"},"wordCount":448,"commentCount":0,"publisher":{"@id":"https:\/\/tuguia.combarranquilla.co\/Revista\/#organization"},"image":{"@id":"https:\/\/tuguia.combarranquilla.co\/Revista\/prepara-tus-documentos-subsidios-vigentes-desde-enero\/#primaryimage"},"thumbnailUrl":"https:\/\/tuguia.combarranquilla.co\/Revista\/wp-content\/uploads\/2025\/12\/Revista-Combarranquilla-6-scaled.jpg","articleSection":["SUBSIDIOS"],"inLanguage":"es-CO","potentialAction":[{"@type":"CommentAction","name":"Comment","target":["https:\/\/tuguia.combarranquilla.co\/Revista\/prepara-tus-documentos-subsidios-vigentes-desde-enero\/#respond"]}]},{"@type":"WebPage","@id":"https:\/\/tuguia.combarranquilla.co\/Revista\/prepara-tus-documentos-subsidios-vigentes-desde-enero\/","url":"https:\/\/tuguia.combarranquilla.co\/Revista\/prepara-tus-documentos-subsidios-vigentes-desde-enero\/","name":"\u00a1Prepara tus documentos! Subsidios vigentes desde enero - Tu Gu\u00eda","isPartOf":{"@id":"https:\/\/tuguia.combarranquilla.co\/Revista\/#website"},"primaryImageOfPage":{"@id":"https:\/\/tuguia.combarranquilla.co\/Revista\/prepara-tus-documentos-subsidios-vigentes-desde-enero\/#primaryimage"},"image":{"@id":"https:\/\/tuguia.combarranquilla.co\/Revista\/prepara-tus-documentos-subsidios-vigentes-desde-enero\/#primaryimage"},"thumbnailUrl":"https:\/\/tuguia.combarranquilla.co\/Revista\/wp-content\/uploads\/2025\/12\/Revista-Combarranquilla-6-scaled.jpg","datePublished":"2026-01-01T13:49:00+00:00","dateModified":"2026-01-05T13:57:24+00:00","breadcrumb":{"@id":"https:\/\/tuguia.combarranquilla.co\/Revista\/prepara-tus-documentos-subsidios-vigentes-desde-enero\/#breadcrumb"},"inLanguage":"es-CO","potentialAction":[{"@type":"ReadAction","target":["https:\/\/tuguia.combarranquilla.co\/Revista\/prepara-tus-documentos-subsidios-vigentes-desde-enero\/"]}]},{"@type":"ImageObject","inLanguage":"es-CO","@id":"https:\/\/tuguia.combarranquilla.co\/Revista\/prepara-tus-documentos-subsidios-vigentes-desde-enero\/#primaryimage","url":"https:\/\/tuguia.combarranquilla.co\/Revista\/wp-content\/uploads\/2025\/12\/Revista-Combarranquilla-6-scaled.jpg","contentUrl":"https:\/\/tuguia.combarranquilla.co\/Revista\/wp-content\/uploads\/2025\/12\/Revista-Combarranquilla-6-scaled.jpg","width":2560,"height":1280},{"@type":"BreadcrumbList","@id":"https:\/\/tuguia.combarranquilla.co\/Revista\/prepara-tus-documentos-subsidios-vigentes-desde-enero\/#breadcrumb","itemListElement":[{"@type":"ListItem","position":1,"name":"Inicio","item":"https:\/\/tuguia.combarranquilla.co\/Revista\/"},{"@type":"ListItem","position":2,"name":"\u00a1Prepara tus documentos! Subsidios vigentes desde enero"}]},{"@type":"WebSite","@id":"https:\/\/tuguia.combarranquilla.co\/Revista\/#website","url":"https:\/\/tuguia.combarranquilla.co\/Revista\/","name":"Tu Gu\u00eda","description":"La revista donde lo tienes todo.","publisher":{"@id":"https:\/\/tuguia.combarranquilla.co\/Revista\/#organization"},"alternateName":"Tu Gu\u00eda Combarranquilla","potentialAction":[{"@type":"SearchAction","target":{"@type":"EntryPoint","urlTemplate":"https:\/\/tuguia.combarranquilla.co\/Revista\/?s={search_term_string}"},"query-input":{"@type":"PropertyValueSpecification","valueRequired":true,"valueName":"search_term_string"}}],"inLanguage":"es-CO"},{"@type":"Organization","@id":"https:\/\/tuguia.combarranquilla.co\/Revista\/#organization","name":"Tu Gu\u00eda Combarranquilla","url":"https:\/\/tuguia.combarranquilla.co\/Revista\/","logo":{"@type":"ImageObject","inLanguage":"es-CO","@id":"https:\/\/tuguia.combarranquilla.co\/Revista\/#\/schema\/logo\/image\/","url":"https:\/\/tuguia.combarranquilla.co\/Revista\/wp-content\/uploads\/2022\/02\/logo-guia-combarranquilla.svg","contentUrl":"https:\/\/tuguia.combarranquilla.co\/Revista\/wp-content\/uploads\/2022\/02\/logo-guia-combarranquilla.svg","caption":"Tu Gu\u00eda Combarranquilla"},"image":{"@id":"https:\/\/tuguia.combarranquilla.co\/Revista\/#\/schema\/logo\/image\/"}},{"@type":"Person","@id":"https:\/\/tuguia.combarranquilla.co\/Revista\/#\/schema\/person\/c2c396a77170bd1d5f8ba73294eb0d10","name":"Comunicaciones Combarranquilla","image":{"@type":"ImageObject","inLanguage":"es-CO","@id":"https:\/\/tuguia.combarranquilla.co\/Revista\/wp-content\/uploads\/2025\/05\/ABC-Al-Rojo-Logo-96x96.jpg","url":"https:\/\/tuguia.combarranquilla.co\/Revista\/wp-content\/uploads\/2025\/05\/ABC-Al-Rojo-Logo-96x96.jpg","contentUrl":"https:\/\/tuguia.combarranquilla.co\/Revista\/wp-content\/uploads\/2025\/05\/ABC-Al-Rojo-Logo-96x96.jpg","caption":"Comunicaciones Combarranquilla"},"sameAs":["https:\/\/www.combarranquilla.co"],"url":"https:\/\/tuguia.combarranquilla.co\/Revista\/author\/comunicaciones\/"}]}},"_links":{"self":[{"href":"https:\/\/tuguia.combarranquilla.co\/Revista\/wp-json\/wp\/v2\/posts\/8392","targetHints":{"allow":["GET"]}}],"collection":[{"href":"https:\/\/tuguia.combarranquilla.co\/Revista\/wp-json\/wp\/v2\/posts"}],"about":[{"href":"https:\/\/tuguia.combarranquilla.co\/Revista\/wp-json\/wp\/v2\/types\/post"}],"author":[{"embeddable":true,"href":"https:\/\/tuguia.combarranquilla.co\/Revista\/wp-json\/wp\/v2\/users\/2"}],"replies":[{"embeddable":true,"href":"https:\/\/tuguia.combarranquilla.co\/Revista\/wp-json\/wp\/v2\/comments?post=8392"}],"version-history":[{"count":7,"href":"https:\/\/tuguia.combarranquilla.co\/Revista\/wp-json\/wp\/v2\/posts\/8392\/revisions"}],"predecessor-version":[{"id":8440,"href":"https:\/\/tuguia.combarranquilla.co\/Revista\/wp-json\/wp\/v2\/posts\/8392\/revisions\/8440"}],"wp:featuredmedia":[{"embeddable":true,"href":"https:\/\/tuguia.combarranquilla.co\/Revista\/wp-json\/wp\/v2\/media\/8395"}],"wp:attachment":[{"href":"https:\/\/tuguia.combarranquilla.co\/Revista\/wp-json\/wp\/v2\/media?parent=8392"}],"wp:term":[{"taxonomy":"category","embeddable":true,"href":"https:\/\/tuguia.combarranquilla.co\/Revista\/wp-json\/wp\/v2\/categories?post=8392"},{"taxonomy":"post_tag","embeddable":true,"href":"https:\/\/tuguia.combarranquilla.co\/Revista\/wp-json\/wp\/v2\/tags?post=8392"}],"curies":[{"name":"wp","href":"https:\/\/api.w.org\/{rel}","templated":true}]}}