{"id":8409,"date":"2026-01-01T08:28:00","date_gmt":"2026-01-01T13:28:00","guid":{"rendered":"https:\/\/tuguia.combarranquilla.co\/Revista\/?p=8409"},"modified":"2026-01-06T07:59:20","modified_gmt":"2026-01-06T12:59:20","slug":"descubre-nuestros-nuevos-tecnicos-laborales-soporte-tecnico-en-desarrollo-de-software-y-diseno-grafico","status":"publish","type":"post","link":"https:\/\/tuguia.combarranquilla.co\/Revista\/descubre-nuestros-nuevos-tecnicos-laborales-soporte-tecnico-en-desarrollo-de-software-y-diseno-grafico\/","title":{"rendered":"Descubre nuestros T\u00e9cnicos Laborales: Soporte T\u00e9cnico en Desarrollo de Software y Dise\u00f1o Gr\u00e1fico"},"content":{"rendered":"\n<p>En Combarranquilla, reconocemos que la clave para abrir puertas al mundo laboral est\u00e1 en la formaci\u00f3n especializada. Por eso, a trav\u00e9s del Centro de Formaci\u00f3n, se ofrecen dos nuevos programas de T\u00e9cnicos Laborales que combinan creatividad y tecnolog\u00eda. Estos programas no solo est\u00e1n dise\u00f1ados para formar expertos, sino para desarrollar herramientas que transformen las habilidades en oportunidades reales de empleo.&nbsp;&nbsp;<\/p>\n\n\n\n<p>Con\u00f3celos a continuaci\u00f3n.&nbsp;<\/p>\n\n\n\n<h2 class=\"wp-block-heading\" style=\"font-size:28px\"><strong>Nuevos programas de T\u00e9cnicos Laborales<\/strong>&nbsp;<\/h2>\n\n\n\n<h2 class=\"wp-block-heading has-medium-font-size\"><strong>T\u00e9cnico Laboral en Auxiliar de Soporte T\u00e9cnico en Desarrollo de Software<\/strong>&nbsp;<\/h2>\n\n\n\n<p>Este programa es ideal para quienes sienten pasi\u00f3n por la tecnolog\u00eda. Aqu\u00ed, se trabajar\u00e1n competencias en programaci\u00f3n, dise\u00f1o e implementaci\u00f3n de soluciones inform\u00e1ticas. El estudiante&nbsp;de este programa&nbsp;tendr\u00e1&nbsp;un alto sentido de&nbsp;la&nbsp;responsabilidad&nbsp;y la \u00e9tica, dos factores clave para afrontar los retos del sector digital.&nbsp;<\/p>\n\n\n\n<p>Perfiles ocupacionales&nbsp;que el egresado puede&nbsp;desempe\u00f1ar:&nbsp;<\/p>\n\n\n\n<div class=\"wp-block-group is-vertical is-layout-flex wp-container-core-group-is-layout-8cf370e7 wp-block-group-is-layout-flex\">\n<ul class=\"wp-block-list\">\n<li>Auxiliar de sistemas inform\u00e1ticos\u00a0<\/li>\n<\/ul>\n\n\n\n<ul class=\"wp-block-list\">\n<li>Auxiliar soporte t\u00e9cnico en tecnolog\u00eda\u00a0<\/li>\n<\/ul>\n\n\n\n<ul class=\"wp-block-list\">\n<li>Instalador de programas inform\u00e1ticos\u00a0<\/li>\n<\/ul>\n\n\n\n<ul class=\"wp-block-list\">\n<li>Instalador de redes inform\u00e1ticas\u00a0<\/li>\n<\/ul>\n\n\n\n<ul class=\"wp-block-list\">\n<li>Asistente y soporte de tecnolog\u00edas de la informaci\u00f3n\u00a0<\/li>\n<\/ul>\n\n\n\n<ul class=\"wp-block-list\">\n<li>Analista de sistemas\u00a0<\/li>\n<\/ul>\n\n\n\n<ul class=\"wp-block-list\">\n<li>Programador de back-end\u00a0<\/li>\n<\/ul>\n\n\n\n<ul class=\"wp-block-list\">\n<li>Programador de front-end\u00a0<\/li>\n<\/ul>\n\n\n\n<ul class=\"wp-block-list\">\n<li>Operador de Sistemas de Informaci\u00f3n\u00a0<\/li>\n<\/ul>\n\n\n\n<ul class=\"wp-block-list\">\n<li>Soporte de mesa de ayuda (Help\u00a0desk)\u00a0<\/li>\n<\/ul>\n<\/div>\n\n\n\n<p><\/p>\n\n\n\n<h2 class=\"wp-block-heading has-medium-font-size\"><strong>T\u00e9cnico Laboral en Auxiliar de Dise\u00f1o Gr\u00e1fico<\/strong>&nbsp;<\/h2>\n\n\n\n<p>Este programa es para quienes les interesa el dise\u00f1o digital.\u00a0Los estudiantes aprender\u00e1n sobre\u00a0el\u00a0dise\u00f1o de materiales publicitarios\u00a0y\u00a0la edici\u00f3n de contenido visual\u00a0que\u00a0comunique ideas de forma efectiva.\u00a0Es un programa\u00a0que los\u00a0prepara para laborar en un entorno visual cada vez m\u00e1s competitivo.\u00a0<\/p>\n\n\n\n<p>Perfiles ocupacionales que el egresado pueda desempe\u00f1ar:&nbsp;<\/p>\n\n\n\n<div class=\"wp-block-group is-vertical is-layout-flex wp-container-core-group-is-layout-8cf370e7 wp-block-group-is-layout-flex\">\n<ul class=\"wp-block-list\">\n<li>Auxiliar de calidad en producci\u00f3n gr\u00e1fica\u00a0<\/li>\n<\/ul>\n\n\n\n<ul class=\"wp-block-list\">\n<li>Auxiliar de dise\u00f1o gr\u00e1fico\u00a0<\/li>\n<\/ul>\n\n\n\n<ul class=\"wp-block-list\">\n<li>Auxiliar de producci\u00f3n gr\u00e1fica\u00a0<\/li>\n<\/ul>\n\n\n\n<ul class=\"wp-block-list\">\n<li>Auxiliar de suministros en producci\u00f3n gr\u00e1fica\u00a0<\/li>\n<\/ul>\n\n\n\n<ul class=\"wp-block-list\">\n<li>Auxiliar de terminados y acabados de producci\u00f3n gr\u00e1fica\u00a0<\/li>\n<\/ul>\n\n\n\n<ul class=\"wp-block-list\">\n<li>Operario de archivo de plantas\u00a0<\/li>\n<\/ul>\n<\/div>\n\n\n\n<p><\/p>\n\n\n\n<h2 class=\"wp-block-heading has-medium-font-size\"><strong>Requisitos de matr\u00edcula\u00a0<\/strong><\/h2>\n\n\n\n<p>Para inscribirte en cualquiera de estos programas, debes contar con los siguientes documentos:&nbsp;<\/p>\n\n\n\n<div class=\"wp-block-group is-vertical is-layout-flex wp-container-core-group-is-layout-8cf370e7 wp-block-group-is-layout-flex\">\n<ul class=\"wp-block-list\">\n<li>Fotocopia del diploma de bachiller o acta de grado \/ Para no bachilleres: Certificado de aprobaci\u00f3n del \u00faltimo grado cursado (debe ser m\u00ednimo noveno grado).\u00a0<\/li>\n<\/ul>\n\n\n\n<ul class=\"wp-block-list\">\n<li>Fotocopia del documento de identificaci\u00f3n\u00a0<\/li>\n<\/ul>\n\n\n\n<ul class=\"wp-block-list\">\n<li>1\u00a0Foto\u00a0tama\u00f1o carn\u00e9\u00a0<\/li>\n<\/ul>\n\n\n\n<ul class=\"wp-block-list\">\n<li>Certificado de afiliaci\u00f3n a EPS o\u00a0Sisben\u00a0<\/li>\n<\/ul>\n\n\n\n<ul class=\"wp-block-list\">\n<li>Recibo de pago del semestre.\u00a0<\/li>\n<\/ul>\n<\/div>\n\n\n\n<p><\/p>\n\n\n\n<p>Con los T\u00e9cnicos Laborales del Centro de Formaci\u00f3n, estar\u00e1s listo para un mercado laboral que&nbsp;necesita talento como el tuyo. \u00a1No dejes pasar la oportunidad de construir tu futuro!&nbsp;<\/p>\n\n\n\n<p>Para m\u00e1s informaci\u00f3n, puedes contactar a nuestros asesores, quienes\u00a0responder\u00e1n\u00a0todas tus dudas.\u00a0Haz clic en sus nombres.<\/p>\n\n\n\n<div class=\"wp-block-group is-vertical is-layout-flex wp-container-core-group-is-layout-8cf370e7 wp-block-group-is-layout-flex\">\n<ul class=\"wp-block-list\">\n<li><a href=\"https:\/\/wa.link\/1j92ch\">Omar Manjarrez\u00a0<\/a>\u00a0<\/li>\n<\/ul>\n\n\n\n<ul class=\"wp-block-list\">\n<li><a href=\"https:\/\/wa.link\/ccqk3l\">Linda Lizcano<\/a>\u00a0<\/li>\n<\/ul>\n\n\n\n<ul class=\"wp-block-list\">\n<li><a href=\"https:\/\/wa.link\/8p423s\">Yaneliz\u00a0S\u00e1nchez\u00a0<\/a><\/li>\n<\/ul>\n<\/div>\n","protected":false},"excerpt":{"rendered":"<p>En Combarranquilla, reconocemos que la clave para abrir puertas al mundo laboral est\u00e1 en la formaci\u00f3n especializada. Por eso, a trav\u00e9s del Centro de Formaci\u00f3n, se ofrecen dos nuevos programas de T\u00e9cnicos Laborales que combinan creatividad y tecnolog\u00eda. Estos programas no solo est\u00e1n dise\u00f1ados para formar expertos, sino para desarrollar herramientas que transformen las habilidades [&hellip;]<\/p>\n","protected":false},"author":2,"featured_media":8411,"comment_status":"open","ping_status":"open","sticky":false,"template":"","format":"standard","meta":{"inline_featured_image":false,"footnotes":""},"categories":[8],"tags":[],"class_list":["post-8409","post","type-post","status-publish","format-standard","has-post-thumbnail","hentry","category-formacion"],"yoast_head":"<!-- This site is optimized with the Yoast SEO plugin v27.4 - https:\/\/yoast.com\/product\/yoast-seo-wordpress\/ -->\n<title>Descubre nuestros T\u00e9cnicos Laborales: Soporte T\u00e9cnico en Desarrollo de Software y Dise\u00f1o Gr\u00e1fico - Tu Gu\u00eda<\/title>\n<meta name=\"robots\" content=\"index, follow, max-snippet:-1, max-image-preview:large, max-video-preview:-1\" \/>\n<link rel=\"canonical\" href=\"https:\/\/tuguia.combarranquilla.co\/Revista\/descubre-nuestros-nuevos-tecnicos-laborales-soporte-tecnico-en-desarrollo-de-software-y-diseno-grafico\/\" \/>\n<meta property=\"og:locale\" content=\"es_ES\" \/>\n<meta property=\"og:type\" content=\"article\" \/>\n<meta property=\"og:title\" content=\"Descubre nuestros T\u00e9cnicos Laborales: Soporte T\u00e9cnico en Desarrollo de Software y Dise\u00f1o Gr\u00e1fico - Tu Gu\u00eda\" \/>\n<meta property=\"og:description\" content=\"En Combarranquilla, reconocemos que la clave para abrir puertas al mundo laboral est\u00e1 en la formaci\u00f3n especializada. Por eso, a trav\u00e9s del Centro de Formaci\u00f3n, se ofrecen dos nuevos programas de T\u00e9cnicos Laborales que combinan creatividad y tecnolog\u00eda. Estos programas no solo est\u00e1n dise\u00f1ados para formar expertos, sino para desarrollar herramientas que transformen las habilidades [&hellip;]\" \/>\n<meta property=\"og:url\" content=\"https:\/\/tuguia.combarranquilla.co\/Revista\/descubre-nuestros-nuevos-tecnicos-laborales-soporte-tecnico-en-desarrollo-de-software-y-diseno-grafico\/\" \/>\n<meta property=\"og:site_name\" content=\"Tu Gu\u00eda\" \/>\n<meta property=\"article:published_time\" content=\"2026-01-01T13:28:00+00:00\" \/>\n<meta property=\"article:modified_time\" content=\"2026-01-06T12:59:20+00:00\" \/>\n<meta property=\"og:image\" content=\"https:\/\/tuguia.combarranquilla.co\/Revista\/wp-content\/uploads\/2025\/12\/Revista-Combarranquilla-7-scaled.jpg\" \/>\n\t<meta property=\"og:image:width\" content=\"2560\" \/>\n\t<meta property=\"og:image:height\" content=\"1280\" \/>\n\t<meta property=\"og:image:type\" content=\"image\/jpeg\" \/>\n<meta name=\"author\" content=\"Comunicaciones Combarranquilla\" \/>\n<meta name=\"twitter:card\" content=\"summary_large_image\" \/>\n<meta name=\"twitter:label1\" content=\"Escrito por\" \/>\n\t<meta name=\"twitter:data1\" content=\"Comunicaciones Combarranquilla\" \/>\n\t<meta name=\"twitter:label2\" content=\"Tiempo de lectura\" \/>\n\t<meta name=\"twitter:data2\" content=\"1 minuto\" \/>\n<script type=\"application\/ld+json\" class=\"yoast-schema-graph\">{\"@context\":\"https:\\\/\\\/schema.org\",\"@graph\":[{\"@type\":\"Article\",\"@id\":\"https:\\\/\\\/tuguia.combarranquilla.co\\\/Revista\\\/descubre-nuestros-nuevos-tecnicos-laborales-soporte-tecnico-en-desarrollo-de-software-y-diseno-grafico\\\/#article\",\"isPartOf\":{\"@id\":\"https:\\\/\\\/tuguia.combarranquilla.co\\\/Revista\\\/descubre-nuestros-nuevos-tecnicos-laborales-soporte-tecnico-en-desarrollo-de-software-y-diseno-grafico\\\/\"},\"author\":{\"name\":\"Comunicaciones Combarranquilla\",\"@id\":\"https:\\\/\\\/tuguia.combarranquilla.co\\\/Revista\\\/#\\\/schema\\\/person\\\/c2c396a77170bd1d5f8ba73294eb0d10\"},\"headline\":\"Descubre nuestros T\u00e9cnicos Laborales: Soporte T\u00e9cnico en Desarrollo de Software y Dise\u00f1o Gr\u00e1fico\",\"datePublished\":\"2026-01-01T13:28:00+00:00\",\"dateModified\":\"2026-01-06T12:59:20+00:00\",\"mainEntityOfPage\":{\"@id\":\"https:\\\/\\\/tuguia.combarranquilla.co\\\/Revista\\\/descubre-nuestros-nuevos-tecnicos-laborales-soporte-tecnico-en-desarrollo-de-software-y-diseno-grafico\\\/\"},\"wordCount\":484,\"commentCount\":0,\"publisher\":{\"@id\":\"https:\\\/\\\/tuguia.combarranquilla.co\\\/Revista\\\/#organization\"},\"image\":{\"@id\":\"https:\\\/\\\/tuguia.combarranquilla.co\\\/Revista\\\/descubre-nuestros-nuevos-tecnicos-laborales-soporte-tecnico-en-desarrollo-de-software-y-diseno-grafico\\\/#primaryimage\"},\"thumbnailUrl\":\"https:\\\/\\\/tuguia.combarranquilla.co\\\/Revista\\\/wp-content\\\/uploads\\\/2025\\\/12\\\/Revista-Combarranquilla-7-scaled.jpg\",\"articleSection\":[\"FORMACI\u00d3N\"],\"inLanguage\":\"es-CO\",\"potentialAction\":[{\"@type\":\"CommentAction\",\"name\":\"Comment\",\"target\":[\"https:\\\/\\\/tuguia.combarranquilla.co\\\/Revista\\\/descubre-nuestros-nuevos-tecnicos-laborales-soporte-tecnico-en-desarrollo-de-software-y-diseno-grafico\\\/#respond\"]}]},{\"@type\":\"WebPage\",\"@id\":\"https:\\\/\\\/tuguia.combarranquilla.co\\\/Revista\\\/descubre-nuestros-nuevos-tecnicos-laborales-soporte-tecnico-en-desarrollo-de-software-y-diseno-grafico\\\/\",\"url\":\"https:\\\/\\\/tuguia.combarranquilla.co\\\/Revista\\\/descubre-nuestros-nuevos-tecnicos-laborales-soporte-tecnico-en-desarrollo-de-software-y-diseno-grafico\\\/\",\"name\":\"Descubre nuestros T\u00e9cnicos Laborales: Soporte T\u00e9cnico en Desarrollo de Software y Dise\u00f1o Gr\u00e1fico - Tu Gu\u00eda\",\"isPartOf\":{\"@id\":\"https:\\\/\\\/tuguia.combarranquilla.co\\\/Revista\\\/#website\"},\"primaryImageOfPage\":{\"@id\":\"https:\\\/\\\/tuguia.combarranquilla.co\\\/Revista\\\/descubre-nuestros-nuevos-tecnicos-laborales-soporte-tecnico-en-desarrollo-de-software-y-diseno-grafico\\\/#primaryimage\"},\"image\":{\"@id\":\"https:\\\/\\\/tuguia.combarranquilla.co\\\/Revista\\\/descubre-nuestros-nuevos-tecnicos-laborales-soporte-tecnico-en-desarrollo-de-software-y-diseno-grafico\\\/#primaryimage\"},\"thumbnailUrl\":\"https:\\\/\\\/tuguia.combarranquilla.co\\\/Revista\\\/wp-content\\\/uploads\\\/2025\\\/12\\\/Revista-Combarranquilla-7-scaled.jpg\",\"datePublished\":\"2026-01-01T13:28:00+00:00\",\"dateModified\":\"2026-01-06T12:59:20+00:00\",\"breadcrumb\":{\"@id\":\"https:\\\/\\\/tuguia.combarranquilla.co\\\/Revista\\\/descubre-nuestros-nuevos-tecnicos-laborales-soporte-tecnico-en-desarrollo-de-software-y-diseno-grafico\\\/#breadcrumb\"},\"inLanguage\":\"es-CO\",\"potentialAction\":[{\"@type\":\"ReadAction\",\"target\":[\"https:\\\/\\\/tuguia.combarranquilla.co\\\/Revista\\\/descubre-nuestros-nuevos-tecnicos-laborales-soporte-tecnico-en-desarrollo-de-software-y-diseno-grafico\\\/\"]}]},{\"@type\":\"ImageObject\",\"inLanguage\":\"es-CO\",\"@id\":\"https:\\\/\\\/tuguia.combarranquilla.co\\\/Revista\\\/descubre-nuestros-nuevos-tecnicos-laborales-soporte-tecnico-en-desarrollo-de-software-y-diseno-grafico\\\/#primaryimage\",\"url\":\"https:\\\/\\\/tuguia.combarranquilla.co\\\/Revista\\\/wp-content\\\/uploads\\\/2025\\\/12\\\/Revista-Combarranquilla-7-scaled.jpg\",\"contentUrl\":\"https:\\\/\\\/tuguia.combarranquilla.co\\\/Revista\\\/wp-content\\\/uploads\\\/2025\\\/12\\\/Revista-Combarranquilla-7-scaled.jpg\",\"width\":2560,\"height\":1280},{\"@type\":\"BreadcrumbList\",\"@id\":\"https:\\\/\\\/tuguia.combarranquilla.co\\\/Revista\\\/descubre-nuestros-nuevos-tecnicos-laborales-soporte-tecnico-en-desarrollo-de-software-y-diseno-grafico\\\/#breadcrumb\",\"itemListElement\":[{\"@type\":\"ListItem\",\"position\":1,\"name\":\"Inicio\",\"item\":\"https:\\\/\\\/tuguia.combarranquilla.co\\\/Revista\\\/\"},{\"@type\":\"ListItem\",\"position\":2,\"name\":\"Descubre nuestros T\u00e9cnicos Laborales: Soporte T\u00e9cnico en Desarrollo de Software y Dise\u00f1o Gr\u00e1fico\"}]},{\"@type\":\"WebSite\",\"@id\":\"https:\\\/\\\/tuguia.combarranquilla.co\\\/Revista\\\/#website\",\"url\":\"https:\\\/\\\/tuguia.combarranquilla.co\\\/Revista\\\/\",\"name\":\"Tu Gu\u00eda\",\"description\":\"La revista donde lo tienes todo.\",\"publisher\":{\"@id\":\"https:\\\/\\\/tuguia.combarranquilla.co\\\/Revista\\\/#organization\"},\"alternateName\":\"Tu Gu\u00eda Combarranquilla\",\"potentialAction\":[{\"@type\":\"SearchAction\",\"target\":{\"@type\":\"EntryPoint\",\"urlTemplate\":\"https:\\\/\\\/tuguia.combarranquilla.co\\\/Revista\\\/?s={search_term_string}\"},\"query-input\":{\"@type\":\"PropertyValueSpecification\",\"valueRequired\":true,\"valueName\":\"search_term_string\"}}],\"inLanguage\":\"es-CO\"},{\"@type\":\"Organization\",\"@id\":\"https:\\\/\\\/tuguia.combarranquilla.co\\\/Revista\\\/#organization\",\"name\":\"Tu Gu\u00eda Combarranquilla\",\"url\":\"https:\\\/\\\/tuguia.combarranquilla.co\\\/Revista\\\/\",\"logo\":{\"@type\":\"ImageObject\",\"inLanguage\":\"es-CO\",\"@id\":\"https:\\\/\\\/tuguia.combarranquilla.co\\\/Revista\\\/#\\\/schema\\\/logo\\\/image\\\/\",\"url\":\"https:\\\/\\\/tuguia.combarranquilla.co\\\/Revista\\\/wp-content\\\/uploads\\\/2022\\\/02\\\/logo-guia-combarranquilla.svg\",\"contentUrl\":\"https:\\\/\\\/tuguia.combarranquilla.co\\\/Revista\\\/wp-content\\\/uploads\\\/2022\\\/02\\\/logo-guia-combarranquilla.svg\",\"caption\":\"Tu Gu\u00eda Combarranquilla\"},\"image\":{\"@id\":\"https:\\\/\\\/tuguia.combarranquilla.co\\\/Revista\\\/#\\\/schema\\\/logo\\\/image\\\/\"}},{\"@type\":\"Person\",\"@id\":\"https:\\\/\\\/tuguia.combarranquilla.co\\\/Revista\\\/#\\\/schema\\\/person\\\/c2c396a77170bd1d5f8ba73294eb0d10\",\"name\":\"Comunicaciones Combarranquilla\",\"image\":{\"@type\":\"ImageObject\",\"inLanguage\":\"es-CO\",\"@id\":\"https:\\\/\\\/tuguia.combarranquilla.co\\\/Revista\\\/wp-content\\\/uploads\\\/2025\\\/05\\\/ABC-Al-Rojo-Logo-96x96.jpg\",\"url\":\"https:\\\/\\\/tuguia.combarranquilla.co\\\/Revista\\\/wp-content\\\/uploads\\\/2025\\\/05\\\/ABC-Al-Rojo-Logo-96x96.jpg\",\"contentUrl\":\"https:\\\/\\\/tuguia.combarranquilla.co\\\/Revista\\\/wp-content\\\/uploads\\\/2025\\\/05\\\/ABC-Al-Rojo-Logo-96x96.jpg\",\"caption\":\"Comunicaciones Combarranquilla\"},\"sameAs\":[\"https:\\\/\\\/www.combarranquilla.co\"],\"url\":\"https:\\\/\\\/tuguia.combarranquilla.co\\\/Revista\\\/author\\\/comunicaciones\\\/\"}]}<\/script>\n<!-- \/ Yoast SEO plugin. -->","yoast_head_json":{"title":"Descubre nuestros T\u00e9cnicos Laborales: Soporte T\u00e9cnico en Desarrollo de Software y Dise\u00f1o Gr\u00e1fico - Tu Gu\u00eda","robots":{"index":"index","follow":"follow","max-snippet":"max-snippet:-1","max-image-preview":"max-image-preview:large","max-video-preview":"max-video-preview:-1"},"canonical":"https:\/\/tuguia.combarranquilla.co\/Revista\/descubre-nuestros-nuevos-tecnicos-laborales-soporte-tecnico-en-desarrollo-de-software-y-diseno-grafico\/","og_locale":"es_ES","og_type":"article","og_title":"Descubre nuestros T\u00e9cnicos Laborales: Soporte T\u00e9cnico en Desarrollo de Software y Dise\u00f1o Gr\u00e1fico - Tu Gu\u00eda","og_description":"En Combarranquilla, reconocemos que la clave para abrir puertas al mundo laboral est\u00e1 en la formaci\u00f3n especializada. Por eso, a trav\u00e9s del Centro de Formaci\u00f3n, se ofrecen dos nuevos programas de T\u00e9cnicos Laborales que combinan creatividad y tecnolog\u00eda. Estos programas no solo est\u00e1n dise\u00f1ados para formar expertos, sino para desarrollar herramientas que transformen las habilidades [&hellip;]","og_url":"https:\/\/tuguia.combarranquilla.co\/Revista\/descubre-nuestros-nuevos-tecnicos-laborales-soporte-tecnico-en-desarrollo-de-software-y-diseno-grafico\/","og_site_name":"Tu Gu\u00eda","article_published_time":"2026-01-01T13:28:00+00:00","article_modified_time":"2026-01-06T12:59:20+00:00","og_image":[{"width":2560,"height":1280,"url":"https:\/\/tuguia.combarranquilla.co\/Revista\/wp-content\/uploads\/2025\/12\/Revista-Combarranquilla-7-scaled.jpg","type":"image\/jpeg"}],"author":"Comunicaciones Combarranquilla","twitter_card":"summary_large_image","twitter_misc":{"Escrito por":"Comunicaciones Combarranquilla","Tiempo de lectura":"1 minuto"},"schema":{"@context":"https:\/\/schema.org","@graph":[{"@type":"Article","@id":"https:\/\/tuguia.combarranquilla.co\/Revista\/descubre-nuestros-nuevos-tecnicos-laborales-soporte-tecnico-en-desarrollo-de-software-y-diseno-grafico\/#article","isPartOf":{"@id":"https:\/\/tuguia.combarranquilla.co\/Revista\/descubre-nuestros-nuevos-tecnicos-laborales-soporte-tecnico-en-desarrollo-de-software-y-diseno-grafico\/"},"author":{"name":"Comunicaciones Combarranquilla","@id":"https:\/\/tuguia.combarranquilla.co\/Revista\/#\/schema\/person\/c2c396a77170bd1d5f8ba73294eb0d10"},"headline":"Descubre nuestros T\u00e9cnicos Laborales: Soporte T\u00e9cnico en Desarrollo de Software y Dise\u00f1o Gr\u00e1fico","datePublished":"2026-01-01T13:28:00+00:00","dateModified":"2026-01-06T12:59:20+00:00","mainEntityOfPage":{"@id":"https:\/\/tuguia.combarranquilla.co\/Revista\/descubre-nuestros-nuevos-tecnicos-laborales-soporte-tecnico-en-desarrollo-de-software-y-diseno-grafico\/"},"wordCount":484,"commentCount":0,"publisher":{"@id":"https:\/\/tuguia.combarranquilla.co\/Revista\/#organization"},"image":{"@id":"https:\/\/tuguia.combarranquilla.co\/Revista\/descubre-nuestros-nuevos-tecnicos-laborales-soporte-tecnico-en-desarrollo-de-software-y-diseno-grafico\/#primaryimage"},"thumbnailUrl":"https:\/\/tuguia.combarranquilla.co\/Revista\/wp-content\/uploads\/2025\/12\/Revista-Combarranquilla-7-scaled.jpg","articleSection":["FORMACI\u00d3N"],"inLanguage":"es-CO","potentialAction":[{"@type":"CommentAction","name":"Comment","target":["https:\/\/tuguia.combarranquilla.co\/Revista\/descubre-nuestros-nuevos-tecnicos-laborales-soporte-tecnico-en-desarrollo-de-software-y-diseno-grafico\/#respond"]}]},{"@type":"WebPage","@id":"https:\/\/tuguia.combarranquilla.co\/Revista\/descubre-nuestros-nuevos-tecnicos-laborales-soporte-tecnico-en-desarrollo-de-software-y-diseno-grafico\/","url":"https:\/\/tuguia.combarranquilla.co\/Revista\/descubre-nuestros-nuevos-tecnicos-laborales-soporte-tecnico-en-desarrollo-de-software-y-diseno-grafico\/","name":"Descubre nuestros T\u00e9cnicos Laborales: Soporte T\u00e9cnico en Desarrollo de Software y Dise\u00f1o Gr\u00e1fico - Tu Gu\u00eda","isPartOf":{"@id":"https:\/\/tuguia.combarranquilla.co\/Revista\/#website"},"primaryImageOfPage":{"@id":"https:\/\/tuguia.combarranquilla.co\/Revista\/descubre-nuestros-nuevos-tecnicos-laborales-soporte-tecnico-en-desarrollo-de-software-y-diseno-grafico\/#primaryimage"},"image":{"@id":"https:\/\/tuguia.combarranquilla.co\/Revista\/descubre-nuestros-nuevos-tecnicos-laborales-soporte-tecnico-en-desarrollo-de-software-y-diseno-grafico\/#primaryimage"},"thumbnailUrl":"https:\/\/tuguia.combarranquilla.co\/Revista\/wp-content\/uploads\/2025\/12\/Revista-Combarranquilla-7-scaled.jpg","datePublished":"2026-01-01T13:28:00+00:00","dateModified":"2026-01-06T12:59:20+00:00","breadcrumb":{"@id":"https:\/\/tuguia.combarranquilla.co\/Revista\/descubre-nuestros-nuevos-tecnicos-laborales-soporte-tecnico-en-desarrollo-de-software-y-diseno-grafico\/#breadcrumb"},"inLanguage":"es-CO","potentialAction":[{"@type":"ReadAction","target":["https:\/\/tuguia.combarranquilla.co\/Revista\/descubre-nuestros-nuevos-tecnicos-laborales-soporte-tecnico-en-desarrollo-de-software-y-diseno-grafico\/"]}]},{"@type":"ImageObject","inLanguage":"es-CO","@id":"https:\/\/tuguia.combarranquilla.co\/Revista\/descubre-nuestros-nuevos-tecnicos-laborales-soporte-tecnico-en-desarrollo-de-software-y-diseno-grafico\/#primaryimage","url":"https:\/\/tuguia.combarranquilla.co\/Revista\/wp-content\/uploads\/2025\/12\/Revista-Combarranquilla-7-scaled.jpg","contentUrl":"https:\/\/tuguia.combarranquilla.co\/Revista\/wp-content\/uploads\/2025\/12\/Revista-Combarranquilla-7-scaled.jpg","width":2560,"height":1280},{"@type":"BreadcrumbList","@id":"https:\/\/tuguia.combarranquilla.co\/Revista\/descubre-nuestros-nuevos-tecnicos-laborales-soporte-tecnico-en-desarrollo-de-software-y-diseno-grafico\/#breadcrumb","itemListElement":[{"@type":"ListItem","position":1,"name":"Inicio","item":"https:\/\/tuguia.combarranquilla.co\/Revista\/"},{"@type":"ListItem","position":2,"name":"Descubre nuestros T\u00e9cnicos Laborales: Soporte T\u00e9cnico en Desarrollo de Software y Dise\u00f1o Gr\u00e1fico"}]},{"@type":"WebSite","@id":"https:\/\/tuguia.combarranquilla.co\/Revista\/#website","url":"https:\/\/tuguia.combarranquilla.co\/Revista\/","name":"Tu Gu\u00eda","description":"La revista donde lo tienes todo.","publisher":{"@id":"https:\/\/tuguia.combarranquilla.co\/Revista\/#organization"},"alternateName":"Tu Gu\u00eda Combarranquilla","potentialAction":[{"@type":"SearchAction","target":{"@type":"EntryPoint","urlTemplate":"https:\/\/tuguia.combarranquilla.co\/Revista\/?s={search_term_string}"},"query-input":{"@type":"PropertyValueSpecification","valueRequired":true,"valueName":"search_term_string"}}],"inLanguage":"es-CO"},{"@type":"Organization","@id":"https:\/\/tuguia.combarranquilla.co\/Revista\/#organization","name":"Tu Gu\u00eda Combarranquilla","url":"https:\/\/tuguia.combarranquilla.co\/Revista\/","logo":{"@type":"ImageObject","inLanguage":"es-CO","@id":"https:\/\/tuguia.combarranquilla.co\/Revista\/#\/schema\/logo\/image\/","url":"https:\/\/tuguia.combarranquilla.co\/Revista\/wp-content\/uploads\/2022\/02\/logo-guia-combarranquilla.svg","contentUrl":"https:\/\/tuguia.combarranquilla.co\/Revista\/wp-content\/uploads\/2022\/02\/logo-guia-combarranquilla.svg","caption":"Tu Gu\u00eda Combarranquilla"},"image":{"@id":"https:\/\/tuguia.combarranquilla.co\/Revista\/#\/schema\/logo\/image\/"}},{"@type":"Person","@id":"https:\/\/tuguia.combarranquilla.co\/Revista\/#\/schema\/person\/c2c396a77170bd1d5f8ba73294eb0d10","name":"Comunicaciones Combarranquilla","image":{"@type":"ImageObject","inLanguage":"es-CO","@id":"https:\/\/tuguia.combarranquilla.co\/Revista\/wp-content\/uploads\/2025\/05\/ABC-Al-Rojo-Logo-96x96.jpg","url":"https:\/\/tuguia.combarranquilla.co\/Revista\/wp-content\/uploads\/2025\/05\/ABC-Al-Rojo-Logo-96x96.jpg","contentUrl":"https:\/\/tuguia.combarranquilla.co\/Revista\/wp-content\/uploads\/2025\/05\/ABC-Al-Rojo-Logo-96x96.jpg","caption":"Comunicaciones Combarranquilla"},"sameAs":["https:\/\/www.combarranquilla.co"],"url":"https:\/\/tuguia.combarranquilla.co\/Revista\/author\/comunicaciones\/"}]}},"_links":{"self":[{"href":"https:\/\/tuguia.combarranquilla.co\/Revista\/wp-json\/wp\/v2\/posts\/8409","targetHints":{"allow":["GET"]}}],"collection":[{"href":"https:\/\/tuguia.combarranquilla.co\/Revista\/wp-json\/wp\/v2\/posts"}],"about":[{"href":"https:\/\/tuguia.combarranquilla.co\/Revista\/wp-json\/wp\/v2\/types\/post"}],"author":[{"embeddable":true,"href":"https:\/\/tuguia.combarranquilla.co\/Revista\/wp-json\/wp\/v2\/users\/2"}],"replies":[{"embeddable":true,"href":"https:\/\/tuguia.combarranquilla.co\/Revista\/wp-json\/wp\/v2\/comments?post=8409"}],"version-history":[{"count":3,"href":"https:\/\/tuguia.combarranquilla.co\/Revista\/wp-json\/wp\/v2\/posts\/8409\/revisions"}],"predecessor-version":[{"id":8447,"href":"https:\/\/tuguia.combarranquilla.co\/Revista\/wp-json\/wp\/v2\/posts\/8409\/revisions\/8447"}],"wp:featuredmedia":[{"embeddable":true,"href":"https:\/\/tuguia.combarranquilla.co\/Revista\/wp-json\/wp\/v2\/media\/8411"}],"wp:attachment":[{"href":"https:\/\/tuguia.combarranquilla.co\/Revista\/wp-json\/wp\/v2\/media?parent=8409"}],"wp:term":[{"taxonomy":"category","embeddable":true,"href":"https:\/\/tuguia.combarranquilla.co\/Revista\/wp-json\/wp\/v2\/categories?post=8409"},{"taxonomy":"post_tag","embeddable":true,"href":"https:\/\/tuguia.combarranquilla.co\/Revista\/wp-json\/wp\/v2\/tags?post=8409"}],"curies":[{"name":"wp","href":"https:\/\/api.w.org\/{rel}","templated":true}]}}