{"id":8414,"date":"2026-01-01T08:50:00","date_gmt":"2026-01-01T13:50:00","guid":{"rendered":"https:\/\/tuguia.combarranquilla.co\/Revista\/?p=8414"},"modified":"2026-01-26T15:22:27","modified_gmt":"2026-01-26T20:22:27","slug":"inicia-el-ano-en-nuestras-bibliotecas-recomendados-del-mes","status":"publish","type":"post","link":"https:\/\/tuguia.combarranquilla.co\/Revista\/inicia-el-ano-en-nuestras-bibliotecas-recomendados-del-mes\/","title":{"rendered":"Inicia el a\u00f1o en nuestras bibliotecas: cursos infantiles y recomendados del mes"},"content":{"rendered":"\n<p>Invitamos cordialmente a nuestros afiliados a visitar los espacios de la Biblioteca Boston y la Biblioteca Calle 30, ambientes dise\u00f1ados para fomentar la lectura, el aprendizaje y el acceso a la cultura. <\/p>\n\n\n\n<p>En estos espacios encontrar\u00e1n libros llenos de conocimiento y aventuras, as\u00ed como un entorno ideal para el estudio, la reflexi\u00f3n y el disfrute cultural para todas las edades.<\/p>\n\n\n\n<p class=\"has-text-color has-link-color wp-elements-8ac112ebba3ce1ce8c59a07eb37d912e\" style=\"color:#842020;font-size:16px\"><strong><em>Estos cursos de enero ya no tienen cupos disponibles<\/em><\/strong>. <em><strong>Durante el a\u00f1o, se abrir\u00e1n m\u00e1s talleres ofrecidos por nuestras bibliotecas.<\/strong><\/em><\/p>\n\n\n\n<h2 class=\"wp-block-heading\" style=\"font-size:28px\">Agenda Cultural<\/h2>\n\n\n\n<p><strong><em>Lectura, ingl\u00e9s y arte para los m\u00e1s peque\u00f1os<\/em><\/strong>.<\/p>\n\n\n\n<p class=\"has-background\" style=\"background-color:#e3f3e3\"><strong>Taller de lectoescritura<\/strong><\/p>\n\n\n\n<div class=\"wp-block-group is-vertical is-layout-flex wp-container-core-group-is-layout-8cf370e7 wp-block-group-is-layout-flex\">\n<p>Actividad para ni\u00f1os de primaria<\/p>\n\n\n\n<p><strong>Duraci\u00f3n:<\/strong> 6 s\u00e1bados<\/p>\n\n\n\n<p><strong>Hora: <\/strong>8:00 a.m. a 10:00 a.m.<\/p>\n\n\n\n<p><strong>Lugar: <\/strong>Unidad Calle 30<\/p>\n\n\n\n<p><\/p>\n<\/div>\n\n\n\n<figure class=\"wp-block-table\"><table class=\"has-fixed-layout\"><tbody><tr><td class=\"has-text-align-center\" data-align=\"center\"><strong>Cat. A<\/strong><\/td><td><strong>Cat. B<\/strong><\/td><td class=\"has-text-align-center\" data-align=\"center\"><strong>Cat. C<\/strong><\/td><td class=\"has-text-align-center\" data-align=\"center\"><strong>No Afiliados<\/strong><\/td><\/tr><tr><td class=\"has-text-align-center\" data-align=\"center\">$37.600<\/td><td>$42.300<\/td><td class=\"has-text-align-center\" data-align=\"center\">$49.500<\/td><td class=\"has-text-align-center\" data-align=\"center\">$67.000<\/td><\/tr><\/tbody><\/table><\/figure>\n\n\n\n<div class=\"wp-block-group is-vertical is-layout-flex wp-container-core-group-is-layout-8cf370e7 wp-block-group-is-layout-flex\">\n<p style=\"font-size:14px\"><em>*No incluye materiales<\/em><\/p>\n\n\n\n<p style=\"font-size:14px\"><em>*Cupos limitados<\/em><\/p>\n<\/div>\n\n\n\n<p class=\"has-background\" style=\"background-color:#e3f3e3\"><strong>English Club Kids<\/strong><\/p>\n\n\n\n<div class=\"wp-block-group is-vertical is-layout-flex wp-container-core-group-is-layout-8cf370e7 wp-block-group-is-layout-flex\">\n<p>Actividad para ni\u00f1os de 6 a 8 a\u00f1os<\/p>\n\n\n\n<p><strong>Duraci\u00f3n:<\/strong> 6 s\u00e1bados<\/p>\n\n\n\n<p><strong>Hora: <\/strong>8:00 a.m. a 10:00 a.m.<\/p>\n\n\n\n<p><strong>Lugar: <\/strong>Unidad Calle 30<\/p>\n\n\n\n<p><\/p>\n<\/div>\n\n\n\n<figure class=\"wp-block-table\"><table class=\"has-fixed-layout\"><tbody><tr><td class=\"has-text-align-center\" data-align=\"center\"><strong>Cat. A<\/strong><\/td><td class=\"has-text-align-center\" data-align=\"center\"><strong>Cat. B<\/strong><\/td><td class=\"has-text-align-center\" data-align=\"center\"><strong>Cat. C<\/strong><\/td><td class=\"has-text-align-center\" data-align=\"center\"><strong>No Afiliados<\/strong><\/td><\/tr><tr><td class=\"has-text-align-center\" data-align=\"center\">$31.400<\/td><td class=\"has-text-align-center\" data-align=\"center\">$35.200<\/td><td class=\"has-text-align-center\" data-align=\"center\">$41.200<\/td><td class=\"has-text-align-center\" data-align=\"center\">$55.900<\/td><\/tr><\/tbody><\/table><\/figure>\n\n\n\n<div class=\"wp-block-group is-vertical is-layout-flex wp-container-core-group-is-layout-8cf370e7 wp-block-group-is-layout-flex\">\n<p style=\"font-size:14px\"><em>*No incluye materiales<\/em><\/p>\n\n\n\n<p style=\"font-size:14px\"><em>*Cupos limitados<\/em><\/p>\n<\/div>\n\n\n\n<p class=\"has-background\" style=\"background-color:#e3f3e3\"><strong>Taller de pintura infantil<\/strong><\/p>\n\n\n\n<div class=\"wp-block-group is-vertical is-layout-flex wp-container-core-group-is-layout-8cf370e7 wp-block-group-is-layout-flex\">\n<p>Actividad para ni\u00f1os de 7 a 12 a\u00f1os<\/p>\n\n\n\n<p><strong>Duraci\u00f3n:<\/strong> 4 s\u00e1bados<\/p>\n\n\n\n<p><strong>Hora:<\/strong> 9:00 a.m. a 12:00 m.<\/p>\n\n\n\n<p><strong>Lugar:<\/strong> Unidad Boston<\/p>\n\n\n\n<p><\/p>\n<\/div>\n\n\n\n<figure class=\"wp-block-table\"><table class=\"has-fixed-layout\"><tbody><tr><td class=\"has-text-align-center\" data-align=\"center\"><strong>Cat. A<\/strong><\/td><td class=\"has-text-align-center\" data-align=\"center\"><strong>Cat. B<\/strong><\/td><td class=\"has-text-align-center\" data-align=\"center\"><strong>Cat. C<\/strong><\/td><td class=\"has-text-align-center\" data-align=\"center\"><strong>No Afiliados<\/strong><\/td><\/tr><tr><td class=\"has-text-align-center\" data-align=\"center\">$53.200<\/td><td class=\"has-text-align-center\" data-align=\"center\">$57.700<\/td><td class=\"has-text-align-center\" data-align=\"center\">$93.300<\/td><td class=\"has-text-align-center\" data-align=\"center\">$110.800<\/td><\/tr><\/tbody><\/table><\/figure>\n\n\n\n<div class=\"wp-block-group is-vertical is-layout-flex wp-container-core-group-is-layout-8cf370e7 wp-block-group-is-layout-flex\">\n<p style=\"font-size:14px\"><em>*No incluye materiales<\/em><\/p>\n\n\n\n<p style=\"font-size:14px\"><em>*Cupos limitados<\/em><\/p>\n<\/div>\n\n\n\n<p><\/p>\n\n\n\n<p>Para m\u00e1s informaci\u00f3n, cont\u00e1ctanos a nuestra l\u00ednea verde (605) 3225049 &#8211; Opci\u00f3n 3.<\/p>\n\n\n\n<h2 class=\"wp-block-heading\" style=\"font-size:28px\">Libros recomendados<\/h2>\n\n\n\n<p>Descubre los recomendados de este mes del bibliotecario.<\/p>\n\n\n<div class=\"wp-block-image\">\n<figure class=\"aligncenter size-full\"><img decoding=\"async\" width=\"1810\" height=\"2560\" data-src=\"https:\/\/tuguia.combarranquilla.co\/Revista\/wp-content\/uploads\/2026\/01\/Recomendados-bibliotecas-comba-1-scaled.jpg\" alt=\"\" class=\"wp-image-8434 lazyload\" data-srcset=\"https:\/\/tuguia.combarranquilla.co\/Revista\/wp-content\/uploads\/2026\/01\/Recomendados-bibliotecas-comba-1-scaled.jpg 1810w, https:\/\/tuguia.combarranquilla.co\/Revista\/wp-content\/uploads\/2026\/01\/Recomendados-bibliotecas-comba-1-212x300.jpg 212w, https:\/\/tuguia.combarranquilla.co\/Revista\/wp-content\/uploads\/2026\/01\/Recomendados-bibliotecas-comba-1-724x1024.jpg 724w, https:\/\/tuguia.combarranquilla.co\/Revista\/wp-content\/uploads\/2026\/01\/Recomendados-bibliotecas-comba-1-768x1086.jpg 768w, https:\/\/tuguia.combarranquilla.co\/Revista\/wp-content\/uploads\/2026\/01\/Recomendados-bibliotecas-comba-1-1086x1536.jpg 1086w, https:\/\/tuguia.combarranquilla.co\/Revista\/wp-content\/uploads\/2026\/01\/Recomendados-bibliotecas-comba-1-1448x2048.jpg 1448w\" data-sizes=\"(max-width: 1810px) 100vw, 1810px\" src=\"data:image\/svg+xml;base64,PHN2ZyB3aWR0aD0iMSIgaGVpZ2h0PSIxIiB4bWxucz0iaHR0cDovL3d3dy53My5vcmcvMjAwMC9zdmciPjwvc3ZnPg==\" style=\"--smush-placeholder-width: 1810px; --smush-placeholder-aspect-ratio: 1810\/2560;\" \/><\/figure><\/div>","protected":false},"excerpt":{"rendered":"<p>Invitamos cordialmente a nuestros afiliados a visitar los espacios de la Biblioteca Boston y la Biblioteca Calle 30, ambientes dise\u00f1ados para fomentar la lectura, el aprendizaje y el acceso a la cultura. En estos espacios encontrar\u00e1n libros llenos de conocimiento y aventuras, as\u00ed como un entorno ideal para el estudio, la reflexi\u00f3n y el disfrute [&hellip;]<\/p>\n","protected":false},"author":2,"featured_media":8415,"comment_status":"open","ping_status":"open","sticky":false,"template":"","format":"standard","meta":{"inline_featured_image":false,"footnotes":""},"categories":[4],"tags":[],"class_list":["post-8414","post","type-post","status-publish","format-standard","has-post-thumbnail","hentry","category-ciencia-y-cultura"],"yoast_head":"<!-- This site is optimized with the Yoast SEO plugin v27.4 - https:\/\/yoast.com\/product\/yoast-seo-wordpress\/ -->\n<title>Inicia el a\u00f1o en nuestras bibliotecas: cursos infantiles y recomendados del mes - Tu Gu\u00eda<\/title>\n<meta name=\"robots\" content=\"index, follow, max-snippet:-1, max-image-preview:large, max-video-preview:-1\" \/>\n<link rel=\"canonical\" href=\"https:\/\/tuguia.combarranquilla.co\/Revista\/inicia-el-ano-en-nuestras-bibliotecas-recomendados-del-mes\/\" \/>\n<meta property=\"og:locale\" content=\"es_ES\" \/>\n<meta property=\"og:type\" content=\"article\" \/>\n<meta property=\"og:title\" content=\"Inicia el a\u00f1o en nuestras bibliotecas: cursos infantiles y recomendados del mes - Tu Gu\u00eda\" \/>\n<meta property=\"og:description\" content=\"Invitamos cordialmente a nuestros afiliados a visitar los espacios de la Biblioteca Boston y la Biblioteca Calle 30, ambientes dise\u00f1ados para fomentar la lectura, el aprendizaje y el acceso a la cultura. En estos espacios encontrar\u00e1n libros llenos de conocimiento y aventuras, as\u00ed como un entorno ideal para el estudio, la reflexi\u00f3n y el disfrute [&hellip;]\" \/>\n<meta property=\"og:url\" content=\"https:\/\/tuguia.combarranquilla.co\/Revista\/inicia-el-ano-en-nuestras-bibliotecas-recomendados-del-mes\/\" \/>\n<meta property=\"og:site_name\" content=\"Tu Gu\u00eda\" \/>\n<meta property=\"article:published_time\" content=\"2026-01-01T13:50:00+00:00\" \/>\n<meta property=\"article:modified_time\" content=\"2026-01-26T20:22:27+00:00\" \/>\n<meta property=\"og:image\" content=\"https:\/\/tuguia.combarranquilla.co\/Revista\/wp-content\/uploads\/2026\/01\/Revista-Combarranquilla-scaled.jpg\" \/>\n\t<meta property=\"og:image:width\" content=\"2560\" \/>\n\t<meta property=\"og:image:height\" content=\"1280\" \/>\n\t<meta property=\"og:image:type\" content=\"image\/jpeg\" \/>\n<meta name=\"author\" content=\"Comunicaciones Combarranquilla\" \/>\n<meta name=\"twitter:card\" content=\"summary_large_image\" \/>\n<meta name=\"twitter:label1\" content=\"Escrito por\" \/>\n\t<meta name=\"twitter:data1\" content=\"Comunicaciones Combarranquilla\" \/>\n\t<meta name=\"twitter:label2\" content=\"Tiempo de lectura\" \/>\n\t<meta name=\"twitter:data2\" content=\"2 minutos\" \/>\n<script type=\"application\/ld+json\" class=\"yoast-schema-graph\">{\"@context\":\"https:\\\/\\\/schema.org\",\"@graph\":[{\"@type\":\"Article\",\"@id\":\"https:\\\/\\\/tuguia.combarranquilla.co\\\/Revista\\\/inicia-el-ano-en-nuestras-bibliotecas-recomendados-del-mes\\\/#article\",\"isPartOf\":{\"@id\":\"https:\\\/\\\/tuguia.combarranquilla.co\\\/Revista\\\/inicia-el-ano-en-nuestras-bibliotecas-recomendados-del-mes\\\/\"},\"author\":{\"name\":\"Comunicaciones Combarranquilla\",\"@id\":\"https:\\\/\\\/tuguia.combarranquilla.co\\\/Revista\\\/#\\\/schema\\\/person\\\/c2c396a77170bd1d5f8ba73294eb0d10\"},\"headline\":\"Inicia el a\u00f1o en nuestras bibliotecas: cursos infantiles y recomendados del mes\",\"datePublished\":\"2026-01-01T13:50:00+00:00\",\"dateModified\":\"2026-01-26T20:22:27+00:00\",\"mainEntityOfPage\":{\"@id\":\"https:\\\/\\\/tuguia.combarranquilla.co\\\/Revista\\\/inicia-el-ano-en-nuestras-bibliotecas-recomendados-del-mes\\\/\"},\"wordCount\":245,\"commentCount\":0,\"publisher\":{\"@id\":\"https:\\\/\\\/tuguia.combarranquilla.co\\\/Revista\\\/#organization\"},\"image\":{\"@id\":\"https:\\\/\\\/tuguia.combarranquilla.co\\\/Revista\\\/inicia-el-ano-en-nuestras-bibliotecas-recomendados-del-mes\\\/#primaryimage\"},\"thumbnailUrl\":\"https:\\\/\\\/tuguia.combarranquilla.co\\\/Revista\\\/wp-content\\\/uploads\\\/2026\\\/01\\\/Revista-Combarranquilla-scaled.jpg\",\"articleSection\":[\"CIENCIA Y CULTURA\"],\"inLanguage\":\"es-CO\",\"potentialAction\":[{\"@type\":\"CommentAction\",\"name\":\"Comment\",\"target\":[\"https:\\\/\\\/tuguia.combarranquilla.co\\\/Revista\\\/inicia-el-ano-en-nuestras-bibliotecas-recomendados-del-mes\\\/#respond\"]}]},{\"@type\":\"WebPage\",\"@id\":\"https:\\\/\\\/tuguia.combarranquilla.co\\\/Revista\\\/inicia-el-ano-en-nuestras-bibliotecas-recomendados-del-mes\\\/\",\"url\":\"https:\\\/\\\/tuguia.combarranquilla.co\\\/Revista\\\/inicia-el-ano-en-nuestras-bibliotecas-recomendados-del-mes\\\/\",\"name\":\"Inicia el a\u00f1o en nuestras bibliotecas: cursos infantiles y recomendados del mes - Tu Gu\u00eda\",\"isPartOf\":{\"@id\":\"https:\\\/\\\/tuguia.combarranquilla.co\\\/Revista\\\/#website\"},\"primaryImageOfPage\":{\"@id\":\"https:\\\/\\\/tuguia.combarranquilla.co\\\/Revista\\\/inicia-el-ano-en-nuestras-bibliotecas-recomendados-del-mes\\\/#primaryimage\"},\"image\":{\"@id\":\"https:\\\/\\\/tuguia.combarranquilla.co\\\/Revista\\\/inicia-el-ano-en-nuestras-bibliotecas-recomendados-del-mes\\\/#primaryimage\"},\"thumbnailUrl\":\"https:\\\/\\\/tuguia.combarranquilla.co\\\/Revista\\\/wp-content\\\/uploads\\\/2026\\\/01\\\/Revista-Combarranquilla-scaled.jpg\",\"datePublished\":\"2026-01-01T13:50:00+00:00\",\"dateModified\":\"2026-01-26T20:22:27+00:00\",\"breadcrumb\":{\"@id\":\"https:\\\/\\\/tuguia.combarranquilla.co\\\/Revista\\\/inicia-el-ano-en-nuestras-bibliotecas-recomendados-del-mes\\\/#breadcrumb\"},\"inLanguage\":\"es-CO\",\"potentialAction\":[{\"@type\":\"ReadAction\",\"target\":[\"https:\\\/\\\/tuguia.combarranquilla.co\\\/Revista\\\/inicia-el-ano-en-nuestras-bibliotecas-recomendados-del-mes\\\/\"]}]},{\"@type\":\"ImageObject\",\"inLanguage\":\"es-CO\",\"@id\":\"https:\\\/\\\/tuguia.combarranquilla.co\\\/Revista\\\/inicia-el-ano-en-nuestras-bibliotecas-recomendados-del-mes\\\/#primaryimage\",\"url\":\"https:\\\/\\\/tuguia.combarranquilla.co\\\/Revista\\\/wp-content\\\/uploads\\\/2026\\\/01\\\/Revista-Combarranquilla-scaled.jpg\",\"contentUrl\":\"https:\\\/\\\/tuguia.combarranquilla.co\\\/Revista\\\/wp-content\\\/uploads\\\/2026\\\/01\\\/Revista-Combarranquilla-scaled.jpg\",\"width\":2560,\"height\":1280},{\"@type\":\"BreadcrumbList\",\"@id\":\"https:\\\/\\\/tuguia.combarranquilla.co\\\/Revista\\\/inicia-el-ano-en-nuestras-bibliotecas-recomendados-del-mes\\\/#breadcrumb\",\"itemListElement\":[{\"@type\":\"ListItem\",\"position\":1,\"name\":\"Inicio\",\"item\":\"https:\\\/\\\/tuguia.combarranquilla.co\\\/Revista\\\/\"},{\"@type\":\"ListItem\",\"position\":2,\"name\":\"Inicia el a\u00f1o en nuestras bibliotecas: cursos infantiles y recomendados del mes\"}]},{\"@type\":\"WebSite\",\"@id\":\"https:\\\/\\\/tuguia.combarranquilla.co\\\/Revista\\\/#website\",\"url\":\"https:\\\/\\\/tuguia.combarranquilla.co\\\/Revista\\\/\",\"name\":\"Tu Gu\u00eda\",\"description\":\"La revista donde lo tienes todo.\",\"publisher\":{\"@id\":\"https:\\\/\\\/tuguia.combarranquilla.co\\\/Revista\\\/#organization\"},\"alternateName\":\"Tu Gu\u00eda Combarranquilla\",\"potentialAction\":[{\"@type\":\"SearchAction\",\"target\":{\"@type\":\"EntryPoint\",\"urlTemplate\":\"https:\\\/\\\/tuguia.combarranquilla.co\\\/Revista\\\/?s={search_term_string}\"},\"query-input\":{\"@type\":\"PropertyValueSpecification\",\"valueRequired\":true,\"valueName\":\"search_term_string\"}}],\"inLanguage\":\"es-CO\"},{\"@type\":\"Organization\",\"@id\":\"https:\\\/\\\/tuguia.combarranquilla.co\\\/Revista\\\/#organization\",\"name\":\"Tu Gu\u00eda Combarranquilla\",\"url\":\"https:\\\/\\\/tuguia.combarranquilla.co\\\/Revista\\\/\",\"logo\":{\"@type\":\"ImageObject\",\"inLanguage\":\"es-CO\",\"@id\":\"https:\\\/\\\/tuguia.combarranquilla.co\\\/Revista\\\/#\\\/schema\\\/logo\\\/image\\\/\",\"url\":\"https:\\\/\\\/tuguia.combarranquilla.co\\\/Revista\\\/wp-content\\\/uploads\\\/2022\\\/02\\\/logo-guia-combarranquilla.svg\",\"contentUrl\":\"https:\\\/\\\/tuguia.combarranquilla.co\\\/Revista\\\/wp-content\\\/uploads\\\/2022\\\/02\\\/logo-guia-combarranquilla.svg\",\"caption\":\"Tu Gu\u00eda Combarranquilla\"},\"image\":{\"@id\":\"https:\\\/\\\/tuguia.combarranquilla.co\\\/Revista\\\/#\\\/schema\\\/logo\\\/image\\\/\"}},{\"@type\":\"Person\",\"@id\":\"https:\\\/\\\/tuguia.combarranquilla.co\\\/Revista\\\/#\\\/schema\\\/person\\\/c2c396a77170bd1d5f8ba73294eb0d10\",\"name\":\"Comunicaciones Combarranquilla\",\"image\":{\"@type\":\"ImageObject\",\"inLanguage\":\"es-CO\",\"@id\":\"https:\\\/\\\/tuguia.combarranquilla.co\\\/Revista\\\/wp-content\\\/uploads\\\/2025\\\/05\\\/ABC-Al-Rojo-Logo-96x96.jpg\",\"url\":\"https:\\\/\\\/tuguia.combarranquilla.co\\\/Revista\\\/wp-content\\\/uploads\\\/2025\\\/05\\\/ABC-Al-Rojo-Logo-96x96.jpg\",\"contentUrl\":\"https:\\\/\\\/tuguia.combarranquilla.co\\\/Revista\\\/wp-content\\\/uploads\\\/2025\\\/05\\\/ABC-Al-Rojo-Logo-96x96.jpg\",\"caption\":\"Comunicaciones Combarranquilla\"},\"sameAs\":[\"https:\\\/\\\/www.combarranquilla.co\"],\"url\":\"https:\\\/\\\/tuguia.combarranquilla.co\\\/Revista\\\/author\\\/comunicaciones\\\/\"}]}<\/script>\n<!-- \/ Yoast SEO plugin. -->","yoast_head_json":{"title":"Inicia el a\u00f1o en nuestras bibliotecas: cursos infantiles y recomendados del mes - Tu Gu\u00eda","robots":{"index":"index","follow":"follow","max-snippet":"max-snippet:-1","max-image-preview":"max-image-preview:large","max-video-preview":"max-video-preview:-1"},"canonical":"https:\/\/tuguia.combarranquilla.co\/Revista\/inicia-el-ano-en-nuestras-bibliotecas-recomendados-del-mes\/","og_locale":"es_ES","og_type":"article","og_title":"Inicia el a\u00f1o en nuestras bibliotecas: cursos infantiles y recomendados del mes - Tu Gu\u00eda","og_description":"Invitamos cordialmente a nuestros afiliados a visitar los espacios de la Biblioteca Boston y la Biblioteca Calle 30, ambientes dise\u00f1ados para fomentar la lectura, el aprendizaje y el acceso a la cultura. En estos espacios encontrar\u00e1n libros llenos de conocimiento y aventuras, as\u00ed como un entorno ideal para el estudio, la reflexi\u00f3n y el disfrute [&hellip;]","og_url":"https:\/\/tuguia.combarranquilla.co\/Revista\/inicia-el-ano-en-nuestras-bibliotecas-recomendados-del-mes\/","og_site_name":"Tu Gu\u00eda","article_published_time":"2026-01-01T13:50:00+00:00","article_modified_time":"2026-01-26T20:22:27+00:00","og_image":[{"width":2560,"height":1280,"url":"https:\/\/tuguia.combarranquilla.co\/Revista\/wp-content\/uploads\/2026\/01\/Revista-Combarranquilla-scaled.jpg","type":"image\/jpeg"}],"author":"Comunicaciones Combarranquilla","twitter_card":"summary_large_image","twitter_misc":{"Escrito por":"Comunicaciones Combarranquilla","Tiempo de lectura":"2 minutos"},"schema":{"@context":"https:\/\/schema.org","@graph":[{"@type":"Article","@id":"https:\/\/tuguia.combarranquilla.co\/Revista\/inicia-el-ano-en-nuestras-bibliotecas-recomendados-del-mes\/#article","isPartOf":{"@id":"https:\/\/tuguia.combarranquilla.co\/Revista\/inicia-el-ano-en-nuestras-bibliotecas-recomendados-del-mes\/"},"author":{"name":"Comunicaciones Combarranquilla","@id":"https:\/\/tuguia.combarranquilla.co\/Revista\/#\/schema\/person\/c2c396a77170bd1d5f8ba73294eb0d10"},"headline":"Inicia el a\u00f1o en nuestras bibliotecas: cursos infantiles y recomendados del mes","datePublished":"2026-01-01T13:50:00+00:00","dateModified":"2026-01-26T20:22:27+00:00","mainEntityOfPage":{"@id":"https:\/\/tuguia.combarranquilla.co\/Revista\/inicia-el-ano-en-nuestras-bibliotecas-recomendados-del-mes\/"},"wordCount":245,"commentCount":0,"publisher":{"@id":"https:\/\/tuguia.combarranquilla.co\/Revista\/#organization"},"image":{"@id":"https:\/\/tuguia.combarranquilla.co\/Revista\/inicia-el-ano-en-nuestras-bibliotecas-recomendados-del-mes\/#primaryimage"},"thumbnailUrl":"https:\/\/tuguia.combarranquilla.co\/Revista\/wp-content\/uploads\/2026\/01\/Revista-Combarranquilla-scaled.jpg","articleSection":["CIENCIA Y CULTURA"],"inLanguage":"es-CO","potentialAction":[{"@type":"CommentAction","name":"Comment","target":["https:\/\/tuguia.combarranquilla.co\/Revista\/inicia-el-ano-en-nuestras-bibliotecas-recomendados-del-mes\/#respond"]}]},{"@type":"WebPage","@id":"https:\/\/tuguia.combarranquilla.co\/Revista\/inicia-el-ano-en-nuestras-bibliotecas-recomendados-del-mes\/","url":"https:\/\/tuguia.combarranquilla.co\/Revista\/inicia-el-ano-en-nuestras-bibliotecas-recomendados-del-mes\/","name":"Inicia el a\u00f1o en nuestras bibliotecas: cursos infantiles y recomendados del mes - Tu Gu\u00eda","isPartOf":{"@id":"https:\/\/tuguia.combarranquilla.co\/Revista\/#website"},"primaryImageOfPage":{"@id":"https:\/\/tuguia.combarranquilla.co\/Revista\/inicia-el-ano-en-nuestras-bibliotecas-recomendados-del-mes\/#primaryimage"},"image":{"@id":"https:\/\/tuguia.combarranquilla.co\/Revista\/inicia-el-ano-en-nuestras-bibliotecas-recomendados-del-mes\/#primaryimage"},"thumbnailUrl":"https:\/\/tuguia.combarranquilla.co\/Revista\/wp-content\/uploads\/2026\/01\/Revista-Combarranquilla-scaled.jpg","datePublished":"2026-01-01T13:50:00+00:00","dateModified":"2026-01-26T20:22:27+00:00","breadcrumb":{"@id":"https:\/\/tuguia.combarranquilla.co\/Revista\/inicia-el-ano-en-nuestras-bibliotecas-recomendados-del-mes\/#breadcrumb"},"inLanguage":"es-CO","potentialAction":[{"@type":"ReadAction","target":["https:\/\/tuguia.combarranquilla.co\/Revista\/inicia-el-ano-en-nuestras-bibliotecas-recomendados-del-mes\/"]}]},{"@type":"ImageObject","inLanguage":"es-CO","@id":"https:\/\/tuguia.combarranquilla.co\/Revista\/inicia-el-ano-en-nuestras-bibliotecas-recomendados-del-mes\/#primaryimage","url":"https:\/\/tuguia.combarranquilla.co\/Revista\/wp-content\/uploads\/2026\/01\/Revista-Combarranquilla-scaled.jpg","contentUrl":"https:\/\/tuguia.combarranquilla.co\/Revista\/wp-content\/uploads\/2026\/01\/Revista-Combarranquilla-scaled.jpg","width":2560,"height":1280},{"@type":"BreadcrumbList","@id":"https:\/\/tuguia.combarranquilla.co\/Revista\/inicia-el-ano-en-nuestras-bibliotecas-recomendados-del-mes\/#breadcrumb","itemListElement":[{"@type":"ListItem","position":1,"name":"Inicio","item":"https:\/\/tuguia.combarranquilla.co\/Revista\/"},{"@type":"ListItem","position":2,"name":"Inicia el a\u00f1o en nuestras bibliotecas: cursos infantiles y recomendados del mes"}]},{"@type":"WebSite","@id":"https:\/\/tuguia.combarranquilla.co\/Revista\/#website","url":"https:\/\/tuguia.combarranquilla.co\/Revista\/","name":"Tu Gu\u00eda","description":"La revista donde lo tienes todo.","publisher":{"@id":"https:\/\/tuguia.combarranquilla.co\/Revista\/#organization"},"alternateName":"Tu Gu\u00eda Combarranquilla","potentialAction":[{"@type":"SearchAction","target":{"@type":"EntryPoint","urlTemplate":"https:\/\/tuguia.combarranquilla.co\/Revista\/?s={search_term_string}"},"query-input":{"@type":"PropertyValueSpecification","valueRequired":true,"valueName":"search_term_string"}}],"inLanguage":"es-CO"},{"@type":"Organization","@id":"https:\/\/tuguia.combarranquilla.co\/Revista\/#organization","name":"Tu Gu\u00eda Combarranquilla","url":"https:\/\/tuguia.combarranquilla.co\/Revista\/","logo":{"@type":"ImageObject","inLanguage":"es-CO","@id":"https:\/\/tuguia.combarranquilla.co\/Revista\/#\/schema\/logo\/image\/","url":"https:\/\/tuguia.combarranquilla.co\/Revista\/wp-content\/uploads\/2022\/02\/logo-guia-combarranquilla.svg","contentUrl":"https:\/\/tuguia.combarranquilla.co\/Revista\/wp-content\/uploads\/2022\/02\/logo-guia-combarranquilla.svg","caption":"Tu Gu\u00eda Combarranquilla"},"image":{"@id":"https:\/\/tuguia.combarranquilla.co\/Revista\/#\/schema\/logo\/image\/"}},{"@type":"Person","@id":"https:\/\/tuguia.combarranquilla.co\/Revista\/#\/schema\/person\/c2c396a77170bd1d5f8ba73294eb0d10","name":"Comunicaciones Combarranquilla","image":{"@type":"ImageObject","inLanguage":"es-CO","@id":"https:\/\/tuguia.combarranquilla.co\/Revista\/wp-content\/uploads\/2025\/05\/ABC-Al-Rojo-Logo-96x96.jpg","url":"https:\/\/tuguia.combarranquilla.co\/Revista\/wp-content\/uploads\/2025\/05\/ABC-Al-Rojo-Logo-96x96.jpg","contentUrl":"https:\/\/tuguia.combarranquilla.co\/Revista\/wp-content\/uploads\/2025\/05\/ABC-Al-Rojo-Logo-96x96.jpg","caption":"Comunicaciones Combarranquilla"},"sameAs":["https:\/\/www.combarranquilla.co"],"url":"https:\/\/tuguia.combarranquilla.co\/Revista\/author\/comunicaciones\/"}]}},"_links":{"self":[{"href":"https:\/\/tuguia.combarranquilla.co\/Revista\/wp-json\/wp\/v2\/posts\/8414","targetHints":{"allow":["GET"]}}],"collection":[{"href":"https:\/\/tuguia.combarranquilla.co\/Revista\/wp-json\/wp\/v2\/posts"}],"about":[{"href":"https:\/\/tuguia.combarranquilla.co\/Revista\/wp-json\/wp\/v2\/types\/post"}],"author":[{"embeddable":true,"href":"https:\/\/tuguia.combarranquilla.co\/Revista\/wp-json\/wp\/v2\/users\/2"}],"replies":[{"embeddable":true,"href":"https:\/\/tuguia.combarranquilla.co\/Revista\/wp-json\/wp\/v2\/comments?post=8414"}],"version-history":[{"count":16,"href":"https:\/\/tuguia.combarranquilla.co\/Revista\/wp-json\/wp\/v2\/posts\/8414\/revisions"}],"predecessor-version":[{"id":8578,"href":"https:\/\/tuguia.combarranquilla.co\/Revista\/wp-json\/wp\/v2\/posts\/8414\/revisions\/8578"}],"wp:featuredmedia":[{"embeddable":true,"href":"https:\/\/tuguia.combarranquilla.co\/Revista\/wp-json\/wp\/v2\/media\/8415"}],"wp:attachment":[{"href":"https:\/\/tuguia.combarranquilla.co\/Revista\/wp-json\/wp\/v2\/media?parent=8414"}],"wp:term":[{"taxonomy":"category","embeddable":true,"href":"https:\/\/tuguia.combarranquilla.co\/Revista\/wp-json\/wp\/v2\/categories?post=8414"},{"taxonomy":"post_tag","embeddable":true,"href":"https:\/\/tuguia.combarranquilla.co\/Revista\/wp-json\/wp\/v2\/tags?post=8414"}],"curies":[{"name":"wp","href":"https:\/\/api.w.org\/{rel}","templated":true}]}}