{"id":8448,"date":"2026-01-06T11:00:44","date_gmt":"2026-01-06T16:00:44","guid":{"rendered":"https:\/\/tuguia.combarranquilla.co\/Revista\/?p=8448"},"modified":"2026-01-20T15:15:40","modified_gmt":"2026-01-20T20:15:40","slug":"postulate-a-la-nueva-beca-futuro-hasta-el-23-de-enero","status":"publish","type":"post","link":"https:\/\/tuguia.combarranquilla.co\/Revista\/postulate-a-la-nueva-beca-futuro-hasta-el-23-de-enero\/","title":{"rendered":"Post\u00falate a la nueva Beca Futuro hasta el 23 de enero y estudia en la Universidad Metropolitana"},"content":{"rendered":"\n<p>En su compromiso con el bienestar y la educaci\u00f3n, Combarranquilla anuncia la apertura de la <a href=\"https:\/\/drive.google.com\/file\/d\/1jCZjReMln_HlSeOTI44_Fj-GMaent_HV\/view\">Beca Futuro<\/a>, una convocatoria para todos los afiliados a la Caja. El beneficio aplica para los programas de pregrado ofrecidos por la Universidad Metropolitana, con excepci\u00f3n de Medicina y Odontolog\u00eda.<\/p>\n\n\n\n<p>La Beca Futuro est\u00e1 dirigida a hijos de trabajadores afiliados a Combarranquilla en las categor\u00edas A y B, menores de 19 a\u00f1os. Cubre el 100 % del valor de la matr\u00edcula durante toda la carrera, e incluye adem\u00e1s un curso de idiomas, de acuerdo con la oferta institucional.<\/p>\n\n\n\n<p>Esta convocatoria est\u00e1 disponible desde el 6 de enero hasta el 23 del mismo mes.<\/p>\n\n\n\n<h2 class=\"wp-block-heading\">Requisitos de selecci\u00f3n<\/h2>\n\n\n\n<h2 class=\"wp-block-heading has-medium-font-size\"><strong>Condiciones del afiliado:<\/strong><\/h2>\n\n\n\n<ul class=\"wp-block-list\">\n<li>Recibir hasta cuatro (4) salarios m\u00ednimos y laborar al menos 96 horas al mes.<\/li>\n\n\n\n<li>La suma de sus ingresos con los de su c\u00f3nyuge o compa\u00f1ero(a) no debe superar los seis (6) salarios m\u00ednimos.<\/li>\n\n\n\n<li>Presentar certificaci\u00f3n laboral del padre o la madre del postulante que no registre afiliaci\u00f3n en Combarranquilla.<\/li>\n<\/ul>\n\n\n\n<p><\/p>\n\n\n\n<h2 class=\"wp-block-heading has-medium-font-size\"><strong>Condiciones del beneficiario:<\/strong><\/h2>\n\n\n\n<ul class=\"wp-block-list\">\n<li>Presentar notas acad\u00e9micas de d\u00e9cimo y und\u00e9cimo grado hasta la fecha de postulaci\u00f3n.<\/li>\n\n\n\n<li>Haberse graduado o ser candidato a grado de bachiller en el periodo de la convocatoria.<\/li>\n\n\n\n<li>Estar inscrito en la Universidad Metropolitana.<\/li>\n\n\n\n<li>Presentar los resultados de las pruebas ICFES.<\/li>\n<\/ul>\n\n\n\n<p><\/p>\n\n\n\n<p>Como incentivo adicional, la\u00a0Universidad Metropolitana otorgar\u00e1 un descuento del 20 % en el valor de la inscripci\u00f3n a quienes aspiren a la beca.<\/p>\n\n\n\n<h2 class=\"wp-block-heading\">Proceso de inscripci\u00f3n<\/h2>\n\n\n\n<p>Para oficializar la postulaci\u00f3n, se debe descargar el formulario en la <a href=\"http:\/\/www.combarranquilla.co\/\">p\u00e1gina web<\/a>&nbsp;siguiendo la ruta: Subsidio \u2013 Educativo \u2013 Beca Futuro.<\/p>\n\n\n\n<p>La documentaci\u00f3n solicitada deber\u00e1 presentarse en las Unidades de Servicio de Combarranquilla (Country, Boston, Paseo Bol\u00edvar, Calle 30, BC Empresarial y Sabanalarga). Tambi\u00e9n puede enviarse al correo electr\u00f3nico&nbsp;<strong><em>subsidio.educativo@combarranquilla.co<\/em><\/strong><em>.<\/em><\/p>\n\n\n\n<p>Con esta iniciativa, Combarranquilla espera ampliar las oportunidades de acceso a la educaci\u00f3n superior y fortalecer la formaci\u00f3n de j\u00f3venes talentosos que buscan construir un mejor futuro para ellos y sus familias.<\/p>\n\n\n\n<p>\u00a1Post\u00falate ya y logra tus metas!<\/p>\n","protected":false},"excerpt":{"rendered":"<p>En su compromiso con el bienestar y la educaci\u00f3n, Combarranquilla anuncia la apertura de la Beca Futuro, una convocatoria para todos los afiliados a la Caja. El beneficio aplica para los programas de pregrado ofrecidos por la Universidad Metropolitana, con excepci\u00f3n de Medicina y Odontolog\u00eda. La Beca Futuro est\u00e1 dirigida a hijos de trabajadores afiliados [&hellip;]<\/p>\n","protected":false},"author":2,"featured_media":8477,"comment_status":"open","ping_status":"open","sticky":false,"template":"","format":"standard","meta":{"inline_featured_image":false,"footnotes":""},"categories":[2],"tags":[],"class_list":["post-8448","post","type-post","status-publish","format-standard","has-post-thumbnail","hentry","category-subsidios"],"yoast_head":"<!-- This site is optimized with the Yoast SEO plugin v27.4 - https:\/\/yoast.com\/product\/yoast-seo-wordpress\/ -->\n<title>Post\u00falate a la nueva Beca Futuro hasta el 23 de enero y estudia en la Universidad Metropolitana - Tu Gu\u00eda<\/title>\n<meta name=\"robots\" content=\"index, follow, max-snippet:-1, max-image-preview:large, max-video-preview:-1\" \/>\n<link rel=\"canonical\" href=\"https:\/\/tuguia.combarranquilla.co\/Revista\/postulate-a-la-nueva-beca-futuro-hasta-el-23-de-enero\/\" \/>\n<meta property=\"og:locale\" content=\"es_ES\" \/>\n<meta property=\"og:type\" content=\"article\" \/>\n<meta property=\"og:title\" content=\"Post\u00falate a la nueva Beca Futuro hasta el 23 de enero y estudia en la Universidad Metropolitana - Tu Gu\u00eda\" \/>\n<meta property=\"og:description\" content=\"En su compromiso con el bienestar y la educaci\u00f3n, Combarranquilla anuncia la apertura de la Beca Futuro, una convocatoria para todos los afiliados a la Caja. El beneficio aplica para los programas de pregrado ofrecidos por la Universidad Metropolitana, con excepci\u00f3n de Medicina y Odontolog\u00eda. La Beca Futuro est\u00e1 dirigida a hijos de trabajadores afiliados [&hellip;]\" \/>\n<meta property=\"og:url\" content=\"https:\/\/tuguia.combarranquilla.co\/Revista\/postulate-a-la-nueva-beca-futuro-hasta-el-23-de-enero\/\" \/>\n<meta property=\"og:site_name\" content=\"Tu Gu\u00eda\" \/>\n<meta property=\"article:published_time\" content=\"2026-01-06T16:00:44+00:00\" \/>\n<meta property=\"article:modified_time\" content=\"2026-01-20T20:15:40+00:00\" \/>\n<meta property=\"og:image\" content=\"https:\/\/tuguia.combarranquilla.co\/Revista\/wp-content\/uploads\/2026\/01\/Revista-Combarranquilla-6-scaled.jpg\" \/>\n\t<meta property=\"og:image:width\" content=\"2560\" \/>\n\t<meta property=\"og:image:height\" content=\"1280\" \/>\n\t<meta property=\"og:image:type\" content=\"image\/jpeg\" \/>\n<meta name=\"author\" content=\"Comunicaciones Combarranquilla\" \/>\n<meta name=\"twitter:card\" content=\"summary_large_image\" \/>\n<meta name=\"twitter:label1\" content=\"Escrito por\" \/>\n\t<meta name=\"twitter:data1\" content=\"Comunicaciones Combarranquilla\" \/>\n\t<meta name=\"twitter:label2\" content=\"Tiempo de lectura\" \/>\n\t<meta name=\"twitter:data2\" content=\"2 minutos\" \/>\n<script type=\"application\/ld+json\" class=\"yoast-schema-graph\">{\"@context\":\"https:\\\/\\\/schema.org\",\"@graph\":[{\"@type\":\"Article\",\"@id\":\"https:\\\/\\\/tuguia.combarranquilla.co\\\/Revista\\\/postulate-a-la-nueva-beca-futuro-hasta-el-23-de-enero\\\/#article\",\"isPartOf\":{\"@id\":\"https:\\\/\\\/tuguia.combarranquilla.co\\\/Revista\\\/postulate-a-la-nueva-beca-futuro-hasta-el-23-de-enero\\\/\"},\"author\":{\"name\":\"Comunicaciones Combarranquilla\",\"@id\":\"https:\\\/\\\/tuguia.combarranquilla.co\\\/Revista\\\/#\\\/schema\\\/person\\\/c2c396a77170bd1d5f8ba73294eb0d10\"},\"headline\":\"Post\u00falate a la nueva Beca Futuro hasta el 23 de enero y estudia en la Universidad Metropolitana\",\"datePublished\":\"2026-01-06T16:00:44+00:00\",\"dateModified\":\"2026-01-20T20:15:40+00:00\",\"mainEntityOfPage\":{\"@id\":\"https:\\\/\\\/tuguia.combarranquilla.co\\\/Revista\\\/postulate-a-la-nueva-beca-futuro-hasta-el-23-de-enero\\\/\"},\"wordCount\":364,\"commentCount\":0,\"publisher\":{\"@id\":\"https:\\\/\\\/tuguia.combarranquilla.co\\\/Revista\\\/#organization\"},\"image\":{\"@id\":\"https:\\\/\\\/tuguia.combarranquilla.co\\\/Revista\\\/postulate-a-la-nueva-beca-futuro-hasta-el-23-de-enero\\\/#primaryimage\"},\"thumbnailUrl\":\"https:\\\/\\\/tuguia.combarranquilla.co\\\/Revista\\\/wp-content\\\/uploads\\\/2026\\\/01\\\/Revista-Combarranquilla-6-scaled.jpg\",\"articleSection\":[\"SUBSIDIOS\"],\"inLanguage\":\"es-CO\",\"potentialAction\":[{\"@type\":\"CommentAction\",\"name\":\"Comment\",\"target\":[\"https:\\\/\\\/tuguia.combarranquilla.co\\\/Revista\\\/postulate-a-la-nueva-beca-futuro-hasta-el-23-de-enero\\\/#respond\"]}]},{\"@type\":\"WebPage\",\"@id\":\"https:\\\/\\\/tuguia.combarranquilla.co\\\/Revista\\\/postulate-a-la-nueva-beca-futuro-hasta-el-23-de-enero\\\/\",\"url\":\"https:\\\/\\\/tuguia.combarranquilla.co\\\/Revista\\\/postulate-a-la-nueva-beca-futuro-hasta-el-23-de-enero\\\/\",\"name\":\"Post\u00falate a la nueva Beca Futuro hasta el 23 de enero y estudia en la Universidad Metropolitana - Tu Gu\u00eda\",\"isPartOf\":{\"@id\":\"https:\\\/\\\/tuguia.combarranquilla.co\\\/Revista\\\/#website\"},\"primaryImageOfPage\":{\"@id\":\"https:\\\/\\\/tuguia.combarranquilla.co\\\/Revista\\\/postulate-a-la-nueva-beca-futuro-hasta-el-23-de-enero\\\/#primaryimage\"},\"image\":{\"@id\":\"https:\\\/\\\/tuguia.combarranquilla.co\\\/Revista\\\/postulate-a-la-nueva-beca-futuro-hasta-el-23-de-enero\\\/#primaryimage\"},\"thumbnailUrl\":\"https:\\\/\\\/tuguia.combarranquilla.co\\\/Revista\\\/wp-content\\\/uploads\\\/2026\\\/01\\\/Revista-Combarranquilla-6-scaled.jpg\",\"datePublished\":\"2026-01-06T16:00:44+00:00\",\"dateModified\":\"2026-01-20T20:15:40+00:00\",\"breadcrumb\":{\"@id\":\"https:\\\/\\\/tuguia.combarranquilla.co\\\/Revista\\\/postulate-a-la-nueva-beca-futuro-hasta-el-23-de-enero\\\/#breadcrumb\"},\"inLanguage\":\"es-CO\",\"potentialAction\":[{\"@type\":\"ReadAction\",\"target\":[\"https:\\\/\\\/tuguia.combarranquilla.co\\\/Revista\\\/postulate-a-la-nueva-beca-futuro-hasta-el-23-de-enero\\\/\"]}]},{\"@type\":\"ImageObject\",\"inLanguage\":\"es-CO\",\"@id\":\"https:\\\/\\\/tuguia.combarranquilla.co\\\/Revista\\\/postulate-a-la-nueva-beca-futuro-hasta-el-23-de-enero\\\/#primaryimage\",\"url\":\"https:\\\/\\\/tuguia.combarranquilla.co\\\/Revista\\\/wp-content\\\/uploads\\\/2026\\\/01\\\/Revista-Combarranquilla-6-scaled.jpg\",\"contentUrl\":\"https:\\\/\\\/tuguia.combarranquilla.co\\\/Revista\\\/wp-content\\\/uploads\\\/2026\\\/01\\\/Revista-Combarranquilla-6-scaled.jpg\",\"width\":2560,\"height\":1280},{\"@type\":\"BreadcrumbList\",\"@id\":\"https:\\\/\\\/tuguia.combarranquilla.co\\\/Revista\\\/postulate-a-la-nueva-beca-futuro-hasta-el-23-de-enero\\\/#breadcrumb\",\"itemListElement\":[{\"@type\":\"ListItem\",\"position\":1,\"name\":\"Inicio\",\"item\":\"https:\\\/\\\/tuguia.combarranquilla.co\\\/Revista\\\/\"},{\"@type\":\"ListItem\",\"position\":2,\"name\":\"Post\u00falate a la nueva Beca Futuro hasta el 23 de enero y estudia en la Universidad Metropolitana\"}]},{\"@type\":\"WebSite\",\"@id\":\"https:\\\/\\\/tuguia.combarranquilla.co\\\/Revista\\\/#website\",\"url\":\"https:\\\/\\\/tuguia.combarranquilla.co\\\/Revista\\\/\",\"name\":\"Tu Gu\u00eda\",\"description\":\"La revista donde lo tienes todo.\",\"publisher\":{\"@id\":\"https:\\\/\\\/tuguia.combarranquilla.co\\\/Revista\\\/#organization\"},\"alternateName\":\"Tu Gu\u00eda Combarranquilla\",\"potentialAction\":[{\"@type\":\"SearchAction\",\"target\":{\"@type\":\"EntryPoint\",\"urlTemplate\":\"https:\\\/\\\/tuguia.combarranquilla.co\\\/Revista\\\/?s={search_term_string}\"},\"query-input\":{\"@type\":\"PropertyValueSpecification\",\"valueRequired\":true,\"valueName\":\"search_term_string\"}}],\"inLanguage\":\"es-CO\"},{\"@type\":\"Organization\",\"@id\":\"https:\\\/\\\/tuguia.combarranquilla.co\\\/Revista\\\/#organization\",\"name\":\"Tu Gu\u00eda Combarranquilla\",\"url\":\"https:\\\/\\\/tuguia.combarranquilla.co\\\/Revista\\\/\",\"logo\":{\"@type\":\"ImageObject\",\"inLanguage\":\"es-CO\",\"@id\":\"https:\\\/\\\/tuguia.combarranquilla.co\\\/Revista\\\/#\\\/schema\\\/logo\\\/image\\\/\",\"url\":\"https:\\\/\\\/tuguia.combarranquilla.co\\\/Revista\\\/wp-content\\\/uploads\\\/2022\\\/02\\\/logo-guia-combarranquilla.svg\",\"contentUrl\":\"https:\\\/\\\/tuguia.combarranquilla.co\\\/Revista\\\/wp-content\\\/uploads\\\/2022\\\/02\\\/logo-guia-combarranquilla.svg\",\"caption\":\"Tu Gu\u00eda Combarranquilla\"},\"image\":{\"@id\":\"https:\\\/\\\/tuguia.combarranquilla.co\\\/Revista\\\/#\\\/schema\\\/logo\\\/image\\\/\"}},{\"@type\":\"Person\",\"@id\":\"https:\\\/\\\/tuguia.combarranquilla.co\\\/Revista\\\/#\\\/schema\\\/person\\\/c2c396a77170bd1d5f8ba73294eb0d10\",\"name\":\"Comunicaciones Combarranquilla\",\"image\":{\"@type\":\"ImageObject\",\"inLanguage\":\"es-CO\",\"@id\":\"https:\\\/\\\/tuguia.combarranquilla.co\\\/Revista\\\/wp-content\\\/uploads\\\/2025\\\/05\\\/ABC-Al-Rojo-Logo-96x96.jpg\",\"url\":\"https:\\\/\\\/tuguia.combarranquilla.co\\\/Revista\\\/wp-content\\\/uploads\\\/2025\\\/05\\\/ABC-Al-Rojo-Logo-96x96.jpg\",\"contentUrl\":\"https:\\\/\\\/tuguia.combarranquilla.co\\\/Revista\\\/wp-content\\\/uploads\\\/2025\\\/05\\\/ABC-Al-Rojo-Logo-96x96.jpg\",\"caption\":\"Comunicaciones Combarranquilla\"},\"sameAs\":[\"https:\\\/\\\/www.combarranquilla.co\"],\"url\":\"https:\\\/\\\/tuguia.combarranquilla.co\\\/Revista\\\/author\\\/comunicaciones\\\/\"}]}<\/script>\n<!-- \/ Yoast SEO plugin. -->","yoast_head_json":{"title":"Post\u00falate a la nueva Beca Futuro hasta el 23 de enero y estudia en la Universidad Metropolitana - Tu Gu\u00eda","robots":{"index":"index","follow":"follow","max-snippet":"max-snippet:-1","max-image-preview":"max-image-preview:large","max-video-preview":"max-video-preview:-1"},"canonical":"https:\/\/tuguia.combarranquilla.co\/Revista\/postulate-a-la-nueva-beca-futuro-hasta-el-23-de-enero\/","og_locale":"es_ES","og_type":"article","og_title":"Post\u00falate a la nueva Beca Futuro hasta el 23 de enero y estudia en la Universidad Metropolitana - Tu Gu\u00eda","og_description":"En su compromiso con el bienestar y la educaci\u00f3n, Combarranquilla anuncia la apertura de la Beca Futuro, una convocatoria para todos los afiliados a la Caja. El beneficio aplica para los programas de pregrado ofrecidos por la Universidad Metropolitana, con excepci\u00f3n de Medicina y Odontolog\u00eda. La Beca Futuro est\u00e1 dirigida a hijos de trabajadores afiliados [&hellip;]","og_url":"https:\/\/tuguia.combarranquilla.co\/Revista\/postulate-a-la-nueva-beca-futuro-hasta-el-23-de-enero\/","og_site_name":"Tu Gu\u00eda","article_published_time":"2026-01-06T16:00:44+00:00","article_modified_time":"2026-01-20T20:15:40+00:00","og_image":[{"width":2560,"height":1280,"url":"https:\/\/tuguia.combarranquilla.co\/Revista\/wp-content\/uploads\/2026\/01\/Revista-Combarranquilla-6-scaled.jpg","type":"image\/jpeg"}],"author":"Comunicaciones Combarranquilla","twitter_card":"summary_large_image","twitter_misc":{"Escrito por":"Comunicaciones Combarranquilla","Tiempo de lectura":"2 minutos"},"schema":{"@context":"https:\/\/schema.org","@graph":[{"@type":"Article","@id":"https:\/\/tuguia.combarranquilla.co\/Revista\/postulate-a-la-nueva-beca-futuro-hasta-el-23-de-enero\/#article","isPartOf":{"@id":"https:\/\/tuguia.combarranquilla.co\/Revista\/postulate-a-la-nueva-beca-futuro-hasta-el-23-de-enero\/"},"author":{"name":"Comunicaciones Combarranquilla","@id":"https:\/\/tuguia.combarranquilla.co\/Revista\/#\/schema\/person\/c2c396a77170bd1d5f8ba73294eb0d10"},"headline":"Post\u00falate a la nueva Beca Futuro hasta el 23 de enero y estudia en la Universidad Metropolitana","datePublished":"2026-01-06T16:00:44+00:00","dateModified":"2026-01-20T20:15:40+00:00","mainEntityOfPage":{"@id":"https:\/\/tuguia.combarranquilla.co\/Revista\/postulate-a-la-nueva-beca-futuro-hasta-el-23-de-enero\/"},"wordCount":364,"commentCount":0,"publisher":{"@id":"https:\/\/tuguia.combarranquilla.co\/Revista\/#organization"},"image":{"@id":"https:\/\/tuguia.combarranquilla.co\/Revista\/postulate-a-la-nueva-beca-futuro-hasta-el-23-de-enero\/#primaryimage"},"thumbnailUrl":"https:\/\/tuguia.combarranquilla.co\/Revista\/wp-content\/uploads\/2026\/01\/Revista-Combarranquilla-6-scaled.jpg","articleSection":["SUBSIDIOS"],"inLanguage":"es-CO","potentialAction":[{"@type":"CommentAction","name":"Comment","target":["https:\/\/tuguia.combarranquilla.co\/Revista\/postulate-a-la-nueva-beca-futuro-hasta-el-23-de-enero\/#respond"]}]},{"@type":"WebPage","@id":"https:\/\/tuguia.combarranquilla.co\/Revista\/postulate-a-la-nueva-beca-futuro-hasta-el-23-de-enero\/","url":"https:\/\/tuguia.combarranquilla.co\/Revista\/postulate-a-la-nueva-beca-futuro-hasta-el-23-de-enero\/","name":"Post\u00falate a la nueva Beca Futuro hasta el 23 de enero y estudia en la Universidad Metropolitana - Tu Gu\u00eda","isPartOf":{"@id":"https:\/\/tuguia.combarranquilla.co\/Revista\/#website"},"primaryImageOfPage":{"@id":"https:\/\/tuguia.combarranquilla.co\/Revista\/postulate-a-la-nueva-beca-futuro-hasta-el-23-de-enero\/#primaryimage"},"image":{"@id":"https:\/\/tuguia.combarranquilla.co\/Revista\/postulate-a-la-nueva-beca-futuro-hasta-el-23-de-enero\/#primaryimage"},"thumbnailUrl":"https:\/\/tuguia.combarranquilla.co\/Revista\/wp-content\/uploads\/2026\/01\/Revista-Combarranquilla-6-scaled.jpg","datePublished":"2026-01-06T16:00:44+00:00","dateModified":"2026-01-20T20:15:40+00:00","breadcrumb":{"@id":"https:\/\/tuguia.combarranquilla.co\/Revista\/postulate-a-la-nueva-beca-futuro-hasta-el-23-de-enero\/#breadcrumb"},"inLanguage":"es-CO","potentialAction":[{"@type":"ReadAction","target":["https:\/\/tuguia.combarranquilla.co\/Revista\/postulate-a-la-nueva-beca-futuro-hasta-el-23-de-enero\/"]}]},{"@type":"ImageObject","inLanguage":"es-CO","@id":"https:\/\/tuguia.combarranquilla.co\/Revista\/postulate-a-la-nueva-beca-futuro-hasta-el-23-de-enero\/#primaryimage","url":"https:\/\/tuguia.combarranquilla.co\/Revista\/wp-content\/uploads\/2026\/01\/Revista-Combarranquilla-6-scaled.jpg","contentUrl":"https:\/\/tuguia.combarranquilla.co\/Revista\/wp-content\/uploads\/2026\/01\/Revista-Combarranquilla-6-scaled.jpg","width":2560,"height":1280},{"@type":"BreadcrumbList","@id":"https:\/\/tuguia.combarranquilla.co\/Revista\/postulate-a-la-nueva-beca-futuro-hasta-el-23-de-enero\/#breadcrumb","itemListElement":[{"@type":"ListItem","position":1,"name":"Inicio","item":"https:\/\/tuguia.combarranquilla.co\/Revista\/"},{"@type":"ListItem","position":2,"name":"Post\u00falate a la nueva Beca Futuro hasta el 23 de enero y estudia en la Universidad Metropolitana"}]},{"@type":"WebSite","@id":"https:\/\/tuguia.combarranquilla.co\/Revista\/#website","url":"https:\/\/tuguia.combarranquilla.co\/Revista\/","name":"Tu Gu\u00eda","description":"La revista donde lo tienes todo.","publisher":{"@id":"https:\/\/tuguia.combarranquilla.co\/Revista\/#organization"},"alternateName":"Tu Gu\u00eda Combarranquilla","potentialAction":[{"@type":"SearchAction","target":{"@type":"EntryPoint","urlTemplate":"https:\/\/tuguia.combarranquilla.co\/Revista\/?s={search_term_string}"},"query-input":{"@type":"PropertyValueSpecification","valueRequired":true,"valueName":"search_term_string"}}],"inLanguage":"es-CO"},{"@type":"Organization","@id":"https:\/\/tuguia.combarranquilla.co\/Revista\/#organization","name":"Tu Gu\u00eda Combarranquilla","url":"https:\/\/tuguia.combarranquilla.co\/Revista\/","logo":{"@type":"ImageObject","inLanguage":"es-CO","@id":"https:\/\/tuguia.combarranquilla.co\/Revista\/#\/schema\/logo\/image\/","url":"https:\/\/tuguia.combarranquilla.co\/Revista\/wp-content\/uploads\/2022\/02\/logo-guia-combarranquilla.svg","contentUrl":"https:\/\/tuguia.combarranquilla.co\/Revista\/wp-content\/uploads\/2022\/02\/logo-guia-combarranquilla.svg","caption":"Tu Gu\u00eda Combarranquilla"},"image":{"@id":"https:\/\/tuguia.combarranquilla.co\/Revista\/#\/schema\/logo\/image\/"}},{"@type":"Person","@id":"https:\/\/tuguia.combarranquilla.co\/Revista\/#\/schema\/person\/c2c396a77170bd1d5f8ba73294eb0d10","name":"Comunicaciones Combarranquilla","image":{"@type":"ImageObject","inLanguage":"es-CO","@id":"https:\/\/tuguia.combarranquilla.co\/Revista\/wp-content\/uploads\/2025\/05\/ABC-Al-Rojo-Logo-96x96.jpg","url":"https:\/\/tuguia.combarranquilla.co\/Revista\/wp-content\/uploads\/2025\/05\/ABC-Al-Rojo-Logo-96x96.jpg","contentUrl":"https:\/\/tuguia.combarranquilla.co\/Revista\/wp-content\/uploads\/2025\/05\/ABC-Al-Rojo-Logo-96x96.jpg","caption":"Comunicaciones Combarranquilla"},"sameAs":["https:\/\/www.combarranquilla.co"],"url":"https:\/\/tuguia.combarranquilla.co\/Revista\/author\/comunicaciones\/"}]}},"_links":{"self":[{"href":"https:\/\/tuguia.combarranquilla.co\/Revista\/wp-json\/wp\/v2\/posts\/8448","targetHints":{"allow":["GET"]}}],"collection":[{"href":"https:\/\/tuguia.combarranquilla.co\/Revista\/wp-json\/wp\/v2\/posts"}],"about":[{"href":"https:\/\/tuguia.combarranquilla.co\/Revista\/wp-json\/wp\/v2\/types\/post"}],"author":[{"embeddable":true,"href":"https:\/\/tuguia.combarranquilla.co\/Revista\/wp-json\/wp\/v2\/users\/2"}],"replies":[{"embeddable":true,"href":"https:\/\/tuguia.combarranquilla.co\/Revista\/wp-json\/wp\/v2\/comments?post=8448"}],"version-history":[{"count":11,"href":"https:\/\/tuguia.combarranquilla.co\/Revista\/wp-json\/wp\/v2\/posts\/8448\/revisions"}],"predecessor-version":[{"id":8521,"href":"https:\/\/tuguia.combarranquilla.co\/Revista\/wp-json\/wp\/v2\/posts\/8448\/revisions\/8521"}],"wp:featuredmedia":[{"embeddable":true,"href":"https:\/\/tuguia.combarranquilla.co\/Revista\/wp-json\/wp\/v2\/media\/8477"}],"wp:attachment":[{"href":"https:\/\/tuguia.combarranquilla.co\/Revista\/wp-json\/wp\/v2\/media?parent=8448"}],"wp:term":[{"taxonomy":"category","embeddable":true,"href":"https:\/\/tuguia.combarranquilla.co\/Revista\/wp-json\/wp\/v2\/categories?post=8448"},{"taxonomy":"post_tag","embeddable":true,"href":"https:\/\/tuguia.combarranquilla.co\/Revista\/wp-json\/wp\/v2\/tags?post=8448"}],"curies":[{"name":"wp","href":"https:\/\/api.w.org\/{rel}","templated":true}]}}