{"id":8506,"date":"2026-01-15T15:18:37","date_gmt":"2026-01-15T20:18:37","guid":{"rendered":"https:\/\/tuguia.combarranquilla.co\/Revista\/?p=8506"},"modified":"2026-01-19T11:46:01","modified_gmt":"2026-01-19T16:46:01","slug":"el-subsidio-de-vivienda-del-iv-trimestre-del-2025-ya-tiene-sus-ganadores","status":"publish","type":"post","link":"https:\/\/tuguia.combarranquilla.co\/Revista\/el-subsidio-de-vivienda-del-iv-trimestre-del-2025-ya-tiene-sus-ganadores\/","title":{"rendered":"El Subsidio de Vivienda del IV trimestre del 2025 ya tiene sus ganadores"},"content":{"rendered":"\n<p>Cada a\u00f1o, Combarranquilla abre la convocatoria al Subsidio de Vivienda, para que sus afiliados logren su meta de tener una casa propia.<\/p>\n\n\n\n<p>La \u00faltima convocatoria del 2025, abierta durante el mes de octubre, otorg\u00f3 subsidios de 28.470.000 y 42.705.000 millones de pesos a 30 familias beneficiadas. Con\u00f3celas a continuaci\u00f3n.<\/p>\n\n\n\n<figure class=\"wp-block-image size-full\"><img decoding=\"async\" width=\"1275\" height=\"1937\" data-src=\"https:\/\/tuguia.combarranquilla.co\/Revista\/wp-content\/uploads\/2026\/01\/GANADORES-SUBSIDIO-DE-VIVIENDA-IV-TRIMESTRE-2025_page-0001-1.jpg\" alt=\"\" class=\"wp-image-8508 lazyload\" data-srcset=\"https:\/\/tuguia.combarranquilla.co\/Revista\/wp-content\/uploads\/2026\/01\/GANADORES-SUBSIDIO-DE-VIVIENDA-IV-TRIMESTRE-2025_page-0001-1.jpg 1275w, https:\/\/tuguia.combarranquilla.co\/Revista\/wp-content\/uploads\/2026\/01\/GANADORES-SUBSIDIO-DE-VIVIENDA-IV-TRIMESTRE-2025_page-0001-1-197x300.jpg 197w, https:\/\/tuguia.combarranquilla.co\/Revista\/wp-content\/uploads\/2026\/01\/GANADORES-SUBSIDIO-DE-VIVIENDA-IV-TRIMESTRE-2025_page-0001-1-674x1024.jpg 674w, https:\/\/tuguia.combarranquilla.co\/Revista\/wp-content\/uploads\/2026\/01\/GANADORES-SUBSIDIO-DE-VIVIENDA-IV-TRIMESTRE-2025_page-0001-1-768x1167.jpg 768w, https:\/\/tuguia.combarranquilla.co\/Revista\/wp-content\/uploads\/2026\/01\/GANADORES-SUBSIDIO-DE-VIVIENDA-IV-TRIMESTRE-2025_page-0001-1-1011x1536.jpg 1011w\" data-sizes=\"(max-width: 1275px) 100vw, 1275px\" src=\"data:image\/svg+xml;base64,PHN2ZyB3aWR0aD0iMSIgaGVpZ2h0PSIxIiB4bWxucz0iaHR0cDovL3d3dy53My5vcmcvMjAwMC9zdmciPjwvc3ZnPg==\" style=\"--smush-placeholder-width: 1275px; --smush-placeholder-aspect-ratio: 1275\/1937;\" \/><\/figure>\n","protected":false},"excerpt":{"rendered":"<p>Cada a\u00f1o, Combarranquilla abre la convocatoria al Subsidio de Vivienda, para que sus afiliados logren su meta de tener una casa propia. La \u00faltima convocatoria del 2025, abierta durante el mes de octubre, otorg\u00f3 subsidios de 28.470.000 y 42.705.000 millones de pesos a 30 familias beneficiadas. Con\u00f3celas a continuaci\u00f3n.<\/p>\n","protected":false},"author":2,"featured_media":8509,"comment_status":"open","ping_status":"open","sticky":false,"template":"","format":"standard","meta":{"inline_featured_image":false,"footnotes":""},"categories":[2],"tags":[],"class_list":["post-8506","post","type-post","status-publish","format-standard","has-post-thumbnail","hentry","category-subsidios"],"yoast_head":"<!-- This site is optimized with the Yoast SEO plugin v27.4 - https:\/\/yoast.com\/product\/yoast-seo-wordpress\/ -->\n<title>El Subsidio de Vivienda del IV trimestre del 2025 ya tiene sus ganadores - Tu Gu\u00eda<\/title>\n<meta name=\"robots\" content=\"index, follow, max-snippet:-1, max-image-preview:large, max-video-preview:-1\" \/>\n<link rel=\"canonical\" href=\"https:\/\/tuguia.combarranquilla.co\/Revista\/el-subsidio-de-vivienda-del-iv-trimestre-del-2025-ya-tiene-sus-ganadores\/\" \/>\n<meta property=\"og:locale\" content=\"es_ES\" \/>\n<meta property=\"og:type\" content=\"article\" \/>\n<meta property=\"og:title\" content=\"El Subsidio de Vivienda del IV trimestre del 2025 ya tiene sus ganadores - Tu Gu\u00eda\" \/>\n<meta property=\"og:description\" content=\"Cada a\u00f1o, Combarranquilla abre la convocatoria al Subsidio de Vivienda, para que sus afiliados logren su meta de tener una casa propia. La \u00faltima convocatoria del 2025, abierta durante el mes de octubre, otorg\u00f3 subsidios de 28.470.000 y 42.705.000 millones de pesos a 30 familias beneficiadas. Con\u00f3celas a continuaci\u00f3n.\" \/>\n<meta property=\"og:url\" content=\"https:\/\/tuguia.combarranquilla.co\/Revista\/el-subsidio-de-vivienda-del-iv-trimestre-del-2025-ya-tiene-sus-ganadores\/\" \/>\n<meta property=\"og:site_name\" content=\"Tu Gu\u00eda\" \/>\n<meta property=\"article:published_time\" content=\"2026-01-15T20:18:37+00:00\" \/>\n<meta property=\"article:modified_time\" content=\"2026-01-19T16:46:01+00:00\" \/>\n<meta property=\"og:image\" content=\"https:\/\/tuguia.combarranquilla.co\/Revista\/wp-content\/uploads\/2026\/01\/Revista-Combarranquilla-7-scaled.jpg\" \/>\n\t<meta property=\"og:image:width\" content=\"2560\" \/>\n\t<meta property=\"og:image:height\" content=\"1280\" \/>\n\t<meta property=\"og:image:type\" content=\"image\/jpeg\" \/>\n<meta name=\"author\" content=\"Comunicaciones Combarranquilla\" \/>\n<meta name=\"twitter:card\" content=\"summary_large_image\" \/>\n<meta name=\"twitter:label1\" content=\"Escrito por\" \/>\n\t<meta name=\"twitter:data1\" content=\"Comunicaciones Combarranquilla\" \/>\n\t<meta name=\"twitter:label2\" content=\"Tiempo de lectura\" \/>\n\t<meta name=\"twitter:data2\" content=\"1 minuto\" \/>\n<script type=\"application\/ld+json\" class=\"yoast-schema-graph\">{\"@context\":\"https:\\\/\\\/schema.org\",\"@graph\":[{\"@type\":\"Article\",\"@id\":\"https:\\\/\\\/tuguia.combarranquilla.co\\\/Revista\\\/el-subsidio-de-vivienda-del-iv-trimestre-del-2025-ya-tiene-sus-ganadores\\\/#article\",\"isPartOf\":{\"@id\":\"https:\\\/\\\/tuguia.combarranquilla.co\\\/Revista\\\/el-subsidio-de-vivienda-del-iv-trimestre-del-2025-ya-tiene-sus-ganadores\\\/\"},\"author\":{\"name\":\"Comunicaciones Combarranquilla\",\"@id\":\"https:\\\/\\\/tuguia.combarranquilla.co\\\/Revista\\\/#\\\/schema\\\/person\\\/c2c396a77170bd1d5f8ba73294eb0d10\"},\"headline\":\"El Subsidio de Vivienda del IV trimestre del 2025 ya tiene sus ganadores\",\"datePublished\":\"2026-01-15T20:18:37+00:00\",\"dateModified\":\"2026-01-19T16:46:01+00:00\",\"mainEntityOfPage\":{\"@id\":\"https:\\\/\\\/tuguia.combarranquilla.co\\\/Revista\\\/el-subsidio-de-vivienda-del-iv-trimestre-del-2025-ya-tiene-sus-ganadores\\\/\"},\"wordCount\":60,\"commentCount\":0,\"publisher\":{\"@id\":\"https:\\\/\\\/tuguia.combarranquilla.co\\\/Revista\\\/#organization\"},\"image\":{\"@id\":\"https:\\\/\\\/tuguia.combarranquilla.co\\\/Revista\\\/el-subsidio-de-vivienda-del-iv-trimestre-del-2025-ya-tiene-sus-ganadores\\\/#primaryimage\"},\"thumbnailUrl\":\"https:\\\/\\\/tuguia.combarranquilla.co\\\/Revista\\\/wp-content\\\/uploads\\\/2026\\\/01\\\/Revista-Combarranquilla-7-scaled.jpg\",\"articleSection\":[\"SUBSIDIOS\"],\"inLanguage\":\"es-CO\",\"potentialAction\":[{\"@type\":\"CommentAction\",\"name\":\"Comment\",\"target\":[\"https:\\\/\\\/tuguia.combarranquilla.co\\\/Revista\\\/el-subsidio-de-vivienda-del-iv-trimestre-del-2025-ya-tiene-sus-ganadores\\\/#respond\"]}]},{\"@type\":\"WebPage\",\"@id\":\"https:\\\/\\\/tuguia.combarranquilla.co\\\/Revista\\\/el-subsidio-de-vivienda-del-iv-trimestre-del-2025-ya-tiene-sus-ganadores\\\/\",\"url\":\"https:\\\/\\\/tuguia.combarranquilla.co\\\/Revista\\\/el-subsidio-de-vivienda-del-iv-trimestre-del-2025-ya-tiene-sus-ganadores\\\/\",\"name\":\"El Subsidio de Vivienda del IV trimestre del 2025 ya tiene sus ganadores - Tu Gu\u00eda\",\"isPartOf\":{\"@id\":\"https:\\\/\\\/tuguia.combarranquilla.co\\\/Revista\\\/#website\"},\"primaryImageOfPage\":{\"@id\":\"https:\\\/\\\/tuguia.combarranquilla.co\\\/Revista\\\/el-subsidio-de-vivienda-del-iv-trimestre-del-2025-ya-tiene-sus-ganadores\\\/#primaryimage\"},\"image\":{\"@id\":\"https:\\\/\\\/tuguia.combarranquilla.co\\\/Revista\\\/el-subsidio-de-vivienda-del-iv-trimestre-del-2025-ya-tiene-sus-ganadores\\\/#primaryimage\"},\"thumbnailUrl\":\"https:\\\/\\\/tuguia.combarranquilla.co\\\/Revista\\\/wp-content\\\/uploads\\\/2026\\\/01\\\/Revista-Combarranquilla-7-scaled.jpg\",\"datePublished\":\"2026-01-15T20:18:37+00:00\",\"dateModified\":\"2026-01-19T16:46:01+00:00\",\"breadcrumb\":{\"@id\":\"https:\\\/\\\/tuguia.combarranquilla.co\\\/Revista\\\/el-subsidio-de-vivienda-del-iv-trimestre-del-2025-ya-tiene-sus-ganadores\\\/#breadcrumb\"},\"inLanguage\":\"es-CO\",\"potentialAction\":[{\"@type\":\"ReadAction\",\"target\":[\"https:\\\/\\\/tuguia.combarranquilla.co\\\/Revista\\\/el-subsidio-de-vivienda-del-iv-trimestre-del-2025-ya-tiene-sus-ganadores\\\/\"]}]},{\"@type\":\"ImageObject\",\"inLanguage\":\"es-CO\",\"@id\":\"https:\\\/\\\/tuguia.combarranquilla.co\\\/Revista\\\/el-subsidio-de-vivienda-del-iv-trimestre-del-2025-ya-tiene-sus-ganadores\\\/#primaryimage\",\"url\":\"https:\\\/\\\/tuguia.combarranquilla.co\\\/Revista\\\/wp-content\\\/uploads\\\/2026\\\/01\\\/Revista-Combarranquilla-7-scaled.jpg\",\"contentUrl\":\"https:\\\/\\\/tuguia.combarranquilla.co\\\/Revista\\\/wp-content\\\/uploads\\\/2026\\\/01\\\/Revista-Combarranquilla-7-scaled.jpg\",\"width\":2560,\"height\":1280},{\"@type\":\"BreadcrumbList\",\"@id\":\"https:\\\/\\\/tuguia.combarranquilla.co\\\/Revista\\\/el-subsidio-de-vivienda-del-iv-trimestre-del-2025-ya-tiene-sus-ganadores\\\/#breadcrumb\",\"itemListElement\":[{\"@type\":\"ListItem\",\"position\":1,\"name\":\"Inicio\",\"item\":\"https:\\\/\\\/tuguia.combarranquilla.co\\\/Revista\\\/\"},{\"@type\":\"ListItem\",\"position\":2,\"name\":\"El Subsidio de Vivienda del IV trimestre del 2025 ya tiene sus ganadores\"}]},{\"@type\":\"WebSite\",\"@id\":\"https:\\\/\\\/tuguia.combarranquilla.co\\\/Revista\\\/#website\",\"url\":\"https:\\\/\\\/tuguia.combarranquilla.co\\\/Revista\\\/\",\"name\":\"Tu Gu\u00eda\",\"description\":\"La revista donde lo tienes todo.\",\"publisher\":{\"@id\":\"https:\\\/\\\/tuguia.combarranquilla.co\\\/Revista\\\/#organization\"},\"alternateName\":\"Tu Gu\u00eda Combarranquilla\",\"potentialAction\":[{\"@type\":\"SearchAction\",\"target\":{\"@type\":\"EntryPoint\",\"urlTemplate\":\"https:\\\/\\\/tuguia.combarranquilla.co\\\/Revista\\\/?s={search_term_string}\"},\"query-input\":{\"@type\":\"PropertyValueSpecification\",\"valueRequired\":true,\"valueName\":\"search_term_string\"}}],\"inLanguage\":\"es-CO\"},{\"@type\":\"Organization\",\"@id\":\"https:\\\/\\\/tuguia.combarranquilla.co\\\/Revista\\\/#organization\",\"name\":\"Tu Gu\u00eda Combarranquilla\",\"url\":\"https:\\\/\\\/tuguia.combarranquilla.co\\\/Revista\\\/\",\"logo\":{\"@type\":\"ImageObject\",\"inLanguage\":\"es-CO\",\"@id\":\"https:\\\/\\\/tuguia.combarranquilla.co\\\/Revista\\\/#\\\/schema\\\/logo\\\/image\\\/\",\"url\":\"https:\\\/\\\/tuguia.combarranquilla.co\\\/Revista\\\/wp-content\\\/uploads\\\/2022\\\/02\\\/logo-guia-combarranquilla.svg\",\"contentUrl\":\"https:\\\/\\\/tuguia.combarranquilla.co\\\/Revista\\\/wp-content\\\/uploads\\\/2022\\\/02\\\/logo-guia-combarranquilla.svg\",\"caption\":\"Tu Gu\u00eda Combarranquilla\"},\"image\":{\"@id\":\"https:\\\/\\\/tuguia.combarranquilla.co\\\/Revista\\\/#\\\/schema\\\/logo\\\/image\\\/\"}},{\"@type\":\"Person\",\"@id\":\"https:\\\/\\\/tuguia.combarranquilla.co\\\/Revista\\\/#\\\/schema\\\/person\\\/c2c396a77170bd1d5f8ba73294eb0d10\",\"name\":\"Comunicaciones Combarranquilla\",\"image\":{\"@type\":\"ImageObject\",\"inLanguage\":\"es-CO\",\"@id\":\"https:\\\/\\\/tuguia.combarranquilla.co\\\/Revista\\\/wp-content\\\/uploads\\\/2025\\\/05\\\/ABC-Al-Rojo-Logo-96x96.jpg\",\"url\":\"https:\\\/\\\/tuguia.combarranquilla.co\\\/Revista\\\/wp-content\\\/uploads\\\/2025\\\/05\\\/ABC-Al-Rojo-Logo-96x96.jpg\",\"contentUrl\":\"https:\\\/\\\/tuguia.combarranquilla.co\\\/Revista\\\/wp-content\\\/uploads\\\/2025\\\/05\\\/ABC-Al-Rojo-Logo-96x96.jpg\",\"caption\":\"Comunicaciones Combarranquilla\"},\"sameAs\":[\"https:\\\/\\\/www.combarranquilla.co\"],\"url\":\"https:\\\/\\\/tuguia.combarranquilla.co\\\/Revista\\\/author\\\/comunicaciones\\\/\"}]}<\/script>\n<!-- \/ Yoast SEO plugin. -->","yoast_head_json":{"title":"El Subsidio de Vivienda del IV trimestre del 2025 ya tiene sus ganadores - Tu Gu\u00eda","robots":{"index":"index","follow":"follow","max-snippet":"max-snippet:-1","max-image-preview":"max-image-preview:large","max-video-preview":"max-video-preview:-1"},"canonical":"https:\/\/tuguia.combarranquilla.co\/Revista\/el-subsidio-de-vivienda-del-iv-trimestre-del-2025-ya-tiene-sus-ganadores\/","og_locale":"es_ES","og_type":"article","og_title":"El Subsidio de Vivienda del IV trimestre del 2025 ya tiene sus ganadores - Tu Gu\u00eda","og_description":"Cada a\u00f1o, Combarranquilla abre la convocatoria al Subsidio de Vivienda, para que sus afiliados logren su meta de tener una casa propia. La \u00faltima convocatoria del 2025, abierta durante el mes de octubre, otorg\u00f3 subsidios de 28.470.000 y 42.705.000 millones de pesos a 30 familias beneficiadas. Con\u00f3celas a continuaci\u00f3n.","og_url":"https:\/\/tuguia.combarranquilla.co\/Revista\/el-subsidio-de-vivienda-del-iv-trimestre-del-2025-ya-tiene-sus-ganadores\/","og_site_name":"Tu Gu\u00eda","article_published_time":"2026-01-15T20:18:37+00:00","article_modified_time":"2026-01-19T16:46:01+00:00","og_image":[{"width":2560,"height":1280,"url":"https:\/\/tuguia.combarranquilla.co\/Revista\/wp-content\/uploads\/2026\/01\/Revista-Combarranquilla-7-scaled.jpg","type":"image\/jpeg"}],"author":"Comunicaciones Combarranquilla","twitter_card":"summary_large_image","twitter_misc":{"Escrito por":"Comunicaciones Combarranquilla","Tiempo de lectura":"1 minuto"},"schema":{"@context":"https:\/\/schema.org","@graph":[{"@type":"Article","@id":"https:\/\/tuguia.combarranquilla.co\/Revista\/el-subsidio-de-vivienda-del-iv-trimestre-del-2025-ya-tiene-sus-ganadores\/#article","isPartOf":{"@id":"https:\/\/tuguia.combarranquilla.co\/Revista\/el-subsidio-de-vivienda-del-iv-trimestre-del-2025-ya-tiene-sus-ganadores\/"},"author":{"name":"Comunicaciones Combarranquilla","@id":"https:\/\/tuguia.combarranquilla.co\/Revista\/#\/schema\/person\/c2c396a77170bd1d5f8ba73294eb0d10"},"headline":"El Subsidio de Vivienda del IV trimestre del 2025 ya tiene sus ganadores","datePublished":"2026-01-15T20:18:37+00:00","dateModified":"2026-01-19T16:46:01+00:00","mainEntityOfPage":{"@id":"https:\/\/tuguia.combarranquilla.co\/Revista\/el-subsidio-de-vivienda-del-iv-trimestre-del-2025-ya-tiene-sus-ganadores\/"},"wordCount":60,"commentCount":0,"publisher":{"@id":"https:\/\/tuguia.combarranquilla.co\/Revista\/#organization"},"image":{"@id":"https:\/\/tuguia.combarranquilla.co\/Revista\/el-subsidio-de-vivienda-del-iv-trimestre-del-2025-ya-tiene-sus-ganadores\/#primaryimage"},"thumbnailUrl":"https:\/\/tuguia.combarranquilla.co\/Revista\/wp-content\/uploads\/2026\/01\/Revista-Combarranquilla-7-scaled.jpg","articleSection":["SUBSIDIOS"],"inLanguage":"es-CO","potentialAction":[{"@type":"CommentAction","name":"Comment","target":["https:\/\/tuguia.combarranquilla.co\/Revista\/el-subsidio-de-vivienda-del-iv-trimestre-del-2025-ya-tiene-sus-ganadores\/#respond"]}]},{"@type":"WebPage","@id":"https:\/\/tuguia.combarranquilla.co\/Revista\/el-subsidio-de-vivienda-del-iv-trimestre-del-2025-ya-tiene-sus-ganadores\/","url":"https:\/\/tuguia.combarranquilla.co\/Revista\/el-subsidio-de-vivienda-del-iv-trimestre-del-2025-ya-tiene-sus-ganadores\/","name":"El Subsidio de Vivienda del IV trimestre del 2025 ya tiene sus ganadores - Tu Gu\u00eda","isPartOf":{"@id":"https:\/\/tuguia.combarranquilla.co\/Revista\/#website"},"primaryImageOfPage":{"@id":"https:\/\/tuguia.combarranquilla.co\/Revista\/el-subsidio-de-vivienda-del-iv-trimestre-del-2025-ya-tiene-sus-ganadores\/#primaryimage"},"image":{"@id":"https:\/\/tuguia.combarranquilla.co\/Revista\/el-subsidio-de-vivienda-del-iv-trimestre-del-2025-ya-tiene-sus-ganadores\/#primaryimage"},"thumbnailUrl":"https:\/\/tuguia.combarranquilla.co\/Revista\/wp-content\/uploads\/2026\/01\/Revista-Combarranquilla-7-scaled.jpg","datePublished":"2026-01-15T20:18:37+00:00","dateModified":"2026-01-19T16:46:01+00:00","breadcrumb":{"@id":"https:\/\/tuguia.combarranquilla.co\/Revista\/el-subsidio-de-vivienda-del-iv-trimestre-del-2025-ya-tiene-sus-ganadores\/#breadcrumb"},"inLanguage":"es-CO","potentialAction":[{"@type":"ReadAction","target":["https:\/\/tuguia.combarranquilla.co\/Revista\/el-subsidio-de-vivienda-del-iv-trimestre-del-2025-ya-tiene-sus-ganadores\/"]}]},{"@type":"ImageObject","inLanguage":"es-CO","@id":"https:\/\/tuguia.combarranquilla.co\/Revista\/el-subsidio-de-vivienda-del-iv-trimestre-del-2025-ya-tiene-sus-ganadores\/#primaryimage","url":"https:\/\/tuguia.combarranquilla.co\/Revista\/wp-content\/uploads\/2026\/01\/Revista-Combarranquilla-7-scaled.jpg","contentUrl":"https:\/\/tuguia.combarranquilla.co\/Revista\/wp-content\/uploads\/2026\/01\/Revista-Combarranquilla-7-scaled.jpg","width":2560,"height":1280},{"@type":"BreadcrumbList","@id":"https:\/\/tuguia.combarranquilla.co\/Revista\/el-subsidio-de-vivienda-del-iv-trimestre-del-2025-ya-tiene-sus-ganadores\/#breadcrumb","itemListElement":[{"@type":"ListItem","position":1,"name":"Inicio","item":"https:\/\/tuguia.combarranquilla.co\/Revista\/"},{"@type":"ListItem","position":2,"name":"El Subsidio de Vivienda del IV trimestre del 2025 ya tiene sus ganadores"}]},{"@type":"WebSite","@id":"https:\/\/tuguia.combarranquilla.co\/Revista\/#website","url":"https:\/\/tuguia.combarranquilla.co\/Revista\/","name":"Tu Gu\u00eda","description":"La revista donde lo tienes todo.","publisher":{"@id":"https:\/\/tuguia.combarranquilla.co\/Revista\/#organization"},"alternateName":"Tu Gu\u00eda Combarranquilla","potentialAction":[{"@type":"SearchAction","target":{"@type":"EntryPoint","urlTemplate":"https:\/\/tuguia.combarranquilla.co\/Revista\/?s={search_term_string}"},"query-input":{"@type":"PropertyValueSpecification","valueRequired":true,"valueName":"search_term_string"}}],"inLanguage":"es-CO"},{"@type":"Organization","@id":"https:\/\/tuguia.combarranquilla.co\/Revista\/#organization","name":"Tu Gu\u00eda Combarranquilla","url":"https:\/\/tuguia.combarranquilla.co\/Revista\/","logo":{"@type":"ImageObject","inLanguage":"es-CO","@id":"https:\/\/tuguia.combarranquilla.co\/Revista\/#\/schema\/logo\/image\/","url":"https:\/\/tuguia.combarranquilla.co\/Revista\/wp-content\/uploads\/2022\/02\/logo-guia-combarranquilla.svg","contentUrl":"https:\/\/tuguia.combarranquilla.co\/Revista\/wp-content\/uploads\/2022\/02\/logo-guia-combarranquilla.svg","caption":"Tu Gu\u00eda Combarranquilla"},"image":{"@id":"https:\/\/tuguia.combarranquilla.co\/Revista\/#\/schema\/logo\/image\/"}},{"@type":"Person","@id":"https:\/\/tuguia.combarranquilla.co\/Revista\/#\/schema\/person\/c2c396a77170bd1d5f8ba73294eb0d10","name":"Comunicaciones Combarranquilla","image":{"@type":"ImageObject","inLanguage":"es-CO","@id":"https:\/\/tuguia.combarranquilla.co\/Revista\/wp-content\/uploads\/2025\/05\/ABC-Al-Rojo-Logo-96x96.jpg","url":"https:\/\/tuguia.combarranquilla.co\/Revista\/wp-content\/uploads\/2025\/05\/ABC-Al-Rojo-Logo-96x96.jpg","contentUrl":"https:\/\/tuguia.combarranquilla.co\/Revista\/wp-content\/uploads\/2025\/05\/ABC-Al-Rojo-Logo-96x96.jpg","caption":"Comunicaciones Combarranquilla"},"sameAs":["https:\/\/www.combarranquilla.co"],"url":"https:\/\/tuguia.combarranquilla.co\/Revista\/author\/comunicaciones\/"}]}},"_links":{"self":[{"href":"https:\/\/tuguia.combarranquilla.co\/Revista\/wp-json\/wp\/v2\/posts\/8506","targetHints":{"allow":["GET"]}}],"collection":[{"href":"https:\/\/tuguia.combarranquilla.co\/Revista\/wp-json\/wp\/v2\/posts"}],"about":[{"href":"https:\/\/tuguia.combarranquilla.co\/Revista\/wp-json\/wp\/v2\/types\/post"}],"author":[{"embeddable":true,"href":"https:\/\/tuguia.combarranquilla.co\/Revista\/wp-json\/wp\/v2\/users\/2"}],"replies":[{"embeddable":true,"href":"https:\/\/tuguia.combarranquilla.co\/Revista\/wp-json\/wp\/v2\/comments?post=8506"}],"version-history":[{"count":4,"href":"https:\/\/tuguia.combarranquilla.co\/Revista\/wp-json\/wp\/v2\/posts\/8506\/revisions"}],"predecessor-version":[{"id":8516,"href":"https:\/\/tuguia.combarranquilla.co\/Revista\/wp-json\/wp\/v2\/posts\/8506\/revisions\/8516"}],"wp:featuredmedia":[{"embeddable":true,"href":"https:\/\/tuguia.combarranquilla.co\/Revista\/wp-json\/wp\/v2\/media\/8509"}],"wp:attachment":[{"href":"https:\/\/tuguia.combarranquilla.co\/Revista\/wp-json\/wp\/v2\/media?parent=8506"}],"wp:term":[{"taxonomy":"category","embeddable":true,"href":"https:\/\/tuguia.combarranquilla.co\/Revista\/wp-json\/wp\/v2\/categories?post=8506"},{"taxonomy":"post_tag","embeddable":true,"href":"https:\/\/tuguia.combarranquilla.co\/Revista\/wp-json\/wp\/v2\/tags?post=8506"}],"curies":[{"name":"wp","href":"https:\/\/api.w.org\/{rel}","templated":true}]}}