{"id":8525,"date":"2026-02-01T08:35:00","date_gmt":"2026-02-01T13:35:00","guid":{"rendered":"https:\/\/tuguia.combarranquilla.co\/Revista\/?p=8525"},"modified":"2026-02-02T11:30:07","modified_gmt":"2026-02-02T16:30:07","slug":"nuestra-filosofia-es-tender-puentes-y-ayudar-a-las-personas-jorge-cura-director-de-emisora-atlantico-en-el-dia-del-periodista","status":"publish","type":"post","link":"https:\/\/tuguia.combarranquilla.co\/Revista\/nuestra-filosofia-es-tender-puentes-y-ayudar-a-las-personas-jorge-cura-director-de-emisora-atlantico-en-el-dia-del-periodista\/","title":{"rendered":"&#8220;Nuestra filosof\u00eda es tender puentes y ayudar a las personas&#8221;: Jorge Cura, director de Emisora Atl\u00e1ntico en el D\u00eda del Periodista"},"content":{"rendered":"\n<p><em><strong>Jorge Cura&nbsp;Amar&nbsp;siempre vio el periodismo como un lugar donde&nbsp;estar. Estar a tiempo. Estar atento. Estar cuando alguien necesita ser escuchado. Las palabras se mantienen vivas cuando ayudan a mantener con vida a otros. Tal vez por eso,&nbsp;aun&nbsp;despu\u00e9s de varios a\u00f1os frente al micr\u00f3fono,&nbsp;la voz de&nbsp;Cura no se aten\u00faa.<\/strong><\/em><\/p>\n\n\n\n<p>El 9 de febrero se celebra el D\u00eda del Periodista en Colombia. Para conmemorar este d\u00eda, me dirijo a una entrevista con un periodista barranquillero de coraz\u00f3n. Recorro con mis manos las preguntas en mis hojas mientras lo espero. A la 1:00 p.m., la puerta&nbsp;de las oficinas de la Organizaci\u00f3n Radial Ol\u00edmpica se abre.&nbsp;<\/p>\n\n\n\n<p>\u2014<em>Adelante, se\u00f1orita.<\/em>&nbsp;<\/p>\n\n\n\n<p>Es Jorge Cura, quien me recibe y me invita a su oficina. Llega&nbsp;a la hora acordada&nbsp;&#8220;como los trenes japoneses&#8221;, una met\u00e1fora que&nbsp;\u00e9l&nbsp;mismo utiliza para describir la puntualidad.&nbsp;<\/p>\n\n\n\n<p>Su oficina tiene el mundo pintado en las paredes:&nbsp;cada cuadro habla un idioma diferente y me mira entre telas y colores&nbsp;con olor a culturas. Me siento frente a Cura&nbsp;y su voz me empieza a transportar a su infancia, entre las memorias de&nbsp;sus inicios&nbsp;en el periodismo.&nbsp;<\/p>\n\n\n\n<p>Desde ni\u00f1o supo que quer\u00eda ser periodista. Creci\u00f3 en&nbsp;Chile&nbsp;leyendo&nbsp;<em>Icarito<\/em>,&nbsp;un segmento infantil del peri\u00f3dico&nbsp;<em>La Tercera,<\/em>&nbsp;donde public\u00f3 su primer art\u00edculo period\u00edstico. Su abuelita era la que compraba el&nbsp;peri\u00f3dico&nbsp;y gracias a ella se enter\u00f3 de que estaban buscando corresponsales. Cura ley\u00f3 el anuncio, decidi\u00f3 que escribir\u00eda algo y lo mand\u00f3 por correo. La semana siguiente, vio su texto publicado. &#8220;Estaba&nbsp;emocionado&nbsp;con la publicaci\u00f3n&nbsp;y eso fue lo que me dio la fuerza para seguir por ese camino.&nbsp;Me gust\u00f3 haber contado lo que pasaba en mi pueblo y que un medio tan importante lo hubiera publicado&#8221;, dice con&nbsp;alegr\u00eda.<\/p>\n\n\n\n<p>Esa experiencia fue su \u201ctrampol\u00edn\u201d, como \u00e9l mismo lo explica. Desde ese momento, no hubo marcha atr\u00e1s.<\/p>\n\n\n\n<h2 class=\"wp-block-heading has-medium-font-size\">En vivo desde Chile<\/h2>\n\n\n\n<p>La radio lleg\u00f3 casi sin pedir permiso. Un d\u00eda, un&nbsp;profesor de su colegio lo invit\u00f3 al programa de radio que ten\u00eda en una emisora de&nbsp;Putaendo. Cura fue varias veces al programa y poco a poco empez\u00f3 a hablar al aire.&nbsp;&#8220;Al director de la emisora le gust\u00f3 lo que yo estaba haciendo y me dio un espacio todos los d\u00edas de 4 a 6&nbsp;de la tarde.&nbsp;Yo sal\u00eda del colegio, almorzaba, tomaba un bus&nbsp;e&nbsp;iba&nbsp;a hacer el programa&#8221;.&nbsp;Fue en esa misma emisora en la que se desenvolvi\u00f3 como narrador de partidos de f\u00fatbol profesional cuando ten\u00eda tan solo 15 a\u00f1os.&nbsp;<\/p>\n\n\n<div class=\"wp-block-image\">\n<figure class=\"aligncenter size-large is-resized\"><img decoding=\"async\" width=\"1024\" height=\"768\" data-src=\"https:\/\/tuguia.combarranquilla.co\/Revista\/wp-content\/uploads\/2026\/02\/IMG_1740.JPG-1024x768.jpeg\" alt=\"\" class=\"wp-image-8685 lazyload\" style=\"--smush-placeholder-width: 1024px; --smush-placeholder-aspect-ratio: 1024\/768;width:570px\" data-srcset=\"https:\/\/tuguia.combarranquilla.co\/Revista\/wp-content\/uploads\/2026\/02\/IMG_1740.JPG-1024x768.jpeg 1024w, https:\/\/tuguia.combarranquilla.co\/Revista\/wp-content\/uploads\/2026\/02\/IMG_1740.JPG-300x225.jpeg 300w, https:\/\/tuguia.combarranquilla.co\/Revista\/wp-content\/uploads\/2026\/02\/IMG_1740.JPG-768x576.jpeg 768w, https:\/\/tuguia.combarranquilla.co\/Revista\/wp-content\/uploads\/2026\/02\/IMG_1740.JPG-1536x1152.jpeg 1536w, https:\/\/tuguia.combarranquilla.co\/Revista\/wp-content\/uploads\/2026\/02\/IMG_1740.JPG-2048x1536.jpeg 2048w\" data-sizes=\"(max-width: 1024px) 100vw, 1024px\" src=\"data:image\/svg+xml;base64,PHN2ZyB3aWR0aD0iMSIgaGVpZ2h0PSIxIiB4bWxucz0iaHR0cDovL3d3dy53My5vcmcvMjAwMC9zdmciPjwvc3ZnPg==\" \/><\/figure><\/div>\n\n\n<p>Quien no conoce a Jorge Cura&nbsp;puede afirmar que Barranquilla es su primer hogar. Pero esta bella ciudad apareci\u00f3 frente a sus ojos muchos a\u00f1os despu\u00e9s. Su estad\u00eda en&nbsp;Colombia&nbsp;siempre fue&nbsp;un plan temporal. Venir, estudiar y regresar: esa era&nbsp;la&nbsp;agenda&nbsp;de Cura&nbsp;cuando lleg\u00f3 al pa\u00eds. Pero Barranquilla reescribi\u00f3 su historia. \u201cNo fue f\u00e1cil\u201d, dice sin rodeos. &#8220;Para poder pagarme los estudios, vend\u00ed fumigaciones, frutas en el mercado, estampitas de la Virgen en los buses y&nbsp;fui mesero durante mucho tiempo&#8221;. Gracias a su resiliencia y paciencia, Cura pudo&nbsp;costear su&nbsp;pregrado en Comunicaci\u00f3n Social&nbsp;en la Universidad Aut\u00f3noma&nbsp;del Caribe.&nbsp;<\/p>\n\n\n\n<p>Antes de graduarse, ya era corresponsal de&nbsp;un noticiero nacional y estaba haciendo radio. &#8220;Estuve en Onda Nueva, Universal y&nbsp;Ol\u00edmpica.&nbsp;Todo fue muy r\u00e1pido,&nbsp;pero creo que pude demostrar&nbsp;que serv\u00eda para algo&#8221;.&nbsp;En La Arenosa, mientras estudiaba,&nbsp;Cura&nbsp;tambi\u00e9n&nbsp;conoci\u00f3 el amor y se cas\u00f3. &#8220;Ya en ese punto mis pies se quedaron aqu\u00ed&#8221;.<\/p>\n\n\n\n<h2 class=\"wp-block-heading has-medium-font-size\">Entre culturas<\/h2>\n\n\n\n<p>Con\u00a0el tiempo, Jorge Cura se convirti\u00f3 en el periodista del mundo y de lo local. Ha recorrido m\u00e1s de\u00a070 pa\u00edses\u00a0y ha estado donde pocos llegan. Palestina\u00a0aparece\u00a0en su relato con respeto, como una herida latiendo. &#8220;Mis abuelos eran palestinos y esa causa yo la defiendo.\u00a0Es\u00a0un pueblo\u00a0que ha pasado\u00a0por los peores momentos\u00a0de\u00a0la humanidad. M\u00e1s a\u00fan con el reciente\u00a0genocido&#8230;&#8221;, comenta\u00a0mientras se frota sus manos.\u00a0En Gaza entrevist\u00f3 a Yasser Arafat, cuando la ciudad a\u00fan era reconocible.\u00a0&#8220;Siempre so\u00f1\u00e9 con hacer lo que hice&#8221;.<\/p>\n\n\n\n<p>Afganist\u00e1n aparece desde otro \u00e1ngulo. Le llamaba la atenci\u00f3n un pa\u00eds que resisti\u00f3 a las grandes potencias. Estuvo all\u00ed y casi pierde la vida. &#8220;Casi nos matan, pero conocer ese pa\u00eds fue una gran experiencia&#8221;.&nbsp;<\/p>\n\n\n<div class=\"wp-block-image\">\n<figure class=\"aligncenter size-large is-resized\"><img decoding=\"async\" width=\"1024\" height=\"768\" data-src=\"https:\/\/tuguia.combarranquilla.co\/Revista\/wp-content\/uploads\/2026\/02\/IMG_1738.JPG-1024x768.jpeg\" alt=\"\" class=\"wp-image-8686 lazyload\" style=\"--smush-placeholder-width: 1024px; --smush-placeholder-aspect-ratio: 1024\/768;width:570px\" data-srcset=\"https:\/\/tuguia.combarranquilla.co\/Revista\/wp-content\/uploads\/2026\/02\/IMG_1738.JPG-1024x768.jpeg 1024w, https:\/\/tuguia.combarranquilla.co\/Revista\/wp-content\/uploads\/2026\/02\/IMG_1738.JPG-300x225.jpeg 300w, https:\/\/tuguia.combarranquilla.co\/Revista\/wp-content\/uploads\/2026\/02\/IMG_1738.JPG-768x576.jpeg 768w, https:\/\/tuguia.combarranquilla.co\/Revista\/wp-content\/uploads\/2026\/02\/IMG_1738.JPG-1536x1152.jpeg 1536w, https:\/\/tuguia.combarranquilla.co\/Revista\/wp-content\/uploads\/2026\/02\/IMG_1738.JPG-2048x1536.jpeg 2048w\" data-sizes=\"(max-width: 1024px) 100vw, 1024px\" src=\"data:image\/svg+xml;base64,PHN2ZyB3aWR0aD0iMSIgaGVpZ2h0PSIxIiB4bWxucz0iaHR0cDovL3d3dy53My5vcmcvMjAwMC9zdmciPjwvc3ZnPg==\" \/><\/figure><\/div>\n\n\n<p>Cuando la conversaci\u00f3n gira hacia lo local, hacia el periodismo que estudi\u00f3 y que contin\u00faa ejerciendo, Cura es claro: para \u00e9l, los cambios no han sido f\u00e1ciles de asimilar. &#8220;Yo comparo esto con estar en una estaci\u00f3n de tren: si no&nbsp;te montas, te quedas&#8221;. Hoy el periodismo exige tecnolog\u00eda, adaptaci\u00f3n. &#8220;Hay que conocer las redes sociales, asesorarse con gente m\u00e1s joven&#8221;, dice con honestidad. Y eso es lo que hace: tiene personas que lo ayudan en su labor.&nbsp;<\/p>\n\n\n\n<h2 class=\"wp-block-heading has-medium-font-size\">La emisora de &#8220;la gente linda&#8221;<\/h2>\n\n\n\n<p>Desde hace&nbsp;cuatro&nbsp;d\u00e9cadas, Jorge Cura dirige&nbsp;Emisora Atl\u00e1ntico,&nbsp;la emisora con mayor sinton\u00eda de todo el departamento.&nbsp;En este espacio de noticias, la filosof\u00eda es y siempre ser\u00e1 ayudar. &#8220;Nosotros no resolvemos los problemas, somos el conducto. Tendemos puentes y ayudamos a las personas&#8221;, explica. &#8220;Es una de las&nbsp;satisfacciones&nbsp;m\u00e1s grandes que tenemos. Nos da un plus en el coraz\u00f3n&#8221;.&nbsp;<\/p>\n\n\n\n<p>Para Cura, el periodismo debe ser por y para el pueblo.&nbsp;Con el fin de priorizar a las personas, desde hace 5 a\u00f1os&nbsp;Emisora Atl\u00e1ntico cuenta con una periodista cuyo rol es&nbsp;atender a la gente, sobre todo en temas ligados a la salud. &#8220;Tenemos una red que nos permite llegar a las EPS y tenemos un apoyo jur\u00eddico con la personer\u00eda. Nos estamos blindando para atender mejor a las personas&#8221;, comenta.&nbsp;Escuchar lo que se hace desde Emisora Atl\u00e1ntico despierta la empat\u00eda en cualquiera, un valor que se ha ido perdiendo en el presente.<\/p>\n\n\n\n<p>Antes de finalizar la entrevista, le pregunto a Jorge Cura cu\u00e1l ha sido ese recuerdo, objeto o palabra que representa su vida en el periodismo.&nbsp;<\/p>\n\n\n\n<p>\u2014<em>Disciplina.<\/em>&nbsp;<\/p>\n\n\n\n<p>Una palabra de 4 s\u00edlabas que carga el peso de&nbsp;su historia. &#8220;La persona que quiera trabajar en periodismo tiene que entender que esto&nbsp;se hace con&nbsp;pasi\u00f3n y con disciplina&#8221;.&nbsp;&nbsp;<\/p>\n\n\n<div class=\"wp-block-image\">\n<figure class=\"aligncenter size-large is-resized\"><img decoding=\"async\" width=\"768\" height=\"1024\" data-src=\"https:\/\/tuguia.combarranquilla.co\/Revista\/wp-content\/uploads\/2026\/02\/IMG_1739.JPG-768x1024.jpeg\" alt=\"\" class=\"wp-image-8687 lazyload\" style=\"--smush-placeholder-width: 768px; --smush-placeholder-aspect-ratio: 768\/1024;width:570px\" data-srcset=\"https:\/\/tuguia.combarranquilla.co\/Revista\/wp-content\/uploads\/2026\/02\/IMG_1739.JPG-768x1024.jpeg 768w, https:\/\/tuguia.combarranquilla.co\/Revista\/wp-content\/uploads\/2026\/02\/IMG_1739.JPG-225x300.jpeg 225w, https:\/\/tuguia.combarranquilla.co\/Revista\/wp-content\/uploads\/2026\/02\/IMG_1739.JPG-1152x1536.jpeg 1152w, https:\/\/tuguia.combarranquilla.co\/Revista\/wp-content\/uploads\/2026\/02\/IMG_1739.JPG-1536x2048.jpeg 1536w, https:\/\/tuguia.combarranquilla.co\/Revista\/wp-content\/uploads\/2026\/02\/IMG_1739.JPG-scaled.jpeg 1920w\" data-sizes=\"(max-width: 768px) 100vw, 768px\" src=\"data:image\/svg+xml;base64,PHN2ZyB3aWR0aD0iMSIgaGVpZ2h0PSIxIiB4bWxucz0iaHR0cDovL3d3dy53My5vcmcvMjAwMC9zdmciPjwvc3ZnPg==\" \/><\/figure><\/div>\n\n\n<p>Actualmente, Cura contin\u00faa apost\u00e1ndole a un periodismo que dialoga con el tiempo. A trav\u00e9s de su proyecto&nbsp;<em>Replay<\/em>, rescata cr\u00f3nicas como la de&nbsp;Poncho Zuleta y&nbsp;Do\u00f1a&nbsp;Cleotilde.&nbsp;Asimismo, ha dedicado gran parte de su tiempo a entrevistar a compositores vallenatos, esas personas que hacen parte de nuestra memoria colectiva. Ambos&nbsp;proyectos confirman que su oficio period\u00edstico sigue en movimiento: visita el pasado y observa el presente para transmitir historias a &#8220;la gente linda&#8221;.<\/p>\n","protected":false},"excerpt":{"rendered":"<p>Jorge Cura&nbsp;Amar&nbsp;siempre vio el periodismo como un lugar donde&nbsp;estar. Estar a tiempo. Estar atento. Estar cuando alguien necesita ser escuchado. Las palabras se mantienen vivas cuando ayudan a mantener con vida a otros. Tal vez por eso,&nbsp;aun&nbsp;despu\u00e9s de varios a\u00f1os frente al micr\u00f3fono,&nbsp;la voz de&nbsp;Cura no se aten\u00faa. El 9 de febrero se celebra el [&hellip;]<\/p>\n","protected":false},"author":2,"featured_media":8537,"comment_status":"open","ping_status":"open","sticky":false,"template":"","format":"standard","meta":{"inline_featured_image":false,"footnotes":""},"categories":[7],"tags":[],"class_list":["post-8525","post","type-post","status-publish","format-standard","has-post-thumbnail","hentry","category-familia-combarranquilla"],"yoast_head":"<!-- This site is optimized with the Yoast SEO plugin v27.4 - https:\/\/yoast.com\/product\/yoast-seo-wordpress\/ -->\n<title>&quot;Nuestra filosof\u00eda es tender puentes y ayudar a las personas&quot;: Jorge Cura, director de Emisora Atl\u00e1ntico en el D\u00eda del Periodista - Tu Gu\u00eda<\/title>\n<meta name=\"robots\" content=\"index, follow, max-snippet:-1, max-image-preview:large, max-video-preview:-1\" \/>\n<link rel=\"canonical\" href=\"https:\/\/tuguia.combarranquilla.co\/Revista\/nuestra-filosofia-es-tender-puentes-y-ayudar-a-las-personas-jorge-cura-director-de-emisora-atlantico-en-el-dia-del-periodista\/\" \/>\n<meta property=\"og:locale\" content=\"es_ES\" \/>\n<meta property=\"og:type\" content=\"article\" \/>\n<meta property=\"og:title\" content=\"&quot;Nuestra filosof\u00eda es tender puentes y ayudar a las personas&quot;: Jorge Cura, director de Emisora Atl\u00e1ntico en el D\u00eda del Periodista - Tu Gu\u00eda\" \/>\n<meta property=\"og:description\" content=\"Jorge Cura&nbsp;Amar&nbsp;siempre vio el periodismo como un lugar donde&nbsp;estar. Estar a tiempo. Estar atento. Estar cuando alguien necesita ser escuchado. Las palabras se mantienen vivas cuando ayudan a mantener con vida a otros. Tal vez por eso,&nbsp;aun&nbsp;despu\u00e9s de varios a\u00f1os frente al micr\u00f3fono,&nbsp;la voz de&nbsp;Cura no se aten\u00faa. El 9 de febrero se celebra el [&hellip;]\" \/>\n<meta property=\"og:url\" content=\"https:\/\/tuguia.combarranquilla.co\/Revista\/nuestra-filosofia-es-tender-puentes-y-ayudar-a-las-personas-jorge-cura-director-de-emisora-atlantico-en-el-dia-del-periodista\/\" \/>\n<meta property=\"og:site_name\" content=\"Tu Gu\u00eda\" \/>\n<meta property=\"article:published_time\" content=\"2026-02-01T13:35:00+00:00\" \/>\n<meta property=\"article:modified_time\" content=\"2026-02-02T16:30:07+00:00\" \/>\n<meta property=\"og:image\" content=\"https:\/\/tuguia.combarranquilla.co\/Revista\/wp-content\/uploads\/2026\/01\/Revista-Combarranquilla-1-3-scaled.jpg\" \/>\n\t<meta property=\"og:image:width\" content=\"2560\" \/>\n\t<meta property=\"og:image:height\" content=\"1280\" \/>\n\t<meta property=\"og:image:type\" content=\"image\/jpeg\" \/>\n<meta name=\"author\" content=\"Comunicaciones Combarranquilla\" \/>\n<meta name=\"twitter:card\" content=\"summary_large_image\" \/>\n<meta name=\"twitter:label1\" content=\"Escrito por\" \/>\n\t<meta name=\"twitter:data1\" content=\"Comunicaciones Combarranquilla\" \/>\n\t<meta name=\"twitter:label2\" content=\"Tiempo de lectura\" \/>\n\t<meta name=\"twitter:data2\" content=\"6 minutos\" \/>\n<script type=\"application\/ld+json\" class=\"yoast-schema-graph\">{\"@context\":\"https:\\\/\\\/schema.org\",\"@graph\":[{\"@type\":\"Article\",\"@id\":\"https:\\\/\\\/tuguia.combarranquilla.co\\\/Revista\\\/nuestra-filosofia-es-tender-puentes-y-ayudar-a-las-personas-jorge-cura-director-de-emisora-atlantico-en-el-dia-del-periodista\\\/#article\",\"isPartOf\":{\"@id\":\"https:\\\/\\\/tuguia.combarranquilla.co\\\/Revista\\\/nuestra-filosofia-es-tender-puentes-y-ayudar-a-las-personas-jorge-cura-director-de-emisora-atlantico-en-el-dia-del-periodista\\\/\"},\"author\":{\"name\":\"Comunicaciones Combarranquilla\",\"@id\":\"https:\\\/\\\/tuguia.combarranquilla.co\\\/Revista\\\/#\\\/schema\\\/person\\\/c2c396a77170bd1d5f8ba73294eb0d10\"},\"headline\":\"&#8220;Nuestra filosof\u00eda es tender puentes y ayudar a las personas&#8221;: Jorge Cura, director de Emisora Atl\u00e1ntico en el D\u00eda del Periodista\",\"datePublished\":\"2026-02-01T13:35:00+00:00\",\"dateModified\":\"2026-02-02T16:30:07+00:00\",\"mainEntityOfPage\":{\"@id\":\"https:\\\/\\\/tuguia.combarranquilla.co\\\/Revista\\\/nuestra-filosofia-es-tender-puentes-y-ayudar-a-las-personas-jorge-cura-director-de-emisora-atlantico-en-el-dia-del-periodista\\\/\"},\"wordCount\":1277,\"commentCount\":1,\"publisher\":{\"@id\":\"https:\\\/\\\/tuguia.combarranquilla.co\\\/Revista\\\/#organization\"},\"image\":{\"@id\":\"https:\\\/\\\/tuguia.combarranquilla.co\\\/Revista\\\/nuestra-filosofia-es-tender-puentes-y-ayudar-a-las-personas-jorge-cura-director-de-emisora-atlantico-en-el-dia-del-periodista\\\/#primaryimage\"},\"thumbnailUrl\":\"https:\\\/\\\/tuguia.combarranquilla.co\\\/Revista\\\/wp-content\\\/uploads\\\/2026\\\/01\\\/Revista-Combarranquilla-1-3-scaled.jpg\",\"articleSection\":[\"FAMILIA COMBARRANQUILLA\"],\"inLanguage\":\"es-CO\",\"potentialAction\":[{\"@type\":\"CommentAction\",\"name\":\"Comment\",\"target\":[\"https:\\\/\\\/tuguia.combarranquilla.co\\\/Revista\\\/nuestra-filosofia-es-tender-puentes-y-ayudar-a-las-personas-jorge-cura-director-de-emisora-atlantico-en-el-dia-del-periodista\\\/#respond\"]}]},{\"@type\":\"WebPage\",\"@id\":\"https:\\\/\\\/tuguia.combarranquilla.co\\\/Revista\\\/nuestra-filosofia-es-tender-puentes-y-ayudar-a-las-personas-jorge-cura-director-de-emisora-atlantico-en-el-dia-del-periodista\\\/\",\"url\":\"https:\\\/\\\/tuguia.combarranquilla.co\\\/Revista\\\/nuestra-filosofia-es-tender-puentes-y-ayudar-a-las-personas-jorge-cura-director-de-emisora-atlantico-en-el-dia-del-periodista\\\/\",\"name\":\"\\\"Nuestra filosof\u00eda es tender puentes y ayudar a las personas\\\": Jorge Cura, director de Emisora Atl\u00e1ntico en el D\u00eda del Periodista - Tu Gu\u00eda\",\"isPartOf\":{\"@id\":\"https:\\\/\\\/tuguia.combarranquilla.co\\\/Revista\\\/#website\"},\"primaryImageOfPage\":{\"@id\":\"https:\\\/\\\/tuguia.combarranquilla.co\\\/Revista\\\/nuestra-filosofia-es-tender-puentes-y-ayudar-a-las-personas-jorge-cura-director-de-emisora-atlantico-en-el-dia-del-periodista\\\/#primaryimage\"},\"image\":{\"@id\":\"https:\\\/\\\/tuguia.combarranquilla.co\\\/Revista\\\/nuestra-filosofia-es-tender-puentes-y-ayudar-a-las-personas-jorge-cura-director-de-emisora-atlantico-en-el-dia-del-periodista\\\/#primaryimage\"},\"thumbnailUrl\":\"https:\\\/\\\/tuguia.combarranquilla.co\\\/Revista\\\/wp-content\\\/uploads\\\/2026\\\/01\\\/Revista-Combarranquilla-1-3-scaled.jpg\",\"datePublished\":\"2026-02-01T13:35:00+00:00\",\"dateModified\":\"2026-02-02T16:30:07+00:00\",\"breadcrumb\":{\"@id\":\"https:\\\/\\\/tuguia.combarranquilla.co\\\/Revista\\\/nuestra-filosofia-es-tender-puentes-y-ayudar-a-las-personas-jorge-cura-director-de-emisora-atlantico-en-el-dia-del-periodista\\\/#breadcrumb\"},\"inLanguage\":\"es-CO\",\"potentialAction\":[{\"@type\":\"ReadAction\",\"target\":[\"https:\\\/\\\/tuguia.combarranquilla.co\\\/Revista\\\/nuestra-filosofia-es-tender-puentes-y-ayudar-a-las-personas-jorge-cura-director-de-emisora-atlantico-en-el-dia-del-periodista\\\/\"]}]},{\"@type\":\"ImageObject\",\"inLanguage\":\"es-CO\",\"@id\":\"https:\\\/\\\/tuguia.combarranquilla.co\\\/Revista\\\/nuestra-filosofia-es-tender-puentes-y-ayudar-a-las-personas-jorge-cura-director-de-emisora-atlantico-en-el-dia-del-periodista\\\/#primaryimage\",\"url\":\"https:\\\/\\\/tuguia.combarranquilla.co\\\/Revista\\\/wp-content\\\/uploads\\\/2026\\\/01\\\/Revista-Combarranquilla-1-3-scaled.jpg\",\"contentUrl\":\"https:\\\/\\\/tuguia.combarranquilla.co\\\/Revista\\\/wp-content\\\/uploads\\\/2026\\\/01\\\/Revista-Combarranquilla-1-3-scaled.jpg\",\"width\":2560,\"height\":1280},{\"@type\":\"BreadcrumbList\",\"@id\":\"https:\\\/\\\/tuguia.combarranquilla.co\\\/Revista\\\/nuestra-filosofia-es-tender-puentes-y-ayudar-a-las-personas-jorge-cura-director-de-emisora-atlantico-en-el-dia-del-periodista\\\/#breadcrumb\",\"itemListElement\":[{\"@type\":\"ListItem\",\"position\":1,\"name\":\"Inicio\",\"item\":\"https:\\\/\\\/tuguia.combarranquilla.co\\\/Revista\\\/\"},{\"@type\":\"ListItem\",\"position\":2,\"name\":\"&#8220;Nuestra filosof\u00eda es tender puentes y ayudar a las personas&#8221;: Jorge Cura, director de Emisora Atl\u00e1ntico en el D\u00eda del Periodista\"}]},{\"@type\":\"WebSite\",\"@id\":\"https:\\\/\\\/tuguia.combarranquilla.co\\\/Revista\\\/#website\",\"url\":\"https:\\\/\\\/tuguia.combarranquilla.co\\\/Revista\\\/\",\"name\":\"Tu Gu\u00eda\",\"description\":\"La revista donde lo tienes todo.\",\"publisher\":{\"@id\":\"https:\\\/\\\/tuguia.combarranquilla.co\\\/Revista\\\/#organization\"},\"alternateName\":\"Tu Gu\u00eda Combarranquilla\",\"potentialAction\":[{\"@type\":\"SearchAction\",\"target\":{\"@type\":\"EntryPoint\",\"urlTemplate\":\"https:\\\/\\\/tuguia.combarranquilla.co\\\/Revista\\\/?s={search_term_string}\"},\"query-input\":{\"@type\":\"PropertyValueSpecification\",\"valueRequired\":true,\"valueName\":\"search_term_string\"}}],\"inLanguage\":\"es-CO\"},{\"@type\":\"Organization\",\"@id\":\"https:\\\/\\\/tuguia.combarranquilla.co\\\/Revista\\\/#organization\",\"name\":\"Tu Gu\u00eda Combarranquilla\",\"url\":\"https:\\\/\\\/tuguia.combarranquilla.co\\\/Revista\\\/\",\"logo\":{\"@type\":\"ImageObject\",\"inLanguage\":\"es-CO\",\"@id\":\"https:\\\/\\\/tuguia.combarranquilla.co\\\/Revista\\\/#\\\/schema\\\/logo\\\/image\\\/\",\"url\":\"https:\\\/\\\/tuguia.combarranquilla.co\\\/Revista\\\/wp-content\\\/uploads\\\/2022\\\/02\\\/logo-guia-combarranquilla.svg\",\"contentUrl\":\"https:\\\/\\\/tuguia.combarranquilla.co\\\/Revista\\\/wp-content\\\/uploads\\\/2022\\\/02\\\/logo-guia-combarranquilla.svg\",\"caption\":\"Tu Gu\u00eda Combarranquilla\"},\"image\":{\"@id\":\"https:\\\/\\\/tuguia.combarranquilla.co\\\/Revista\\\/#\\\/schema\\\/logo\\\/image\\\/\"}},{\"@type\":\"Person\",\"@id\":\"https:\\\/\\\/tuguia.combarranquilla.co\\\/Revista\\\/#\\\/schema\\\/person\\\/c2c396a77170bd1d5f8ba73294eb0d10\",\"name\":\"Comunicaciones Combarranquilla\",\"image\":{\"@type\":\"ImageObject\",\"inLanguage\":\"es-CO\",\"@id\":\"https:\\\/\\\/tuguia.combarranquilla.co\\\/Revista\\\/wp-content\\\/uploads\\\/2025\\\/05\\\/ABC-Al-Rojo-Logo-96x96.jpg\",\"url\":\"https:\\\/\\\/tuguia.combarranquilla.co\\\/Revista\\\/wp-content\\\/uploads\\\/2025\\\/05\\\/ABC-Al-Rojo-Logo-96x96.jpg\",\"contentUrl\":\"https:\\\/\\\/tuguia.combarranquilla.co\\\/Revista\\\/wp-content\\\/uploads\\\/2025\\\/05\\\/ABC-Al-Rojo-Logo-96x96.jpg\",\"caption\":\"Comunicaciones Combarranquilla\"},\"sameAs\":[\"https:\\\/\\\/www.combarranquilla.co\"],\"url\":\"https:\\\/\\\/tuguia.combarranquilla.co\\\/Revista\\\/author\\\/comunicaciones\\\/\"}]}<\/script>\n<!-- \/ Yoast SEO plugin. -->","yoast_head_json":{"title":"\"Nuestra filosof\u00eda es tender puentes y ayudar a las personas\": Jorge Cura, director de Emisora Atl\u00e1ntico en el D\u00eda del Periodista - Tu Gu\u00eda","robots":{"index":"index","follow":"follow","max-snippet":"max-snippet:-1","max-image-preview":"max-image-preview:large","max-video-preview":"max-video-preview:-1"},"canonical":"https:\/\/tuguia.combarranquilla.co\/Revista\/nuestra-filosofia-es-tender-puentes-y-ayudar-a-las-personas-jorge-cura-director-de-emisora-atlantico-en-el-dia-del-periodista\/","og_locale":"es_ES","og_type":"article","og_title":"\"Nuestra filosof\u00eda es tender puentes y ayudar a las personas\": Jorge Cura, director de Emisora Atl\u00e1ntico en el D\u00eda del Periodista - Tu Gu\u00eda","og_description":"Jorge Cura&nbsp;Amar&nbsp;siempre vio el periodismo como un lugar donde&nbsp;estar. Estar a tiempo. Estar atento. Estar cuando alguien necesita ser escuchado. Las palabras se mantienen vivas cuando ayudan a mantener con vida a otros. Tal vez por eso,&nbsp;aun&nbsp;despu\u00e9s de varios a\u00f1os frente al micr\u00f3fono,&nbsp;la voz de&nbsp;Cura no se aten\u00faa. El 9 de febrero se celebra el [&hellip;]","og_url":"https:\/\/tuguia.combarranquilla.co\/Revista\/nuestra-filosofia-es-tender-puentes-y-ayudar-a-las-personas-jorge-cura-director-de-emisora-atlantico-en-el-dia-del-periodista\/","og_site_name":"Tu Gu\u00eda","article_published_time":"2026-02-01T13:35:00+00:00","article_modified_time":"2026-02-02T16:30:07+00:00","og_image":[{"width":2560,"height":1280,"url":"https:\/\/tuguia.combarranquilla.co\/Revista\/wp-content\/uploads\/2026\/01\/Revista-Combarranquilla-1-3-scaled.jpg","type":"image\/jpeg"}],"author":"Comunicaciones Combarranquilla","twitter_card":"summary_large_image","twitter_misc":{"Escrito por":"Comunicaciones Combarranquilla","Tiempo de lectura":"6 minutos"},"schema":{"@context":"https:\/\/schema.org","@graph":[{"@type":"Article","@id":"https:\/\/tuguia.combarranquilla.co\/Revista\/nuestra-filosofia-es-tender-puentes-y-ayudar-a-las-personas-jorge-cura-director-de-emisora-atlantico-en-el-dia-del-periodista\/#article","isPartOf":{"@id":"https:\/\/tuguia.combarranquilla.co\/Revista\/nuestra-filosofia-es-tender-puentes-y-ayudar-a-las-personas-jorge-cura-director-de-emisora-atlantico-en-el-dia-del-periodista\/"},"author":{"name":"Comunicaciones Combarranquilla","@id":"https:\/\/tuguia.combarranquilla.co\/Revista\/#\/schema\/person\/c2c396a77170bd1d5f8ba73294eb0d10"},"headline":"&#8220;Nuestra filosof\u00eda es tender puentes y ayudar a las personas&#8221;: Jorge Cura, director de Emisora Atl\u00e1ntico en el D\u00eda del Periodista","datePublished":"2026-02-01T13:35:00+00:00","dateModified":"2026-02-02T16:30:07+00:00","mainEntityOfPage":{"@id":"https:\/\/tuguia.combarranquilla.co\/Revista\/nuestra-filosofia-es-tender-puentes-y-ayudar-a-las-personas-jorge-cura-director-de-emisora-atlantico-en-el-dia-del-periodista\/"},"wordCount":1277,"commentCount":1,"publisher":{"@id":"https:\/\/tuguia.combarranquilla.co\/Revista\/#organization"},"image":{"@id":"https:\/\/tuguia.combarranquilla.co\/Revista\/nuestra-filosofia-es-tender-puentes-y-ayudar-a-las-personas-jorge-cura-director-de-emisora-atlantico-en-el-dia-del-periodista\/#primaryimage"},"thumbnailUrl":"https:\/\/tuguia.combarranquilla.co\/Revista\/wp-content\/uploads\/2026\/01\/Revista-Combarranquilla-1-3-scaled.jpg","articleSection":["FAMILIA COMBARRANQUILLA"],"inLanguage":"es-CO","potentialAction":[{"@type":"CommentAction","name":"Comment","target":["https:\/\/tuguia.combarranquilla.co\/Revista\/nuestra-filosofia-es-tender-puentes-y-ayudar-a-las-personas-jorge-cura-director-de-emisora-atlantico-en-el-dia-del-periodista\/#respond"]}]},{"@type":"WebPage","@id":"https:\/\/tuguia.combarranquilla.co\/Revista\/nuestra-filosofia-es-tender-puentes-y-ayudar-a-las-personas-jorge-cura-director-de-emisora-atlantico-en-el-dia-del-periodista\/","url":"https:\/\/tuguia.combarranquilla.co\/Revista\/nuestra-filosofia-es-tender-puentes-y-ayudar-a-las-personas-jorge-cura-director-de-emisora-atlantico-en-el-dia-del-periodista\/","name":"\"Nuestra filosof\u00eda es tender puentes y ayudar a las personas\": Jorge Cura, director de Emisora Atl\u00e1ntico en el D\u00eda del Periodista - Tu Gu\u00eda","isPartOf":{"@id":"https:\/\/tuguia.combarranquilla.co\/Revista\/#website"},"primaryImageOfPage":{"@id":"https:\/\/tuguia.combarranquilla.co\/Revista\/nuestra-filosofia-es-tender-puentes-y-ayudar-a-las-personas-jorge-cura-director-de-emisora-atlantico-en-el-dia-del-periodista\/#primaryimage"},"image":{"@id":"https:\/\/tuguia.combarranquilla.co\/Revista\/nuestra-filosofia-es-tender-puentes-y-ayudar-a-las-personas-jorge-cura-director-de-emisora-atlantico-en-el-dia-del-periodista\/#primaryimage"},"thumbnailUrl":"https:\/\/tuguia.combarranquilla.co\/Revista\/wp-content\/uploads\/2026\/01\/Revista-Combarranquilla-1-3-scaled.jpg","datePublished":"2026-02-01T13:35:00+00:00","dateModified":"2026-02-02T16:30:07+00:00","breadcrumb":{"@id":"https:\/\/tuguia.combarranquilla.co\/Revista\/nuestra-filosofia-es-tender-puentes-y-ayudar-a-las-personas-jorge-cura-director-de-emisora-atlantico-en-el-dia-del-periodista\/#breadcrumb"},"inLanguage":"es-CO","potentialAction":[{"@type":"ReadAction","target":["https:\/\/tuguia.combarranquilla.co\/Revista\/nuestra-filosofia-es-tender-puentes-y-ayudar-a-las-personas-jorge-cura-director-de-emisora-atlantico-en-el-dia-del-periodista\/"]}]},{"@type":"ImageObject","inLanguage":"es-CO","@id":"https:\/\/tuguia.combarranquilla.co\/Revista\/nuestra-filosofia-es-tender-puentes-y-ayudar-a-las-personas-jorge-cura-director-de-emisora-atlantico-en-el-dia-del-periodista\/#primaryimage","url":"https:\/\/tuguia.combarranquilla.co\/Revista\/wp-content\/uploads\/2026\/01\/Revista-Combarranquilla-1-3-scaled.jpg","contentUrl":"https:\/\/tuguia.combarranquilla.co\/Revista\/wp-content\/uploads\/2026\/01\/Revista-Combarranquilla-1-3-scaled.jpg","width":2560,"height":1280},{"@type":"BreadcrumbList","@id":"https:\/\/tuguia.combarranquilla.co\/Revista\/nuestra-filosofia-es-tender-puentes-y-ayudar-a-las-personas-jorge-cura-director-de-emisora-atlantico-en-el-dia-del-periodista\/#breadcrumb","itemListElement":[{"@type":"ListItem","position":1,"name":"Inicio","item":"https:\/\/tuguia.combarranquilla.co\/Revista\/"},{"@type":"ListItem","position":2,"name":"&#8220;Nuestra filosof\u00eda es tender puentes y ayudar a las personas&#8221;: Jorge Cura, director de Emisora Atl\u00e1ntico en el D\u00eda del Periodista"}]},{"@type":"WebSite","@id":"https:\/\/tuguia.combarranquilla.co\/Revista\/#website","url":"https:\/\/tuguia.combarranquilla.co\/Revista\/","name":"Tu Gu\u00eda","description":"La revista donde lo tienes todo.","publisher":{"@id":"https:\/\/tuguia.combarranquilla.co\/Revista\/#organization"},"alternateName":"Tu Gu\u00eda Combarranquilla","potentialAction":[{"@type":"SearchAction","target":{"@type":"EntryPoint","urlTemplate":"https:\/\/tuguia.combarranquilla.co\/Revista\/?s={search_term_string}"},"query-input":{"@type":"PropertyValueSpecification","valueRequired":true,"valueName":"search_term_string"}}],"inLanguage":"es-CO"},{"@type":"Organization","@id":"https:\/\/tuguia.combarranquilla.co\/Revista\/#organization","name":"Tu Gu\u00eda Combarranquilla","url":"https:\/\/tuguia.combarranquilla.co\/Revista\/","logo":{"@type":"ImageObject","inLanguage":"es-CO","@id":"https:\/\/tuguia.combarranquilla.co\/Revista\/#\/schema\/logo\/image\/","url":"https:\/\/tuguia.combarranquilla.co\/Revista\/wp-content\/uploads\/2022\/02\/logo-guia-combarranquilla.svg","contentUrl":"https:\/\/tuguia.combarranquilla.co\/Revista\/wp-content\/uploads\/2022\/02\/logo-guia-combarranquilla.svg","caption":"Tu Gu\u00eda Combarranquilla"},"image":{"@id":"https:\/\/tuguia.combarranquilla.co\/Revista\/#\/schema\/logo\/image\/"}},{"@type":"Person","@id":"https:\/\/tuguia.combarranquilla.co\/Revista\/#\/schema\/person\/c2c396a77170bd1d5f8ba73294eb0d10","name":"Comunicaciones Combarranquilla","image":{"@type":"ImageObject","inLanguage":"es-CO","@id":"https:\/\/tuguia.combarranquilla.co\/Revista\/wp-content\/uploads\/2025\/05\/ABC-Al-Rojo-Logo-96x96.jpg","url":"https:\/\/tuguia.combarranquilla.co\/Revista\/wp-content\/uploads\/2025\/05\/ABC-Al-Rojo-Logo-96x96.jpg","contentUrl":"https:\/\/tuguia.combarranquilla.co\/Revista\/wp-content\/uploads\/2025\/05\/ABC-Al-Rojo-Logo-96x96.jpg","caption":"Comunicaciones Combarranquilla"},"sameAs":["https:\/\/www.combarranquilla.co"],"url":"https:\/\/tuguia.combarranquilla.co\/Revista\/author\/comunicaciones\/"}]}},"_links":{"self":[{"href":"https:\/\/tuguia.combarranquilla.co\/Revista\/wp-json\/wp\/v2\/posts\/8525","targetHints":{"allow":["GET"]}}],"collection":[{"href":"https:\/\/tuguia.combarranquilla.co\/Revista\/wp-json\/wp\/v2\/posts"}],"about":[{"href":"https:\/\/tuguia.combarranquilla.co\/Revista\/wp-json\/wp\/v2\/types\/post"}],"author":[{"embeddable":true,"href":"https:\/\/tuguia.combarranquilla.co\/Revista\/wp-json\/wp\/v2\/users\/2"}],"replies":[{"embeddable":true,"href":"https:\/\/tuguia.combarranquilla.co\/Revista\/wp-json\/wp\/v2\/comments?post=8525"}],"version-history":[{"count":32,"href":"https:\/\/tuguia.combarranquilla.co\/Revista\/wp-json\/wp\/v2\/posts\/8525\/revisions"}],"predecessor-version":[{"id":8741,"href":"https:\/\/tuguia.combarranquilla.co\/Revista\/wp-json\/wp\/v2\/posts\/8525\/revisions\/8741"}],"wp:featuredmedia":[{"embeddable":true,"href":"https:\/\/tuguia.combarranquilla.co\/Revista\/wp-json\/wp\/v2\/media\/8537"}],"wp:attachment":[{"href":"https:\/\/tuguia.combarranquilla.co\/Revista\/wp-json\/wp\/v2\/media?parent=8525"}],"wp:term":[{"taxonomy":"category","embeddable":true,"href":"https:\/\/tuguia.combarranquilla.co\/Revista\/wp-json\/wp\/v2\/categories?post=8525"},{"taxonomy":"post_tag","embeddable":true,"href":"https:\/\/tuguia.combarranquilla.co\/Revista\/wp-json\/wp\/v2\/tags?post=8525"}],"curies":[{"name":"wp","href":"https:\/\/api.w.org\/{rel}","templated":true}]}}