{"id":8534,"date":"2026-02-01T08:30:00","date_gmt":"2026-02-01T13:30:00","guid":{"rendered":"https:\/\/tuguia.combarranquilla.co\/Revista\/?p=8534"},"modified":"2026-02-02T10:33:17","modified_gmt":"2026-02-02T15:33:17","slug":"vivir-a-traves-de-la-radio-es-una-labor-que-enamora-entrevista-a-monny-arce-y-danny-diaz-de-radio-tiempo","status":"publish","type":"post","link":"https:\/\/tuguia.combarranquilla.co\/Revista\/vivir-a-traves-de-la-radio-es-una-labor-que-enamora-entrevista-a-monny-arce-y-danny-diaz-de-radio-tiempo\/","title":{"rendered":"&#8220;Vivir a trav\u00e9s de la radio es una labor que enamora\u201d: Entrevista con Monny Arce y Danny D\u00edaz de Radio Tiempo"},"content":{"rendered":"\n<p><strong><em>Este 13 de febrero, conmemoramos el D\u00eda Mundial de la Radio, una fecha que celebra la eternidad de uno de los medios de comunicaci\u00f3n m\u00e1s importantes.<\/em><\/strong><\/p>\n\n\n\n<p>La cabina de Radio Tiempo se siente bastante familiar. Monny Arce y Danny D\u00edaz me reciben con sonrisas en sus rostros y me dan la bienvenida. Son las 5:12 p.m. y <em>Tiempo de Luna<\/em> est\u00e1 a punto de empezar.<\/p>\n\n\n\n<p>Entre pausas para cu\u00f1as, breves comentarios de mensajes rom\u00e1nticos y la visita de personajes inesperados, comienza la entrevista con papel y micr\u00f3fono en mano.<\/p>\n\n\n\n<hr class=\"wp-block-separator has-alpha-channel-opacity\"\/>\n\n\n\n<h2 class=\"wp-block-heading has-medium-font-size\"><strong>\u00bfC\u00f3mo lleg\u00f3 cada uno a Radio Tiempo? \u00bfC\u00f3mo fueron esos primeros pasos al aire?<\/strong><\/h2>\n\n\n\n<p><strong>Monny Arce:<\/strong> Yo siempre digo que soy un accidente radial (r\u00ede). Empec\u00e9 en la radio en una emisora crossover porque me perfilaba para ser una locutora crossover. Desde mi perspectiva, yo no ten\u00eda la voz para ser locutora de Radio Tiempo. Me iba mucho a la voz de Joyce Lozano, que es muy rom\u00e1ntica, elegante&#8230; y yo soy una loca. Entonces\u2026 no pegaba mucho.<\/p>\n\n\n\n<p>Pero se me dio la oportunidad de hacer unas vacaciones en Radio Tiempo Sincelejo y cuando las termin\u00e9, el se\u00f1or Rafael P\u00e1ez me cit\u00f3 nuevamente para que continuara. Yo segu\u00eda diciendo que no ten\u00eda la voz para la emisora, pero \u00e9l me dijo: \u201cT\u00fa no necesitas tener una voz gruesa o profunda para ser parte de Radio Tiempo. Lo importante es que tu personalidad se vea reflejada en la emisora\u201d.<\/p>\n\n\n\n<p>Despu\u00e9s de eso, trabaj\u00e9 en La Mega en Cartagena, pero el director me ofreci\u00f3 trasladarme a Radio Tiempo Cartagena. Me dijo claramente que solo har\u00eda la propuesta dos veces. La primera vez, le dije que necesitaba m\u00e1s tiempo para estabilizarme, entonces rechac\u00e9 la oferta. Cuando me propuso el trabajo por segunda vez, ya yo ten\u00eda un a\u00f1o y medio en La Mega, y acept\u00e9. Desde ese momento, hago parte de Radio Tiempo.<\/p>\n\n\n\n<p><strong>Danny D\u00edaz:<\/strong> En mi caso, ya yo ven\u00eda trabajando en una emisora reconocida aqu\u00ed en Barranquilla, que se llamaba Radioaktiva. Era una estaci\u00f3n de m\u00fasica juvenil, rock en espa\u00f1ol\u2026 Y en ese momento, Radio Tiempo estaba haciendo un recambio generacional con los locutores, algo que ya hab\u00eda hecho con nuestra emisora hermana Ol\u00edmpica Est\u00e9reo.<\/p>\n\n\n\n<p>Mientras Radio Tiempo buscaba locutor, se encontraron conmigo y me contactaron. Yo no conoc\u00eda mucho de Radio Tiempo, pero sab\u00eda que era parte de la mejor empresa de radio en la ciudad. As\u00ed empec\u00e9 presentando artistas del momento como Miguel Bos\u00e9 y Ricardo Montaner. Eso fue en 1996, imag\u00ednate&#8230; (r\u00ede). Y, bueno, el resto es historia.<\/p>\n\n\n\n<h2 class=\"wp-block-heading has-medium-font-size\"><strong>\u00bfC\u00f3mo nace la dupla Monny-Danny y el programa <em>Tiempo de Luna<\/em>?<\/strong><\/h2>\n\n\n\n<p><strong>MA:<\/strong> La verdad\u2026 me lo impusieron (r\u00ede y Danny hace una cara de ofendido, pero r\u00ede segundos despu\u00e9s). Yo ven\u00eda de Cartagena a Barranquilla y alguien dijo: \u201cCreo que esta loquita puede con Danny\u201d.<\/p>\n\n\n\n<p>Recuerdo que todo empez\u00f3 en el 2021. Fue un viernes que lanzamos <em>Tiempo de Luna<\/em> y a la gente le encant\u00f3. Cada programa ten\u00eda su personalidad y nuestro director, Julio C\u00e9sar Lobo, quer\u00eda que <em>Tiempo de Luna<\/em> fuera un programa de amigos, pero tambi\u00e9n de complicidad de pareja. Con esa idea, comenz\u00f3 el espacio.<\/p>\n\n\n\n<p>Desde el primer d\u00eda hubo qu\u00edmica. Ya nos conoc\u00edamos de eventos del carnaval, pero cuando nos sentamos frente al micr\u00f3fono, fue un clic inmediato. Con solo mirarnos ya sabemos a d\u00f3nde vamos. Peleamos, nos arreglamos, nos mantenemos en esas, pero ah\u00ed vamos. Quedamos en que yo soy su esposa radial y \u00e9l es mi esposo radial, y su esposa y mi esposo lo entienden.<\/p>\n\n\n\n<p><strong>DD:<\/strong> Exactamente. Somos una pareja haciendo un programa de parejas, pr\u00e1cticamente. La finalidad siempre fue llegar a las parejas: es un programa para parejas, para enamorados, sobre relaciones. Eso es lo que hist\u00f3ricamente se ha hecho. Y creo que estamos haciendo las cosas bien.<\/p>\n\n\n\n<div class=\"wp-block-columns is-layout-flex wp-container-core-columns-is-layout-9d6595d7 wp-block-columns-is-layout-flex\">\n<div class=\"wp-block-column is-layout-flow wp-block-column-is-layout-flow\">\n<figure class=\"wp-block-image size-large\"><img decoding=\"async\" width=\"739\" height=\"985\" data-src=\"https:\/\/tuguia.combarranquilla.co\/Revista\/wp-content\/uploads\/2026\/01\/WhatsApp-Image-2026-01-29-at-10.41.39-AM-2-edited.jpeg\" alt=\"\" class=\"wp-image-8645 lazyload\" data-srcset=\"https:\/\/tuguia.combarranquilla.co\/Revista\/wp-content\/uploads\/2026\/01\/WhatsApp-Image-2026-01-29-at-10.41.39-AM-2-edited.jpeg 739w, https:\/\/tuguia.combarranquilla.co\/Revista\/wp-content\/uploads\/2026\/01\/WhatsApp-Image-2026-01-29-at-10.41.39-AM-2-edited-225x300.jpeg 225w\" data-sizes=\"(max-width: 739px) 100vw, 739px\" src=\"data:image\/svg+xml;base64,PHN2ZyB3aWR0aD0iMSIgaGVpZ2h0PSIxIiB4bWxucz0iaHR0cDovL3d3dy53My5vcmcvMjAwMC9zdmciPjwvc3ZnPg==\" style=\"--smush-placeholder-width: 739px; --smush-placeholder-aspect-ratio: 739\/985;\" \/><\/figure>\n<\/div>\n\n\n\n<div class=\"wp-block-column is-layout-flow wp-block-column-is-layout-flow\">\n<figure class=\"wp-block-image size-large\"><img decoding=\"async\" width=\"739\" height=\"985\" data-src=\"https:\/\/tuguia.combarranquilla.co\/Revista\/wp-content\/uploads\/2026\/01\/WhatsApp-Image-2026-01-29-at-10.41.40-AM-edited.jpeg\" alt=\"\" class=\"wp-image-8646 lazyload\" data-srcset=\"https:\/\/tuguia.combarranquilla.co\/Revista\/wp-content\/uploads\/2026\/01\/WhatsApp-Image-2026-01-29-at-10.41.40-AM-edited.jpeg 739w, https:\/\/tuguia.combarranquilla.co\/Revista\/wp-content\/uploads\/2026\/01\/WhatsApp-Image-2026-01-29-at-10.41.40-AM-edited-225x300.jpeg 225w\" data-sizes=\"(max-width: 739px) 100vw, 739px\" src=\"data:image\/svg+xml;base64,PHN2ZyB3aWR0aD0iMSIgaGVpZ2h0PSIxIiB4bWxucz0iaHR0cDovL3d3dy53My5vcmcvMjAwMC9zdmciPjwvc3ZnPg==\" style=\"--smush-placeholder-width: 739px; --smush-placeholder-aspect-ratio: 739\/985;\" \/><\/figure>\n<\/div>\n<\/div>\n\n\n\n<h2 class=\"wp-block-heading has-medium-font-size\"><strong>Sus nombres al aire: \u00bfpersonajes o esencia?<\/strong><\/h2>\n\n\n\n<p><strong>DD:<\/strong> A m\u00ed me pasa algo particular y es que yo no tengo Daniel por ninguna parte. Mi nombre real es Manuel. El nombre Danny me lo puso Joyce cuando era la directora en Radioaktiva. Ella dec\u00eda que Manuel era un nombre muy serio para el tipo de radio que yo hac\u00eda, y que yo era m\u00e1s juvenil.<\/p>\n\n\n\n<p>Un d\u00eda me dijo: \u201cDesde hoy te llamas Danny\u201d. Y yo le dije: \u201cJoyce, la gente va a pensar que me botaron y trajeron a otro\u201d, pero siempre supo que le agradecer\u00eda por darme este nombre.<\/p>\n\n\n\n<p>Hoy todo el mundo me llama Danny. El \u00fanico momento en que me dicen Manuel es cuando me encuentro con alguien del barrio, la universidad o con mi familia. Mi mam\u00e1, por ejemplo, jam\u00e1s me llama Danny. Para ella siempre ser\u00e9 Manuelito, incluso despu\u00e9s de tantos a\u00f1os.<\/p>\n\n\n\n<p><strong>MA: <\/strong>A m\u00ed me han dicho que Monny es mi alter ego, pero yo no lo veo as\u00ed. Yo siempre soy Monny aqu\u00ed y en mi casa. Ese nombre no naci\u00f3 en la radio, sino en mi familia. Mi mam\u00e1 me llamaba Moni desde chiquitica, porque soy rubia.<\/p>\n\n\n\n<p>Cuando empec\u00e9 en la radio, me presentaba como Majo por mi nombre real, Mar\u00eda Jos\u00e9. Pero un d\u00eda mi mam\u00e1 fue a llevarme el almuerzo a la emisora y dijo: \u201cVengo a buscar a Moni\u201d. Mi jefe escuch\u00f3 ese apodo y desde entonces Monny se volvi\u00f3 todo. La gente cree que me llamo M\u00f3nica, pero no. Y solo escucho \u201cMar\u00eda Jos\u00e9\u201d cuando mi mam\u00e1 me rega\u00f1a\u2026 (r\u00ede).<\/p>\n\n\n\n<h2 class=\"wp-block-heading has-medium-font-size\"><strong>En su labor como locutores, \u00bfc\u00f3mo hacen para seguir conectando con las personas?<\/strong><\/h2>\n\n\n\n<p><strong>DD:<\/strong> Cuando eres t\u00fa en el micr\u00f3fono, dejas de ser un simple locutor y te conviertes en un compa\u00f1ero del d\u00eda a d\u00eda de los oyentes. Lo importante de un locutor, de un disc jockey, de un animador, es que seas lo que la persona necesita en ese momento.<\/p>\n\n\n\n<p>Puedes ser el amigo que est\u00e1 acompa\u00f1\u00e1ndote en la tristeza, en la alegr\u00eda, el que te quiere dar un consejo o el que sencillamente te quiere hacer re\u00edr. Y t\u00fa no sabes qu\u00e9 estado de \u00e1nimo tiene cada oyente. Por ejemplo, hay 400.000 oyentes en este momento, entonces eso es pr\u00e1cticamente imposible. Pero cuando t\u00fa eres t\u00fa mismo, proyectas lo que cada uno necesita.<\/p>\n\n\n\n<p><strong>MA: <\/strong>Se siente bonito que la gente te vea y diga: \u201c\u00a1Ay, yo te escucho cuando voy saliendo del trabajo!&#8221;. La gente siente tu compa\u00f1\u00eda, se siente cercana. Y nosotros aqu\u00ed en Radio Tiempo priorizamos eso con nuestros encuentros cercanos, por ejemplo. Adem\u00e1s, la radio ha evolucionado tanto que ya no solo nos escuchas a trav\u00e9s de la banda FM, sino que tambi\u00e9n tenemos la plataforma de streaming.<\/p>\n\n\n\n<p><strong>DD: <\/strong>Nos terminamos volviendo c\u00f3mplices de los oyentes, alcahuetas (r\u00ede).<\/p>\n\n\n\n<h2 class=\"wp-block-heading has-medium-font-size\"><strong>\u00bfC\u00f3mo se mantiene viva la radio en la era digital?<\/strong><\/h2>\n\n\n\n<p><strong>DD: <\/strong>Hoy en d\u00eda, las personas pueden acceder a Spotify o pagar la mensualidad de Deezer o de YouTube, y consumen m\u00fasica sin tener la necesidad de un locutor. Pero hay algo que las plataformas no han podido superar: la gente tambi\u00e9n quiere a alguien que les hable, que interact\u00fae con ellas, que las acompa\u00f1e y entienda su rutina.<\/p>\n\n\n\n<p>Yo siempre intento aliarme con la tecnolog\u00eda. Por ejemplo, ahora estoy haciendo <em>lives<\/em> en TikTok en mi programa del mediod\u00eda, y yo nunca fui de hacer <em>lives<\/em>. Estoy d\u00e1ndoles a los oyentes una alternativa sin dejar de ser Radio Tiempo. Est\u00e1 la posibilidad de que los que no escuchan la radio nos vean a trav\u00e9s de las plataformas que m\u00e1s consumen.<\/p>\n\n\n\n<p><strong>MA:<\/strong> Cuando te vuelves aliado de las tecnolog\u00edas, no vas a permitir que la radio quede por debajo de ellas. Mira que ahora todas las empresas de radio, todas las emisoras tienen su propia aplicaci\u00f3n. Adem\u00e1s, la mayor\u00eda trabaja con WhatsApp. Nadie dice: \u201cLl\u00e1manos a la l\u00ednea&#8230;\u201d, sino: \u201cEscribe a nuestro WhatsApp\u201d.<\/p>\n\n\n\n<p>Todo va evolucionando. La radio se escucha y se ve.<\/p>\n\n\n\n<div class=\"wp-block-columns is-layout-flex wp-container-core-columns-is-layout-9d6595d7 wp-block-columns-is-layout-flex\">\n<div class=\"wp-block-column is-layout-flow wp-block-column-is-layout-flow\">\n<figure class=\"wp-block-image size-large\"><img decoding=\"async\" width=\"739\" height=\"985\" data-src=\"https:\/\/tuguia.combarranquilla.co\/Revista\/wp-content\/uploads\/2026\/01\/WhatsApp-Image-2026-01-29-at-10.41.39-AM-1-edited.jpeg\" alt=\"\" class=\"wp-image-8649 lazyload\" data-srcset=\"https:\/\/tuguia.combarranquilla.co\/Revista\/wp-content\/uploads\/2026\/01\/WhatsApp-Image-2026-01-29-at-10.41.39-AM-1-edited.jpeg 739w, https:\/\/tuguia.combarranquilla.co\/Revista\/wp-content\/uploads\/2026\/01\/WhatsApp-Image-2026-01-29-at-10.41.39-AM-1-edited-225x300.jpeg 225w\" data-sizes=\"(max-width: 739px) 100vw, 739px\" src=\"data:image\/svg+xml;base64,PHN2ZyB3aWR0aD0iMSIgaGVpZ2h0PSIxIiB4bWxucz0iaHR0cDovL3d3dy53My5vcmcvMjAwMC9zdmciPjwvc3ZnPg==\" style=\"--smush-placeholder-width: 739px; --smush-placeholder-aspect-ratio: 739\/985;\" \/><\/figure>\n<\/div>\n\n\n\n<div class=\"wp-block-column is-layout-flow wp-block-column-is-layout-flow\">\n<figure class=\"wp-block-image size-large\"><img decoding=\"async\" width=\"739\" height=\"985\" data-src=\"https:\/\/tuguia.combarranquilla.co\/Revista\/wp-content\/uploads\/2026\/01\/WhatsApp-Image-2026-01-29-at-10.41.39-AM-edited.jpeg\" alt=\"\" class=\"wp-image-8650 lazyload\" data-srcset=\"https:\/\/tuguia.combarranquilla.co\/Revista\/wp-content\/uploads\/2026\/01\/WhatsApp-Image-2026-01-29-at-10.41.39-AM-edited.jpeg 739w, https:\/\/tuguia.combarranquilla.co\/Revista\/wp-content\/uploads\/2026\/01\/WhatsApp-Image-2026-01-29-at-10.41.39-AM-edited-225x300.jpeg 225w\" data-sizes=\"(max-width: 739px) 100vw, 739px\" src=\"data:image\/svg+xml;base64,PHN2ZyB3aWR0aD0iMSIgaGVpZ2h0PSIxIiB4bWxucz0iaHR0cDovL3d3dy53My5vcmcvMjAwMC9zdmciPjwvc3ZnPg==\" style=\"--smush-placeholder-width: 739px; --smush-placeholder-aspect-ratio: 739\/985;\" \/><\/figure>\n<\/div>\n<\/div>\n\n\n\n<h2 class=\"wp-block-heading has-medium-font-size\"><strong>\u00bfQu\u00e9 mensaje les gustar\u00eda dar en el D\u00eda Mundial de la Radio?<\/strong><\/h2>\n\n\n\n<p><strong>MA: <\/strong>Yo quisiera hacer un llamado a las nuevas generaciones. Actualmente, hay muy pocos que se apasionan por la radio, por querer ser locutor. Y esta es una labor muy bonita, es una carrera precios\u00edsima. Hago un llamado de atenci\u00f3n a los j\u00f3venes, para que vivan de la radio. Vivir a trav\u00e9s de la radio es una labor que enamora y no puede perderse.<\/p>\n\n\n\n<p><strong>DD:<\/strong> Con las nuevas tecnolog\u00edas en el mundo digital donde vivimos, todo es m\u00e1s r\u00e1pido y todo expira mucho m\u00e1s r\u00e1pido. Pero la radio, con m\u00e1s de 100 a\u00f1os de existencia, no ha expirado. La radio sigue siendo la radio y mantiene su esencia. El que escuch\u00f3 <em>Tiempo de Luna<\/em> hoy quiere escucharlo todos los d\u00edas. As\u00ed que, sigan enamorados de la radio. Cambiar\u00e1, evolucionar\u00e1, pero siempre va a estar.<\/p>\n\n\n\n<hr class=\"wp-block-separator has-alpha-channel-opacity\"\/>\n\n\n\n<p>Mi micr\u00f3fono se cierra a las 6:30 p.m., pero los de Monny Arce y Danny D\u00edaz siguen abiertos. Me despido despu\u00e9s de una entrevista \u00fanica, con nombres que hoy hacen parte de la cultura barranquillera y que vuelven a despertar, cada d\u00eda, la pasi\u00f3n por la radio.<\/p>\n","protected":false},"excerpt":{"rendered":"<p>Este 13 de febrero, conmemoramos el D\u00eda Mundial de la Radio, una fecha que celebra la eternidad de uno de los medios de comunicaci\u00f3n m\u00e1s importantes. La cabina de Radio Tiempo se siente bastante familiar. Monny Arce y Danny D\u00edaz me reciben con sonrisas en sus rostros y me dan la bienvenida. Son las 5:12 [&hellip;]<\/p>\n","protected":false},"author":2,"featured_media":8535,"comment_status":"open","ping_status":"open","sticky":false,"template":"","format":"standard","meta":{"inline_featured_image":false,"footnotes":""},"categories":[1],"tags":[],"class_list":["post-8534","post","type-post","status-publish","format-standard","has-post-thumbnail","hentry","category-entretenimiento"],"yoast_head":"<!-- This site is optimized with the Yoast SEO plugin v27.4 - https:\/\/yoast.com\/product\/yoast-seo-wordpress\/ -->\n<title>&quot;Vivir a trav\u00e9s de la radio es una labor que enamora\u201d: Entrevista con Monny Arce y Danny D\u00edaz de Radio Tiempo - Tu Gu\u00eda<\/title>\n<meta name=\"robots\" content=\"index, follow, max-snippet:-1, max-image-preview:large, max-video-preview:-1\" \/>\n<link rel=\"canonical\" href=\"https:\/\/tuguia.combarranquilla.co\/Revista\/vivir-a-traves-de-la-radio-es-una-labor-que-enamora-entrevista-a-monny-arce-y-danny-diaz-de-radio-tiempo\/\" \/>\n<meta property=\"og:locale\" content=\"es_ES\" \/>\n<meta property=\"og:type\" content=\"article\" \/>\n<meta property=\"og:title\" content=\"&quot;Vivir a trav\u00e9s de la radio es una labor que enamora\u201d: Entrevista con Monny Arce y Danny D\u00edaz de Radio Tiempo - Tu Gu\u00eda\" \/>\n<meta property=\"og:description\" content=\"Este 13 de febrero, conmemoramos el D\u00eda Mundial de la Radio, una fecha que celebra la eternidad de uno de los medios de comunicaci\u00f3n m\u00e1s importantes. La cabina de Radio Tiempo se siente bastante familiar. Monny Arce y Danny D\u00edaz me reciben con sonrisas en sus rostros y me dan la bienvenida. Son las 5:12 [&hellip;]\" \/>\n<meta property=\"og:url\" content=\"https:\/\/tuguia.combarranquilla.co\/Revista\/vivir-a-traves-de-la-radio-es-una-labor-que-enamora-entrevista-a-monny-arce-y-danny-diaz-de-radio-tiempo\/\" \/>\n<meta property=\"og:site_name\" content=\"Tu Gu\u00eda\" \/>\n<meta property=\"article:published_time\" content=\"2026-02-01T13:30:00+00:00\" \/>\n<meta property=\"article:modified_time\" content=\"2026-02-02T15:33:17+00:00\" \/>\n<meta property=\"og:image\" content=\"https:\/\/tuguia.combarranquilla.co\/Revista\/wp-content\/uploads\/2026\/01\/Revista-Combarranquilla-10-scaled.jpg\" \/>\n\t<meta property=\"og:image:width\" content=\"2560\" \/>\n\t<meta property=\"og:image:height\" content=\"1280\" \/>\n\t<meta property=\"og:image:type\" content=\"image\/jpeg\" \/>\n<meta name=\"author\" content=\"Comunicaciones Combarranquilla\" \/>\n<meta name=\"twitter:card\" content=\"summary_large_image\" \/>\n<meta name=\"twitter:label1\" content=\"Escrito por\" \/>\n\t<meta name=\"twitter:data1\" content=\"Comunicaciones Combarranquilla\" \/>\n\t<meta name=\"twitter:label2\" content=\"Tiempo de lectura\" \/>\n\t<meta name=\"twitter:data2\" content=\"8 minutos\" \/>\n<script type=\"application\/ld+json\" class=\"yoast-schema-graph\">{\"@context\":\"https:\\\/\\\/schema.org\",\"@graph\":[{\"@type\":\"Article\",\"@id\":\"https:\\\/\\\/tuguia.combarranquilla.co\\\/Revista\\\/vivir-a-traves-de-la-radio-es-una-labor-que-enamora-entrevista-a-monny-arce-y-danny-diaz-de-radio-tiempo\\\/#article\",\"isPartOf\":{\"@id\":\"https:\\\/\\\/tuguia.combarranquilla.co\\\/Revista\\\/vivir-a-traves-de-la-radio-es-una-labor-que-enamora-entrevista-a-monny-arce-y-danny-diaz-de-radio-tiempo\\\/\"},\"author\":{\"name\":\"Comunicaciones Combarranquilla\",\"@id\":\"https:\\\/\\\/tuguia.combarranquilla.co\\\/Revista\\\/#\\\/schema\\\/person\\\/c2c396a77170bd1d5f8ba73294eb0d10\"},\"headline\":\"&#8220;Vivir a trav\u00e9s de la radio es una labor que enamora\u201d: Entrevista con Monny Arce y Danny D\u00edaz de Radio Tiempo\",\"datePublished\":\"2026-02-01T13:30:00+00:00\",\"dateModified\":\"2026-02-02T15:33:17+00:00\",\"mainEntityOfPage\":{\"@id\":\"https:\\\/\\\/tuguia.combarranquilla.co\\\/Revista\\\/vivir-a-traves-de-la-radio-es-una-labor-que-enamora-entrevista-a-monny-arce-y-danny-diaz-de-radio-tiempo\\\/\"},\"wordCount\":1610,\"commentCount\":0,\"publisher\":{\"@id\":\"https:\\\/\\\/tuguia.combarranquilla.co\\\/Revista\\\/#organization\"},\"image\":{\"@id\":\"https:\\\/\\\/tuguia.combarranquilla.co\\\/Revista\\\/vivir-a-traves-de-la-radio-es-una-labor-que-enamora-entrevista-a-monny-arce-y-danny-diaz-de-radio-tiempo\\\/#primaryimage\"},\"thumbnailUrl\":\"https:\\\/\\\/tuguia.combarranquilla.co\\\/Revista\\\/wp-content\\\/uploads\\\/2026\\\/01\\\/Revista-Combarranquilla-10-scaled.jpg\",\"articleSection\":[\"ENTRETENIMIENTO\"],\"inLanguage\":\"es-CO\",\"potentialAction\":[{\"@type\":\"CommentAction\",\"name\":\"Comment\",\"target\":[\"https:\\\/\\\/tuguia.combarranquilla.co\\\/Revista\\\/vivir-a-traves-de-la-radio-es-una-labor-que-enamora-entrevista-a-monny-arce-y-danny-diaz-de-radio-tiempo\\\/#respond\"]}]},{\"@type\":\"WebPage\",\"@id\":\"https:\\\/\\\/tuguia.combarranquilla.co\\\/Revista\\\/vivir-a-traves-de-la-radio-es-una-labor-que-enamora-entrevista-a-monny-arce-y-danny-diaz-de-radio-tiempo\\\/\",\"url\":\"https:\\\/\\\/tuguia.combarranquilla.co\\\/Revista\\\/vivir-a-traves-de-la-radio-es-una-labor-que-enamora-entrevista-a-monny-arce-y-danny-diaz-de-radio-tiempo\\\/\",\"name\":\"\\\"Vivir a trav\u00e9s de la radio es una labor que enamora\u201d: Entrevista con Monny Arce y Danny D\u00edaz de Radio Tiempo - Tu Gu\u00eda\",\"isPartOf\":{\"@id\":\"https:\\\/\\\/tuguia.combarranquilla.co\\\/Revista\\\/#website\"},\"primaryImageOfPage\":{\"@id\":\"https:\\\/\\\/tuguia.combarranquilla.co\\\/Revista\\\/vivir-a-traves-de-la-radio-es-una-labor-que-enamora-entrevista-a-monny-arce-y-danny-diaz-de-radio-tiempo\\\/#primaryimage\"},\"image\":{\"@id\":\"https:\\\/\\\/tuguia.combarranquilla.co\\\/Revista\\\/vivir-a-traves-de-la-radio-es-una-labor-que-enamora-entrevista-a-monny-arce-y-danny-diaz-de-radio-tiempo\\\/#primaryimage\"},\"thumbnailUrl\":\"https:\\\/\\\/tuguia.combarranquilla.co\\\/Revista\\\/wp-content\\\/uploads\\\/2026\\\/01\\\/Revista-Combarranquilla-10-scaled.jpg\",\"datePublished\":\"2026-02-01T13:30:00+00:00\",\"dateModified\":\"2026-02-02T15:33:17+00:00\",\"breadcrumb\":{\"@id\":\"https:\\\/\\\/tuguia.combarranquilla.co\\\/Revista\\\/vivir-a-traves-de-la-radio-es-una-labor-que-enamora-entrevista-a-monny-arce-y-danny-diaz-de-radio-tiempo\\\/#breadcrumb\"},\"inLanguage\":\"es-CO\",\"potentialAction\":[{\"@type\":\"ReadAction\",\"target\":[\"https:\\\/\\\/tuguia.combarranquilla.co\\\/Revista\\\/vivir-a-traves-de-la-radio-es-una-labor-que-enamora-entrevista-a-monny-arce-y-danny-diaz-de-radio-tiempo\\\/\"]}]},{\"@type\":\"ImageObject\",\"inLanguage\":\"es-CO\",\"@id\":\"https:\\\/\\\/tuguia.combarranquilla.co\\\/Revista\\\/vivir-a-traves-de-la-radio-es-una-labor-que-enamora-entrevista-a-monny-arce-y-danny-diaz-de-radio-tiempo\\\/#primaryimage\",\"url\":\"https:\\\/\\\/tuguia.combarranquilla.co\\\/Revista\\\/wp-content\\\/uploads\\\/2026\\\/01\\\/Revista-Combarranquilla-10-scaled.jpg\",\"contentUrl\":\"https:\\\/\\\/tuguia.combarranquilla.co\\\/Revista\\\/wp-content\\\/uploads\\\/2026\\\/01\\\/Revista-Combarranquilla-10-scaled.jpg\",\"width\":2560,\"height\":1280},{\"@type\":\"BreadcrumbList\",\"@id\":\"https:\\\/\\\/tuguia.combarranquilla.co\\\/Revista\\\/vivir-a-traves-de-la-radio-es-una-labor-que-enamora-entrevista-a-monny-arce-y-danny-diaz-de-radio-tiempo\\\/#breadcrumb\",\"itemListElement\":[{\"@type\":\"ListItem\",\"position\":1,\"name\":\"Inicio\",\"item\":\"https:\\\/\\\/tuguia.combarranquilla.co\\\/Revista\\\/\"},{\"@type\":\"ListItem\",\"position\":2,\"name\":\"&#8220;Vivir a trav\u00e9s de la radio es una labor que enamora\u201d: Entrevista con Monny Arce y Danny D\u00edaz de Radio Tiempo\"}]},{\"@type\":\"WebSite\",\"@id\":\"https:\\\/\\\/tuguia.combarranquilla.co\\\/Revista\\\/#website\",\"url\":\"https:\\\/\\\/tuguia.combarranquilla.co\\\/Revista\\\/\",\"name\":\"Tu Gu\u00eda\",\"description\":\"La revista donde lo tienes todo.\",\"publisher\":{\"@id\":\"https:\\\/\\\/tuguia.combarranquilla.co\\\/Revista\\\/#organization\"},\"alternateName\":\"Tu Gu\u00eda Combarranquilla\",\"potentialAction\":[{\"@type\":\"SearchAction\",\"target\":{\"@type\":\"EntryPoint\",\"urlTemplate\":\"https:\\\/\\\/tuguia.combarranquilla.co\\\/Revista\\\/?s={search_term_string}\"},\"query-input\":{\"@type\":\"PropertyValueSpecification\",\"valueRequired\":true,\"valueName\":\"search_term_string\"}}],\"inLanguage\":\"es-CO\"},{\"@type\":\"Organization\",\"@id\":\"https:\\\/\\\/tuguia.combarranquilla.co\\\/Revista\\\/#organization\",\"name\":\"Tu Gu\u00eda Combarranquilla\",\"url\":\"https:\\\/\\\/tuguia.combarranquilla.co\\\/Revista\\\/\",\"logo\":{\"@type\":\"ImageObject\",\"inLanguage\":\"es-CO\",\"@id\":\"https:\\\/\\\/tuguia.combarranquilla.co\\\/Revista\\\/#\\\/schema\\\/logo\\\/image\\\/\",\"url\":\"https:\\\/\\\/tuguia.combarranquilla.co\\\/Revista\\\/wp-content\\\/uploads\\\/2022\\\/02\\\/logo-guia-combarranquilla.svg\",\"contentUrl\":\"https:\\\/\\\/tuguia.combarranquilla.co\\\/Revista\\\/wp-content\\\/uploads\\\/2022\\\/02\\\/logo-guia-combarranquilla.svg\",\"caption\":\"Tu Gu\u00eda Combarranquilla\"},\"image\":{\"@id\":\"https:\\\/\\\/tuguia.combarranquilla.co\\\/Revista\\\/#\\\/schema\\\/logo\\\/image\\\/\"}},{\"@type\":\"Person\",\"@id\":\"https:\\\/\\\/tuguia.combarranquilla.co\\\/Revista\\\/#\\\/schema\\\/person\\\/c2c396a77170bd1d5f8ba73294eb0d10\",\"name\":\"Comunicaciones Combarranquilla\",\"image\":{\"@type\":\"ImageObject\",\"inLanguage\":\"es-CO\",\"@id\":\"https:\\\/\\\/tuguia.combarranquilla.co\\\/Revista\\\/wp-content\\\/uploads\\\/2025\\\/05\\\/ABC-Al-Rojo-Logo-96x96.jpg\",\"url\":\"https:\\\/\\\/tuguia.combarranquilla.co\\\/Revista\\\/wp-content\\\/uploads\\\/2025\\\/05\\\/ABC-Al-Rojo-Logo-96x96.jpg\",\"contentUrl\":\"https:\\\/\\\/tuguia.combarranquilla.co\\\/Revista\\\/wp-content\\\/uploads\\\/2025\\\/05\\\/ABC-Al-Rojo-Logo-96x96.jpg\",\"caption\":\"Comunicaciones Combarranquilla\"},\"sameAs\":[\"https:\\\/\\\/www.combarranquilla.co\"],\"url\":\"https:\\\/\\\/tuguia.combarranquilla.co\\\/Revista\\\/author\\\/comunicaciones\\\/\"}]}<\/script>\n<!-- \/ Yoast SEO plugin. -->","yoast_head_json":{"title":"\"Vivir a trav\u00e9s de la radio es una labor que enamora\u201d: Entrevista con Monny Arce y Danny D\u00edaz de Radio Tiempo - Tu Gu\u00eda","robots":{"index":"index","follow":"follow","max-snippet":"max-snippet:-1","max-image-preview":"max-image-preview:large","max-video-preview":"max-video-preview:-1"},"canonical":"https:\/\/tuguia.combarranquilla.co\/Revista\/vivir-a-traves-de-la-radio-es-una-labor-que-enamora-entrevista-a-monny-arce-y-danny-diaz-de-radio-tiempo\/","og_locale":"es_ES","og_type":"article","og_title":"\"Vivir a trav\u00e9s de la radio es una labor que enamora\u201d: Entrevista con Monny Arce y Danny D\u00edaz de Radio Tiempo - Tu Gu\u00eda","og_description":"Este 13 de febrero, conmemoramos el D\u00eda Mundial de la Radio, una fecha que celebra la eternidad de uno de los medios de comunicaci\u00f3n m\u00e1s importantes. La cabina de Radio Tiempo se siente bastante familiar. Monny Arce y Danny D\u00edaz me reciben con sonrisas en sus rostros y me dan la bienvenida. Son las 5:12 [&hellip;]","og_url":"https:\/\/tuguia.combarranquilla.co\/Revista\/vivir-a-traves-de-la-radio-es-una-labor-que-enamora-entrevista-a-monny-arce-y-danny-diaz-de-radio-tiempo\/","og_site_name":"Tu Gu\u00eda","article_published_time":"2026-02-01T13:30:00+00:00","article_modified_time":"2026-02-02T15:33:17+00:00","og_image":[{"width":2560,"height":1280,"url":"https:\/\/tuguia.combarranquilla.co\/Revista\/wp-content\/uploads\/2026\/01\/Revista-Combarranquilla-10-scaled.jpg","type":"image\/jpeg"}],"author":"Comunicaciones Combarranquilla","twitter_card":"summary_large_image","twitter_misc":{"Escrito por":"Comunicaciones Combarranquilla","Tiempo de lectura":"8 minutos"},"schema":{"@context":"https:\/\/schema.org","@graph":[{"@type":"Article","@id":"https:\/\/tuguia.combarranquilla.co\/Revista\/vivir-a-traves-de-la-radio-es-una-labor-que-enamora-entrevista-a-monny-arce-y-danny-diaz-de-radio-tiempo\/#article","isPartOf":{"@id":"https:\/\/tuguia.combarranquilla.co\/Revista\/vivir-a-traves-de-la-radio-es-una-labor-que-enamora-entrevista-a-monny-arce-y-danny-diaz-de-radio-tiempo\/"},"author":{"name":"Comunicaciones Combarranquilla","@id":"https:\/\/tuguia.combarranquilla.co\/Revista\/#\/schema\/person\/c2c396a77170bd1d5f8ba73294eb0d10"},"headline":"&#8220;Vivir a trav\u00e9s de la radio es una labor que enamora\u201d: Entrevista con Monny Arce y Danny D\u00edaz de Radio Tiempo","datePublished":"2026-02-01T13:30:00+00:00","dateModified":"2026-02-02T15:33:17+00:00","mainEntityOfPage":{"@id":"https:\/\/tuguia.combarranquilla.co\/Revista\/vivir-a-traves-de-la-radio-es-una-labor-que-enamora-entrevista-a-monny-arce-y-danny-diaz-de-radio-tiempo\/"},"wordCount":1610,"commentCount":0,"publisher":{"@id":"https:\/\/tuguia.combarranquilla.co\/Revista\/#organization"},"image":{"@id":"https:\/\/tuguia.combarranquilla.co\/Revista\/vivir-a-traves-de-la-radio-es-una-labor-que-enamora-entrevista-a-monny-arce-y-danny-diaz-de-radio-tiempo\/#primaryimage"},"thumbnailUrl":"https:\/\/tuguia.combarranquilla.co\/Revista\/wp-content\/uploads\/2026\/01\/Revista-Combarranquilla-10-scaled.jpg","articleSection":["ENTRETENIMIENTO"],"inLanguage":"es-CO","potentialAction":[{"@type":"CommentAction","name":"Comment","target":["https:\/\/tuguia.combarranquilla.co\/Revista\/vivir-a-traves-de-la-radio-es-una-labor-que-enamora-entrevista-a-monny-arce-y-danny-diaz-de-radio-tiempo\/#respond"]}]},{"@type":"WebPage","@id":"https:\/\/tuguia.combarranquilla.co\/Revista\/vivir-a-traves-de-la-radio-es-una-labor-que-enamora-entrevista-a-monny-arce-y-danny-diaz-de-radio-tiempo\/","url":"https:\/\/tuguia.combarranquilla.co\/Revista\/vivir-a-traves-de-la-radio-es-una-labor-que-enamora-entrevista-a-monny-arce-y-danny-diaz-de-radio-tiempo\/","name":"\"Vivir a trav\u00e9s de la radio es una labor que enamora\u201d: Entrevista con Monny Arce y Danny D\u00edaz de Radio Tiempo - Tu Gu\u00eda","isPartOf":{"@id":"https:\/\/tuguia.combarranquilla.co\/Revista\/#website"},"primaryImageOfPage":{"@id":"https:\/\/tuguia.combarranquilla.co\/Revista\/vivir-a-traves-de-la-radio-es-una-labor-que-enamora-entrevista-a-monny-arce-y-danny-diaz-de-radio-tiempo\/#primaryimage"},"image":{"@id":"https:\/\/tuguia.combarranquilla.co\/Revista\/vivir-a-traves-de-la-radio-es-una-labor-que-enamora-entrevista-a-monny-arce-y-danny-diaz-de-radio-tiempo\/#primaryimage"},"thumbnailUrl":"https:\/\/tuguia.combarranquilla.co\/Revista\/wp-content\/uploads\/2026\/01\/Revista-Combarranquilla-10-scaled.jpg","datePublished":"2026-02-01T13:30:00+00:00","dateModified":"2026-02-02T15:33:17+00:00","breadcrumb":{"@id":"https:\/\/tuguia.combarranquilla.co\/Revista\/vivir-a-traves-de-la-radio-es-una-labor-que-enamora-entrevista-a-monny-arce-y-danny-diaz-de-radio-tiempo\/#breadcrumb"},"inLanguage":"es-CO","potentialAction":[{"@type":"ReadAction","target":["https:\/\/tuguia.combarranquilla.co\/Revista\/vivir-a-traves-de-la-radio-es-una-labor-que-enamora-entrevista-a-monny-arce-y-danny-diaz-de-radio-tiempo\/"]}]},{"@type":"ImageObject","inLanguage":"es-CO","@id":"https:\/\/tuguia.combarranquilla.co\/Revista\/vivir-a-traves-de-la-radio-es-una-labor-que-enamora-entrevista-a-monny-arce-y-danny-diaz-de-radio-tiempo\/#primaryimage","url":"https:\/\/tuguia.combarranquilla.co\/Revista\/wp-content\/uploads\/2026\/01\/Revista-Combarranquilla-10-scaled.jpg","contentUrl":"https:\/\/tuguia.combarranquilla.co\/Revista\/wp-content\/uploads\/2026\/01\/Revista-Combarranquilla-10-scaled.jpg","width":2560,"height":1280},{"@type":"BreadcrumbList","@id":"https:\/\/tuguia.combarranquilla.co\/Revista\/vivir-a-traves-de-la-radio-es-una-labor-que-enamora-entrevista-a-monny-arce-y-danny-diaz-de-radio-tiempo\/#breadcrumb","itemListElement":[{"@type":"ListItem","position":1,"name":"Inicio","item":"https:\/\/tuguia.combarranquilla.co\/Revista\/"},{"@type":"ListItem","position":2,"name":"&#8220;Vivir a trav\u00e9s de la radio es una labor que enamora\u201d: Entrevista con Monny Arce y Danny D\u00edaz de Radio Tiempo"}]},{"@type":"WebSite","@id":"https:\/\/tuguia.combarranquilla.co\/Revista\/#website","url":"https:\/\/tuguia.combarranquilla.co\/Revista\/","name":"Tu Gu\u00eda","description":"La revista donde lo tienes todo.","publisher":{"@id":"https:\/\/tuguia.combarranquilla.co\/Revista\/#organization"},"alternateName":"Tu Gu\u00eda Combarranquilla","potentialAction":[{"@type":"SearchAction","target":{"@type":"EntryPoint","urlTemplate":"https:\/\/tuguia.combarranquilla.co\/Revista\/?s={search_term_string}"},"query-input":{"@type":"PropertyValueSpecification","valueRequired":true,"valueName":"search_term_string"}}],"inLanguage":"es-CO"},{"@type":"Organization","@id":"https:\/\/tuguia.combarranquilla.co\/Revista\/#organization","name":"Tu Gu\u00eda Combarranquilla","url":"https:\/\/tuguia.combarranquilla.co\/Revista\/","logo":{"@type":"ImageObject","inLanguage":"es-CO","@id":"https:\/\/tuguia.combarranquilla.co\/Revista\/#\/schema\/logo\/image\/","url":"https:\/\/tuguia.combarranquilla.co\/Revista\/wp-content\/uploads\/2022\/02\/logo-guia-combarranquilla.svg","contentUrl":"https:\/\/tuguia.combarranquilla.co\/Revista\/wp-content\/uploads\/2022\/02\/logo-guia-combarranquilla.svg","caption":"Tu Gu\u00eda Combarranquilla"},"image":{"@id":"https:\/\/tuguia.combarranquilla.co\/Revista\/#\/schema\/logo\/image\/"}},{"@type":"Person","@id":"https:\/\/tuguia.combarranquilla.co\/Revista\/#\/schema\/person\/c2c396a77170bd1d5f8ba73294eb0d10","name":"Comunicaciones Combarranquilla","image":{"@type":"ImageObject","inLanguage":"es-CO","@id":"https:\/\/tuguia.combarranquilla.co\/Revista\/wp-content\/uploads\/2025\/05\/ABC-Al-Rojo-Logo-96x96.jpg","url":"https:\/\/tuguia.combarranquilla.co\/Revista\/wp-content\/uploads\/2025\/05\/ABC-Al-Rojo-Logo-96x96.jpg","contentUrl":"https:\/\/tuguia.combarranquilla.co\/Revista\/wp-content\/uploads\/2025\/05\/ABC-Al-Rojo-Logo-96x96.jpg","caption":"Comunicaciones Combarranquilla"},"sameAs":["https:\/\/www.combarranquilla.co"],"url":"https:\/\/tuguia.combarranquilla.co\/Revista\/author\/comunicaciones\/"}]}},"_links":{"self":[{"href":"https:\/\/tuguia.combarranquilla.co\/Revista\/wp-json\/wp\/v2\/posts\/8534","targetHints":{"allow":["GET"]}}],"collection":[{"href":"https:\/\/tuguia.combarranquilla.co\/Revista\/wp-json\/wp\/v2\/posts"}],"about":[{"href":"https:\/\/tuguia.combarranquilla.co\/Revista\/wp-json\/wp\/v2\/types\/post"}],"author":[{"embeddable":true,"href":"https:\/\/tuguia.combarranquilla.co\/Revista\/wp-json\/wp\/v2\/users\/2"}],"replies":[{"embeddable":true,"href":"https:\/\/tuguia.combarranquilla.co\/Revista\/wp-json\/wp\/v2\/comments?post=8534"}],"version-history":[{"count":30,"href":"https:\/\/tuguia.combarranquilla.co\/Revista\/wp-json\/wp\/v2\/posts\/8534\/revisions"}],"predecessor-version":[{"id":8740,"href":"https:\/\/tuguia.combarranquilla.co\/Revista\/wp-json\/wp\/v2\/posts\/8534\/revisions\/8740"}],"wp:featuredmedia":[{"embeddable":true,"href":"https:\/\/tuguia.combarranquilla.co\/Revista\/wp-json\/wp\/v2\/media\/8535"}],"wp:attachment":[{"href":"https:\/\/tuguia.combarranquilla.co\/Revista\/wp-json\/wp\/v2\/media?parent=8534"}],"wp:term":[{"taxonomy":"category","embeddable":true,"href":"https:\/\/tuguia.combarranquilla.co\/Revista\/wp-json\/wp\/v2\/categories?post=8534"},{"taxonomy":"post_tag","embeddable":true,"href":"https:\/\/tuguia.combarranquilla.co\/Revista\/wp-json\/wp\/v2\/tags?post=8534"}],"curies":[{"name":"wp","href":"https:\/\/api.w.org\/{rel}","templated":true}]}}