{"id":8552,"date":"2026-02-01T08:25:00","date_gmt":"2026-02-01T13:25:00","guid":{"rendered":"https:\/\/tuguia.combarranquilla.co\/Revista\/?p=8552"},"modified":"2026-02-02T07:53:30","modified_gmt":"2026-02-02T12:53:30","slug":"nuestras-bibliotecas-pueden-hacer-parte-de-tu-rutina-en-este-regreso-a-clases","status":"publish","type":"post","link":"https:\/\/tuguia.combarranquilla.co\/Revista\/nuestras-bibliotecas-pueden-hacer-parte-de-tu-rutina-en-este-regreso-a-clases\/","title":{"rendered":"Nuestras bibliotecas te acompa\u00f1an en este regreso a clases"},"content":{"rendered":"\n<p>Cuando inicia el nuevo a\u00f1o acad\u00e9mico, surgen nuevos retos. Por eso, desde las bibliotecas de las unidades Boston y Mario Santo Domingo (Calle 30), estamos listos para acompa\u00f1arte en cada paso de tu proceso de aprendizaje. <\/p>\n\n\n\n<p>En Combarranquilla, nuestras bibliotecas no solo est\u00e1n abiertas para el pr\u00e9stamo de libros, sino que pueden ser tu espacio de estudio, investigaci\u00f3n y encuentro con el conocimiento.<\/p>\n\n\n\n<p>Lo que muchos no saben es que estas bibliotecas cuentan con material bibliogr\u00e1fico de diferentes \u00e1reas del conocimiento. Tanto en la Unidad Boston como en la Unidad Calle 30, podr\u00e1s acceder a libros sobre:<\/p>\n\n\n\n<ul class=\"wp-block-list\">\n<li>Ingenier\u00eda<\/li>\n\n\n\n<li>Qu\u00edmica<\/li>\n\n\n\n<li>F\u00edsica<\/li>\n\n\n\n<li>Estad\u00edstica<\/li>\n\n\n\n<li>C\u00e1lculo<\/li>\n\n\n\n<li>Ling\u00fc\u00edstica<\/li>\n\n\n\n<li>Lenguas (italiano, ingl\u00e9s y franc\u00e9s)<\/li>\n\n\n\n<li>Derecho<\/li>\n\n\n\n<li>Psicolog\u00eda<\/li>\n\n\n\n<li>Desarrollo de software<\/li>\n\n\n\n<li>Metodolog\u00eda de la investigaci\u00f3n<\/li>\n<\/ul>\n\n\n\n<p><\/p>\n\n\n\n<p>No importa si est\u00e1s en el colegio adelantando una tarea o si cursas una carrera universitaria; aqu\u00ed hay un lugar para ti con opciones diversas que apoyar\u00e1n tus estudios.<\/p>\n\n\n\n<p>Adem\u00e1s de los libros, en las bibliotecas de Combarranquilla encontrar\u00e1s las Salas de Internet, ideales para que puedas trabajar y consultar bases de datos para tus investigaciones.<\/p>\n\n\n\n<p>En tiempos donde el acceso a la informaci\u00f3n es tan importante como saber usarla, nuestras bibliotecas se convierten en tus aliadas. Son espacios abiertos, cercanos y accesibles, donde el conocimiento no tiene barreras.<\/p>\n\n\n\n<p>Este semestre ya tienes el sitio perfecto para pensar, leer y crear con tranquilidad. \u00a1Te esperamos!<\/p>\n\n\n\n<p class=\"has-text-align-center has-background\" style=\"background-color:#d2e3d0\"><strong>Unidad Boston: Carrera 43 # 63B-107 | Unidad Calle 30: Carrera 43 # 63B-107<\/strong><\/p>\n\n\n\n<p><em>Un vistazo de lo que puedes encontrar:<\/em><\/p>\n\n\n\n<figure class=\"wp-block-video aligncenter\"><video controls src=\"https:\/\/tuguia.combarranquilla.co\/Revista\/wp-content\/uploads\/2026\/01\/IMG_1848.mov\" playsinline><\/video><\/figure>\n","protected":false},"excerpt":{"rendered":"<p>Cuando inicia el nuevo a\u00f1o acad\u00e9mico, surgen nuevos retos. Por eso, desde las bibliotecas de las unidades Boston y Mario Santo Domingo (Calle 30), estamos listos para acompa\u00f1arte en cada paso de tu proceso de aprendizaje. En Combarranquilla, nuestras bibliotecas no solo est\u00e1n abiertas para el pr\u00e9stamo de libros, sino que pueden ser tu espacio [&hellip;]<\/p>\n","protected":false},"author":2,"featured_media":8553,"comment_status":"open","ping_status":"open","sticky":false,"template":"","format":"standard","meta":{"inline_featured_image":false,"footnotes":""},"categories":[4],"tags":[],"class_list":["post-8552","post","type-post","status-publish","format-standard","has-post-thumbnail","hentry","category-ciencia-y-cultura"],"yoast_head":"<!-- This site is optimized with the Yoast SEO plugin v27.4 - https:\/\/yoast.com\/product\/yoast-seo-wordpress\/ -->\n<title>Nuestras bibliotecas te acompa\u00f1an en este regreso a clases - Tu Gu\u00eda<\/title>\n<meta name=\"robots\" content=\"index, follow, max-snippet:-1, max-image-preview:large, max-video-preview:-1\" \/>\n<link rel=\"canonical\" href=\"https:\/\/tuguia.combarranquilla.co\/Revista\/nuestras-bibliotecas-pueden-hacer-parte-de-tu-rutina-en-este-regreso-a-clases\/\" \/>\n<meta property=\"og:locale\" content=\"es_ES\" \/>\n<meta property=\"og:type\" content=\"article\" \/>\n<meta property=\"og:title\" content=\"Nuestras bibliotecas te acompa\u00f1an en este regreso a clases - Tu Gu\u00eda\" \/>\n<meta property=\"og:description\" content=\"Cuando inicia el nuevo a\u00f1o acad\u00e9mico, surgen nuevos retos. Por eso, desde las bibliotecas de las unidades Boston y Mario Santo Domingo (Calle 30), estamos listos para acompa\u00f1arte en cada paso de tu proceso de aprendizaje. En Combarranquilla, nuestras bibliotecas no solo est\u00e1n abiertas para el pr\u00e9stamo de libros, sino que pueden ser tu espacio [&hellip;]\" \/>\n<meta property=\"og:url\" content=\"https:\/\/tuguia.combarranquilla.co\/Revista\/nuestras-bibliotecas-pueden-hacer-parte-de-tu-rutina-en-este-regreso-a-clases\/\" \/>\n<meta property=\"og:site_name\" content=\"Tu Gu\u00eda\" \/>\n<meta property=\"article:published_time\" content=\"2026-02-01T13:25:00+00:00\" \/>\n<meta property=\"article:modified_time\" content=\"2026-02-02T12:53:30+00:00\" \/>\n<meta property=\"og:image\" content=\"https:\/\/tuguia.combarranquilla.co\/Revista\/wp-content\/uploads\/2026\/01\/Revista-Combarranquilla-1-4-scaled.jpg\" \/>\n\t<meta property=\"og:image:width\" content=\"2560\" \/>\n\t<meta property=\"og:image:height\" content=\"1280\" \/>\n\t<meta property=\"og:image:type\" content=\"image\/jpeg\" \/>\n<meta name=\"author\" content=\"Comunicaciones Combarranquilla\" \/>\n<meta name=\"twitter:card\" content=\"summary_large_image\" \/>\n<meta name=\"twitter:label1\" content=\"Escrito por\" \/>\n\t<meta name=\"twitter:data1\" content=\"Comunicaciones Combarranquilla\" \/>\n\t<meta name=\"twitter:label2\" content=\"Tiempo de lectura\" \/>\n\t<meta name=\"twitter:data2\" content=\"2 minutos\" \/>\n<script type=\"application\/ld+json\" class=\"yoast-schema-graph\">{\"@context\":\"https:\\\/\\\/schema.org\",\"@graph\":[{\"@type\":\"Article\",\"@id\":\"https:\\\/\\\/tuguia.combarranquilla.co\\\/Revista\\\/nuestras-bibliotecas-pueden-hacer-parte-de-tu-rutina-en-este-regreso-a-clases\\\/#article\",\"isPartOf\":{\"@id\":\"https:\\\/\\\/tuguia.combarranquilla.co\\\/Revista\\\/nuestras-bibliotecas-pueden-hacer-parte-de-tu-rutina-en-este-regreso-a-clases\\\/\"},\"author\":{\"name\":\"Comunicaciones Combarranquilla\",\"@id\":\"https:\\\/\\\/tuguia.combarranquilla.co\\\/Revista\\\/#\\\/schema\\\/person\\\/c2c396a77170bd1d5f8ba73294eb0d10\"},\"headline\":\"Nuestras bibliotecas te acompa\u00f1an en este regreso a clases\",\"datePublished\":\"2026-02-01T13:25:00+00:00\",\"dateModified\":\"2026-02-02T12:53:30+00:00\",\"mainEntityOfPage\":{\"@id\":\"https:\\\/\\\/tuguia.combarranquilla.co\\\/Revista\\\/nuestras-bibliotecas-pueden-hacer-parte-de-tu-rutina-en-este-regreso-a-clases\\\/\"},\"wordCount\":269,\"commentCount\":0,\"publisher\":{\"@id\":\"https:\\\/\\\/tuguia.combarranquilla.co\\\/Revista\\\/#organization\"},\"image\":{\"@id\":\"https:\\\/\\\/tuguia.combarranquilla.co\\\/Revista\\\/nuestras-bibliotecas-pueden-hacer-parte-de-tu-rutina-en-este-regreso-a-clases\\\/#primaryimage\"},\"thumbnailUrl\":\"https:\\\/\\\/tuguia.combarranquilla.co\\\/Revista\\\/wp-content\\\/uploads\\\/2026\\\/01\\\/Revista-Combarranquilla-1-4-scaled.jpg\",\"articleSection\":[\"CIENCIA Y CULTURA\"],\"inLanguage\":\"es-CO\",\"potentialAction\":[{\"@type\":\"CommentAction\",\"name\":\"Comment\",\"target\":[\"https:\\\/\\\/tuguia.combarranquilla.co\\\/Revista\\\/nuestras-bibliotecas-pueden-hacer-parte-de-tu-rutina-en-este-regreso-a-clases\\\/#respond\"]}]},{\"@type\":\"WebPage\",\"@id\":\"https:\\\/\\\/tuguia.combarranquilla.co\\\/Revista\\\/nuestras-bibliotecas-pueden-hacer-parte-de-tu-rutina-en-este-regreso-a-clases\\\/\",\"url\":\"https:\\\/\\\/tuguia.combarranquilla.co\\\/Revista\\\/nuestras-bibliotecas-pueden-hacer-parte-de-tu-rutina-en-este-regreso-a-clases\\\/\",\"name\":\"Nuestras bibliotecas te acompa\u00f1an en este regreso a clases - Tu Gu\u00eda\",\"isPartOf\":{\"@id\":\"https:\\\/\\\/tuguia.combarranquilla.co\\\/Revista\\\/#website\"},\"primaryImageOfPage\":{\"@id\":\"https:\\\/\\\/tuguia.combarranquilla.co\\\/Revista\\\/nuestras-bibliotecas-pueden-hacer-parte-de-tu-rutina-en-este-regreso-a-clases\\\/#primaryimage\"},\"image\":{\"@id\":\"https:\\\/\\\/tuguia.combarranquilla.co\\\/Revista\\\/nuestras-bibliotecas-pueden-hacer-parte-de-tu-rutina-en-este-regreso-a-clases\\\/#primaryimage\"},\"thumbnailUrl\":\"https:\\\/\\\/tuguia.combarranquilla.co\\\/Revista\\\/wp-content\\\/uploads\\\/2026\\\/01\\\/Revista-Combarranquilla-1-4-scaled.jpg\",\"datePublished\":\"2026-02-01T13:25:00+00:00\",\"dateModified\":\"2026-02-02T12:53:30+00:00\",\"breadcrumb\":{\"@id\":\"https:\\\/\\\/tuguia.combarranquilla.co\\\/Revista\\\/nuestras-bibliotecas-pueden-hacer-parte-de-tu-rutina-en-este-regreso-a-clases\\\/#breadcrumb\"},\"inLanguage\":\"es-CO\",\"potentialAction\":[{\"@type\":\"ReadAction\",\"target\":[\"https:\\\/\\\/tuguia.combarranquilla.co\\\/Revista\\\/nuestras-bibliotecas-pueden-hacer-parte-de-tu-rutina-en-este-regreso-a-clases\\\/\"]}]},{\"@type\":\"ImageObject\",\"inLanguage\":\"es-CO\",\"@id\":\"https:\\\/\\\/tuguia.combarranquilla.co\\\/Revista\\\/nuestras-bibliotecas-pueden-hacer-parte-de-tu-rutina-en-este-regreso-a-clases\\\/#primaryimage\",\"url\":\"https:\\\/\\\/tuguia.combarranquilla.co\\\/Revista\\\/wp-content\\\/uploads\\\/2026\\\/01\\\/Revista-Combarranquilla-1-4-scaled.jpg\",\"contentUrl\":\"https:\\\/\\\/tuguia.combarranquilla.co\\\/Revista\\\/wp-content\\\/uploads\\\/2026\\\/01\\\/Revista-Combarranquilla-1-4-scaled.jpg\",\"width\":2560,\"height\":1280},{\"@type\":\"BreadcrumbList\",\"@id\":\"https:\\\/\\\/tuguia.combarranquilla.co\\\/Revista\\\/nuestras-bibliotecas-pueden-hacer-parte-de-tu-rutina-en-este-regreso-a-clases\\\/#breadcrumb\",\"itemListElement\":[{\"@type\":\"ListItem\",\"position\":1,\"name\":\"Inicio\",\"item\":\"https:\\\/\\\/tuguia.combarranquilla.co\\\/Revista\\\/\"},{\"@type\":\"ListItem\",\"position\":2,\"name\":\"Nuestras bibliotecas te acompa\u00f1an en este regreso a clases\"}]},{\"@type\":\"WebSite\",\"@id\":\"https:\\\/\\\/tuguia.combarranquilla.co\\\/Revista\\\/#website\",\"url\":\"https:\\\/\\\/tuguia.combarranquilla.co\\\/Revista\\\/\",\"name\":\"Tu Gu\u00eda\",\"description\":\"La revista donde lo tienes todo.\",\"publisher\":{\"@id\":\"https:\\\/\\\/tuguia.combarranquilla.co\\\/Revista\\\/#organization\"},\"alternateName\":\"Tu Gu\u00eda Combarranquilla\",\"potentialAction\":[{\"@type\":\"SearchAction\",\"target\":{\"@type\":\"EntryPoint\",\"urlTemplate\":\"https:\\\/\\\/tuguia.combarranquilla.co\\\/Revista\\\/?s={search_term_string}\"},\"query-input\":{\"@type\":\"PropertyValueSpecification\",\"valueRequired\":true,\"valueName\":\"search_term_string\"}}],\"inLanguage\":\"es-CO\"},{\"@type\":\"Organization\",\"@id\":\"https:\\\/\\\/tuguia.combarranquilla.co\\\/Revista\\\/#organization\",\"name\":\"Tu Gu\u00eda Combarranquilla\",\"url\":\"https:\\\/\\\/tuguia.combarranquilla.co\\\/Revista\\\/\",\"logo\":{\"@type\":\"ImageObject\",\"inLanguage\":\"es-CO\",\"@id\":\"https:\\\/\\\/tuguia.combarranquilla.co\\\/Revista\\\/#\\\/schema\\\/logo\\\/image\\\/\",\"url\":\"https:\\\/\\\/tuguia.combarranquilla.co\\\/Revista\\\/wp-content\\\/uploads\\\/2022\\\/02\\\/logo-guia-combarranquilla.svg\",\"contentUrl\":\"https:\\\/\\\/tuguia.combarranquilla.co\\\/Revista\\\/wp-content\\\/uploads\\\/2022\\\/02\\\/logo-guia-combarranquilla.svg\",\"caption\":\"Tu Gu\u00eda Combarranquilla\"},\"image\":{\"@id\":\"https:\\\/\\\/tuguia.combarranquilla.co\\\/Revista\\\/#\\\/schema\\\/logo\\\/image\\\/\"}},{\"@type\":\"Person\",\"@id\":\"https:\\\/\\\/tuguia.combarranquilla.co\\\/Revista\\\/#\\\/schema\\\/person\\\/c2c396a77170bd1d5f8ba73294eb0d10\",\"name\":\"Comunicaciones Combarranquilla\",\"image\":{\"@type\":\"ImageObject\",\"inLanguage\":\"es-CO\",\"@id\":\"https:\\\/\\\/tuguia.combarranquilla.co\\\/Revista\\\/wp-content\\\/uploads\\\/2025\\\/05\\\/ABC-Al-Rojo-Logo-96x96.jpg\",\"url\":\"https:\\\/\\\/tuguia.combarranquilla.co\\\/Revista\\\/wp-content\\\/uploads\\\/2025\\\/05\\\/ABC-Al-Rojo-Logo-96x96.jpg\",\"contentUrl\":\"https:\\\/\\\/tuguia.combarranquilla.co\\\/Revista\\\/wp-content\\\/uploads\\\/2025\\\/05\\\/ABC-Al-Rojo-Logo-96x96.jpg\",\"caption\":\"Comunicaciones Combarranquilla\"},\"sameAs\":[\"https:\\\/\\\/www.combarranquilla.co\"],\"url\":\"https:\\\/\\\/tuguia.combarranquilla.co\\\/Revista\\\/author\\\/comunicaciones\\\/\"}]}<\/script>\n<!-- \/ Yoast SEO plugin. -->","yoast_head_json":{"title":"Nuestras bibliotecas te acompa\u00f1an en este regreso a clases - Tu Gu\u00eda","robots":{"index":"index","follow":"follow","max-snippet":"max-snippet:-1","max-image-preview":"max-image-preview:large","max-video-preview":"max-video-preview:-1"},"canonical":"https:\/\/tuguia.combarranquilla.co\/Revista\/nuestras-bibliotecas-pueden-hacer-parte-de-tu-rutina-en-este-regreso-a-clases\/","og_locale":"es_ES","og_type":"article","og_title":"Nuestras bibliotecas te acompa\u00f1an en este regreso a clases - Tu Gu\u00eda","og_description":"Cuando inicia el nuevo a\u00f1o acad\u00e9mico, surgen nuevos retos. Por eso, desde las bibliotecas de las unidades Boston y Mario Santo Domingo (Calle 30), estamos listos para acompa\u00f1arte en cada paso de tu proceso de aprendizaje. En Combarranquilla, nuestras bibliotecas no solo est\u00e1n abiertas para el pr\u00e9stamo de libros, sino que pueden ser tu espacio [&hellip;]","og_url":"https:\/\/tuguia.combarranquilla.co\/Revista\/nuestras-bibliotecas-pueden-hacer-parte-de-tu-rutina-en-este-regreso-a-clases\/","og_site_name":"Tu Gu\u00eda","article_published_time":"2026-02-01T13:25:00+00:00","article_modified_time":"2026-02-02T12:53:30+00:00","og_image":[{"width":2560,"height":1280,"url":"https:\/\/tuguia.combarranquilla.co\/Revista\/wp-content\/uploads\/2026\/01\/Revista-Combarranquilla-1-4-scaled.jpg","type":"image\/jpeg"}],"author":"Comunicaciones Combarranquilla","twitter_card":"summary_large_image","twitter_misc":{"Escrito por":"Comunicaciones Combarranquilla","Tiempo de lectura":"2 minutos"},"schema":{"@context":"https:\/\/schema.org","@graph":[{"@type":"Article","@id":"https:\/\/tuguia.combarranquilla.co\/Revista\/nuestras-bibliotecas-pueden-hacer-parte-de-tu-rutina-en-este-regreso-a-clases\/#article","isPartOf":{"@id":"https:\/\/tuguia.combarranquilla.co\/Revista\/nuestras-bibliotecas-pueden-hacer-parte-de-tu-rutina-en-este-regreso-a-clases\/"},"author":{"name":"Comunicaciones Combarranquilla","@id":"https:\/\/tuguia.combarranquilla.co\/Revista\/#\/schema\/person\/c2c396a77170bd1d5f8ba73294eb0d10"},"headline":"Nuestras bibliotecas te acompa\u00f1an en este regreso a clases","datePublished":"2026-02-01T13:25:00+00:00","dateModified":"2026-02-02T12:53:30+00:00","mainEntityOfPage":{"@id":"https:\/\/tuguia.combarranquilla.co\/Revista\/nuestras-bibliotecas-pueden-hacer-parte-de-tu-rutina-en-este-regreso-a-clases\/"},"wordCount":269,"commentCount":0,"publisher":{"@id":"https:\/\/tuguia.combarranquilla.co\/Revista\/#organization"},"image":{"@id":"https:\/\/tuguia.combarranquilla.co\/Revista\/nuestras-bibliotecas-pueden-hacer-parte-de-tu-rutina-en-este-regreso-a-clases\/#primaryimage"},"thumbnailUrl":"https:\/\/tuguia.combarranquilla.co\/Revista\/wp-content\/uploads\/2026\/01\/Revista-Combarranquilla-1-4-scaled.jpg","articleSection":["CIENCIA Y CULTURA"],"inLanguage":"es-CO","potentialAction":[{"@type":"CommentAction","name":"Comment","target":["https:\/\/tuguia.combarranquilla.co\/Revista\/nuestras-bibliotecas-pueden-hacer-parte-de-tu-rutina-en-este-regreso-a-clases\/#respond"]}]},{"@type":"WebPage","@id":"https:\/\/tuguia.combarranquilla.co\/Revista\/nuestras-bibliotecas-pueden-hacer-parte-de-tu-rutina-en-este-regreso-a-clases\/","url":"https:\/\/tuguia.combarranquilla.co\/Revista\/nuestras-bibliotecas-pueden-hacer-parte-de-tu-rutina-en-este-regreso-a-clases\/","name":"Nuestras bibliotecas te acompa\u00f1an en este regreso a clases - Tu Gu\u00eda","isPartOf":{"@id":"https:\/\/tuguia.combarranquilla.co\/Revista\/#website"},"primaryImageOfPage":{"@id":"https:\/\/tuguia.combarranquilla.co\/Revista\/nuestras-bibliotecas-pueden-hacer-parte-de-tu-rutina-en-este-regreso-a-clases\/#primaryimage"},"image":{"@id":"https:\/\/tuguia.combarranquilla.co\/Revista\/nuestras-bibliotecas-pueden-hacer-parte-de-tu-rutina-en-este-regreso-a-clases\/#primaryimage"},"thumbnailUrl":"https:\/\/tuguia.combarranquilla.co\/Revista\/wp-content\/uploads\/2026\/01\/Revista-Combarranquilla-1-4-scaled.jpg","datePublished":"2026-02-01T13:25:00+00:00","dateModified":"2026-02-02T12:53:30+00:00","breadcrumb":{"@id":"https:\/\/tuguia.combarranquilla.co\/Revista\/nuestras-bibliotecas-pueden-hacer-parte-de-tu-rutina-en-este-regreso-a-clases\/#breadcrumb"},"inLanguage":"es-CO","potentialAction":[{"@type":"ReadAction","target":["https:\/\/tuguia.combarranquilla.co\/Revista\/nuestras-bibliotecas-pueden-hacer-parte-de-tu-rutina-en-este-regreso-a-clases\/"]}]},{"@type":"ImageObject","inLanguage":"es-CO","@id":"https:\/\/tuguia.combarranquilla.co\/Revista\/nuestras-bibliotecas-pueden-hacer-parte-de-tu-rutina-en-este-regreso-a-clases\/#primaryimage","url":"https:\/\/tuguia.combarranquilla.co\/Revista\/wp-content\/uploads\/2026\/01\/Revista-Combarranquilla-1-4-scaled.jpg","contentUrl":"https:\/\/tuguia.combarranquilla.co\/Revista\/wp-content\/uploads\/2026\/01\/Revista-Combarranquilla-1-4-scaled.jpg","width":2560,"height":1280},{"@type":"BreadcrumbList","@id":"https:\/\/tuguia.combarranquilla.co\/Revista\/nuestras-bibliotecas-pueden-hacer-parte-de-tu-rutina-en-este-regreso-a-clases\/#breadcrumb","itemListElement":[{"@type":"ListItem","position":1,"name":"Inicio","item":"https:\/\/tuguia.combarranquilla.co\/Revista\/"},{"@type":"ListItem","position":2,"name":"Nuestras bibliotecas te acompa\u00f1an en este regreso a clases"}]},{"@type":"WebSite","@id":"https:\/\/tuguia.combarranquilla.co\/Revista\/#website","url":"https:\/\/tuguia.combarranquilla.co\/Revista\/","name":"Tu Gu\u00eda","description":"La revista donde lo tienes todo.","publisher":{"@id":"https:\/\/tuguia.combarranquilla.co\/Revista\/#organization"},"alternateName":"Tu Gu\u00eda Combarranquilla","potentialAction":[{"@type":"SearchAction","target":{"@type":"EntryPoint","urlTemplate":"https:\/\/tuguia.combarranquilla.co\/Revista\/?s={search_term_string}"},"query-input":{"@type":"PropertyValueSpecification","valueRequired":true,"valueName":"search_term_string"}}],"inLanguage":"es-CO"},{"@type":"Organization","@id":"https:\/\/tuguia.combarranquilla.co\/Revista\/#organization","name":"Tu Gu\u00eda Combarranquilla","url":"https:\/\/tuguia.combarranquilla.co\/Revista\/","logo":{"@type":"ImageObject","inLanguage":"es-CO","@id":"https:\/\/tuguia.combarranquilla.co\/Revista\/#\/schema\/logo\/image\/","url":"https:\/\/tuguia.combarranquilla.co\/Revista\/wp-content\/uploads\/2022\/02\/logo-guia-combarranquilla.svg","contentUrl":"https:\/\/tuguia.combarranquilla.co\/Revista\/wp-content\/uploads\/2022\/02\/logo-guia-combarranquilla.svg","caption":"Tu Gu\u00eda Combarranquilla"},"image":{"@id":"https:\/\/tuguia.combarranquilla.co\/Revista\/#\/schema\/logo\/image\/"}},{"@type":"Person","@id":"https:\/\/tuguia.combarranquilla.co\/Revista\/#\/schema\/person\/c2c396a77170bd1d5f8ba73294eb0d10","name":"Comunicaciones Combarranquilla","image":{"@type":"ImageObject","inLanguage":"es-CO","@id":"https:\/\/tuguia.combarranquilla.co\/Revista\/wp-content\/uploads\/2025\/05\/ABC-Al-Rojo-Logo-96x96.jpg","url":"https:\/\/tuguia.combarranquilla.co\/Revista\/wp-content\/uploads\/2025\/05\/ABC-Al-Rojo-Logo-96x96.jpg","contentUrl":"https:\/\/tuguia.combarranquilla.co\/Revista\/wp-content\/uploads\/2025\/05\/ABC-Al-Rojo-Logo-96x96.jpg","caption":"Comunicaciones Combarranquilla"},"sameAs":["https:\/\/www.combarranquilla.co"],"url":"https:\/\/tuguia.combarranquilla.co\/Revista\/author\/comunicaciones\/"}]}},"_links":{"self":[{"href":"https:\/\/tuguia.combarranquilla.co\/Revista\/wp-json\/wp\/v2\/posts\/8552","targetHints":{"allow":["GET"]}}],"collection":[{"href":"https:\/\/tuguia.combarranquilla.co\/Revista\/wp-json\/wp\/v2\/posts"}],"about":[{"href":"https:\/\/tuguia.combarranquilla.co\/Revista\/wp-json\/wp\/v2\/types\/post"}],"author":[{"embeddable":true,"href":"https:\/\/tuguia.combarranquilla.co\/Revista\/wp-json\/wp\/v2\/users\/2"}],"replies":[{"embeddable":true,"href":"https:\/\/tuguia.combarranquilla.co\/Revista\/wp-json\/wp\/v2\/comments?post=8552"}],"version-history":[{"count":14,"href":"https:\/\/tuguia.combarranquilla.co\/Revista\/wp-json\/wp\/v2\/posts\/8552\/revisions"}],"predecessor-version":[{"id":8682,"href":"https:\/\/tuguia.combarranquilla.co\/Revista\/wp-json\/wp\/v2\/posts\/8552\/revisions\/8682"}],"wp:featuredmedia":[{"embeddable":true,"href":"https:\/\/tuguia.combarranquilla.co\/Revista\/wp-json\/wp\/v2\/media\/8553"}],"wp:attachment":[{"href":"https:\/\/tuguia.combarranquilla.co\/Revista\/wp-json\/wp\/v2\/media?parent=8552"}],"wp:term":[{"taxonomy":"category","embeddable":true,"href":"https:\/\/tuguia.combarranquilla.co\/Revista\/wp-json\/wp\/v2\/categories?post=8552"},{"taxonomy":"post_tag","embeddable":true,"href":"https:\/\/tuguia.combarranquilla.co\/Revista\/wp-json\/wp\/v2\/tags?post=8552"}],"curies":[{"name":"wp","href":"https:\/\/api.w.org\/{rel}","templated":true}]}}