{"id":8597,"date":"2026-01-28T08:00:00","date_gmt":"2026-01-28T13:00:00","guid":{"rendered":"https:\/\/tuguia.combarranquilla.co\/Revista\/?p=8597"},"modified":"2026-01-30T10:15:11","modified_gmt":"2026-01-30T15:15:11","slug":"un-llamado-a-la-accion-global-por-la-supervivencia","status":"publish","type":"post","link":"https:\/\/tuguia.combarranquilla.co\/Revista\/un-llamado-a-la-accion-global-por-la-supervivencia\/","title":{"rendered":"Un llamado a la acci\u00f3n global por la supervivencia"},"content":{"rendered":"\n<p class=\"has-text-color has-link-color wp-elements-add0c8d67dc58a09b3077cffbb0558c5\" style=\"color:#444444;font-size:16px\"><strong><em>Por: Orlando M\u00e9ndez, coordinador de Planetario Combarranquilla<\/em><\/strong><\/p>\n\n\n\n<p>Cada 28 de enero, el calendario ambiental marca una de sus fechas m\u00e1s cr\u00edticas: el D\u00eda Mundial de la Acci\u00f3n frente al Calentamiento Global. Tambi\u00e9n conocido como el D\u00eda Mundial por la Reducci\u00f3n de las Emisiones de CO\u2082, esta efem\u00e9ride no es solo una celebraci\u00f3n simb\u00f3lica, sino un recordatorio urgente de que el tiempo para mitigar los efectos m\u00e1s devastadores de la crisis clim\u00e1tica se est\u00e1 agotando.<\/p>\n\n\n\n<h2 class=\"wp-block-heading has-medium-font-size\"><strong>\u00bfQu\u00e9 es el calentamiento global?<\/strong><\/h2>\n\n\n\n<p>En t\u00e9rminos sencillos, el calentamiento global es el aumento inusual y acelerado de la temperatura media de la superficie terrestre y de los oc\u00e9anos. Este fen\u00f3meno ocurre debido a la acumulaci\u00f3n de gases de efecto invernadero (GEI) en la atm\u00f3sfera.<\/p>\n\n\n\n<p>Aunque el &#8220;efecto invernadero&#8221; es un proceso natural que permite la vida en el planeta, la actividad humana ha intensificado esta retenci\u00f3n de forma peligrosa.<\/p>\n\n\n\n<h2 class=\"wp-block-heading has-medium-font-size\"><strong>El origen: \u00bfPor qu\u00e9 y cu\u00e1ndo surge este d\u00eda?<\/strong><\/h2>\n\n\n\n<p>El D\u00eda Mundial de la Acci\u00f3n frente al Calentamiento Global fue designado por la <strong>Organizaci\u00f3n de las Naciones Unidas (ONU)<\/strong>. Su origen se vincula directamente con la necesidad de respaldar y dar visibilidad a los acuerdos alcanzados en el <strong>Protocolo de Kioto<\/strong>, firmado en 1997, el cual buscaba que los pa\u00edses industrializados redujeran sus emisiones de gases contaminantes.<\/p>\n\n\n\n<p>Aunque la preocupaci\u00f3n cient\u00edfica viene de d\u00e9cadas atr\u00e1s, la formalizaci\u00f3n de este d\u00eda busca educar a la poblaci\u00f3n y presionar a los gobiernos para que cumplan con los objetivos clim\u00e1ticos establecidos en tratados internacionales, como el m\u00e1s reciente <strong>Acuerdo de Par\u00eds<\/strong>.<\/p>\n\n\n\n<h2 class=\"wp-block-heading has-medium-font-size\"><strong>Diferencia y relaci\u00f3n: Calentamiento global vs. Cambio clim\u00e1tico<\/strong><\/h2>\n\n\n\n<p>A menudo usamos estos t\u00e9rminos como sin\u00f3nimos, pero t\u00e9cnicamente se refieren a conceptos distintos aunque profundamente conectados.<\/p>\n\n\n\n<p>El <strong>calentamiento global<\/strong> es la <strong>causa<\/strong>. Se refiere espec\u00edficamente al aumento de la temperatura. <strong>El cambio clim\u00e1tico<\/strong> es el <strong>efecto<\/strong>. Es un concepto m\u00e1s amplio que incluye el calentamiento, pero tambi\u00e9n las alteraciones en las lluvias, el aumento del nivel del mar, el derretimiento de glaciares y la mayor frecuencia de eventos clim\u00e1ticos extremos (huracanes, sequ\u00edas, etc.).<\/p>\n\n\n\n<p>En resumen, el calentamiento global es el term\u00f3metro subiendo; el cambio clim\u00e1tico es todo el caos meteorol\u00f3gico que ese aumento provoca en el sistema terrestre.<\/p>\n\n\n\n<div class=\"wp-block-columns is-layout-flex wp-container-core-columns-is-layout-9d6595d7 wp-block-columns-is-layout-flex\">\n<div class=\"wp-block-column is-layout-flow wp-block-column-is-layout-flow\">\n<figure class=\"wp-block-image size-large\"><img decoding=\"async\" width=\"2560\" height=\"1441\" data-src=\"https:\/\/tuguia.combarranquilla.co\/Revista\/wp-content\/uploads\/2026\/01\/woman-sat-his-hand-caught-siem-dry-soil-looked-sky-edited-scaled.jpg\" alt=\"\" class=\"wp-image-8604 lazyload\" data-srcset=\"https:\/\/tuguia.combarranquilla.co\/Revista\/wp-content\/uploads\/2026\/01\/woman-sat-his-hand-caught-siem-dry-soil-looked-sky-edited-scaled.jpg 2560w, https:\/\/tuguia.combarranquilla.co\/Revista\/wp-content\/uploads\/2026\/01\/woman-sat-his-hand-caught-siem-dry-soil-looked-sky-edited-300x169.jpg 300w, https:\/\/tuguia.combarranquilla.co\/Revista\/wp-content\/uploads\/2026\/01\/woman-sat-his-hand-caught-siem-dry-soil-looked-sky-edited-1024x576.jpg 1024w, https:\/\/tuguia.combarranquilla.co\/Revista\/wp-content\/uploads\/2026\/01\/woman-sat-his-hand-caught-siem-dry-soil-looked-sky-edited-768x432.jpg 768w, https:\/\/tuguia.combarranquilla.co\/Revista\/wp-content\/uploads\/2026\/01\/woman-sat-his-hand-caught-siem-dry-soil-looked-sky-edited-1536x864.jpg 1536w, https:\/\/tuguia.combarranquilla.co\/Revista\/wp-content\/uploads\/2026\/01\/woman-sat-his-hand-caught-siem-dry-soil-looked-sky-edited-2048x1153.jpg 2048w\" data-sizes=\"(max-width: 2560px) 100vw, 2560px\" src=\"data:image\/svg+xml;base64,PHN2ZyB3aWR0aD0iMSIgaGVpZ2h0PSIxIiB4bWxucz0iaHR0cDovL3d3dy53My5vcmcvMjAwMC9zdmciPjwvc3ZnPg==\" style=\"--smush-placeholder-width: 2560px; --smush-placeholder-aspect-ratio: 2560\/1441;\" \/><\/figure>\n<\/div>\n\n\n\n<div class=\"wp-block-column is-layout-flow wp-block-column-is-layout-flow\">\n<figure class=\"wp-block-image size-large\"><img decoding=\"async\" width=\"2560\" height=\"1439\" data-src=\"https:\/\/tuguia.combarranquilla.co\/Revista\/wp-content\/uploads\/2026\/01\/climate-change-concept-collage-edited-scaled.jpg\" alt=\"\" class=\"wp-image-8603 lazyload\" data-srcset=\"https:\/\/tuguia.combarranquilla.co\/Revista\/wp-content\/uploads\/2026\/01\/climate-change-concept-collage-edited-scaled.jpg 2560w, https:\/\/tuguia.combarranquilla.co\/Revista\/wp-content\/uploads\/2026\/01\/climate-change-concept-collage-edited-300x169.jpg 300w, https:\/\/tuguia.combarranquilla.co\/Revista\/wp-content\/uploads\/2026\/01\/climate-change-concept-collage-edited-1024x576.jpg 1024w, https:\/\/tuguia.combarranquilla.co\/Revista\/wp-content\/uploads\/2026\/01\/climate-change-concept-collage-edited-768x432.jpg 768w, https:\/\/tuguia.combarranquilla.co\/Revista\/wp-content\/uploads\/2026\/01\/climate-change-concept-collage-edited-1536x863.jpg 1536w, https:\/\/tuguia.combarranquilla.co\/Revista\/wp-content\/uploads\/2026\/01\/climate-change-concept-collage-edited-2048x1151.jpg 2048w\" data-sizes=\"(max-width: 2560px) 100vw, 2560px\" src=\"data:image\/svg+xml;base64,PHN2ZyB3aWR0aD0iMSIgaGVpZ2h0PSIxIiB4bWxucz0iaHR0cDovL3d3dy53My5vcmcvMjAwMC9zdmciPjwvc3ZnPg==\" style=\"--smush-placeholder-width: 2560px; --smush-placeholder-aspect-ratio: 2560\/1439;\" \/><\/figure>\n<\/div>\n<\/div>\n\n\n\n<h2 class=\"wp-block-heading has-medium-font-size\"><strong>\u00bfPor qu\u00e9 es urgente actuar?<\/strong><\/h2>\n\n\n\n<p>La necesidad de frenar este fen\u00f3meno no es una cuesti\u00f3n est\u00e9tica o meramente conservacionista; es una cuesti\u00f3n de <strong>seguridad humana y biodiversidad<\/strong>. De no limitar el aumento de la temperatura a 1.5 \u00b0C respecto a los niveles preindustriales, nos enfrentamos a:<\/p>\n\n\n\n<ul class=\"wp-block-list\">\n<li><strong>Inseguridad alimentaria: <\/strong>Sequ\u00edas prolongadas que destruyen cosechas.<\/li>\n\n\n\n<li><strong>P\u00e9rdida de ecosistemas:<\/strong> La extinci\u00f3n masiva de especies que no logran adaptarse al calor.<\/li>\n\n\n\n<li><strong>Salud p\u00fablica:<\/strong> Proliferaci\u00f3n de enfermedades tropicales en zonas antes templadas.<\/li>\n\n\n\n<li><strong>Desplazamientos forzados: <\/strong>Millones de &#8220;refugiados clim\u00e1ticos&#8221; huyendo de zonas inundadas o des\u00e9rticas.<\/li>\n<\/ul>\n\n\n\n<h2 class=\"wp-block-heading has-medium-font-size\"><strong>Algunas acciones para el cambio<\/strong><\/h2>\n\n\n\n<p>La lucha contra el calentamiento global requiere un enfoque multinivel. Nadie es demasiado grande para ignorar el problema, ni demasiado peque\u00f1o para no sumar.<\/p>\n\n\n\n<ul class=\"wp-block-list\">\n<li><strong>Transici\u00f3n energ\u00e9tica:<\/strong> Sustituir los combustibles f\u00f3siles (carb\u00f3n, petr\u00f3leo y gas) por energ\u00edas renovables (solar, e\u00f3lica, geot\u00e9rmica).<\/li>\n\n\n\n<li><strong>Pol\u00edticas de reforestaci\u00f3n: <\/strong>Proteger los &#8220;pulmones&#8221; del mundo como el Amazonas.<\/li>\n\n\n\n<li><strong>Econom\u00eda <\/strong>circular: Implementar leyes que obliguen a las empresas a hacerse responsables del ciclo de vida de sus productos.<\/li>\n\n\n\n<li><strong>Transporte sostenible: <\/strong>Inversi\u00f3n en trenes el\u00e9ctricos, ciclov\u00edas y zonas peatonales.<\/li>\n\n\n\n<li><strong>Gesti\u00f3n de <\/strong>residuos: Plantas de compostaje a gran escala y sistemas eficientes de reciclaje.<\/li>\n\n\n\n<li><strong>La regla de las 3R:<\/strong> Reducir el consumo, reutilizar lo que tienes y reciclar correctamente.<\/li>\n\n\n\n<li><strong>Eficiencia <\/strong>energ\u00e9tica: Usar bombillas LED, apagar dispositivos que no uses y optar por electrodom\u00e9sticos de bajo consumo.<\/li>\n\n\n\n<li><strong>Movilidad:<\/strong> Caminar, usar la bicicleta o el transporte p\u00fablico siempre que sea posible.<\/li>\n<\/ul>\n\n\n\n<p>El 28 de enero no debe ser el \u00fanico d\u00eda en que pensemos en el planeta, pero sirve como una <strong>parada necesaria para evaluar nuestro impacto<\/strong>. El calentamiento global es un desaf\u00edo sin precedentes, pero tambi\u00e9n es una oportunidad para redise\u00f1ar un mundo m\u00e1s justo, limpio y habitable. La acci\u00f3n clim\u00e1tica no es un sacrificio, es una inversi\u00f3n en nuestro futuro.<\/p>\n","protected":false},"excerpt":{"rendered":"<p>Por: Orlando M\u00e9ndez, coordinador de Planetario Combarranquilla Cada 28 de enero, el calendario ambiental marca una de sus fechas m\u00e1s cr\u00edticas: el D\u00eda Mundial de la Acci\u00f3n frente al Calentamiento Global. Tambi\u00e9n conocido como el D\u00eda Mundial por la Reducci\u00f3n de las Emisiones de CO\u2082, esta efem\u00e9ride no es solo una celebraci\u00f3n simb\u00f3lica, sino un [&hellip;]<\/p>\n","protected":false},"author":3,"featured_media":8600,"comment_status":"open","ping_status":"open","sticky":false,"template":"","format":"standard","meta":{"inline_featured_image":false,"footnotes":""},"categories":[4],"tags":[],"class_list":["post-8597","post","type-post","status-publish","format-standard","has-post-thumbnail","hentry","category-ciencia-y-cultura"],"yoast_head":"<!-- This site is optimized with the Yoast SEO plugin v27.4 - https:\/\/yoast.com\/product\/yoast-seo-wordpress\/ -->\n<title>Un llamado a la acci\u00f3n global por la supervivencia - Tu Gu\u00eda<\/title>\n<meta name=\"robots\" content=\"index, follow, max-snippet:-1, max-image-preview:large, max-video-preview:-1\" \/>\n<link rel=\"canonical\" href=\"https:\/\/tuguia.combarranquilla.co\/Revista\/un-llamado-a-la-accion-global-por-la-supervivencia\/\" \/>\n<meta property=\"og:locale\" content=\"es_ES\" \/>\n<meta property=\"og:type\" content=\"article\" \/>\n<meta property=\"og:title\" content=\"Un llamado a la acci\u00f3n global por la supervivencia - Tu Gu\u00eda\" \/>\n<meta property=\"og:description\" content=\"Por: Orlando M\u00e9ndez, coordinador de Planetario Combarranquilla Cada 28 de enero, el calendario ambiental marca una de sus fechas m\u00e1s cr\u00edticas: el D\u00eda Mundial de la Acci\u00f3n frente al Calentamiento Global. Tambi\u00e9n conocido como el D\u00eda Mundial por la Reducci\u00f3n de las Emisiones de CO\u2082, esta efem\u00e9ride no es solo una celebraci\u00f3n simb\u00f3lica, sino un [&hellip;]\" \/>\n<meta property=\"og:url\" content=\"https:\/\/tuguia.combarranquilla.co\/Revista\/un-llamado-a-la-accion-global-por-la-supervivencia\/\" \/>\n<meta property=\"og:site_name\" content=\"Tu Gu\u00eda\" \/>\n<meta property=\"article:published_time\" content=\"2026-01-28T13:00:00+00:00\" \/>\n<meta property=\"article:modified_time\" content=\"2026-01-30T15:15:11+00:00\" \/>\n<meta property=\"og:image\" content=\"https:\/\/tuguia.combarranquilla.co\/Revista\/wp-content\/uploads\/2026\/01\/Revista-Combarranquilla-1-5-scaled.jpg\" \/>\n\t<meta property=\"og:image:width\" content=\"2560\" \/>\n\t<meta property=\"og:image:height\" content=\"1280\" \/>\n\t<meta property=\"og:image:type\" content=\"image\/jpeg\" \/>\n<meta name=\"author\" content=\"Planetario Combarranquilla\" \/>\n<meta name=\"twitter:card\" content=\"summary_large_image\" \/>\n<meta name=\"twitter:label1\" content=\"Escrito por\" \/>\n\t<meta name=\"twitter:data1\" content=\"Planetario Combarranquilla\" \/>\n\t<meta name=\"twitter:label2\" content=\"Tiempo de lectura\" \/>\n\t<meta name=\"twitter:data2\" content=\"1 minuto\" \/>\n<script type=\"application\/ld+json\" class=\"yoast-schema-graph\">{\"@context\":\"https:\\\/\\\/schema.org\",\"@graph\":[{\"@type\":\"Article\",\"@id\":\"https:\\\/\\\/tuguia.combarranquilla.co\\\/Revista\\\/un-llamado-a-la-accion-global-por-la-supervivencia\\\/#article\",\"isPartOf\":{\"@id\":\"https:\\\/\\\/tuguia.combarranquilla.co\\\/Revista\\\/un-llamado-a-la-accion-global-por-la-supervivencia\\\/\"},\"author\":{\"name\":\"Planetario Combarranquilla\",\"@id\":\"https:\\\/\\\/tuguia.combarranquilla.co\\\/Revista\\\/#\\\/schema\\\/person\\\/dfacca4b8219e57377c45d1e37a9cc8d\"},\"headline\":\"Un llamado a la acci\u00f3n global por la supervivencia\",\"datePublished\":\"2026-01-28T13:00:00+00:00\",\"dateModified\":\"2026-01-30T15:15:11+00:00\",\"mainEntityOfPage\":{\"@id\":\"https:\\\/\\\/tuguia.combarranquilla.co\\\/Revista\\\/un-llamado-a-la-accion-global-por-la-supervivencia\\\/\"},\"wordCount\":746,\"commentCount\":0,\"publisher\":{\"@id\":\"https:\\\/\\\/tuguia.combarranquilla.co\\\/Revista\\\/#organization\"},\"image\":{\"@id\":\"https:\\\/\\\/tuguia.combarranquilla.co\\\/Revista\\\/un-llamado-a-la-accion-global-por-la-supervivencia\\\/#primaryimage\"},\"thumbnailUrl\":\"https:\\\/\\\/tuguia.combarranquilla.co\\\/Revista\\\/wp-content\\\/uploads\\\/2026\\\/01\\\/Revista-Combarranquilla-1-5-scaled.jpg\",\"articleSection\":[\"CIENCIA Y CULTURA\"],\"inLanguage\":\"es-CO\",\"potentialAction\":[{\"@type\":\"CommentAction\",\"name\":\"Comment\",\"target\":[\"https:\\\/\\\/tuguia.combarranquilla.co\\\/Revista\\\/un-llamado-a-la-accion-global-por-la-supervivencia\\\/#respond\"]}]},{\"@type\":\"WebPage\",\"@id\":\"https:\\\/\\\/tuguia.combarranquilla.co\\\/Revista\\\/un-llamado-a-la-accion-global-por-la-supervivencia\\\/\",\"url\":\"https:\\\/\\\/tuguia.combarranquilla.co\\\/Revista\\\/un-llamado-a-la-accion-global-por-la-supervivencia\\\/\",\"name\":\"Un llamado a la acci\u00f3n global por la supervivencia - Tu Gu\u00eda\",\"isPartOf\":{\"@id\":\"https:\\\/\\\/tuguia.combarranquilla.co\\\/Revista\\\/#website\"},\"primaryImageOfPage\":{\"@id\":\"https:\\\/\\\/tuguia.combarranquilla.co\\\/Revista\\\/un-llamado-a-la-accion-global-por-la-supervivencia\\\/#primaryimage\"},\"image\":{\"@id\":\"https:\\\/\\\/tuguia.combarranquilla.co\\\/Revista\\\/un-llamado-a-la-accion-global-por-la-supervivencia\\\/#primaryimage\"},\"thumbnailUrl\":\"https:\\\/\\\/tuguia.combarranquilla.co\\\/Revista\\\/wp-content\\\/uploads\\\/2026\\\/01\\\/Revista-Combarranquilla-1-5-scaled.jpg\",\"datePublished\":\"2026-01-28T13:00:00+00:00\",\"dateModified\":\"2026-01-30T15:15:11+00:00\",\"breadcrumb\":{\"@id\":\"https:\\\/\\\/tuguia.combarranquilla.co\\\/Revista\\\/un-llamado-a-la-accion-global-por-la-supervivencia\\\/#breadcrumb\"},\"inLanguage\":\"es-CO\",\"potentialAction\":[{\"@type\":\"ReadAction\",\"target\":[\"https:\\\/\\\/tuguia.combarranquilla.co\\\/Revista\\\/un-llamado-a-la-accion-global-por-la-supervivencia\\\/\"]}]},{\"@type\":\"ImageObject\",\"inLanguage\":\"es-CO\",\"@id\":\"https:\\\/\\\/tuguia.combarranquilla.co\\\/Revista\\\/un-llamado-a-la-accion-global-por-la-supervivencia\\\/#primaryimage\",\"url\":\"https:\\\/\\\/tuguia.combarranquilla.co\\\/Revista\\\/wp-content\\\/uploads\\\/2026\\\/01\\\/Revista-Combarranquilla-1-5-scaled.jpg\",\"contentUrl\":\"https:\\\/\\\/tuguia.combarranquilla.co\\\/Revista\\\/wp-content\\\/uploads\\\/2026\\\/01\\\/Revista-Combarranquilla-1-5-scaled.jpg\",\"width\":2560,\"height\":1280},{\"@type\":\"BreadcrumbList\",\"@id\":\"https:\\\/\\\/tuguia.combarranquilla.co\\\/Revista\\\/un-llamado-a-la-accion-global-por-la-supervivencia\\\/#breadcrumb\",\"itemListElement\":[{\"@type\":\"ListItem\",\"position\":1,\"name\":\"Inicio\",\"item\":\"https:\\\/\\\/tuguia.combarranquilla.co\\\/Revista\\\/\"},{\"@type\":\"ListItem\",\"position\":2,\"name\":\"Un llamado a la acci\u00f3n global por la supervivencia\"}]},{\"@type\":\"WebSite\",\"@id\":\"https:\\\/\\\/tuguia.combarranquilla.co\\\/Revista\\\/#website\",\"url\":\"https:\\\/\\\/tuguia.combarranquilla.co\\\/Revista\\\/\",\"name\":\"Tu Gu\u00eda\",\"description\":\"La revista donde lo tienes todo.\",\"publisher\":{\"@id\":\"https:\\\/\\\/tuguia.combarranquilla.co\\\/Revista\\\/#organization\"},\"alternateName\":\"Tu Gu\u00eda Combarranquilla\",\"potentialAction\":[{\"@type\":\"SearchAction\",\"target\":{\"@type\":\"EntryPoint\",\"urlTemplate\":\"https:\\\/\\\/tuguia.combarranquilla.co\\\/Revista\\\/?s={search_term_string}\"},\"query-input\":{\"@type\":\"PropertyValueSpecification\",\"valueRequired\":true,\"valueName\":\"search_term_string\"}}],\"inLanguage\":\"es-CO\"},{\"@type\":\"Organization\",\"@id\":\"https:\\\/\\\/tuguia.combarranquilla.co\\\/Revista\\\/#organization\",\"name\":\"Tu Gu\u00eda Combarranquilla\",\"url\":\"https:\\\/\\\/tuguia.combarranquilla.co\\\/Revista\\\/\",\"logo\":{\"@type\":\"ImageObject\",\"inLanguage\":\"es-CO\",\"@id\":\"https:\\\/\\\/tuguia.combarranquilla.co\\\/Revista\\\/#\\\/schema\\\/logo\\\/image\\\/\",\"url\":\"https:\\\/\\\/tuguia.combarranquilla.co\\\/Revista\\\/wp-content\\\/uploads\\\/2022\\\/02\\\/logo-guia-combarranquilla.svg\",\"contentUrl\":\"https:\\\/\\\/tuguia.combarranquilla.co\\\/Revista\\\/wp-content\\\/uploads\\\/2022\\\/02\\\/logo-guia-combarranquilla.svg\",\"caption\":\"Tu Gu\u00eda Combarranquilla\"},\"image\":{\"@id\":\"https:\\\/\\\/tuguia.combarranquilla.co\\\/Revista\\\/#\\\/schema\\\/logo\\\/image\\\/\"}},{\"@type\":\"Person\",\"@id\":\"https:\\\/\\\/tuguia.combarranquilla.co\\\/Revista\\\/#\\\/schema\\\/person\\\/dfacca4b8219e57377c45d1e37a9cc8d\",\"name\":\"Planetario Combarranquilla\",\"image\":{\"@type\":\"ImageObject\",\"inLanguage\":\"es-CO\",\"@id\":\"https:\\\/\\\/tuguia.combarranquilla.co\\\/Revista\\\/wp-content\\\/uploads\\\/2025\\\/03\\\/cropped-1@3x-96x96.png\",\"url\":\"https:\\\/\\\/tuguia.combarranquilla.co\\\/Revista\\\/wp-content\\\/uploads\\\/2025\\\/03\\\/cropped-1@3x-96x96.png\",\"contentUrl\":\"https:\\\/\\\/tuguia.combarranquilla.co\\\/Revista\\\/wp-content\\\/uploads\\\/2025\\\/03\\\/cropped-1@3x-96x96.png\",\"caption\":\"Planetario Combarranquilla\"},\"url\":\"https:\\\/\\\/tuguia.combarranquilla.co\\\/Revista\\\/author\\\/planetario\\\/\"}]}<\/script>\n<!-- \/ Yoast SEO plugin. -->","yoast_head_json":{"title":"Un llamado a la acci\u00f3n global por la supervivencia - Tu Gu\u00eda","robots":{"index":"index","follow":"follow","max-snippet":"max-snippet:-1","max-image-preview":"max-image-preview:large","max-video-preview":"max-video-preview:-1"},"canonical":"https:\/\/tuguia.combarranquilla.co\/Revista\/un-llamado-a-la-accion-global-por-la-supervivencia\/","og_locale":"es_ES","og_type":"article","og_title":"Un llamado a la acci\u00f3n global por la supervivencia - Tu Gu\u00eda","og_description":"Por: Orlando M\u00e9ndez, coordinador de Planetario Combarranquilla Cada 28 de enero, el calendario ambiental marca una de sus fechas m\u00e1s cr\u00edticas: el D\u00eda Mundial de la Acci\u00f3n frente al Calentamiento Global. Tambi\u00e9n conocido como el D\u00eda Mundial por la Reducci\u00f3n de las Emisiones de CO\u2082, esta efem\u00e9ride no es solo una celebraci\u00f3n simb\u00f3lica, sino un [&hellip;]","og_url":"https:\/\/tuguia.combarranquilla.co\/Revista\/un-llamado-a-la-accion-global-por-la-supervivencia\/","og_site_name":"Tu Gu\u00eda","article_published_time":"2026-01-28T13:00:00+00:00","article_modified_time":"2026-01-30T15:15:11+00:00","og_image":[{"width":2560,"height":1280,"url":"https:\/\/tuguia.combarranquilla.co\/Revista\/wp-content\/uploads\/2026\/01\/Revista-Combarranquilla-1-5-scaled.jpg","type":"image\/jpeg"}],"author":"Planetario Combarranquilla","twitter_card":"summary_large_image","twitter_misc":{"Escrito por":"Planetario Combarranquilla","Tiempo de lectura":"1 minuto"},"schema":{"@context":"https:\/\/schema.org","@graph":[{"@type":"Article","@id":"https:\/\/tuguia.combarranquilla.co\/Revista\/un-llamado-a-la-accion-global-por-la-supervivencia\/#article","isPartOf":{"@id":"https:\/\/tuguia.combarranquilla.co\/Revista\/un-llamado-a-la-accion-global-por-la-supervivencia\/"},"author":{"name":"Planetario Combarranquilla","@id":"https:\/\/tuguia.combarranquilla.co\/Revista\/#\/schema\/person\/dfacca4b8219e57377c45d1e37a9cc8d"},"headline":"Un llamado a la acci\u00f3n global por la supervivencia","datePublished":"2026-01-28T13:00:00+00:00","dateModified":"2026-01-30T15:15:11+00:00","mainEntityOfPage":{"@id":"https:\/\/tuguia.combarranquilla.co\/Revista\/un-llamado-a-la-accion-global-por-la-supervivencia\/"},"wordCount":746,"commentCount":0,"publisher":{"@id":"https:\/\/tuguia.combarranquilla.co\/Revista\/#organization"},"image":{"@id":"https:\/\/tuguia.combarranquilla.co\/Revista\/un-llamado-a-la-accion-global-por-la-supervivencia\/#primaryimage"},"thumbnailUrl":"https:\/\/tuguia.combarranquilla.co\/Revista\/wp-content\/uploads\/2026\/01\/Revista-Combarranquilla-1-5-scaled.jpg","articleSection":["CIENCIA Y CULTURA"],"inLanguage":"es-CO","potentialAction":[{"@type":"CommentAction","name":"Comment","target":["https:\/\/tuguia.combarranquilla.co\/Revista\/un-llamado-a-la-accion-global-por-la-supervivencia\/#respond"]}]},{"@type":"WebPage","@id":"https:\/\/tuguia.combarranquilla.co\/Revista\/un-llamado-a-la-accion-global-por-la-supervivencia\/","url":"https:\/\/tuguia.combarranquilla.co\/Revista\/un-llamado-a-la-accion-global-por-la-supervivencia\/","name":"Un llamado a la acci\u00f3n global por la supervivencia - Tu Gu\u00eda","isPartOf":{"@id":"https:\/\/tuguia.combarranquilla.co\/Revista\/#website"},"primaryImageOfPage":{"@id":"https:\/\/tuguia.combarranquilla.co\/Revista\/un-llamado-a-la-accion-global-por-la-supervivencia\/#primaryimage"},"image":{"@id":"https:\/\/tuguia.combarranquilla.co\/Revista\/un-llamado-a-la-accion-global-por-la-supervivencia\/#primaryimage"},"thumbnailUrl":"https:\/\/tuguia.combarranquilla.co\/Revista\/wp-content\/uploads\/2026\/01\/Revista-Combarranquilla-1-5-scaled.jpg","datePublished":"2026-01-28T13:00:00+00:00","dateModified":"2026-01-30T15:15:11+00:00","breadcrumb":{"@id":"https:\/\/tuguia.combarranquilla.co\/Revista\/un-llamado-a-la-accion-global-por-la-supervivencia\/#breadcrumb"},"inLanguage":"es-CO","potentialAction":[{"@type":"ReadAction","target":["https:\/\/tuguia.combarranquilla.co\/Revista\/un-llamado-a-la-accion-global-por-la-supervivencia\/"]}]},{"@type":"ImageObject","inLanguage":"es-CO","@id":"https:\/\/tuguia.combarranquilla.co\/Revista\/un-llamado-a-la-accion-global-por-la-supervivencia\/#primaryimage","url":"https:\/\/tuguia.combarranquilla.co\/Revista\/wp-content\/uploads\/2026\/01\/Revista-Combarranquilla-1-5-scaled.jpg","contentUrl":"https:\/\/tuguia.combarranquilla.co\/Revista\/wp-content\/uploads\/2026\/01\/Revista-Combarranquilla-1-5-scaled.jpg","width":2560,"height":1280},{"@type":"BreadcrumbList","@id":"https:\/\/tuguia.combarranquilla.co\/Revista\/un-llamado-a-la-accion-global-por-la-supervivencia\/#breadcrumb","itemListElement":[{"@type":"ListItem","position":1,"name":"Inicio","item":"https:\/\/tuguia.combarranquilla.co\/Revista\/"},{"@type":"ListItem","position":2,"name":"Un llamado a la acci\u00f3n global por la supervivencia"}]},{"@type":"WebSite","@id":"https:\/\/tuguia.combarranquilla.co\/Revista\/#website","url":"https:\/\/tuguia.combarranquilla.co\/Revista\/","name":"Tu Gu\u00eda","description":"La revista donde lo tienes todo.","publisher":{"@id":"https:\/\/tuguia.combarranquilla.co\/Revista\/#organization"},"alternateName":"Tu Gu\u00eda Combarranquilla","potentialAction":[{"@type":"SearchAction","target":{"@type":"EntryPoint","urlTemplate":"https:\/\/tuguia.combarranquilla.co\/Revista\/?s={search_term_string}"},"query-input":{"@type":"PropertyValueSpecification","valueRequired":true,"valueName":"search_term_string"}}],"inLanguage":"es-CO"},{"@type":"Organization","@id":"https:\/\/tuguia.combarranquilla.co\/Revista\/#organization","name":"Tu Gu\u00eda Combarranquilla","url":"https:\/\/tuguia.combarranquilla.co\/Revista\/","logo":{"@type":"ImageObject","inLanguage":"es-CO","@id":"https:\/\/tuguia.combarranquilla.co\/Revista\/#\/schema\/logo\/image\/","url":"https:\/\/tuguia.combarranquilla.co\/Revista\/wp-content\/uploads\/2022\/02\/logo-guia-combarranquilla.svg","contentUrl":"https:\/\/tuguia.combarranquilla.co\/Revista\/wp-content\/uploads\/2022\/02\/logo-guia-combarranquilla.svg","caption":"Tu Gu\u00eda Combarranquilla"},"image":{"@id":"https:\/\/tuguia.combarranquilla.co\/Revista\/#\/schema\/logo\/image\/"}},{"@type":"Person","@id":"https:\/\/tuguia.combarranquilla.co\/Revista\/#\/schema\/person\/dfacca4b8219e57377c45d1e37a9cc8d","name":"Planetario Combarranquilla","image":{"@type":"ImageObject","inLanguage":"es-CO","@id":"https:\/\/tuguia.combarranquilla.co\/Revista\/wp-content\/uploads\/2025\/03\/cropped-1@3x-96x96.png","url":"https:\/\/tuguia.combarranquilla.co\/Revista\/wp-content\/uploads\/2025\/03\/cropped-1@3x-96x96.png","contentUrl":"https:\/\/tuguia.combarranquilla.co\/Revista\/wp-content\/uploads\/2025\/03\/cropped-1@3x-96x96.png","caption":"Planetario Combarranquilla"},"url":"https:\/\/tuguia.combarranquilla.co\/Revista\/author\/planetario\/"}]}},"_links":{"self":[{"href":"https:\/\/tuguia.combarranquilla.co\/Revista\/wp-json\/wp\/v2\/posts\/8597","targetHints":{"allow":["GET"]}}],"collection":[{"href":"https:\/\/tuguia.combarranquilla.co\/Revista\/wp-json\/wp\/v2\/posts"}],"about":[{"href":"https:\/\/tuguia.combarranquilla.co\/Revista\/wp-json\/wp\/v2\/types\/post"}],"author":[{"embeddable":true,"href":"https:\/\/tuguia.combarranquilla.co\/Revista\/wp-json\/wp\/v2\/users\/3"}],"replies":[{"embeddable":true,"href":"https:\/\/tuguia.combarranquilla.co\/Revista\/wp-json\/wp\/v2\/comments?post=8597"}],"version-history":[{"count":6,"href":"https:\/\/tuguia.combarranquilla.co\/Revista\/wp-json\/wp\/v2\/posts\/8597\/revisions"}],"predecessor-version":[{"id":8683,"href":"https:\/\/tuguia.combarranquilla.co\/Revista\/wp-json\/wp\/v2\/posts\/8597\/revisions\/8683"}],"wp:featuredmedia":[{"embeddable":true,"href":"https:\/\/tuguia.combarranquilla.co\/Revista\/wp-json\/wp\/v2\/media\/8600"}],"wp:attachment":[{"href":"https:\/\/tuguia.combarranquilla.co\/Revista\/wp-json\/wp\/v2\/media?parent=8597"}],"wp:term":[{"taxonomy":"category","embeddable":true,"href":"https:\/\/tuguia.combarranquilla.co\/Revista\/wp-json\/wp\/v2\/categories?post=8597"},{"taxonomy":"post_tag","embeddable":true,"href":"https:\/\/tuguia.combarranquilla.co\/Revista\/wp-json\/wp\/v2\/tags?post=8597"}],"curies":[{"name":"wp","href":"https:\/\/api.w.org\/{rel}","templated":true}]}}