{"id":8614,"date":"2026-02-01T08:26:00","date_gmt":"2026-02-01T13:26:00","guid":{"rendered":"https:\/\/tuguia.combarranquilla.co\/Revista\/?p=8614"},"modified":"2026-02-02T07:55:37","modified_gmt":"2026-02-02T12:55:37","slug":"mujeres-que-transformar-vidas-salwa-maloof-es-elegida-mujer-cafam-atlantico","status":"publish","type":"post","link":"https:\/\/tuguia.combarranquilla.co\/Revista\/mujeres-que-transformar-vidas-salwa-maloof-es-elegida-mujer-cafam-atlantico\/","title":{"rendered":"Mujeres que transforman vidas: Salwa Maloof es elegida Mujer Cafam Atl\u00e1ntico"},"content":{"rendered":"\n<p>Durante m\u00e1s de 36 a\u00f1os, Colombia ha sido testigo de la labor de mujeres valientes que transforman comunidades enteras. En este contexto, el Premio Cafam a la Mujer se ha consolidado como el escenario donde se reconoce el liderazgo femenino. Este a\u00f1o, en su edici\u00f3n n\u00famero 37, la distinci\u00f3n rinde homenaje a las Mujeres Llenas de Vida, quienes con determinaci\u00f3n impulsan el progreso en sus territorios.<\/p>\n\n\n\n<p>Entre las historias que hoy inspiran al departamento del Atl\u00e1ntico, se encuentra la de Salwa Maloof Habib, una joven de 24 a\u00f1os, profesional en Relaciones Internacionales, cuya mirada humana la llev\u00f3 a fundar FULAMIC en 2016. Su iniciativa se dedica a acompa\u00f1ar familias en situaci\u00f3n de vulnerabilidad, especialmente aquellas que necesitan apoyo para el tratamiento de enfermedades de alto costo. Gracias a este proyecto, Maloof fue escogida Mujer Cafam Atl\u00e1ntico el pasado 21 de enero.<\/p>\n\n\n\n<p>Bajo el liderazgo de Maloof, FULAMIC ha cubierto las necesidades de m\u00e1s de 4.000 beneficiarios, cifra que demuestra c\u00f3mo la buena articulaci\u00f3n de la acci\u00f3n social va m\u00e1s all\u00e1 de las palabras. &#8220;Para FULAMIC y para m\u00ed, este reconocimiento representa un camino lleno de esperanza, amor y pasi\u00f3n; y creo que es el resultado de tantos a\u00f1os de esfuerzo, dedicaci\u00f3n,\u00a0convicci\u00f3n y del poder de la\u00a0transformaci\u00f3n\u00a0social&#8221;, coment\u00f3 Maloof durante la premiaci\u00f3n.<\/p>\n\n\n\n<div class=\"wp-block-columns is-layout-flex wp-container-core-columns-is-layout-9d6595d7 wp-block-columns-is-layout-flex\">\n<div class=\"wp-block-column is-layout-flow wp-block-column-is-layout-flow\">\n<figure class=\"wp-block-image size-large\"><img decoding=\"async\" width=\"2558\" height=\"2560\" data-src=\"https:\/\/tuguia.combarranquilla.co\/Revista\/wp-content\/uploads\/2026\/01\/WhatsApp-Image-2026-01-27-at-3.30.30-PM-edited-scaled.jpeg\" alt=\"\" class=\"wp-image-8629 lazyload\" data-srcset=\"https:\/\/tuguia.combarranquilla.co\/Revista\/wp-content\/uploads\/2026\/01\/WhatsApp-Image-2026-01-27-at-3.30.30-PM-edited-scaled.jpeg 2558w, https:\/\/tuguia.combarranquilla.co\/Revista\/wp-content\/uploads\/2026\/01\/WhatsApp-Image-2026-01-27-at-3.30.30-PM-edited-300x300.jpeg 300w, https:\/\/tuguia.combarranquilla.co\/Revista\/wp-content\/uploads\/2026\/01\/WhatsApp-Image-2026-01-27-at-3.30.30-PM-edited-1024x1024.jpeg 1024w, https:\/\/tuguia.combarranquilla.co\/Revista\/wp-content\/uploads\/2026\/01\/WhatsApp-Image-2026-01-27-at-3.30.30-PM-edited-150x150.jpeg 150w, https:\/\/tuguia.combarranquilla.co\/Revista\/wp-content\/uploads\/2026\/01\/WhatsApp-Image-2026-01-27-at-3.30.30-PM-edited-768x769.jpeg 768w, https:\/\/tuguia.combarranquilla.co\/Revista\/wp-content\/uploads\/2026\/01\/WhatsApp-Image-2026-01-27-at-3.30.30-PM-edited-1536x1536.jpeg 1536w\" data-sizes=\"(max-width: 2558px) 100vw, 2558px\" src=\"data:image\/svg+xml;base64,PHN2ZyB3aWR0aD0iMSIgaGVpZ2h0PSIxIiB4bWxucz0iaHR0cDovL3d3dy53My5vcmcvMjAwMC9zdmciPjwvc3ZnPg==\" style=\"--smush-placeholder-width: 2558px; --smush-placeholder-aspect-ratio: 2558\/2560;\" \/><\/figure>\n<\/div>\n\n\n\n<div class=\"wp-block-column is-layout-flow wp-block-column-is-layout-flow\">\n<figure class=\"wp-block-image size-large\"><img decoding=\"async\" width=\"854\" height=\"854\" data-src=\"https:\/\/tuguia.combarranquilla.co\/Revista\/wp-content\/uploads\/2026\/01\/WhatsApp-Image-2026-01-27-at-3.30.30-PM-2-edited-1.jpeg\" alt=\"\" class=\"wp-image-8631 lazyload\" data-srcset=\"https:\/\/tuguia.combarranquilla.co\/Revista\/wp-content\/uploads\/2026\/01\/WhatsApp-Image-2026-01-27-at-3.30.30-PM-2-edited-1.jpeg 854w, https:\/\/tuguia.combarranquilla.co\/Revista\/wp-content\/uploads\/2026\/01\/WhatsApp-Image-2026-01-27-at-3.30.30-PM-2-edited-1-300x300.jpeg 300w, https:\/\/tuguia.combarranquilla.co\/Revista\/wp-content\/uploads\/2026\/01\/WhatsApp-Image-2026-01-27-at-3.30.30-PM-2-edited-1-150x150.jpeg 150w, https:\/\/tuguia.combarranquilla.co\/Revista\/wp-content\/uploads\/2026\/01\/WhatsApp-Image-2026-01-27-at-3.30.30-PM-2-edited-1-768x768.jpeg 768w\" data-sizes=\"(max-width: 854px) 100vw, 854px\" src=\"data:image\/svg+xml;base64,PHN2ZyB3aWR0aD0iMSIgaGVpZ2h0PSIxIiB4bWxucz0iaHR0cDovL3d3dy53My5vcmcvMjAwMC9zdmciPjwvc3ZnPg==\" style=\"--smush-placeholder-width: 854px; --smush-placeholder-aspect-ratio: 854\/854;\" \/><\/figure>\n<\/div>\n<\/div>\n\n\n\n<p>Este logro no celebra sue\u00f1os individuales, sino que abraza el compromiso social de mujeres que buscan generar cambios sostenibles y construir un pa\u00eds equitativo. La gala nacional del Premio Cafam a la Mujer se celebrar\u00e1 el 5 de marzo de 2026 en el Teatro Cafam de Bogot\u00e1. Maloof har\u00e1 parte de esta ceremonia en representaci\u00f3n del departamento del Atl\u00e1ntico.<\/p>\n","protected":false},"excerpt":{"rendered":"<p>Durante m\u00e1s de 36 a\u00f1os, Colombia ha sido testigo de la labor de mujeres valientes que transforman comunidades enteras. En este contexto, el Premio Cafam a la Mujer se ha consolidado como el escenario donde se reconoce el liderazgo femenino. Este a\u00f1o, en su edici\u00f3n n\u00famero 37, la distinci\u00f3n rinde homenaje a las Mujeres Llenas [&hellip;]<\/p>\n","protected":false},"author":2,"featured_media":8620,"comment_status":"open","ping_status":"open","sticky":false,"template":"","format":"standard","meta":{"inline_featured_image":false,"footnotes":""},"categories":[7],"tags":[],"class_list":["post-8614","post","type-post","status-publish","format-standard","has-post-thumbnail","hentry","category-familia-combarranquilla"],"yoast_head":"<!-- This site is optimized with the Yoast SEO plugin v27.4 - https:\/\/yoast.com\/product\/yoast-seo-wordpress\/ -->\n<title>Mujeres que transforman vidas: Salwa Maloof es elegida Mujer Cafam Atl\u00e1ntico - Tu Gu\u00eda<\/title>\n<meta name=\"robots\" content=\"index, follow, max-snippet:-1, max-image-preview:large, max-video-preview:-1\" \/>\n<link rel=\"canonical\" href=\"https:\/\/tuguia.combarranquilla.co\/Revista\/mujeres-que-transformar-vidas-salwa-maloof-es-elegida-mujer-cafam-atlantico\/\" \/>\n<meta property=\"og:locale\" content=\"es_ES\" \/>\n<meta property=\"og:type\" content=\"article\" \/>\n<meta property=\"og:title\" content=\"Mujeres que transforman vidas: Salwa Maloof es elegida Mujer Cafam Atl\u00e1ntico - Tu Gu\u00eda\" \/>\n<meta property=\"og:description\" content=\"Durante m\u00e1s de 36 a\u00f1os, Colombia ha sido testigo de la labor de mujeres valientes que transforman comunidades enteras. En este contexto, el Premio Cafam a la Mujer se ha consolidado como el escenario donde se reconoce el liderazgo femenino. Este a\u00f1o, en su edici\u00f3n n\u00famero 37, la distinci\u00f3n rinde homenaje a las Mujeres Llenas [&hellip;]\" \/>\n<meta property=\"og:url\" content=\"https:\/\/tuguia.combarranquilla.co\/Revista\/mujeres-que-transformar-vidas-salwa-maloof-es-elegida-mujer-cafam-atlantico\/\" \/>\n<meta property=\"og:site_name\" content=\"Tu Gu\u00eda\" \/>\n<meta property=\"article:published_time\" content=\"2026-02-01T13:26:00+00:00\" \/>\n<meta property=\"article:modified_time\" content=\"2026-02-02T12:55:37+00:00\" \/>\n<meta property=\"og:image\" content=\"https:\/\/tuguia.combarranquilla.co\/Revista\/wp-content\/uploads\/2026\/01\/Revista-Combarranquilla-1-6-scaled.jpg\" \/>\n\t<meta property=\"og:image:width\" content=\"2560\" \/>\n\t<meta property=\"og:image:height\" content=\"1280\" \/>\n\t<meta property=\"og:image:type\" content=\"image\/jpeg\" \/>\n<meta name=\"author\" content=\"Comunicaciones Combarranquilla\" \/>\n<meta name=\"twitter:card\" content=\"summary_large_image\" \/>\n<meta name=\"twitter:label1\" content=\"Escrito por\" \/>\n\t<meta name=\"twitter:data1\" content=\"Comunicaciones Combarranquilla\" \/>\n\t<meta name=\"twitter:label2\" content=\"Tiempo de lectura\" \/>\n\t<meta name=\"twitter:data2\" content=\"2 minutos\" \/>\n<script type=\"application\/ld+json\" class=\"yoast-schema-graph\">{\"@context\":\"https:\\\/\\\/schema.org\",\"@graph\":[{\"@type\":\"Article\",\"@id\":\"https:\\\/\\\/tuguia.combarranquilla.co\\\/Revista\\\/mujeres-que-transformar-vidas-salwa-maloof-es-elegida-mujer-cafam-atlantico\\\/#article\",\"isPartOf\":{\"@id\":\"https:\\\/\\\/tuguia.combarranquilla.co\\\/Revista\\\/mujeres-que-transformar-vidas-salwa-maloof-es-elegida-mujer-cafam-atlantico\\\/\"},\"author\":{\"name\":\"Comunicaciones Combarranquilla\",\"@id\":\"https:\\\/\\\/tuguia.combarranquilla.co\\\/Revista\\\/#\\\/schema\\\/person\\\/c2c396a77170bd1d5f8ba73294eb0d10\"},\"headline\":\"Mujeres que transforman vidas: Salwa Maloof es elegida Mujer Cafam Atl\u00e1ntico\",\"datePublished\":\"2026-02-01T13:26:00+00:00\",\"dateModified\":\"2026-02-02T12:55:37+00:00\",\"mainEntityOfPage\":{\"@id\":\"https:\\\/\\\/tuguia.combarranquilla.co\\\/Revista\\\/mujeres-que-transformar-vidas-salwa-maloof-es-elegida-mujer-cafam-atlantico\\\/\"},\"wordCount\":304,\"commentCount\":0,\"publisher\":{\"@id\":\"https:\\\/\\\/tuguia.combarranquilla.co\\\/Revista\\\/#organization\"},\"image\":{\"@id\":\"https:\\\/\\\/tuguia.combarranquilla.co\\\/Revista\\\/mujeres-que-transformar-vidas-salwa-maloof-es-elegida-mujer-cafam-atlantico\\\/#primaryimage\"},\"thumbnailUrl\":\"https:\\\/\\\/tuguia.combarranquilla.co\\\/Revista\\\/wp-content\\\/uploads\\\/2026\\\/01\\\/Revista-Combarranquilla-1-6-scaled.jpg\",\"articleSection\":[\"FAMILIA COMBARRANQUILLA\"],\"inLanguage\":\"es-CO\",\"potentialAction\":[{\"@type\":\"CommentAction\",\"name\":\"Comment\",\"target\":[\"https:\\\/\\\/tuguia.combarranquilla.co\\\/Revista\\\/mujeres-que-transformar-vidas-salwa-maloof-es-elegida-mujer-cafam-atlantico\\\/#respond\"]}]},{\"@type\":\"WebPage\",\"@id\":\"https:\\\/\\\/tuguia.combarranquilla.co\\\/Revista\\\/mujeres-que-transformar-vidas-salwa-maloof-es-elegida-mujer-cafam-atlantico\\\/\",\"url\":\"https:\\\/\\\/tuguia.combarranquilla.co\\\/Revista\\\/mujeres-que-transformar-vidas-salwa-maloof-es-elegida-mujer-cafam-atlantico\\\/\",\"name\":\"Mujeres que transforman vidas: Salwa Maloof es elegida Mujer Cafam Atl\u00e1ntico - Tu Gu\u00eda\",\"isPartOf\":{\"@id\":\"https:\\\/\\\/tuguia.combarranquilla.co\\\/Revista\\\/#website\"},\"primaryImageOfPage\":{\"@id\":\"https:\\\/\\\/tuguia.combarranquilla.co\\\/Revista\\\/mujeres-que-transformar-vidas-salwa-maloof-es-elegida-mujer-cafam-atlantico\\\/#primaryimage\"},\"image\":{\"@id\":\"https:\\\/\\\/tuguia.combarranquilla.co\\\/Revista\\\/mujeres-que-transformar-vidas-salwa-maloof-es-elegida-mujer-cafam-atlantico\\\/#primaryimage\"},\"thumbnailUrl\":\"https:\\\/\\\/tuguia.combarranquilla.co\\\/Revista\\\/wp-content\\\/uploads\\\/2026\\\/01\\\/Revista-Combarranquilla-1-6-scaled.jpg\",\"datePublished\":\"2026-02-01T13:26:00+00:00\",\"dateModified\":\"2026-02-02T12:55:37+00:00\",\"breadcrumb\":{\"@id\":\"https:\\\/\\\/tuguia.combarranquilla.co\\\/Revista\\\/mujeres-que-transformar-vidas-salwa-maloof-es-elegida-mujer-cafam-atlantico\\\/#breadcrumb\"},\"inLanguage\":\"es-CO\",\"potentialAction\":[{\"@type\":\"ReadAction\",\"target\":[\"https:\\\/\\\/tuguia.combarranquilla.co\\\/Revista\\\/mujeres-que-transformar-vidas-salwa-maloof-es-elegida-mujer-cafam-atlantico\\\/\"]}]},{\"@type\":\"ImageObject\",\"inLanguage\":\"es-CO\",\"@id\":\"https:\\\/\\\/tuguia.combarranquilla.co\\\/Revista\\\/mujeres-que-transformar-vidas-salwa-maloof-es-elegida-mujer-cafam-atlantico\\\/#primaryimage\",\"url\":\"https:\\\/\\\/tuguia.combarranquilla.co\\\/Revista\\\/wp-content\\\/uploads\\\/2026\\\/01\\\/Revista-Combarranquilla-1-6-scaled.jpg\",\"contentUrl\":\"https:\\\/\\\/tuguia.combarranquilla.co\\\/Revista\\\/wp-content\\\/uploads\\\/2026\\\/01\\\/Revista-Combarranquilla-1-6-scaled.jpg\",\"width\":2560,\"height\":1280},{\"@type\":\"BreadcrumbList\",\"@id\":\"https:\\\/\\\/tuguia.combarranquilla.co\\\/Revista\\\/mujeres-que-transformar-vidas-salwa-maloof-es-elegida-mujer-cafam-atlantico\\\/#breadcrumb\",\"itemListElement\":[{\"@type\":\"ListItem\",\"position\":1,\"name\":\"Inicio\",\"item\":\"https:\\\/\\\/tuguia.combarranquilla.co\\\/Revista\\\/\"},{\"@type\":\"ListItem\",\"position\":2,\"name\":\"Mujeres que transforman vidas: Salwa Maloof es elegida Mujer Cafam Atl\u00e1ntico\"}]},{\"@type\":\"WebSite\",\"@id\":\"https:\\\/\\\/tuguia.combarranquilla.co\\\/Revista\\\/#website\",\"url\":\"https:\\\/\\\/tuguia.combarranquilla.co\\\/Revista\\\/\",\"name\":\"Tu Gu\u00eda\",\"description\":\"La revista donde lo tienes todo.\",\"publisher\":{\"@id\":\"https:\\\/\\\/tuguia.combarranquilla.co\\\/Revista\\\/#organization\"},\"alternateName\":\"Tu Gu\u00eda Combarranquilla\",\"potentialAction\":[{\"@type\":\"SearchAction\",\"target\":{\"@type\":\"EntryPoint\",\"urlTemplate\":\"https:\\\/\\\/tuguia.combarranquilla.co\\\/Revista\\\/?s={search_term_string}\"},\"query-input\":{\"@type\":\"PropertyValueSpecification\",\"valueRequired\":true,\"valueName\":\"search_term_string\"}}],\"inLanguage\":\"es-CO\"},{\"@type\":\"Organization\",\"@id\":\"https:\\\/\\\/tuguia.combarranquilla.co\\\/Revista\\\/#organization\",\"name\":\"Tu Gu\u00eda Combarranquilla\",\"url\":\"https:\\\/\\\/tuguia.combarranquilla.co\\\/Revista\\\/\",\"logo\":{\"@type\":\"ImageObject\",\"inLanguage\":\"es-CO\",\"@id\":\"https:\\\/\\\/tuguia.combarranquilla.co\\\/Revista\\\/#\\\/schema\\\/logo\\\/image\\\/\",\"url\":\"https:\\\/\\\/tuguia.combarranquilla.co\\\/Revista\\\/wp-content\\\/uploads\\\/2022\\\/02\\\/logo-guia-combarranquilla.svg\",\"contentUrl\":\"https:\\\/\\\/tuguia.combarranquilla.co\\\/Revista\\\/wp-content\\\/uploads\\\/2022\\\/02\\\/logo-guia-combarranquilla.svg\",\"caption\":\"Tu Gu\u00eda Combarranquilla\"},\"image\":{\"@id\":\"https:\\\/\\\/tuguia.combarranquilla.co\\\/Revista\\\/#\\\/schema\\\/logo\\\/image\\\/\"}},{\"@type\":\"Person\",\"@id\":\"https:\\\/\\\/tuguia.combarranquilla.co\\\/Revista\\\/#\\\/schema\\\/person\\\/c2c396a77170bd1d5f8ba73294eb0d10\",\"name\":\"Comunicaciones Combarranquilla\",\"image\":{\"@type\":\"ImageObject\",\"inLanguage\":\"es-CO\",\"@id\":\"https:\\\/\\\/tuguia.combarranquilla.co\\\/Revista\\\/wp-content\\\/uploads\\\/2025\\\/05\\\/ABC-Al-Rojo-Logo-96x96.jpg\",\"url\":\"https:\\\/\\\/tuguia.combarranquilla.co\\\/Revista\\\/wp-content\\\/uploads\\\/2025\\\/05\\\/ABC-Al-Rojo-Logo-96x96.jpg\",\"contentUrl\":\"https:\\\/\\\/tuguia.combarranquilla.co\\\/Revista\\\/wp-content\\\/uploads\\\/2025\\\/05\\\/ABC-Al-Rojo-Logo-96x96.jpg\",\"caption\":\"Comunicaciones Combarranquilla\"},\"sameAs\":[\"https:\\\/\\\/www.combarranquilla.co\"],\"url\":\"https:\\\/\\\/tuguia.combarranquilla.co\\\/Revista\\\/author\\\/comunicaciones\\\/\"}]}<\/script>\n<!-- \/ Yoast SEO plugin. -->","yoast_head_json":{"title":"Mujeres que transforman vidas: Salwa Maloof es elegida Mujer Cafam Atl\u00e1ntico - Tu Gu\u00eda","robots":{"index":"index","follow":"follow","max-snippet":"max-snippet:-1","max-image-preview":"max-image-preview:large","max-video-preview":"max-video-preview:-1"},"canonical":"https:\/\/tuguia.combarranquilla.co\/Revista\/mujeres-que-transformar-vidas-salwa-maloof-es-elegida-mujer-cafam-atlantico\/","og_locale":"es_ES","og_type":"article","og_title":"Mujeres que transforman vidas: Salwa Maloof es elegida Mujer Cafam Atl\u00e1ntico - Tu Gu\u00eda","og_description":"Durante m\u00e1s de 36 a\u00f1os, Colombia ha sido testigo de la labor de mujeres valientes que transforman comunidades enteras. En este contexto, el Premio Cafam a la Mujer se ha consolidado como el escenario donde se reconoce el liderazgo femenino. Este a\u00f1o, en su edici\u00f3n n\u00famero 37, la distinci\u00f3n rinde homenaje a las Mujeres Llenas [&hellip;]","og_url":"https:\/\/tuguia.combarranquilla.co\/Revista\/mujeres-que-transformar-vidas-salwa-maloof-es-elegida-mujer-cafam-atlantico\/","og_site_name":"Tu Gu\u00eda","article_published_time":"2026-02-01T13:26:00+00:00","article_modified_time":"2026-02-02T12:55:37+00:00","og_image":[{"width":2560,"height":1280,"url":"https:\/\/tuguia.combarranquilla.co\/Revista\/wp-content\/uploads\/2026\/01\/Revista-Combarranquilla-1-6-scaled.jpg","type":"image\/jpeg"}],"author":"Comunicaciones Combarranquilla","twitter_card":"summary_large_image","twitter_misc":{"Escrito por":"Comunicaciones Combarranquilla","Tiempo de lectura":"2 minutos"},"schema":{"@context":"https:\/\/schema.org","@graph":[{"@type":"Article","@id":"https:\/\/tuguia.combarranquilla.co\/Revista\/mujeres-que-transformar-vidas-salwa-maloof-es-elegida-mujer-cafam-atlantico\/#article","isPartOf":{"@id":"https:\/\/tuguia.combarranquilla.co\/Revista\/mujeres-que-transformar-vidas-salwa-maloof-es-elegida-mujer-cafam-atlantico\/"},"author":{"name":"Comunicaciones Combarranquilla","@id":"https:\/\/tuguia.combarranquilla.co\/Revista\/#\/schema\/person\/c2c396a77170bd1d5f8ba73294eb0d10"},"headline":"Mujeres que transforman vidas: Salwa Maloof es elegida Mujer Cafam Atl\u00e1ntico","datePublished":"2026-02-01T13:26:00+00:00","dateModified":"2026-02-02T12:55:37+00:00","mainEntityOfPage":{"@id":"https:\/\/tuguia.combarranquilla.co\/Revista\/mujeres-que-transformar-vidas-salwa-maloof-es-elegida-mujer-cafam-atlantico\/"},"wordCount":304,"commentCount":0,"publisher":{"@id":"https:\/\/tuguia.combarranquilla.co\/Revista\/#organization"},"image":{"@id":"https:\/\/tuguia.combarranquilla.co\/Revista\/mujeres-que-transformar-vidas-salwa-maloof-es-elegida-mujer-cafam-atlantico\/#primaryimage"},"thumbnailUrl":"https:\/\/tuguia.combarranquilla.co\/Revista\/wp-content\/uploads\/2026\/01\/Revista-Combarranquilla-1-6-scaled.jpg","articleSection":["FAMILIA COMBARRANQUILLA"],"inLanguage":"es-CO","potentialAction":[{"@type":"CommentAction","name":"Comment","target":["https:\/\/tuguia.combarranquilla.co\/Revista\/mujeres-que-transformar-vidas-salwa-maloof-es-elegida-mujer-cafam-atlantico\/#respond"]}]},{"@type":"WebPage","@id":"https:\/\/tuguia.combarranquilla.co\/Revista\/mujeres-que-transformar-vidas-salwa-maloof-es-elegida-mujer-cafam-atlantico\/","url":"https:\/\/tuguia.combarranquilla.co\/Revista\/mujeres-que-transformar-vidas-salwa-maloof-es-elegida-mujer-cafam-atlantico\/","name":"Mujeres que transforman vidas: Salwa Maloof es elegida Mujer Cafam Atl\u00e1ntico - Tu Gu\u00eda","isPartOf":{"@id":"https:\/\/tuguia.combarranquilla.co\/Revista\/#website"},"primaryImageOfPage":{"@id":"https:\/\/tuguia.combarranquilla.co\/Revista\/mujeres-que-transformar-vidas-salwa-maloof-es-elegida-mujer-cafam-atlantico\/#primaryimage"},"image":{"@id":"https:\/\/tuguia.combarranquilla.co\/Revista\/mujeres-que-transformar-vidas-salwa-maloof-es-elegida-mujer-cafam-atlantico\/#primaryimage"},"thumbnailUrl":"https:\/\/tuguia.combarranquilla.co\/Revista\/wp-content\/uploads\/2026\/01\/Revista-Combarranquilla-1-6-scaled.jpg","datePublished":"2026-02-01T13:26:00+00:00","dateModified":"2026-02-02T12:55:37+00:00","breadcrumb":{"@id":"https:\/\/tuguia.combarranquilla.co\/Revista\/mujeres-que-transformar-vidas-salwa-maloof-es-elegida-mujer-cafam-atlantico\/#breadcrumb"},"inLanguage":"es-CO","potentialAction":[{"@type":"ReadAction","target":["https:\/\/tuguia.combarranquilla.co\/Revista\/mujeres-que-transformar-vidas-salwa-maloof-es-elegida-mujer-cafam-atlantico\/"]}]},{"@type":"ImageObject","inLanguage":"es-CO","@id":"https:\/\/tuguia.combarranquilla.co\/Revista\/mujeres-que-transformar-vidas-salwa-maloof-es-elegida-mujer-cafam-atlantico\/#primaryimage","url":"https:\/\/tuguia.combarranquilla.co\/Revista\/wp-content\/uploads\/2026\/01\/Revista-Combarranquilla-1-6-scaled.jpg","contentUrl":"https:\/\/tuguia.combarranquilla.co\/Revista\/wp-content\/uploads\/2026\/01\/Revista-Combarranquilla-1-6-scaled.jpg","width":2560,"height":1280},{"@type":"BreadcrumbList","@id":"https:\/\/tuguia.combarranquilla.co\/Revista\/mujeres-que-transformar-vidas-salwa-maloof-es-elegida-mujer-cafam-atlantico\/#breadcrumb","itemListElement":[{"@type":"ListItem","position":1,"name":"Inicio","item":"https:\/\/tuguia.combarranquilla.co\/Revista\/"},{"@type":"ListItem","position":2,"name":"Mujeres que transforman vidas: Salwa Maloof es elegida Mujer Cafam Atl\u00e1ntico"}]},{"@type":"WebSite","@id":"https:\/\/tuguia.combarranquilla.co\/Revista\/#website","url":"https:\/\/tuguia.combarranquilla.co\/Revista\/","name":"Tu Gu\u00eda","description":"La revista donde lo tienes todo.","publisher":{"@id":"https:\/\/tuguia.combarranquilla.co\/Revista\/#organization"},"alternateName":"Tu Gu\u00eda Combarranquilla","potentialAction":[{"@type":"SearchAction","target":{"@type":"EntryPoint","urlTemplate":"https:\/\/tuguia.combarranquilla.co\/Revista\/?s={search_term_string}"},"query-input":{"@type":"PropertyValueSpecification","valueRequired":true,"valueName":"search_term_string"}}],"inLanguage":"es-CO"},{"@type":"Organization","@id":"https:\/\/tuguia.combarranquilla.co\/Revista\/#organization","name":"Tu Gu\u00eda Combarranquilla","url":"https:\/\/tuguia.combarranquilla.co\/Revista\/","logo":{"@type":"ImageObject","inLanguage":"es-CO","@id":"https:\/\/tuguia.combarranquilla.co\/Revista\/#\/schema\/logo\/image\/","url":"https:\/\/tuguia.combarranquilla.co\/Revista\/wp-content\/uploads\/2022\/02\/logo-guia-combarranquilla.svg","contentUrl":"https:\/\/tuguia.combarranquilla.co\/Revista\/wp-content\/uploads\/2022\/02\/logo-guia-combarranquilla.svg","caption":"Tu Gu\u00eda Combarranquilla"},"image":{"@id":"https:\/\/tuguia.combarranquilla.co\/Revista\/#\/schema\/logo\/image\/"}},{"@type":"Person","@id":"https:\/\/tuguia.combarranquilla.co\/Revista\/#\/schema\/person\/c2c396a77170bd1d5f8ba73294eb0d10","name":"Comunicaciones Combarranquilla","image":{"@type":"ImageObject","inLanguage":"es-CO","@id":"https:\/\/tuguia.combarranquilla.co\/Revista\/wp-content\/uploads\/2025\/05\/ABC-Al-Rojo-Logo-96x96.jpg","url":"https:\/\/tuguia.combarranquilla.co\/Revista\/wp-content\/uploads\/2025\/05\/ABC-Al-Rojo-Logo-96x96.jpg","contentUrl":"https:\/\/tuguia.combarranquilla.co\/Revista\/wp-content\/uploads\/2025\/05\/ABC-Al-Rojo-Logo-96x96.jpg","caption":"Comunicaciones Combarranquilla"},"sameAs":["https:\/\/www.combarranquilla.co"],"url":"https:\/\/tuguia.combarranquilla.co\/Revista\/author\/comunicaciones\/"}]}},"_links":{"self":[{"href":"https:\/\/tuguia.combarranquilla.co\/Revista\/wp-json\/wp\/v2\/posts\/8614","targetHints":{"allow":["GET"]}}],"collection":[{"href":"https:\/\/tuguia.combarranquilla.co\/Revista\/wp-json\/wp\/v2\/posts"}],"about":[{"href":"https:\/\/tuguia.combarranquilla.co\/Revista\/wp-json\/wp\/v2\/types\/post"}],"author":[{"embeddable":true,"href":"https:\/\/tuguia.combarranquilla.co\/Revista\/wp-json\/wp\/v2\/users\/2"}],"replies":[{"embeddable":true,"href":"https:\/\/tuguia.combarranquilla.co\/Revista\/wp-json\/wp\/v2\/comments?post=8614"}],"version-history":[{"count":9,"href":"https:\/\/tuguia.combarranquilla.co\/Revista\/wp-json\/wp\/v2\/posts\/8614\/revisions"}],"predecessor-version":[{"id":8639,"href":"https:\/\/tuguia.combarranquilla.co\/Revista\/wp-json\/wp\/v2\/posts\/8614\/revisions\/8639"}],"wp:featuredmedia":[{"embeddable":true,"href":"https:\/\/tuguia.combarranquilla.co\/Revista\/wp-json\/wp\/v2\/media\/8620"}],"wp:attachment":[{"href":"https:\/\/tuguia.combarranquilla.co\/Revista\/wp-json\/wp\/v2\/media?parent=8614"}],"wp:term":[{"taxonomy":"category","embeddable":true,"href":"https:\/\/tuguia.combarranquilla.co\/Revista\/wp-json\/wp\/v2\/categories?post=8614"},{"taxonomy":"post_tag","embeddable":true,"href":"https:\/\/tuguia.combarranquilla.co\/Revista\/wp-json\/wp\/v2\/tags?post=8614"}],"curies":[{"name":"wp","href":"https:\/\/api.w.org\/{rel}","templated":true}]}}