{"id":8742,"date":"2026-02-01T07:50:00","date_gmt":"2026-02-01T12:50:00","guid":{"rendered":"https:\/\/tuguia.combarranquilla.co\/Revista\/?p=8742"},"modified":"2026-02-03T14:54:52","modified_gmt":"2026-02-03T19:54:52","slug":"es-momento-de-llegar-a-otro-nivel-primera-convocatoria-del-programa-crecemos-contigo-2026","status":"publish","type":"post","link":"https:\/\/tuguia.combarranquilla.co\/Revista\/es-momento-de-llegar-a-otro-nivel-primera-convocatoria-del-programa-crecemos-contigo-2026\/","title":{"rendered":"\u00a1Es momento de llegar a otro nivel! Primera convocatoria del Programa Crecemos Contigo 2026"},"content":{"rendered":"\n<p><strong><em>Un impulso real para las MiPymes en 2026<\/em><\/strong>.<\/p>\n\n\n\n<p>La Caja de Compensaci\u00f3n Familiar Combarranquilla lanza con entusiasmo la I Convocatoria del Programa Crecemos Contigo, una iniciativa dirigida a impulsar el crecimiento, la consolidaci\u00f3n y la competitividad de las micro, peque\u00f1as y medianas empresas (MiPymes) afiliadas. Este programa, que representa una oportunidad estrat\u00e9gica para llevar negocios al siguiente nivel durante 2026, busca fortalecer las capacidades empresariales, fomentar la innovaci\u00f3n y generar conexiones que potencien el desarrollo productivo en la regi\u00f3n.<\/p>\n\n\n\n<h2 class=\"wp-block-heading has-medium-font-size\">Un espacio para crecer juntos<\/h2>\n\n\n\n<p>Crecemos Contigo es un programa de fomento y desarrollo empresarial que Combarranquilla ha dise\u00f1ado para ofrecer acompa\u00f1amiento especializado a las MiPymes. Su objetivo principal es consolidar organizaciones m\u00e1s fuertes, sostenibles y capaces de enfrentar los retos de un entorno econ\u00f3mico en constante transformaci\u00f3n. A trav\u00e9s de una ruta de atenci\u00f3n integral, las empresas participantes reciben asesor\u00edas personalizadas con expertos en \u00e1reas clave como gesti\u00f3n financiera, mercadeo, innovaci\u00f3n, log\u00edstica y administraci\u00f3n.<\/p>\n\n\n\n<p>La convocatoria abierta invita a las MiPymes afiliadas a inscribirse y aprovechar una asistencia integral sin costo, que incluye capacitaci\u00f3n ajustada a las necesidades del negocio, espacios de relacionamiento empresarial, acompa\u00f1amiento t\u00e9cnico durante todo el proceso y acceso a oportunidades de negocio concretas.<\/p>\n\n\n\n<h2 class=\"wp-block-heading has-medium-font-size\">\u00bfPor qu\u00e9 participar?<\/h2>\n\n\n\n<p>Esta primera convocatoria de Crecemos Contigo llega en un momento crucial para muchas empresas que buscan expansi\u00f3n, fortalecimiento y resiliencia. Entre los principales beneficios que ofrece el programa se encuentran:<\/p>\n\n\n\n<ul class=\"wp-block-list\">\n<li>Asesor\u00edas especializadas por parte de profesionales con experiencia en temas estrat\u00e9gicos para las MiPymes.<\/li>\n\n\n\n<li>Capacitaciones gratuitas centradas en las necesidades reales del negocio.<\/li>\n\n\n\n<li>Acompa\u00f1amiento continuo, garantizando soporte t\u00e9cnico y estrat\u00e9gico durante el desarrollo empresarial.<\/li>\n\n\n\n<li>Espacios de networking y acercamiento con entidades p\u00fablicas y privadas, lo que ampl\u00eda las oportunidades de negocio y colaboraci\u00f3n.<\/li>\n\n\n\n<li>Acceso a la Macrorrueda de Negocios Nacionales, un espacio para dar visibilidad y posicionamiento a los productos y servicios de las empresas participantes.<\/li>\n<\/ul>\n\n\n\n<p>Adem\u00e1s, como parte del proceso formativo, las MiPymes pueden acceder a bonos del 100 % para consultor\u00edas especializadas, orientadas a resolver necesidades espec\u00edficas de cada organizaci\u00f3n.<\/p>\n\n\n\n<p>Como parte de la agenda del programa, se han programado encuentros presenciales durante el mes de febrero que permitir\u00e1n a los empresarios establecer v\u00ednculos y compartir experiencias con otros miembros del ecosistema empresarial. Los eventos incluyen almuerzos-networking en diferentes sedes de Combarranquilla y espacios de di\u00e1logo que facilitan la construcci\u00f3n de relaciones comerciales y el intercambio de conocimiento entre pares, generando nuevas sinergias que pueden traducirse en crecimiento para las empresas participantes.<\/p>\n\n\n\n<h2 class=\"wp-block-heading has-medium-font-size\">Un apoyo s\u00f3lido para las MiPymes afiliadas<\/h2>\n\n\n\n<p>Para ser parte de Crecemos Contigo, las empresas deben cumplir con algunos requisitos b\u00e1sicos, como estar legalmente constituidas, estar registradas como MiPymes seg\u00fan la normativa vigente, y estar afiliadas a Combarranquilla con un m\u00ednimo de un a\u00f1o de operaciones. Adem\u00e1s, deben garantizar la continuidad de su n\u00f3mina y estar al d\u00eda con sus obligaciones parafiscales.<\/p>\n\n\n\n<p>La inclusi\u00f3n de este programa dentro del portafolio de servicios de Combarranquilla responde a la misi\u00f3n de la entidad de contribuir al bienestar integral de sus afiliados, incluyendo el desarrollo econ\u00f3mico de las empresas que conforman su base. Con Crecemos Contigo, la Caja refuerza su compromiso con el ecosistema empresarial local al proporcionar herramientas que favorezcan la formalizaci\u00f3n, consolidaci\u00f3n y crecimiento de negocios en Barranquilla y sus alrededores.<\/p>\n\n\n\n<p>Con la apertura de esta primera convocatoria, Combarranquilla espera que las MiPymes no solo accedan a conocimientos especializados, sino que tambi\u00e9n logren estructurar modelos de negocio m\u00e1s s\u00f3lidos, optimizar sus procesos internos y generar nuevas oportunidades comerciales tanto a nivel local como regional y nacional. El programa Crecemos Contigo no solo se presenta como una herramienta de apoyo, sino como un aliado estrat\u00e9gico para avanzar con m\u00e1s confianza en el entorno empresarial competitivo del 2026.<\/p>\n","protected":false},"excerpt":{"rendered":"<p>Un impulso real para las MiPymes en 2026. La Caja de Compensaci\u00f3n Familiar Combarranquilla lanza con entusiasmo la I Convocatoria del Programa Crecemos Contigo, una iniciativa dirigida a impulsar el crecimiento, la consolidaci\u00f3n y la competitividad de las micro, peque\u00f1as y medianas empresas (MiPymes) afiliadas. Este programa, que representa una oportunidad estrat\u00e9gica para llevar negocios [&hellip;]<\/p>\n","protected":false},"author":2,"featured_media":8743,"comment_status":"open","ping_status":"open","sticky":false,"template":"","format":"standard","meta":{"inline_featured_image":false,"footnotes":""},"categories":[6],"tags":[],"class_list":["post-8742","post","type-post","status-publish","format-standard","has-post-thumbnail","hentry","category-empleabilidad"],"yoast_head":"<!-- This site is optimized with the Yoast SEO plugin v27.4 - https:\/\/yoast.com\/product\/yoast-seo-wordpress\/ -->\n<title>\u00a1Es momento de llegar a otro nivel! Primera convocatoria del Programa Crecemos Contigo 2026 - Tu Gu\u00eda<\/title>\n<meta name=\"robots\" content=\"index, follow, max-snippet:-1, max-image-preview:large, max-video-preview:-1\" \/>\n<link rel=\"canonical\" href=\"https:\/\/tuguia.combarranquilla.co\/Revista\/es-momento-de-llegar-a-otro-nivel-primera-convocatoria-del-programa-crecemos-contigo-2026\/\" \/>\n<meta property=\"og:locale\" content=\"es_ES\" \/>\n<meta property=\"og:type\" content=\"article\" \/>\n<meta property=\"og:title\" content=\"\u00a1Es momento de llegar a otro nivel! Primera convocatoria del Programa Crecemos Contigo 2026 - Tu Gu\u00eda\" \/>\n<meta property=\"og:description\" content=\"Un impulso real para las MiPymes en 2026. La Caja de Compensaci\u00f3n Familiar Combarranquilla lanza con entusiasmo la I Convocatoria del Programa Crecemos Contigo, una iniciativa dirigida a impulsar el crecimiento, la consolidaci\u00f3n y la competitividad de las micro, peque\u00f1as y medianas empresas (MiPymes) afiliadas. Este programa, que representa una oportunidad estrat\u00e9gica para llevar negocios [&hellip;]\" \/>\n<meta property=\"og:url\" content=\"https:\/\/tuguia.combarranquilla.co\/Revista\/es-momento-de-llegar-a-otro-nivel-primera-convocatoria-del-programa-crecemos-contigo-2026\/\" \/>\n<meta property=\"og:site_name\" content=\"Tu Gu\u00eda\" \/>\n<meta property=\"article:published_time\" content=\"2026-02-01T12:50:00+00:00\" \/>\n<meta property=\"article:modified_time\" content=\"2026-02-03T19:54:52+00:00\" \/>\n<meta property=\"og:image\" content=\"https:\/\/tuguia.combarranquilla.co\/Revista\/wp-content\/uploads\/2026\/02\/Revista-Combarranquilla-scaled.jpg\" \/>\n\t<meta property=\"og:image:width\" content=\"2560\" \/>\n\t<meta property=\"og:image:height\" content=\"1280\" \/>\n\t<meta property=\"og:image:type\" content=\"image\/jpeg\" \/>\n<meta name=\"author\" content=\"Comunicaciones Combarranquilla\" \/>\n<meta name=\"twitter:card\" content=\"summary_large_image\" \/>\n<meta name=\"twitter:label1\" content=\"Escrito por\" \/>\n\t<meta name=\"twitter:data1\" content=\"Comunicaciones Combarranquilla\" \/>\n\t<meta name=\"twitter:label2\" content=\"Tiempo de lectura\" \/>\n\t<meta name=\"twitter:data2\" content=\"4 minutos\" \/>\n<script type=\"application\/ld+json\" class=\"yoast-schema-graph\">{\"@context\":\"https:\\\/\\\/schema.org\",\"@graph\":[{\"@type\":\"Article\",\"@id\":\"https:\\\/\\\/tuguia.combarranquilla.co\\\/Revista\\\/es-momento-de-llegar-a-otro-nivel-primera-convocatoria-del-programa-crecemos-contigo-2026\\\/#article\",\"isPartOf\":{\"@id\":\"https:\\\/\\\/tuguia.combarranquilla.co\\\/Revista\\\/es-momento-de-llegar-a-otro-nivel-primera-convocatoria-del-programa-crecemos-contigo-2026\\\/\"},\"author\":{\"name\":\"Comunicaciones Combarranquilla\",\"@id\":\"https:\\\/\\\/tuguia.combarranquilla.co\\\/Revista\\\/#\\\/schema\\\/person\\\/c2c396a77170bd1d5f8ba73294eb0d10\"},\"headline\":\"\u00a1Es momento de llegar a otro nivel! Primera convocatoria del Programa Crecemos Contigo 2026\",\"datePublished\":\"2026-02-01T12:50:00+00:00\",\"dateModified\":\"2026-02-03T19:54:52+00:00\",\"mainEntityOfPage\":{\"@id\":\"https:\\\/\\\/tuguia.combarranquilla.co\\\/Revista\\\/es-momento-de-llegar-a-otro-nivel-primera-convocatoria-del-programa-crecemos-contigo-2026\\\/\"},\"wordCount\":673,\"commentCount\":0,\"publisher\":{\"@id\":\"https:\\\/\\\/tuguia.combarranquilla.co\\\/Revista\\\/#organization\"},\"image\":{\"@id\":\"https:\\\/\\\/tuguia.combarranquilla.co\\\/Revista\\\/es-momento-de-llegar-a-otro-nivel-primera-convocatoria-del-programa-crecemos-contigo-2026\\\/#primaryimage\"},\"thumbnailUrl\":\"https:\\\/\\\/tuguia.combarranquilla.co\\\/Revista\\\/wp-content\\\/uploads\\\/2026\\\/02\\\/Revista-Combarranquilla-scaled.jpg\",\"articleSection\":[\"EMPLEABILIDAD\"],\"inLanguage\":\"es-CO\",\"potentialAction\":[{\"@type\":\"CommentAction\",\"name\":\"Comment\",\"target\":[\"https:\\\/\\\/tuguia.combarranquilla.co\\\/Revista\\\/es-momento-de-llegar-a-otro-nivel-primera-convocatoria-del-programa-crecemos-contigo-2026\\\/#respond\"]}]},{\"@type\":\"WebPage\",\"@id\":\"https:\\\/\\\/tuguia.combarranquilla.co\\\/Revista\\\/es-momento-de-llegar-a-otro-nivel-primera-convocatoria-del-programa-crecemos-contigo-2026\\\/\",\"url\":\"https:\\\/\\\/tuguia.combarranquilla.co\\\/Revista\\\/es-momento-de-llegar-a-otro-nivel-primera-convocatoria-del-programa-crecemos-contigo-2026\\\/\",\"name\":\"\u00a1Es momento de llegar a otro nivel! Primera convocatoria del Programa Crecemos Contigo 2026 - Tu Gu\u00eda\",\"isPartOf\":{\"@id\":\"https:\\\/\\\/tuguia.combarranquilla.co\\\/Revista\\\/#website\"},\"primaryImageOfPage\":{\"@id\":\"https:\\\/\\\/tuguia.combarranquilla.co\\\/Revista\\\/es-momento-de-llegar-a-otro-nivel-primera-convocatoria-del-programa-crecemos-contigo-2026\\\/#primaryimage\"},\"image\":{\"@id\":\"https:\\\/\\\/tuguia.combarranquilla.co\\\/Revista\\\/es-momento-de-llegar-a-otro-nivel-primera-convocatoria-del-programa-crecemos-contigo-2026\\\/#primaryimage\"},\"thumbnailUrl\":\"https:\\\/\\\/tuguia.combarranquilla.co\\\/Revista\\\/wp-content\\\/uploads\\\/2026\\\/02\\\/Revista-Combarranquilla-scaled.jpg\",\"datePublished\":\"2026-02-01T12:50:00+00:00\",\"dateModified\":\"2026-02-03T19:54:52+00:00\",\"breadcrumb\":{\"@id\":\"https:\\\/\\\/tuguia.combarranquilla.co\\\/Revista\\\/es-momento-de-llegar-a-otro-nivel-primera-convocatoria-del-programa-crecemos-contigo-2026\\\/#breadcrumb\"},\"inLanguage\":\"es-CO\",\"potentialAction\":[{\"@type\":\"ReadAction\",\"target\":[\"https:\\\/\\\/tuguia.combarranquilla.co\\\/Revista\\\/es-momento-de-llegar-a-otro-nivel-primera-convocatoria-del-programa-crecemos-contigo-2026\\\/\"]}]},{\"@type\":\"ImageObject\",\"inLanguage\":\"es-CO\",\"@id\":\"https:\\\/\\\/tuguia.combarranquilla.co\\\/Revista\\\/es-momento-de-llegar-a-otro-nivel-primera-convocatoria-del-programa-crecemos-contigo-2026\\\/#primaryimage\",\"url\":\"https:\\\/\\\/tuguia.combarranquilla.co\\\/Revista\\\/wp-content\\\/uploads\\\/2026\\\/02\\\/Revista-Combarranquilla-scaled.jpg\",\"contentUrl\":\"https:\\\/\\\/tuguia.combarranquilla.co\\\/Revista\\\/wp-content\\\/uploads\\\/2026\\\/02\\\/Revista-Combarranquilla-scaled.jpg\",\"width\":2560,\"height\":1280},{\"@type\":\"BreadcrumbList\",\"@id\":\"https:\\\/\\\/tuguia.combarranquilla.co\\\/Revista\\\/es-momento-de-llegar-a-otro-nivel-primera-convocatoria-del-programa-crecemos-contigo-2026\\\/#breadcrumb\",\"itemListElement\":[{\"@type\":\"ListItem\",\"position\":1,\"name\":\"Inicio\",\"item\":\"https:\\\/\\\/tuguia.combarranquilla.co\\\/Revista\\\/\"},{\"@type\":\"ListItem\",\"position\":2,\"name\":\"\u00a1Es momento de llegar a otro nivel! Primera convocatoria del Programa Crecemos Contigo 2026\"}]},{\"@type\":\"WebSite\",\"@id\":\"https:\\\/\\\/tuguia.combarranquilla.co\\\/Revista\\\/#website\",\"url\":\"https:\\\/\\\/tuguia.combarranquilla.co\\\/Revista\\\/\",\"name\":\"Tu Gu\u00eda\",\"description\":\"La revista donde lo tienes todo.\",\"publisher\":{\"@id\":\"https:\\\/\\\/tuguia.combarranquilla.co\\\/Revista\\\/#organization\"},\"alternateName\":\"Tu Gu\u00eda Combarranquilla\",\"potentialAction\":[{\"@type\":\"SearchAction\",\"target\":{\"@type\":\"EntryPoint\",\"urlTemplate\":\"https:\\\/\\\/tuguia.combarranquilla.co\\\/Revista\\\/?s={search_term_string}\"},\"query-input\":{\"@type\":\"PropertyValueSpecification\",\"valueRequired\":true,\"valueName\":\"search_term_string\"}}],\"inLanguage\":\"es-CO\"},{\"@type\":\"Organization\",\"@id\":\"https:\\\/\\\/tuguia.combarranquilla.co\\\/Revista\\\/#organization\",\"name\":\"Tu Gu\u00eda Combarranquilla\",\"url\":\"https:\\\/\\\/tuguia.combarranquilla.co\\\/Revista\\\/\",\"logo\":{\"@type\":\"ImageObject\",\"inLanguage\":\"es-CO\",\"@id\":\"https:\\\/\\\/tuguia.combarranquilla.co\\\/Revista\\\/#\\\/schema\\\/logo\\\/image\\\/\",\"url\":\"https:\\\/\\\/tuguia.combarranquilla.co\\\/Revista\\\/wp-content\\\/uploads\\\/2022\\\/02\\\/logo-guia-combarranquilla.svg\",\"contentUrl\":\"https:\\\/\\\/tuguia.combarranquilla.co\\\/Revista\\\/wp-content\\\/uploads\\\/2022\\\/02\\\/logo-guia-combarranquilla.svg\",\"caption\":\"Tu Gu\u00eda Combarranquilla\"},\"image\":{\"@id\":\"https:\\\/\\\/tuguia.combarranquilla.co\\\/Revista\\\/#\\\/schema\\\/logo\\\/image\\\/\"}},{\"@type\":\"Person\",\"@id\":\"https:\\\/\\\/tuguia.combarranquilla.co\\\/Revista\\\/#\\\/schema\\\/person\\\/c2c396a77170bd1d5f8ba73294eb0d10\",\"name\":\"Comunicaciones Combarranquilla\",\"image\":{\"@type\":\"ImageObject\",\"inLanguage\":\"es-CO\",\"@id\":\"https:\\\/\\\/tuguia.combarranquilla.co\\\/Revista\\\/wp-content\\\/uploads\\\/2025\\\/05\\\/ABC-Al-Rojo-Logo-96x96.jpg\",\"url\":\"https:\\\/\\\/tuguia.combarranquilla.co\\\/Revista\\\/wp-content\\\/uploads\\\/2025\\\/05\\\/ABC-Al-Rojo-Logo-96x96.jpg\",\"contentUrl\":\"https:\\\/\\\/tuguia.combarranquilla.co\\\/Revista\\\/wp-content\\\/uploads\\\/2025\\\/05\\\/ABC-Al-Rojo-Logo-96x96.jpg\",\"caption\":\"Comunicaciones Combarranquilla\"},\"sameAs\":[\"https:\\\/\\\/www.combarranquilla.co\"],\"url\":\"https:\\\/\\\/tuguia.combarranquilla.co\\\/Revista\\\/author\\\/comunicaciones\\\/\"}]}<\/script>\n<!-- \/ Yoast SEO plugin. -->","yoast_head_json":{"title":"\u00a1Es momento de llegar a otro nivel! Primera convocatoria del Programa Crecemos Contigo 2026 - Tu Gu\u00eda","robots":{"index":"index","follow":"follow","max-snippet":"max-snippet:-1","max-image-preview":"max-image-preview:large","max-video-preview":"max-video-preview:-1"},"canonical":"https:\/\/tuguia.combarranquilla.co\/Revista\/es-momento-de-llegar-a-otro-nivel-primera-convocatoria-del-programa-crecemos-contigo-2026\/","og_locale":"es_ES","og_type":"article","og_title":"\u00a1Es momento de llegar a otro nivel! Primera convocatoria del Programa Crecemos Contigo 2026 - Tu Gu\u00eda","og_description":"Un impulso real para las MiPymes en 2026. La Caja de Compensaci\u00f3n Familiar Combarranquilla lanza con entusiasmo la I Convocatoria del Programa Crecemos Contigo, una iniciativa dirigida a impulsar el crecimiento, la consolidaci\u00f3n y la competitividad de las micro, peque\u00f1as y medianas empresas (MiPymes) afiliadas. Este programa, que representa una oportunidad estrat\u00e9gica para llevar negocios [&hellip;]","og_url":"https:\/\/tuguia.combarranquilla.co\/Revista\/es-momento-de-llegar-a-otro-nivel-primera-convocatoria-del-programa-crecemos-contigo-2026\/","og_site_name":"Tu Gu\u00eda","article_published_time":"2026-02-01T12:50:00+00:00","article_modified_time":"2026-02-03T19:54:52+00:00","og_image":[{"width":2560,"height":1280,"url":"https:\/\/tuguia.combarranquilla.co\/Revista\/wp-content\/uploads\/2026\/02\/Revista-Combarranquilla-scaled.jpg","type":"image\/jpeg"}],"author":"Comunicaciones Combarranquilla","twitter_card":"summary_large_image","twitter_misc":{"Escrito por":"Comunicaciones Combarranquilla","Tiempo de lectura":"4 minutos"},"schema":{"@context":"https:\/\/schema.org","@graph":[{"@type":"Article","@id":"https:\/\/tuguia.combarranquilla.co\/Revista\/es-momento-de-llegar-a-otro-nivel-primera-convocatoria-del-programa-crecemos-contigo-2026\/#article","isPartOf":{"@id":"https:\/\/tuguia.combarranquilla.co\/Revista\/es-momento-de-llegar-a-otro-nivel-primera-convocatoria-del-programa-crecemos-contigo-2026\/"},"author":{"name":"Comunicaciones Combarranquilla","@id":"https:\/\/tuguia.combarranquilla.co\/Revista\/#\/schema\/person\/c2c396a77170bd1d5f8ba73294eb0d10"},"headline":"\u00a1Es momento de llegar a otro nivel! Primera convocatoria del Programa Crecemos Contigo 2026","datePublished":"2026-02-01T12:50:00+00:00","dateModified":"2026-02-03T19:54:52+00:00","mainEntityOfPage":{"@id":"https:\/\/tuguia.combarranquilla.co\/Revista\/es-momento-de-llegar-a-otro-nivel-primera-convocatoria-del-programa-crecemos-contigo-2026\/"},"wordCount":673,"commentCount":0,"publisher":{"@id":"https:\/\/tuguia.combarranquilla.co\/Revista\/#organization"},"image":{"@id":"https:\/\/tuguia.combarranquilla.co\/Revista\/es-momento-de-llegar-a-otro-nivel-primera-convocatoria-del-programa-crecemos-contigo-2026\/#primaryimage"},"thumbnailUrl":"https:\/\/tuguia.combarranquilla.co\/Revista\/wp-content\/uploads\/2026\/02\/Revista-Combarranquilla-scaled.jpg","articleSection":["EMPLEABILIDAD"],"inLanguage":"es-CO","potentialAction":[{"@type":"CommentAction","name":"Comment","target":["https:\/\/tuguia.combarranquilla.co\/Revista\/es-momento-de-llegar-a-otro-nivel-primera-convocatoria-del-programa-crecemos-contigo-2026\/#respond"]}]},{"@type":"WebPage","@id":"https:\/\/tuguia.combarranquilla.co\/Revista\/es-momento-de-llegar-a-otro-nivel-primera-convocatoria-del-programa-crecemos-contigo-2026\/","url":"https:\/\/tuguia.combarranquilla.co\/Revista\/es-momento-de-llegar-a-otro-nivel-primera-convocatoria-del-programa-crecemos-contigo-2026\/","name":"\u00a1Es momento de llegar a otro nivel! Primera convocatoria del Programa Crecemos Contigo 2026 - Tu Gu\u00eda","isPartOf":{"@id":"https:\/\/tuguia.combarranquilla.co\/Revista\/#website"},"primaryImageOfPage":{"@id":"https:\/\/tuguia.combarranquilla.co\/Revista\/es-momento-de-llegar-a-otro-nivel-primera-convocatoria-del-programa-crecemos-contigo-2026\/#primaryimage"},"image":{"@id":"https:\/\/tuguia.combarranquilla.co\/Revista\/es-momento-de-llegar-a-otro-nivel-primera-convocatoria-del-programa-crecemos-contigo-2026\/#primaryimage"},"thumbnailUrl":"https:\/\/tuguia.combarranquilla.co\/Revista\/wp-content\/uploads\/2026\/02\/Revista-Combarranquilla-scaled.jpg","datePublished":"2026-02-01T12:50:00+00:00","dateModified":"2026-02-03T19:54:52+00:00","breadcrumb":{"@id":"https:\/\/tuguia.combarranquilla.co\/Revista\/es-momento-de-llegar-a-otro-nivel-primera-convocatoria-del-programa-crecemos-contigo-2026\/#breadcrumb"},"inLanguage":"es-CO","potentialAction":[{"@type":"ReadAction","target":["https:\/\/tuguia.combarranquilla.co\/Revista\/es-momento-de-llegar-a-otro-nivel-primera-convocatoria-del-programa-crecemos-contigo-2026\/"]}]},{"@type":"ImageObject","inLanguage":"es-CO","@id":"https:\/\/tuguia.combarranquilla.co\/Revista\/es-momento-de-llegar-a-otro-nivel-primera-convocatoria-del-programa-crecemos-contigo-2026\/#primaryimage","url":"https:\/\/tuguia.combarranquilla.co\/Revista\/wp-content\/uploads\/2026\/02\/Revista-Combarranquilla-scaled.jpg","contentUrl":"https:\/\/tuguia.combarranquilla.co\/Revista\/wp-content\/uploads\/2026\/02\/Revista-Combarranquilla-scaled.jpg","width":2560,"height":1280},{"@type":"BreadcrumbList","@id":"https:\/\/tuguia.combarranquilla.co\/Revista\/es-momento-de-llegar-a-otro-nivel-primera-convocatoria-del-programa-crecemos-contigo-2026\/#breadcrumb","itemListElement":[{"@type":"ListItem","position":1,"name":"Inicio","item":"https:\/\/tuguia.combarranquilla.co\/Revista\/"},{"@type":"ListItem","position":2,"name":"\u00a1Es momento de llegar a otro nivel! Primera convocatoria del Programa Crecemos Contigo 2026"}]},{"@type":"WebSite","@id":"https:\/\/tuguia.combarranquilla.co\/Revista\/#website","url":"https:\/\/tuguia.combarranquilla.co\/Revista\/","name":"Tu Gu\u00eda","description":"La revista donde lo tienes todo.","publisher":{"@id":"https:\/\/tuguia.combarranquilla.co\/Revista\/#organization"},"alternateName":"Tu Gu\u00eda Combarranquilla","potentialAction":[{"@type":"SearchAction","target":{"@type":"EntryPoint","urlTemplate":"https:\/\/tuguia.combarranquilla.co\/Revista\/?s={search_term_string}"},"query-input":{"@type":"PropertyValueSpecification","valueRequired":true,"valueName":"search_term_string"}}],"inLanguage":"es-CO"},{"@type":"Organization","@id":"https:\/\/tuguia.combarranquilla.co\/Revista\/#organization","name":"Tu Gu\u00eda Combarranquilla","url":"https:\/\/tuguia.combarranquilla.co\/Revista\/","logo":{"@type":"ImageObject","inLanguage":"es-CO","@id":"https:\/\/tuguia.combarranquilla.co\/Revista\/#\/schema\/logo\/image\/","url":"https:\/\/tuguia.combarranquilla.co\/Revista\/wp-content\/uploads\/2022\/02\/logo-guia-combarranquilla.svg","contentUrl":"https:\/\/tuguia.combarranquilla.co\/Revista\/wp-content\/uploads\/2022\/02\/logo-guia-combarranquilla.svg","caption":"Tu Gu\u00eda Combarranquilla"},"image":{"@id":"https:\/\/tuguia.combarranquilla.co\/Revista\/#\/schema\/logo\/image\/"}},{"@type":"Person","@id":"https:\/\/tuguia.combarranquilla.co\/Revista\/#\/schema\/person\/c2c396a77170bd1d5f8ba73294eb0d10","name":"Comunicaciones Combarranquilla","image":{"@type":"ImageObject","inLanguage":"es-CO","@id":"https:\/\/tuguia.combarranquilla.co\/Revista\/wp-content\/uploads\/2025\/05\/ABC-Al-Rojo-Logo-96x96.jpg","url":"https:\/\/tuguia.combarranquilla.co\/Revista\/wp-content\/uploads\/2025\/05\/ABC-Al-Rojo-Logo-96x96.jpg","contentUrl":"https:\/\/tuguia.combarranquilla.co\/Revista\/wp-content\/uploads\/2025\/05\/ABC-Al-Rojo-Logo-96x96.jpg","caption":"Comunicaciones Combarranquilla"},"sameAs":["https:\/\/www.combarranquilla.co"],"url":"https:\/\/tuguia.combarranquilla.co\/Revista\/author\/comunicaciones\/"}]}},"_links":{"self":[{"href":"https:\/\/tuguia.combarranquilla.co\/Revista\/wp-json\/wp\/v2\/posts\/8742","targetHints":{"allow":["GET"]}}],"collection":[{"href":"https:\/\/tuguia.combarranquilla.co\/Revista\/wp-json\/wp\/v2\/posts"}],"about":[{"href":"https:\/\/tuguia.combarranquilla.co\/Revista\/wp-json\/wp\/v2\/types\/post"}],"author":[{"embeddable":true,"href":"https:\/\/tuguia.combarranquilla.co\/Revista\/wp-json\/wp\/v2\/users\/2"}],"replies":[{"embeddable":true,"href":"https:\/\/tuguia.combarranquilla.co\/Revista\/wp-json\/wp\/v2\/comments?post=8742"}],"version-history":[{"count":2,"href":"https:\/\/tuguia.combarranquilla.co\/Revista\/wp-json\/wp\/v2\/posts\/8742\/revisions"}],"predecessor-version":[{"id":8745,"href":"https:\/\/tuguia.combarranquilla.co\/Revista\/wp-json\/wp\/v2\/posts\/8742\/revisions\/8745"}],"wp:featuredmedia":[{"embeddable":true,"href":"https:\/\/tuguia.combarranquilla.co\/Revista\/wp-json\/wp\/v2\/media\/8743"}],"wp:attachment":[{"href":"https:\/\/tuguia.combarranquilla.co\/Revista\/wp-json\/wp\/v2\/media?parent=8742"}],"wp:term":[{"taxonomy":"category","embeddable":true,"href":"https:\/\/tuguia.combarranquilla.co\/Revista\/wp-json\/wp\/v2\/categories?post=8742"},{"taxonomy":"post_tag","embeddable":true,"href":"https:\/\/tuguia.combarranquilla.co\/Revista\/wp-json\/wp\/v2\/tags?post=8742"}],"curies":[{"name":"wp","href":"https:\/\/api.w.org\/{rel}","templated":true}]}}