{"id":8754,"date":"2026-03-01T07:58:51","date_gmt":"2026-03-01T12:58:51","guid":{"rendered":"https:\/\/tuguia.combarranquilla.co\/Revista\/?p=8754"},"modified":"2026-03-18T09:21:48","modified_gmt":"2026-03-18T14:21:48","slug":"los-recomendados-de-yoleo-online-dia-internacional-de-la-mujer","status":"publish","type":"post","link":"https:\/\/tuguia.combarranquilla.co\/Revista\/los-recomendados-de-yoleo-online-dia-internacional-de-la-mujer\/","title":{"rendered":"Los recomendados de Yoleo.online: D\u00eda Internacional de la Mujer"},"content":{"rendered":"\n<p>Cada 8 de marzo, todas las mujeres se unen para alzar sus voces en el D\u00eda Internacional de la Mujer. Una jornada mundial que busca visibilizar una historia de resiliencia y lucha por la igualdad de g\u00e9nero.<\/p>\n\n\n\n<p>Este a\u00f1o, ONU Mujeres conmemora esta fecha bajo el lema \u201c<a href=\"http:\/\/www.unwomen.org\/es\/noticias\/anuncio\/2026\/01\/dia-internacional-de-la-mujer-2026-derechos-justicia-accion-para-todas-las-mujeres-y-ninas\">Derechos. Justicia. Acci\u00f3n. Para TODAS las mujeres y ni\u00f1as<\/a>\u201d, para destacar la necesidad de un cambio que permita la libertad de todas las mujeres del mundo.<\/p>\n\n\n\n<p>Desde Combarranquilla, promovemos el respeto hacia esas mujeres que nunca han dejado de ser ellas en una sociedad que constantemente las oculta. Para resaltar la importancia de este d\u00eda, compartimos 3 libros recomendados, escritos por mujeres que han clamado justicia a trav\u00e9s de sus palabras. Podr\u00e1s encontrarlos en Yoleo.online, tu biblioteca digital.<\/p>\n\n\n\n<p>Si eres afiliado, ingresar a esta plataforma es gratis. Para empezar a leer, debes seguir estos pasos:<\/p>\n\n\n\n<ol class=\"wp-block-list\">\n<li>Visita la p\u00e1gina web&nbsp;<a href=\"https:\/\/www.combarranquilla.co\/\" target=\"_blank\" rel=\"noreferrer noopener\">www.combarranquilla.co<\/a>&nbsp;y haz clic en la opci\u00f3n \u201cServicios en L\u00ednea\u201d.<\/li>\n\n\n\n<li>Digita tu usuario y contrase\u00f1a registrados (el usuario es el n\u00famero de c\u00e9dula del trabajador afiliado).<\/li>\n\n\n\n<li>En el men\u00fa de la parte izquierda de la pesta\u00f1a, selecciona \u201cBiblioteca\u201d.<\/li>\n\n\n\n<li>Haz clic en el bot\u00f3n \u201cBiblioteca en L\u00ednea\u201d, ubicado a la derecha de la p\u00e1gina que se visualiza.<\/li>\n\n\n\n<li>Haz clic sobre la imagen del logo de Yo Leo Online.<\/li>\n<\/ol>\n\n\n\n<p>Conoce los t\u00edtulos a continuaci\u00f3n.<\/p>\n\n\n<div class=\"wp-block-image\">\n<figure class=\"aligncenter size-full\"><img decoding=\"async\" width=\"1810\" height=\"2560\" data-src=\"https:\/\/tuguia.combarranquilla.co\/Revista\/wp-content\/uploads\/2026\/02\/Recomendados-bibliotecas-comba-2-scaled.jpg\" alt=\"\" class=\"wp-image-8801 lazyload\" data-srcset=\"https:\/\/tuguia.combarranquilla.co\/Revista\/wp-content\/uploads\/2026\/02\/Recomendados-bibliotecas-comba-2-scaled.jpg 1810w, https:\/\/tuguia.combarranquilla.co\/Revista\/wp-content\/uploads\/2026\/02\/Recomendados-bibliotecas-comba-2-212x300.jpg 212w, https:\/\/tuguia.combarranquilla.co\/Revista\/wp-content\/uploads\/2026\/02\/Recomendados-bibliotecas-comba-2-724x1024.jpg 724w, https:\/\/tuguia.combarranquilla.co\/Revista\/wp-content\/uploads\/2026\/02\/Recomendados-bibliotecas-comba-2-768x1086.jpg 768w, https:\/\/tuguia.combarranquilla.co\/Revista\/wp-content\/uploads\/2026\/02\/Recomendados-bibliotecas-comba-2-1086x1536.jpg 1086w, https:\/\/tuguia.combarranquilla.co\/Revista\/wp-content\/uploads\/2026\/02\/Recomendados-bibliotecas-comba-2-1448x2048.jpg 1448w\" data-sizes=\"(max-width: 1810px) 100vw, 1810px\" src=\"data:image\/svg+xml;base64,PHN2ZyB3aWR0aD0iMSIgaGVpZ2h0PSIxIiB4bWxucz0iaHR0cDovL3d3dy53My5vcmcvMjAwMC9zdmciPjwvc3ZnPg==\" style=\"--smush-placeholder-width: 1810px; --smush-placeholder-aspect-ratio: 1810\/2560;\" \/><\/figure><\/div>","protected":false},"excerpt":{"rendered":"<p>Cada 8 de marzo, todas las mujeres se unen para alzar sus voces en el D\u00eda Internacional de la Mujer. Una jornada mundial que busca visibilizar una historia de resiliencia y lucha por la igualdad de g\u00e9nero. Este a\u00f1o, ONU Mujeres conmemora esta fecha bajo el lema \u201cDerechos. Justicia. Acci\u00f3n. Para TODAS las mujeres y [&hellip;]<\/p>\n","protected":false},"author":2,"featured_media":8832,"comment_status":"open","ping_status":"open","sticky":false,"template":"","format":"standard","meta":{"inline_featured_image":false,"footnotes":""},"categories":[4],"tags":[],"class_list":["post-8754","post","type-post","status-publish","format-standard","has-post-thumbnail","hentry","category-ciencia-y-cultura"],"yoast_head":"<!-- This site is optimized with the Yoast SEO plugin v27.4 - https:\/\/yoast.com\/product\/yoast-seo-wordpress\/ -->\n<title>Los recomendados de Yoleo.online: D\u00eda Internacional de la Mujer - Tu Gu\u00eda<\/title>\n<meta name=\"robots\" content=\"index, follow, max-snippet:-1, max-image-preview:large, max-video-preview:-1\" \/>\n<link rel=\"canonical\" href=\"https:\/\/tuguia.combarranquilla.co\/Revista\/los-recomendados-de-yoleo-online-dia-internacional-de-la-mujer\/\" \/>\n<meta property=\"og:locale\" content=\"es_ES\" \/>\n<meta property=\"og:type\" content=\"article\" \/>\n<meta property=\"og:title\" content=\"Los recomendados de Yoleo.online: D\u00eda Internacional de la Mujer - Tu Gu\u00eda\" \/>\n<meta property=\"og:description\" content=\"Cada 8 de marzo, todas las mujeres se unen para alzar sus voces en el D\u00eda Internacional de la Mujer. Una jornada mundial que busca visibilizar una historia de resiliencia y lucha por la igualdad de g\u00e9nero. Este a\u00f1o, ONU Mujeres conmemora esta fecha bajo el lema \u201cDerechos. Justicia. Acci\u00f3n. Para TODAS las mujeres y [&hellip;]\" \/>\n<meta property=\"og:url\" content=\"https:\/\/tuguia.combarranquilla.co\/Revista\/los-recomendados-de-yoleo-online-dia-internacional-de-la-mujer\/\" \/>\n<meta property=\"og:site_name\" content=\"Tu Gu\u00eda\" \/>\n<meta property=\"article:published_time\" content=\"2026-03-01T12:58:51+00:00\" \/>\n<meta property=\"article:modified_time\" content=\"2026-03-18T14:21:48+00:00\" \/>\n<meta property=\"og:image\" content=\"https:\/\/tuguia.combarranquilla.co\/Revista\/wp-content\/uploads\/2026\/02\/Revista-Combarranquilla-1-3-scaled.jpg\" \/>\n\t<meta property=\"og:image:width\" content=\"2560\" \/>\n\t<meta property=\"og:image:height\" content=\"1280\" \/>\n\t<meta property=\"og:image:type\" content=\"image\/jpeg\" \/>\n<meta name=\"author\" content=\"Comunicaciones Combarranquilla\" \/>\n<meta name=\"twitter:card\" content=\"summary_large_image\" \/>\n<meta name=\"twitter:label1\" content=\"Escrito por\" \/>\n\t<meta name=\"twitter:data1\" content=\"Comunicaciones Combarranquilla\" \/>\n\t<meta name=\"twitter:label2\" content=\"Tiempo de lectura\" \/>\n\t<meta name=\"twitter:data2\" content=\"2 minutos\" \/>\n<script type=\"application\/ld+json\" class=\"yoast-schema-graph\">{\"@context\":\"https:\\\/\\\/schema.org\",\"@graph\":[{\"@type\":\"Article\",\"@id\":\"https:\\\/\\\/tuguia.combarranquilla.co\\\/Revista\\\/los-recomendados-de-yoleo-online-dia-internacional-de-la-mujer\\\/#article\",\"isPartOf\":{\"@id\":\"https:\\\/\\\/tuguia.combarranquilla.co\\\/Revista\\\/los-recomendados-de-yoleo-online-dia-internacional-de-la-mujer\\\/\"},\"author\":{\"name\":\"Comunicaciones Combarranquilla\",\"@id\":\"https:\\\/\\\/tuguia.combarranquilla.co\\\/Revista\\\/#\\\/schema\\\/person\\\/c2c396a77170bd1d5f8ba73294eb0d10\"},\"headline\":\"Los recomendados de Yoleo.online: D\u00eda Internacional de la Mujer\",\"datePublished\":\"2026-03-01T12:58:51+00:00\",\"dateModified\":\"2026-03-18T14:21:48+00:00\",\"mainEntityOfPage\":{\"@id\":\"https:\\\/\\\/tuguia.combarranquilla.co\\\/Revista\\\/los-recomendados-de-yoleo-online-dia-internacional-de-la-mujer\\\/\"},\"wordCount\":252,\"commentCount\":0,\"publisher\":{\"@id\":\"https:\\\/\\\/tuguia.combarranquilla.co\\\/Revista\\\/#organization\"},\"image\":{\"@id\":\"https:\\\/\\\/tuguia.combarranquilla.co\\\/Revista\\\/los-recomendados-de-yoleo-online-dia-internacional-de-la-mujer\\\/#primaryimage\"},\"thumbnailUrl\":\"https:\\\/\\\/tuguia.combarranquilla.co\\\/Revista\\\/wp-content\\\/uploads\\\/2026\\\/02\\\/Revista-Combarranquilla-1-3-scaled.jpg\",\"articleSection\":[\"CIENCIA Y CULTURA\"],\"inLanguage\":\"es-CO\",\"potentialAction\":[{\"@type\":\"CommentAction\",\"name\":\"Comment\",\"target\":[\"https:\\\/\\\/tuguia.combarranquilla.co\\\/Revista\\\/los-recomendados-de-yoleo-online-dia-internacional-de-la-mujer\\\/#respond\"]}]},{\"@type\":\"WebPage\",\"@id\":\"https:\\\/\\\/tuguia.combarranquilla.co\\\/Revista\\\/los-recomendados-de-yoleo-online-dia-internacional-de-la-mujer\\\/\",\"url\":\"https:\\\/\\\/tuguia.combarranquilla.co\\\/Revista\\\/los-recomendados-de-yoleo-online-dia-internacional-de-la-mujer\\\/\",\"name\":\"Los recomendados de Yoleo.online: D\u00eda Internacional de la Mujer - Tu Gu\u00eda\",\"isPartOf\":{\"@id\":\"https:\\\/\\\/tuguia.combarranquilla.co\\\/Revista\\\/#website\"},\"primaryImageOfPage\":{\"@id\":\"https:\\\/\\\/tuguia.combarranquilla.co\\\/Revista\\\/los-recomendados-de-yoleo-online-dia-internacional-de-la-mujer\\\/#primaryimage\"},\"image\":{\"@id\":\"https:\\\/\\\/tuguia.combarranquilla.co\\\/Revista\\\/los-recomendados-de-yoleo-online-dia-internacional-de-la-mujer\\\/#primaryimage\"},\"thumbnailUrl\":\"https:\\\/\\\/tuguia.combarranquilla.co\\\/Revista\\\/wp-content\\\/uploads\\\/2026\\\/02\\\/Revista-Combarranquilla-1-3-scaled.jpg\",\"datePublished\":\"2026-03-01T12:58:51+00:00\",\"dateModified\":\"2026-03-18T14:21:48+00:00\",\"breadcrumb\":{\"@id\":\"https:\\\/\\\/tuguia.combarranquilla.co\\\/Revista\\\/los-recomendados-de-yoleo-online-dia-internacional-de-la-mujer\\\/#breadcrumb\"},\"inLanguage\":\"es-CO\",\"potentialAction\":[{\"@type\":\"ReadAction\",\"target\":[\"https:\\\/\\\/tuguia.combarranquilla.co\\\/Revista\\\/los-recomendados-de-yoleo-online-dia-internacional-de-la-mujer\\\/\"]}]},{\"@type\":\"ImageObject\",\"inLanguage\":\"es-CO\",\"@id\":\"https:\\\/\\\/tuguia.combarranquilla.co\\\/Revista\\\/los-recomendados-de-yoleo-online-dia-internacional-de-la-mujer\\\/#primaryimage\",\"url\":\"https:\\\/\\\/tuguia.combarranquilla.co\\\/Revista\\\/wp-content\\\/uploads\\\/2026\\\/02\\\/Revista-Combarranquilla-1-3-scaled.jpg\",\"contentUrl\":\"https:\\\/\\\/tuguia.combarranquilla.co\\\/Revista\\\/wp-content\\\/uploads\\\/2026\\\/02\\\/Revista-Combarranquilla-1-3-scaled.jpg\",\"width\":2560,\"height\":1280},{\"@type\":\"BreadcrumbList\",\"@id\":\"https:\\\/\\\/tuguia.combarranquilla.co\\\/Revista\\\/los-recomendados-de-yoleo-online-dia-internacional-de-la-mujer\\\/#breadcrumb\",\"itemListElement\":[{\"@type\":\"ListItem\",\"position\":1,\"name\":\"Inicio\",\"item\":\"https:\\\/\\\/tuguia.combarranquilla.co\\\/Revista\\\/\"},{\"@type\":\"ListItem\",\"position\":2,\"name\":\"Los recomendados de Yoleo.online: D\u00eda Internacional de la Mujer\"}]},{\"@type\":\"WebSite\",\"@id\":\"https:\\\/\\\/tuguia.combarranquilla.co\\\/Revista\\\/#website\",\"url\":\"https:\\\/\\\/tuguia.combarranquilla.co\\\/Revista\\\/\",\"name\":\"Tu Gu\u00eda\",\"description\":\"La revista donde lo tienes todo.\",\"publisher\":{\"@id\":\"https:\\\/\\\/tuguia.combarranquilla.co\\\/Revista\\\/#organization\"},\"alternateName\":\"Tu Gu\u00eda Combarranquilla\",\"potentialAction\":[{\"@type\":\"SearchAction\",\"target\":{\"@type\":\"EntryPoint\",\"urlTemplate\":\"https:\\\/\\\/tuguia.combarranquilla.co\\\/Revista\\\/?s={search_term_string}\"},\"query-input\":{\"@type\":\"PropertyValueSpecification\",\"valueRequired\":true,\"valueName\":\"search_term_string\"}}],\"inLanguage\":\"es-CO\"},{\"@type\":\"Organization\",\"@id\":\"https:\\\/\\\/tuguia.combarranquilla.co\\\/Revista\\\/#organization\",\"name\":\"Tu Gu\u00eda Combarranquilla\",\"url\":\"https:\\\/\\\/tuguia.combarranquilla.co\\\/Revista\\\/\",\"logo\":{\"@type\":\"ImageObject\",\"inLanguage\":\"es-CO\",\"@id\":\"https:\\\/\\\/tuguia.combarranquilla.co\\\/Revista\\\/#\\\/schema\\\/logo\\\/image\\\/\",\"url\":\"https:\\\/\\\/tuguia.combarranquilla.co\\\/Revista\\\/wp-content\\\/uploads\\\/2022\\\/02\\\/logo-guia-combarranquilla.svg\",\"contentUrl\":\"https:\\\/\\\/tuguia.combarranquilla.co\\\/Revista\\\/wp-content\\\/uploads\\\/2022\\\/02\\\/logo-guia-combarranquilla.svg\",\"caption\":\"Tu Gu\u00eda Combarranquilla\"},\"image\":{\"@id\":\"https:\\\/\\\/tuguia.combarranquilla.co\\\/Revista\\\/#\\\/schema\\\/logo\\\/image\\\/\"}},{\"@type\":\"Person\",\"@id\":\"https:\\\/\\\/tuguia.combarranquilla.co\\\/Revista\\\/#\\\/schema\\\/person\\\/c2c396a77170bd1d5f8ba73294eb0d10\",\"name\":\"Comunicaciones Combarranquilla\",\"image\":{\"@type\":\"ImageObject\",\"inLanguage\":\"es-CO\",\"@id\":\"https:\\\/\\\/tuguia.combarranquilla.co\\\/Revista\\\/wp-content\\\/uploads\\\/2025\\\/05\\\/ABC-Al-Rojo-Logo-96x96.jpg\",\"url\":\"https:\\\/\\\/tuguia.combarranquilla.co\\\/Revista\\\/wp-content\\\/uploads\\\/2025\\\/05\\\/ABC-Al-Rojo-Logo-96x96.jpg\",\"contentUrl\":\"https:\\\/\\\/tuguia.combarranquilla.co\\\/Revista\\\/wp-content\\\/uploads\\\/2025\\\/05\\\/ABC-Al-Rojo-Logo-96x96.jpg\",\"caption\":\"Comunicaciones Combarranquilla\"},\"sameAs\":[\"https:\\\/\\\/www.combarranquilla.co\"],\"url\":\"https:\\\/\\\/tuguia.combarranquilla.co\\\/Revista\\\/author\\\/comunicaciones\\\/\"}]}<\/script>\n<!-- \/ Yoast SEO plugin. -->","yoast_head_json":{"title":"Los recomendados de Yoleo.online: D\u00eda Internacional de la Mujer - Tu Gu\u00eda","robots":{"index":"index","follow":"follow","max-snippet":"max-snippet:-1","max-image-preview":"max-image-preview:large","max-video-preview":"max-video-preview:-1"},"canonical":"https:\/\/tuguia.combarranquilla.co\/Revista\/los-recomendados-de-yoleo-online-dia-internacional-de-la-mujer\/","og_locale":"es_ES","og_type":"article","og_title":"Los recomendados de Yoleo.online: D\u00eda Internacional de la Mujer - Tu Gu\u00eda","og_description":"Cada 8 de marzo, todas las mujeres se unen para alzar sus voces en el D\u00eda Internacional de la Mujer. Una jornada mundial que busca visibilizar una historia de resiliencia y lucha por la igualdad de g\u00e9nero. Este a\u00f1o, ONU Mujeres conmemora esta fecha bajo el lema \u201cDerechos. Justicia. Acci\u00f3n. Para TODAS las mujeres y [&hellip;]","og_url":"https:\/\/tuguia.combarranquilla.co\/Revista\/los-recomendados-de-yoleo-online-dia-internacional-de-la-mujer\/","og_site_name":"Tu Gu\u00eda","article_published_time":"2026-03-01T12:58:51+00:00","article_modified_time":"2026-03-18T14:21:48+00:00","og_image":[{"width":2560,"height":1280,"url":"https:\/\/tuguia.combarranquilla.co\/Revista\/wp-content\/uploads\/2026\/02\/Revista-Combarranquilla-1-3-scaled.jpg","type":"image\/jpeg"}],"author":"Comunicaciones Combarranquilla","twitter_card":"summary_large_image","twitter_misc":{"Escrito por":"Comunicaciones Combarranquilla","Tiempo de lectura":"2 minutos"},"schema":{"@context":"https:\/\/schema.org","@graph":[{"@type":"Article","@id":"https:\/\/tuguia.combarranquilla.co\/Revista\/los-recomendados-de-yoleo-online-dia-internacional-de-la-mujer\/#article","isPartOf":{"@id":"https:\/\/tuguia.combarranquilla.co\/Revista\/los-recomendados-de-yoleo-online-dia-internacional-de-la-mujer\/"},"author":{"name":"Comunicaciones Combarranquilla","@id":"https:\/\/tuguia.combarranquilla.co\/Revista\/#\/schema\/person\/c2c396a77170bd1d5f8ba73294eb0d10"},"headline":"Los recomendados de Yoleo.online: D\u00eda Internacional de la Mujer","datePublished":"2026-03-01T12:58:51+00:00","dateModified":"2026-03-18T14:21:48+00:00","mainEntityOfPage":{"@id":"https:\/\/tuguia.combarranquilla.co\/Revista\/los-recomendados-de-yoleo-online-dia-internacional-de-la-mujer\/"},"wordCount":252,"commentCount":0,"publisher":{"@id":"https:\/\/tuguia.combarranquilla.co\/Revista\/#organization"},"image":{"@id":"https:\/\/tuguia.combarranquilla.co\/Revista\/los-recomendados-de-yoleo-online-dia-internacional-de-la-mujer\/#primaryimage"},"thumbnailUrl":"https:\/\/tuguia.combarranquilla.co\/Revista\/wp-content\/uploads\/2026\/02\/Revista-Combarranquilla-1-3-scaled.jpg","articleSection":["CIENCIA Y CULTURA"],"inLanguage":"es-CO","potentialAction":[{"@type":"CommentAction","name":"Comment","target":["https:\/\/tuguia.combarranquilla.co\/Revista\/los-recomendados-de-yoleo-online-dia-internacional-de-la-mujer\/#respond"]}]},{"@type":"WebPage","@id":"https:\/\/tuguia.combarranquilla.co\/Revista\/los-recomendados-de-yoleo-online-dia-internacional-de-la-mujer\/","url":"https:\/\/tuguia.combarranquilla.co\/Revista\/los-recomendados-de-yoleo-online-dia-internacional-de-la-mujer\/","name":"Los recomendados de Yoleo.online: D\u00eda Internacional de la Mujer - Tu Gu\u00eda","isPartOf":{"@id":"https:\/\/tuguia.combarranquilla.co\/Revista\/#website"},"primaryImageOfPage":{"@id":"https:\/\/tuguia.combarranquilla.co\/Revista\/los-recomendados-de-yoleo-online-dia-internacional-de-la-mujer\/#primaryimage"},"image":{"@id":"https:\/\/tuguia.combarranquilla.co\/Revista\/los-recomendados-de-yoleo-online-dia-internacional-de-la-mujer\/#primaryimage"},"thumbnailUrl":"https:\/\/tuguia.combarranquilla.co\/Revista\/wp-content\/uploads\/2026\/02\/Revista-Combarranquilla-1-3-scaled.jpg","datePublished":"2026-03-01T12:58:51+00:00","dateModified":"2026-03-18T14:21:48+00:00","breadcrumb":{"@id":"https:\/\/tuguia.combarranquilla.co\/Revista\/los-recomendados-de-yoleo-online-dia-internacional-de-la-mujer\/#breadcrumb"},"inLanguage":"es-CO","potentialAction":[{"@type":"ReadAction","target":["https:\/\/tuguia.combarranquilla.co\/Revista\/los-recomendados-de-yoleo-online-dia-internacional-de-la-mujer\/"]}]},{"@type":"ImageObject","inLanguage":"es-CO","@id":"https:\/\/tuguia.combarranquilla.co\/Revista\/los-recomendados-de-yoleo-online-dia-internacional-de-la-mujer\/#primaryimage","url":"https:\/\/tuguia.combarranquilla.co\/Revista\/wp-content\/uploads\/2026\/02\/Revista-Combarranquilla-1-3-scaled.jpg","contentUrl":"https:\/\/tuguia.combarranquilla.co\/Revista\/wp-content\/uploads\/2026\/02\/Revista-Combarranquilla-1-3-scaled.jpg","width":2560,"height":1280},{"@type":"BreadcrumbList","@id":"https:\/\/tuguia.combarranquilla.co\/Revista\/los-recomendados-de-yoleo-online-dia-internacional-de-la-mujer\/#breadcrumb","itemListElement":[{"@type":"ListItem","position":1,"name":"Inicio","item":"https:\/\/tuguia.combarranquilla.co\/Revista\/"},{"@type":"ListItem","position":2,"name":"Los recomendados de Yoleo.online: D\u00eda Internacional de la Mujer"}]},{"@type":"WebSite","@id":"https:\/\/tuguia.combarranquilla.co\/Revista\/#website","url":"https:\/\/tuguia.combarranquilla.co\/Revista\/","name":"Tu Gu\u00eda","description":"La revista donde lo tienes todo.","publisher":{"@id":"https:\/\/tuguia.combarranquilla.co\/Revista\/#organization"},"alternateName":"Tu Gu\u00eda Combarranquilla","potentialAction":[{"@type":"SearchAction","target":{"@type":"EntryPoint","urlTemplate":"https:\/\/tuguia.combarranquilla.co\/Revista\/?s={search_term_string}"},"query-input":{"@type":"PropertyValueSpecification","valueRequired":true,"valueName":"search_term_string"}}],"inLanguage":"es-CO"},{"@type":"Organization","@id":"https:\/\/tuguia.combarranquilla.co\/Revista\/#organization","name":"Tu Gu\u00eda Combarranquilla","url":"https:\/\/tuguia.combarranquilla.co\/Revista\/","logo":{"@type":"ImageObject","inLanguage":"es-CO","@id":"https:\/\/tuguia.combarranquilla.co\/Revista\/#\/schema\/logo\/image\/","url":"https:\/\/tuguia.combarranquilla.co\/Revista\/wp-content\/uploads\/2022\/02\/logo-guia-combarranquilla.svg","contentUrl":"https:\/\/tuguia.combarranquilla.co\/Revista\/wp-content\/uploads\/2022\/02\/logo-guia-combarranquilla.svg","caption":"Tu Gu\u00eda Combarranquilla"},"image":{"@id":"https:\/\/tuguia.combarranquilla.co\/Revista\/#\/schema\/logo\/image\/"}},{"@type":"Person","@id":"https:\/\/tuguia.combarranquilla.co\/Revista\/#\/schema\/person\/c2c396a77170bd1d5f8ba73294eb0d10","name":"Comunicaciones Combarranquilla","image":{"@type":"ImageObject","inLanguage":"es-CO","@id":"https:\/\/tuguia.combarranquilla.co\/Revista\/wp-content\/uploads\/2025\/05\/ABC-Al-Rojo-Logo-96x96.jpg","url":"https:\/\/tuguia.combarranquilla.co\/Revista\/wp-content\/uploads\/2025\/05\/ABC-Al-Rojo-Logo-96x96.jpg","contentUrl":"https:\/\/tuguia.combarranquilla.co\/Revista\/wp-content\/uploads\/2025\/05\/ABC-Al-Rojo-Logo-96x96.jpg","caption":"Comunicaciones Combarranquilla"},"sameAs":["https:\/\/www.combarranquilla.co"],"url":"https:\/\/tuguia.combarranquilla.co\/Revista\/author\/comunicaciones\/"}]}},"_links":{"self":[{"href":"https:\/\/tuguia.combarranquilla.co\/Revista\/wp-json\/wp\/v2\/posts\/8754","targetHints":{"allow":["GET"]}}],"collection":[{"href":"https:\/\/tuguia.combarranquilla.co\/Revista\/wp-json\/wp\/v2\/posts"}],"about":[{"href":"https:\/\/tuguia.combarranquilla.co\/Revista\/wp-json\/wp\/v2\/types\/post"}],"author":[{"embeddable":true,"href":"https:\/\/tuguia.combarranquilla.co\/Revista\/wp-json\/wp\/v2\/users\/2"}],"replies":[{"embeddable":true,"href":"https:\/\/tuguia.combarranquilla.co\/Revista\/wp-json\/wp\/v2\/comments?post=8754"}],"version-history":[{"count":10,"href":"https:\/\/tuguia.combarranquilla.co\/Revista\/wp-json\/wp\/v2\/posts\/8754\/revisions"}],"predecessor-version":[{"id":8920,"href":"https:\/\/tuguia.combarranquilla.co\/Revista\/wp-json\/wp\/v2\/posts\/8754\/revisions\/8920"}],"wp:featuredmedia":[{"embeddable":true,"href":"https:\/\/tuguia.combarranquilla.co\/Revista\/wp-json\/wp\/v2\/media\/8832"}],"wp:attachment":[{"href":"https:\/\/tuguia.combarranquilla.co\/Revista\/wp-json\/wp\/v2\/media?parent=8754"}],"wp:term":[{"taxonomy":"category","embeddable":true,"href":"https:\/\/tuguia.combarranquilla.co\/Revista\/wp-json\/wp\/v2\/categories?post=8754"},{"taxonomy":"post_tag","embeddable":true,"href":"https:\/\/tuguia.combarranquilla.co\/Revista\/wp-json\/wp\/v2\/tags?post=8754"}],"curies":[{"name":"wp","href":"https:\/\/api.w.org\/{rel}","templated":true}]}}