{"id":8763,"date":"2026-03-01T07:57:24","date_gmt":"2026-03-01T12:57:24","guid":{"rendered":"https:\/\/tuguia.combarranquilla.co\/Revista\/?p=8763"},"modified":"2026-03-17T16:00:06","modified_gmt":"2026-03-17T21:00:06","slug":"fosfec-un-apoyo-clave-para-trabajadores-ante-el-desempleo","status":"publish","type":"post","link":"https:\/\/tuguia.combarranquilla.co\/Revista\/fosfec-un-apoyo-clave-para-trabajadores-ante-el-desempleo\/","title":{"rendered":"FOSFEC: Un apoyo clave para trabajadores ante el desempleo"},"content":{"rendered":"\n<p>Perder el empleo es un momento que impacta no solo la econom\u00eda del hogar, sino tambi\u00e9n la estabilidad social de las familias. Sin embargo, cuando no hay empleo, contar con mecanismos de respaldo es esencial.<\/p>\n\n\n\n<p>En Colombia, el Fondo de Solidaridad de Fomento al Empleo y Protecci\u00f3n al Cesante (FOSFEC), administrado por las Cajas de Compensaci\u00f3n Familiar, se consolida como un mecanismo que acompa\u00f1a a trabajadores que han quedado sin empleo, brind\u00e1ndoles apoyo econ\u00f3mico, protecci\u00f3n en seguridad social y capacitaci\u00f3n laboral.<\/p>\n\n\n\n<h2 class=\"wp-block-heading has-medium-font-size\"><strong>\u00bfQu\u00e9 es FOSFEC?<\/strong><\/h2>\n\n\n\n<p>FOSFEC no es simplemente un subsidio econ\u00f3mico, es un mecanismo integral de protecci\u00f3n al trabajador cesante, que tiene como objetivo garantizar la protecci\u00f3n social de los trabajadores en caso de quedar desempleados, manteniendo el acceso a salud, el ahorro a pensiones y el acceso a capacitaci\u00f3n laboral. Esto en pro de proteger a los trabajadores m\u00e1s vulnerables, manteniendo la calidad de vida y la formalizaci\u00f3n de los empleos.<\/p>\n\n\n\n<figure class=\"wp-block-image size-large\"><img decoding=\"async\" width=\"2560\" height=\"1439\" data-src=\"https:\/\/tuguia.combarranquilla.co\/Revista\/wp-content\/uploads\/2026\/02\/business-proposal-purchase-hands-holding-money-1-edited-scaled.jpg\" alt=\"\" class=\"wp-image-8768 lazyload\" data-srcset=\"https:\/\/tuguia.combarranquilla.co\/Revista\/wp-content\/uploads\/2026\/02\/business-proposal-purchase-hands-holding-money-1-edited-scaled.jpg 2560w, https:\/\/tuguia.combarranquilla.co\/Revista\/wp-content\/uploads\/2026\/02\/business-proposal-purchase-hands-holding-money-1-edited-300x169.jpg 300w, https:\/\/tuguia.combarranquilla.co\/Revista\/wp-content\/uploads\/2026\/02\/business-proposal-purchase-hands-holding-money-1-edited-1024x576.jpg 1024w, https:\/\/tuguia.combarranquilla.co\/Revista\/wp-content\/uploads\/2026\/02\/business-proposal-purchase-hands-holding-money-1-edited-768x432.jpg 768w, https:\/\/tuguia.combarranquilla.co\/Revista\/wp-content\/uploads\/2026\/02\/business-proposal-purchase-hands-holding-money-1-edited-1536x863.jpg 1536w, https:\/\/tuguia.combarranquilla.co\/Revista\/wp-content\/uploads\/2026\/02\/business-proposal-purchase-hands-holding-money-1-edited-2048x1151.jpg 2048w\" data-sizes=\"(max-width: 2560px) 100vw, 2560px\" src=\"data:image\/svg+xml;base64,PHN2ZyB3aWR0aD0iMSIgaGVpZ2h0PSIxIiB4bWxucz0iaHR0cDovL3d3dy53My5vcmcvMjAwMC9zdmciPjwvc3ZnPg==\" style=\"--smush-placeholder-width: 2560px; --smush-placeholder-aspect-ratio: 2560\/1439;\" \/><\/figure>\n\n\n\n<h2 class=\"wp-block-heading has-medium-font-size\"><strong>\u00bfQui\u00e9nes pueden acceder?<\/strong><\/h2>\n\n\n\n<p>Trabajadores del sector p\u00fablico y privado, dependientes e independientes que hayan realizado aportes a una Caja de Compensaci\u00f3n Familiar.<\/p>\n\n\n\n<p><strong>Beneficios<\/strong><\/p>\n\n\n\n<ul class=\"wp-block-list\">\n<li>Transferencia econ\u00f3mica por 1.5 SMMLV<\/li>\n\n\n\n<li>Pago de salud y pensi\u00f3n calculado sobre 1 SMMLV.<\/li>\n\n\n\n<li>Registro de la hoja de vida en el Servicio P\u00fablico de Empleo.<\/li>\n\n\n\n<li>Servicio de intermediaci\u00f3n laboral.<\/li>\n\n\n\n<li>Capacitaci\u00f3n para la reinserci\u00f3n laboral.<\/li>\n\n\n\n<li>Incentivo por ahorro de cesant\u00edas.<\/li>\n<\/ul>\n\n\n\n<p style=\"font-size:16px\"><strong><em>*Aplican hasta 6 meses del per\u00edodo cesante.<\/em><\/strong><\/p>\n\n\n\n<p>En un mercado laboral donde todo puede cambiar, contar con un apoyo como el subsidio FOSFEC marca la diferencia. M\u00e1s que una ayuda econ\u00f3mica, es un respaldo que les permite a los trabajadores tener estabilidad mientras buscan una nueva oportunidad laboral.<\/p>\n\n\n\n<p>Asimismo, este apoyo les permite a los trabajadores entender que el desempleo es una etapa temporal que puede abrir la puerta a nuevos aprendizajes, cambios y oportunidades laborales.<\/p>\n\n\n\n<p>Conoce m\u00e1s sobre este subsidio y los requisitos para solicitarlo <a href=\"https:\/\/www.combarranquilla.co\/subsidios\/#fosfec\">aqu\u00ed<\/a>.<\/p>\n","protected":false},"excerpt":{"rendered":"<p>Perder el empleo es un momento que impacta no solo la econom\u00eda del hogar, sino tambi\u00e9n la estabilidad social de las familias. Sin embargo, cuando no hay empleo, contar con mecanismos de respaldo es esencial. En Colombia, el Fondo de Solidaridad de Fomento al Empleo y Protecci\u00f3n al Cesante (FOSFEC), administrado por las Cajas de [&hellip;]<\/p>\n","protected":false},"author":2,"featured_media":8765,"comment_status":"open","ping_status":"open","sticky":false,"template":"","format":"standard","meta":{"inline_featured_image":false,"footnotes":""},"categories":[2],"tags":[],"class_list":["post-8763","post","type-post","status-publish","format-standard","has-post-thumbnail","hentry","category-subsidios"],"yoast_head":"<!-- This site is optimized with the Yoast SEO plugin v27.4 - https:\/\/yoast.com\/product\/yoast-seo-wordpress\/ -->\n<title>FOSFEC: Un apoyo clave para trabajadores ante el desempleo - Tu Gu\u00eda<\/title>\n<meta name=\"robots\" content=\"index, follow, max-snippet:-1, max-image-preview:large, max-video-preview:-1\" \/>\n<link rel=\"canonical\" href=\"https:\/\/tuguia.combarranquilla.co\/Revista\/fosfec-un-apoyo-clave-para-trabajadores-ante-el-desempleo\/\" \/>\n<meta property=\"og:locale\" content=\"es_ES\" \/>\n<meta property=\"og:type\" content=\"article\" \/>\n<meta property=\"og:title\" content=\"FOSFEC: Un apoyo clave para trabajadores ante el desempleo - Tu Gu\u00eda\" \/>\n<meta property=\"og:description\" content=\"Perder el empleo es un momento que impacta no solo la econom\u00eda del hogar, sino tambi\u00e9n la estabilidad social de las familias. Sin embargo, cuando no hay empleo, contar con mecanismos de respaldo es esencial. En Colombia, el Fondo de Solidaridad de Fomento al Empleo y Protecci\u00f3n al Cesante (FOSFEC), administrado por las Cajas de [&hellip;]\" \/>\n<meta property=\"og:url\" content=\"https:\/\/tuguia.combarranquilla.co\/Revista\/fosfec-un-apoyo-clave-para-trabajadores-ante-el-desempleo\/\" \/>\n<meta property=\"og:site_name\" content=\"Tu Gu\u00eda\" \/>\n<meta property=\"article:published_time\" content=\"2026-03-01T12:57:24+00:00\" \/>\n<meta property=\"article:modified_time\" content=\"2026-03-17T21:00:06+00:00\" \/>\n<meta property=\"og:image\" content=\"https:\/\/tuguia.combarranquilla.co\/Revista\/wp-content\/uploads\/2026\/02\/Revista-Combarranquilla-2-scaled.jpg\" \/>\n\t<meta property=\"og:image:width\" content=\"2560\" \/>\n\t<meta property=\"og:image:height\" content=\"1280\" \/>\n\t<meta property=\"og:image:type\" content=\"image\/jpeg\" \/>\n<meta name=\"author\" content=\"Comunicaciones Combarranquilla\" \/>\n<meta name=\"twitter:card\" content=\"summary_large_image\" \/>\n<meta name=\"twitter:label1\" content=\"Escrito por\" \/>\n\t<meta name=\"twitter:data1\" content=\"Comunicaciones Combarranquilla\" \/>\n\t<meta name=\"twitter:label2\" content=\"Tiempo de lectura\" \/>\n\t<meta name=\"twitter:data2\" content=\"2 minutos\" \/>\n<script type=\"application\/ld+json\" class=\"yoast-schema-graph\">{\"@context\":\"https:\\\/\\\/schema.org\",\"@graph\":[{\"@type\":\"Article\",\"@id\":\"https:\\\/\\\/tuguia.combarranquilla.co\\\/Revista\\\/fosfec-un-apoyo-clave-para-trabajadores-ante-el-desempleo\\\/#article\",\"isPartOf\":{\"@id\":\"https:\\\/\\\/tuguia.combarranquilla.co\\\/Revista\\\/fosfec-un-apoyo-clave-para-trabajadores-ante-el-desempleo\\\/\"},\"author\":{\"name\":\"Comunicaciones Combarranquilla\",\"@id\":\"https:\\\/\\\/tuguia.combarranquilla.co\\\/Revista\\\/#\\\/schema\\\/person\\\/c2c396a77170bd1d5f8ba73294eb0d10\"},\"headline\":\"FOSFEC: Un apoyo clave para trabajadores ante el desempleo\",\"datePublished\":\"2026-03-01T12:57:24+00:00\",\"dateModified\":\"2026-03-17T21:00:06+00:00\",\"mainEntityOfPage\":{\"@id\":\"https:\\\/\\\/tuguia.combarranquilla.co\\\/Revista\\\/fosfec-un-apoyo-clave-para-trabajadores-ante-el-desempleo\\\/\"},\"wordCount\":337,\"commentCount\":0,\"publisher\":{\"@id\":\"https:\\\/\\\/tuguia.combarranquilla.co\\\/Revista\\\/#organization\"},\"image\":{\"@id\":\"https:\\\/\\\/tuguia.combarranquilla.co\\\/Revista\\\/fosfec-un-apoyo-clave-para-trabajadores-ante-el-desempleo\\\/#primaryimage\"},\"thumbnailUrl\":\"https:\\\/\\\/tuguia.combarranquilla.co\\\/Revista\\\/wp-content\\\/uploads\\\/2026\\\/02\\\/Revista-Combarranquilla-2-scaled.jpg\",\"articleSection\":[\"SUBSIDIOS\"],\"inLanguage\":\"es-CO\",\"potentialAction\":[{\"@type\":\"CommentAction\",\"name\":\"Comment\",\"target\":[\"https:\\\/\\\/tuguia.combarranquilla.co\\\/Revista\\\/fosfec-un-apoyo-clave-para-trabajadores-ante-el-desempleo\\\/#respond\"]}]},{\"@type\":\"WebPage\",\"@id\":\"https:\\\/\\\/tuguia.combarranquilla.co\\\/Revista\\\/fosfec-un-apoyo-clave-para-trabajadores-ante-el-desempleo\\\/\",\"url\":\"https:\\\/\\\/tuguia.combarranquilla.co\\\/Revista\\\/fosfec-un-apoyo-clave-para-trabajadores-ante-el-desempleo\\\/\",\"name\":\"FOSFEC: Un apoyo clave para trabajadores ante el desempleo - Tu Gu\u00eda\",\"isPartOf\":{\"@id\":\"https:\\\/\\\/tuguia.combarranquilla.co\\\/Revista\\\/#website\"},\"primaryImageOfPage\":{\"@id\":\"https:\\\/\\\/tuguia.combarranquilla.co\\\/Revista\\\/fosfec-un-apoyo-clave-para-trabajadores-ante-el-desempleo\\\/#primaryimage\"},\"image\":{\"@id\":\"https:\\\/\\\/tuguia.combarranquilla.co\\\/Revista\\\/fosfec-un-apoyo-clave-para-trabajadores-ante-el-desempleo\\\/#primaryimage\"},\"thumbnailUrl\":\"https:\\\/\\\/tuguia.combarranquilla.co\\\/Revista\\\/wp-content\\\/uploads\\\/2026\\\/02\\\/Revista-Combarranquilla-2-scaled.jpg\",\"datePublished\":\"2026-03-01T12:57:24+00:00\",\"dateModified\":\"2026-03-17T21:00:06+00:00\",\"breadcrumb\":{\"@id\":\"https:\\\/\\\/tuguia.combarranquilla.co\\\/Revista\\\/fosfec-un-apoyo-clave-para-trabajadores-ante-el-desempleo\\\/#breadcrumb\"},\"inLanguage\":\"es-CO\",\"potentialAction\":[{\"@type\":\"ReadAction\",\"target\":[\"https:\\\/\\\/tuguia.combarranquilla.co\\\/Revista\\\/fosfec-un-apoyo-clave-para-trabajadores-ante-el-desempleo\\\/\"]}]},{\"@type\":\"ImageObject\",\"inLanguage\":\"es-CO\",\"@id\":\"https:\\\/\\\/tuguia.combarranquilla.co\\\/Revista\\\/fosfec-un-apoyo-clave-para-trabajadores-ante-el-desempleo\\\/#primaryimage\",\"url\":\"https:\\\/\\\/tuguia.combarranquilla.co\\\/Revista\\\/wp-content\\\/uploads\\\/2026\\\/02\\\/Revista-Combarranquilla-2-scaled.jpg\",\"contentUrl\":\"https:\\\/\\\/tuguia.combarranquilla.co\\\/Revista\\\/wp-content\\\/uploads\\\/2026\\\/02\\\/Revista-Combarranquilla-2-scaled.jpg\",\"width\":2560,\"height\":1280},{\"@type\":\"BreadcrumbList\",\"@id\":\"https:\\\/\\\/tuguia.combarranquilla.co\\\/Revista\\\/fosfec-un-apoyo-clave-para-trabajadores-ante-el-desempleo\\\/#breadcrumb\",\"itemListElement\":[{\"@type\":\"ListItem\",\"position\":1,\"name\":\"Inicio\",\"item\":\"https:\\\/\\\/tuguia.combarranquilla.co\\\/Revista\\\/\"},{\"@type\":\"ListItem\",\"position\":2,\"name\":\"FOSFEC: Un apoyo clave para trabajadores ante el desempleo\"}]},{\"@type\":\"WebSite\",\"@id\":\"https:\\\/\\\/tuguia.combarranquilla.co\\\/Revista\\\/#website\",\"url\":\"https:\\\/\\\/tuguia.combarranquilla.co\\\/Revista\\\/\",\"name\":\"Tu Gu\u00eda\",\"description\":\"La revista donde lo tienes todo.\",\"publisher\":{\"@id\":\"https:\\\/\\\/tuguia.combarranquilla.co\\\/Revista\\\/#organization\"},\"alternateName\":\"Tu Gu\u00eda Combarranquilla\",\"potentialAction\":[{\"@type\":\"SearchAction\",\"target\":{\"@type\":\"EntryPoint\",\"urlTemplate\":\"https:\\\/\\\/tuguia.combarranquilla.co\\\/Revista\\\/?s={search_term_string}\"},\"query-input\":{\"@type\":\"PropertyValueSpecification\",\"valueRequired\":true,\"valueName\":\"search_term_string\"}}],\"inLanguage\":\"es-CO\"},{\"@type\":\"Organization\",\"@id\":\"https:\\\/\\\/tuguia.combarranquilla.co\\\/Revista\\\/#organization\",\"name\":\"Tu Gu\u00eda Combarranquilla\",\"url\":\"https:\\\/\\\/tuguia.combarranquilla.co\\\/Revista\\\/\",\"logo\":{\"@type\":\"ImageObject\",\"inLanguage\":\"es-CO\",\"@id\":\"https:\\\/\\\/tuguia.combarranquilla.co\\\/Revista\\\/#\\\/schema\\\/logo\\\/image\\\/\",\"url\":\"https:\\\/\\\/tuguia.combarranquilla.co\\\/Revista\\\/wp-content\\\/uploads\\\/2022\\\/02\\\/logo-guia-combarranquilla.svg\",\"contentUrl\":\"https:\\\/\\\/tuguia.combarranquilla.co\\\/Revista\\\/wp-content\\\/uploads\\\/2022\\\/02\\\/logo-guia-combarranquilla.svg\",\"caption\":\"Tu Gu\u00eda Combarranquilla\"},\"image\":{\"@id\":\"https:\\\/\\\/tuguia.combarranquilla.co\\\/Revista\\\/#\\\/schema\\\/logo\\\/image\\\/\"}},{\"@type\":\"Person\",\"@id\":\"https:\\\/\\\/tuguia.combarranquilla.co\\\/Revista\\\/#\\\/schema\\\/person\\\/c2c396a77170bd1d5f8ba73294eb0d10\",\"name\":\"Comunicaciones Combarranquilla\",\"image\":{\"@type\":\"ImageObject\",\"inLanguage\":\"es-CO\",\"@id\":\"https:\\\/\\\/tuguia.combarranquilla.co\\\/Revista\\\/wp-content\\\/uploads\\\/2025\\\/05\\\/ABC-Al-Rojo-Logo-96x96.jpg\",\"url\":\"https:\\\/\\\/tuguia.combarranquilla.co\\\/Revista\\\/wp-content\\\/uploads\\\/2025\\\/05\\\/ABC-Al-Rojo-Logo-96x96.jpg\",\"contentUrl\":\"https:\\\/\\\/tuguia.combarranquilla.co\\\/Revista\\\/wp-content\\\/uploads\\\/2025\\\/05\\\/ABC-Al-Rojo-Logo-96x96.jpg\",\"caption\":\"Comunicaciones Combarranquilla\"},\"sameAs\":[\"https:\\\/\\\/www.combarranquilla.co\"],\"url\":\"https:\\\/\\\/tuguia.combarranquilla.co\\\/Revista\\\/author\\\/comunicaciones\\\/\"}]}<\/script>\n<!-- \/ Yoast SEO plugin. -->","yoast_head_json":{"title":"FOSFEC: Un apoyo clave para trabajadores ante el desempleo - Tu Gu\u00eda","robots":{"index":"index","follow":"follow","max-snippet":"max-snippet:-1","max-image-preview":"max-image-preview:large","max-video-preview":"max-video-preview:-1"},"canonical":"https:\/\/tuguia.combarranquilla.co\/Revista\/fosfec-un-apoyo-clave-para-trabajadores-ante-el-desempleo\/","og_locale":"es_ES","og_type":"article","og_title":"FOSFEC: Un apoyo clave para trabajadores ante el desempleo - Tu Gu\u00eda","og_description":"Perder el empleo es un momento que impacta no solo la econom\u00eda del hogar, sino tambi\u00e9n la estabilidad social de las familias. Sin embargo, cuando no hay empleo, contar con mecanismos de respaldo es esencial. En Colombia, el Fondo de Solidaridad de Fomento al Empleo y Protecci\u00f3n al Cesante (FOSFEC), administrado por las Cajas de [&hellip;]","og_url":"https:\/\/tuguia.combarranquilla.co\/Revista\/fosfec-un-apoyo-clave-para-trabajadores-ante-el-desempleo\/","og_site_name":"Tu Gu\u00eda","article_published_time":"2026-03-01T12:57:24+00:00","article_modified_time":"2026-03-17T21:00:06+00:00","og_image":[{"width":2560,"height":1280,"url":"https:\/\/tuguia.combarranquilla.co\/Revista\/wp-content\/uploads\/2026\/02\/Revista-Combarranquilla-2-scaled.jpg","type":"image\/jpeg"}],"author":"Comunicaciones Combarranquilla","twitter_card":"summary_large_image","twitter_misc":{"Escrito por":"Comunicaciones Combarranquilla","Tiempo de lectura":"2 minutos"},"schema":{"@context":"https:\/\/schema.org","@graph":[{"@type":"Article","@id":"https:\/\/tuguia.combarranquilla.co\/Revista\/fosfec-un-apoyo-clave-para-trabajadores-ante-el-desempleo\/#article","isPartOf":{"@id":"https:\/\/tuguia.combarranquilla.co\/Revista\/fosfec-un-apoyo-clave-para-trabajadores-ante-el-desempleo\/"},"author":{"name":"Comunicaciones Combarranquilla","@id":"https:\/\/tuguia.combarranquilla.co\/Revista\/#\/schema\/person\/c2c396a77170bd1d5f8ba73294eb0d10"},"headline":"FOSFEC: Un apoyo clave para trabajadores ante el desempleo","datePublished":"2026-03-01T12:57:24+00:00","dateModified":"2026-03-17T21:00:06+00:00","mainEntityOfPage":{"@id":"https:\/\/tuguia.combarranquilla.co\/Revista\/fosfec-un-apoyo-clave-para-trabajadores-ante-el-desempleo\/"},"wordCount":337,"commentCount":0,"publisher":{"@id":"https:\/\/tuguia.combarranquilla.co\/Revista\/#organization"},"image":{"@id":"https:\/\/tuguia.combarranquilla.co\/Revista\/fosfec-un-apoyo-clave-para-trabajadores-ante-el-desempleo\/#primaryimage"},"thumbnailUrl":"https:\/\/tuguia.combarranquilla.co\/Revista\/wp-content\/uploads\/2026\/02\/Revista-Combarranquilla-2-scaled.jpg","articleSection":["SUBSIDIOS"],"inLanguage":"es-CO","potentialAction":[{"@type":"CommentAction","name":"Comment","target":["https:\/\/tuguia.combarranquilla.co\/Revista\/fosfec-un-apoyo-clave-para-trabajadores-ante-el-desempleo\/#respond"]}]},{"@type":"WebPage","@id":"https:\/\/tuguia.combarranquilla.co\/Revista\/fosfec-un-apoyo-clave-para-trabajadores-ante-el-desempleo\/","url":"https:\/\/tuguia.combarranquilla.co\/Revista\/fosfec-un-apoyo-clave-para-trabajadores-ante-el-desempleo\/","name":"FOSFEC: Un apoyo clave para trabajadores ante el desempleo - Tu Gu\u00eda","isPartOf":{"@id":"https:\/\/tuguia.combarranquilla.co\/Revista\/#website"},"primaryImageOfPage":{"@id":"https:\/\/tuguia.combarranquilla.co\/Revista\/fosfec-un-apoyo-clave-para-trabajadores-ante-el-desempleo\/#primaryimage"},"image":{"@id":"https:\/\/tuguia.combarranquilla.co\/Revista\/fosfec-un-apoyo-clave-para-trabajadores-ante-el-desempleo\/#primaryimage"},"thumbnailUrl":"https:\/\/tuguia.combarranquilla.co\/Revista\/wp-content\/uploads\/2026\/02\/Revista-Combarranquilla-2-scaled.jpg","datePublished":"2026-03-01T12:57:24+00:00","dateModified":"2026-03-17T21:00:06+00:00","breadcrumb":{"@id":"https:\/\/tuguia.combarranquilla.co\/Revista\/fosfec-un-apoyo-clave-para-trabajadores-ante-el-desempleo\/#breadcrumb"},"inLanguage":"es-CO","potentialAction":[{"@type":"ReadAction","target":["https:\/\/tuguia.combarranquilla.co\/Revista\/fosfec-un-apoyo-clave-para-trabajadores-ante-el-desempleo\/"]}]},{"@type":"ImageObject","inLanguage":"es-CO","@id":"https:\/\/tuguia.combarranquilla.co\/Revista\/fosfec-un-apoyo-clave-para-trabajadores-ante-el-desempleo\/#primaryimage","url":"https:\/\/tuguia.combarranquilla.co\/Revista\/wp-content\/uploads\/2026\/02\/Revista-Combarranquilla-2-scaled.jpg","contentUrl":"https:\/\/tuguia.combarranquilla.co\/Revista\/wp-content\/uploads\/2026\/02\/Revista-Combarranquilla-2-scaled.jpg","width":2560,"height":1280},{"@type":"BreadcrumbList","@id":"https:\/\/tuguia.combarranquilla.co\/Revista\/fosfec-un-apoyo-clave-para-trabajadores-ante-el-desempleo\/#breadcrumb","itemListElement":[{"@type":"ListItem","position":1,"name":"Inicio","item":"https:\/\/tuguia.combarranquilla.co\/Revista\/"},{"@type":"ListItem","position":2,"name":"FOSFEC: Un apoyo clave para trabajadores ante el desempleo"}]},{"@type":"WebSite","@id":"https:\/\/tuguia.combarranquilla.co\/Revista\/#website","url":"https:\/\/tuguia.combarranquilla.co\/Revista\/","name":"Tu Gu\u00eda","description":"La revista donde lo tienes todo.","publisher":{"@id":"https:\/\/tuguia.combarranquilla.co\/Revista\/#organization"},"alternateName":"Tu Gu\u00eda Combarranquilla","potentialAction":[{"@type":"SearchAction","target":{"@type":"EntryPoint","urlTemplate":"https:\/\/tuguia.combarranquilla.co\/Revista\/?s={search_term_string}"},"query-input":{"@type":"PropertyValueSpecification","valueRequired":true,"valueName":"search_term_string"}}],"inLanguage":"es-CO"},{"@type":"Organization","@id":"https:\/\/tuguia.combarranquilla.co\/Revista\/#organization","name":"Tu Gu\u00eda Combarranquilla","url":"https:\/\/tuguia.combarranquilla.co\/Revista\/","logo":{"@type":"ImageObject","inLanguage":"es-CO","@id":"https:\/\/tuguia.combarranquilla.co\/Revista\/#\/schema\/logo\/image\/","url":"https:\/\/tuguia.combarranquilla.co\/Revista\/wp-content\/uploads\/2022\/02\/logo-guia-combarranquilla.svg","contentUrl":"https:\/\/tuguia.combarranquilla.co\/Revista\/wp-content\/uploads\/2022\/02\/logo-guia-combarranquilla.svg","caption":"Tu Gu\u00eda Combarranquilla"},"image":{"@id":"https:\/\/tuguia.combarranquilla.co\/Revista\/#\/schema\/logo\/image\/"}},{"@type":"Person","@id":"https:\/\/tuguia.combarranquilla.co\/Revista\/#\/schema\/person\/c2c396a77170bd1d5f8ba73294eb0d10","name":"Comunicaciones Combarranquilla","image":{"@type":"ImageObject","inLanguage":"es-CO","@id":"https:\/\/tuguia.combarranquilla.co\/Revista\/wp-content\/uploads\/2025\/05\/ABC-Al-Rojo-Logo-96x96.jpg","url":"https:\/\/tuguia.combarranquilla.co\/Revista\/wp-content\/uploads\/2025\/05\/ABC-Al-Rojo-Logo-96x96.jpg","contentUrl":"https:\/\/tuguia.combarranquilla.co\/Revista\/wp-content\/uploads\/2025\/05\/ABC-Al-Rojo-Logo-96x96.jpg","caption":"Comunicaciones Combarranquilla"},"sameAs":["https:\/\/www.combarranquilla.co"],"url":"https:\/\/tuguia.combarranquilla.co\/Revista\/author\/comunicaciones\/"}]}},"_links":{"self":[{"href":"https:\/\/tuguia.combarranquilla.co\/Revista\/wp-json\/wp\/v2\/posts\/8763","targetHints":{"allow":["GET"]}}],"collection":[{"href":"https:\/\/tuguia.combarranquilla.co\/Revista\/wp-json\/wp\/v2\/posts"}],"about":[{"href":"https:\/\/tuguia.combarranquilla.co\/Revista\/wp-json\/wp\/v2\/types\/post"}],"author":[{"embeddable":true,"href":"https:\/\/tuguia.combarranquilla.co\/Revista\/wp-json\/wp\/v2\/users\/2"}],"replies":[{"embeddable":true,"href":"https:\/\/tuguia.combarranquilla.co\/Revista\/wp-json\/wp\/v2\/comments?post=8763"}],"version-history":[{"count":5,"href":"https:\/\/tuguia.combarranquilla.co\/Revista\/wp-json\/wp\/v2\/posts\/8763\/revisions"}],"predecessor-version":[{"id":8917,"href":"https:\/\/tuguia.combarranquilla.co\/Revista\/wp-json\/wp\/v2\/posts\/8763\/revisions\/8917"}],"wp:featuredmedia":[{"embeddable":true,"href":"https:\/\/tuguia.combarranquilla.co\/Revista\/wp-json\/wp\/v2\/media\/8765"}],"wp:attachment":[{"href":"https:\/\/tuguia.combarranquilla.co\/Revista\/wp-json\/wp\/v2\/media?parent=8763"}],"wp:term":[{"taxonomy":"category","embeddable":true,"href":"https:\/\/tuguia.combarranquilla.co\/Revista\/wp-json\/wp\/v2\/categories?post=8763"},{"taxonomy":"post_tag","embeddable":true,"href":"https:\/\/tuguia.combarranquilla.co\/Revista\/wp-json\/wp\/v2\/tags?post=8763"}],"curies":[{"name":"wp","href":"https:\/\/api.w.org\/{rel}","templated":true}]}}