{"id":8771,"date":"2026-03-01T07:57:56","date_gmt":"2026-03-01T12:57:56","guid":{"rendered":"https:\/\/tuguia.combarranquilla.co\/Revista\/?p=8771"},"modified":"2026-03-10T08:08:09","modified_gmt":"2026-03-10T13:08:09","slug":"induccion-a-programas-tecnicos-laborales-2026-del-centro-de-formacion-combarranquilla","status":"publish","type":"post","link":"https:\/\/tuguia.combarranquilla.co\/Revista\/induccion-a-programas-tecnicos-laborales-2026-del-centro-de-formacion-combarranquilla\/","title":{"rendered":"Inducci\u00f3n a Programas T\u00e9cnicos Laborales 2026 del Centro de Formaci\u00f3n Combarranquilla"},"content":{"rendered":"\n<p>El pasado 2 de febrero, el Centro de Formaci\u00f3n Combarranquilla dio la bienvenida a m\u00e1s de 200 j\u00f3venes y adultos que se matricularon en los Programas T\u00e9cnicos Laborales ofrecidos este 2026.<\/p>\n\n\n\n<p>Al inicio del evento, Ivanna Campo, ejecutiva de Programas de Formaci\u00f3n Laboral, destac\u00f3 la importancia de contar con herramientas para fortalecer el futuro de todos los presentes. &#8220;El Centro de Formaci\u00f3n es una instituci\u00f3n de calidad que les ofrece la oportunidad de ingresar al mercado laboral con \u00e9xito&#8221;, coment\u00f3.<\/p>\n\n\n\n<p>Por su parte, Norella Arenas, coordinadora del Centro de Formaci\u00f3n, explic\u00f3 todos los beneficios que tienen los Programas T\u00e9cnicos Laborales de Combarranquilla y alent\u00f3 a los futuros estudiantes a esforzarse durante esta formaci\u00f3n t\u00e9cnica integral ofrecida por la Caja de Compensaci\u00f3n.<\/p>\n\n\n<div class=\"wp-block-image\">\n<figure class=\"aligncenter size-full is-resized\"><img decoding=\"async\" width=\"2560\" height=\"1707\" data-src=\"https:\/\/tuguia.combarranquilla.co\/Revista\/wp-content\/uploads\/2026\/03\/DSC_1347-scaled.jpg\" alt=\"\" class=\"wp-image-8874 lazyload\" style=\"--smush-placeholder-width: 2560px; --smush-placeholder-aspect-ratio: 2560\/1707;width:800px\" data-srcset=\"https:\/\/tuguia.combarranquilla.co\/Revista\/wp-content\/uploads\/2026\/03\/DSC_1347-scaled.jpg 2560w, https:\/\/tuguia.combarranquilla.co\/Revista\/wp-content\/uploads\/2026\/03\/DSC_1347-300x200.jpg 300w, https:\/\/tuguia.combarranquilla.co\/Revista\/wp-content\/uploads\/2026\/03\/DSC_1347-1024x683.jpg 1024w, https:\/\/tuguia.combarranquilla.co\/Revista\/wp-content\/uploads\/2026\/03\/DSC_1347-768x512.jpg 768w, https:\/\/tuguia.combarranquilla.co\/Revista\/wp-content\/uploads\/2026\/03\/DSC_1347-1536x1024.jpg 1536w, https:\/\/tuguia.combarranquilla.co\/Revista\/wp-content\/uploads\/2026\/03\/DSC_1347-2048x1365.jpg 2048w\" data-sizes=\"(max-width: 2560px) 100vw, 2560px\" src=\"data:image\/svg+xml;base64,PHN2ZyB3aWR0aD0iMSIgaGVpZ2h0PSIxIiB4bWxucz0iaHR0cDovL3d3dy53My5vcmcvMjAwMC9zdmciPjwvc3ZnPg==\" \/><\/figure><\/div>\n\n\n<p>La inducci\u00f3n tambi\u00e9n cont\u00f3 con la presencia de Paola Marchena, gestora empresarial, quien inform\u00f3 a los participantes sobre la ruta de empleabilidad a seguir con la Agencia de Empleo de Combarranquilla. Este es un factor clave para el futuro profesional de cada estudiante.<\/p>\n\n\n\n<p>El evento de bienvenida cerr\u00f3 con una sorpresa: una toma carnavalera de las marimondas de la Caja. Todos bailaron al ritmo de la cumbia, llenos de alegr\u00eda y metas por cumplir. &#8220;Estoy aqu\u00ed motivada por querer seguir aprendiendo cada d\u00eda m\u00e1s y expandir mis conocimientos&#8221;, explic\u00f3 Michel M\u00e9ndez, auxiliar de aduanas.<\/p>\n\n\n\n<p>En Combarranquilla, los Programas T\u00e9cnicos Laborales son puertas hacia el progreso. Fomentar una cultura que crezca a trav\u00e9s de la educaci\u00f3n es la premisa que mueve nuestro prop\u00f3sito. Felicitamos a nuestros estudiantes porque demuestran que siempre es posible transformar vidas.<\/p>\n","protected":false},"excerpt":{"rendered":"<p>El pasado 2 de febrero, el Centro de Formaci\u00f3n Combarranquilla dio la bienvenida a m\u00e1s de 200 j\u00f3venes y adultos que se matricularon en los Programas T\u00e9cnicos Laborales ofrecidos este 2026. Al inicio del evento, Ivanna Campo, ejecutiva de Programas de Formaci\u00f3n Laboral, destac\u00f3 la importancia de contar con herramientas para fortalecer el futuro de [&hellip;]<\/p>\n","protected":false},"author":2,"featured_media":8873,"comment_status":"open","ping_status":"open","sticky":false,"template":"","format":"standard","meta":{"inline_featured_image":false,"footnotes":""},"categories":[8],"tags":[],"class_list":["post-8771","post","type-post","status-publish","format-standard","has-post-thumbnail","hentry","category-formacion"],"yoast_head":"<!-- This site is optimized with the Yoast SEO plugin v27.4 - https:\/\/yoast.com\/product\/yoast-seo-wordpress\/ -->\n<title>Inducci\u00f3n a Programas T\u00e9cnicos Laborales 2026 del Centro de Formaci\u00f3n Combarranquilla - Tu Gu\u00eda<\/title>\n<meta name=\"robots\" content=\"index, follow, max-snippet:-1, max-image-preview:large, max-video-preview:-1\" \/>\n<link rel=\"canonical\" href=\"https:\/\/tuguia.combarranquilla.co\/Revista\/induccion-a-programas-tecnicos-laborales-2026-del-centro-de-formacion-combarranquilla\/\" \/>\n<meta property=\"og:locale\" content=\"es_ES\" \/>\n<meta property=\"og:type\" content=\"article\" \/>\n<meta property=\"og:title\" content=\"Inducci\u00f3n a Programas T\u00e9cnicos Laborales 2026 del Centro de Formaci\u00f3n Combarranquilla - Tu Gu\u00eda\" \/>\n<meta property=\"og:description\" content=\"El pasado 2 de febrero, el Centro de Formaci\u00f3n Combarranquilla dio la bienvenida a m\u00e1s de 200 j\u00f3venes y adultos que se matricularon en los Programas T\u00e9cnicos Laborales ofrecidos este 2026. Al inicio del evento, Ivanna Campo, ejecutiva de Programas de Formaci\u00f3n Laboral, destac\u00f3 la importancia de contar con herramientas para fortalecer el futuro de [&hellip;]\" \/>\n<meta property=\"og:url\" content=\"https:\/\/tuguia.combarranquilla.co\/Revista\/induccion-a-programas-tecnicos-laborales-2026-del-centro-de-formacion-combarranquilla\/\" \/>\n<meta property=\"og:site_name\" content=\"Tu Gu\u00eda\" \/>\n<meta property=\"article:published_time\" content=\"2026-03-01T12:57:56+00:00\" \/>\n<meta property=\"article:modified_time\" content=\"2026-03-10T13:08:09+00:00\" \/>\n<meta property=\"og:image\" content=\"https:\/\/tuguia.combarranquilla.co\/Revista\/wp-content\/uploads\/2026\/03\/Revista-Combarranquilla-1-scaled.jpg\" \/>\n\t<meta property=\"og:image:width\" content=\"2560\" \/>\n\t<meta property=\"og:image:height\" content=\"1280\" \/>\n\t<meta property=\"og:image:type\" content=\"image\/jpeg\" \/>\n<meta name=\"author\" content=\"Comunicaciones Combarranquilla\" \/>\n<meta name=\"twitter:card\" content=\"summary_large_image\" \/>\n<meta name=\"twitter:label1\" content=\"Escrito por\" \/>\n\t<meta name=\"twitter:data1\" content=\"Comunicaciones Combarranquilla\" \/>\n\t<meta name=\"twitter:label2\" content=\"Tiempo de lectura\" \/>\n\t<meta name=\"twitter:data2\" content=\"2 minutos\" \/>\n<script type=\"application\/ld+json\" class=\"yoast-schema-graph\">{\"@context\":\"https:\\\/\\\/schema.org\",\"@graph\":[{\"@type\":\"Article\",\"@id\":\"https:\\\/\\\/tuguia.combarranquilla.co\\\/Revista\\\/induccion-a-programas-tecnicos-laborales-2026-del-centro-de-formacion-combarranquilla\\\/#article\",\"isPartOf\":{\"@id\":\"https:\\\/\\\/tuguia.combarranquilla.co\\\/Revista\\\/induccion-a-programas-tecnicos-laborales-2026-del-centro-de-formacion-combarranquilla\\\/\"},\"author\":{\"name\":\"Comunicaciones Combarranquilla\",\"@id\":\"https:\\\/\\\/tuguia.combarranquilla.co\\\/Revista\\\/#\\\/schema\\\/person\\\/c2c396a77170bd1d5f8ba73294eb0d10\"},\"headline\":\"Inducci\u00f3n a Programas T\u00e9cnicos Laborales 2026 del Centro de Formaci\u00f3n Combarranquilla\",\"datePublished\":\"2026-03-01T12:57:56+00:00\",\"dateModified\":\"2026-03-10T13:08:09+00:00\",\"mainEntityOfPage\":{\"@id\":\"https:\\\/\\\/tuguia.combarranquilla.co\\\/Revista\\\/induccion-a-programas-tecnicos-laborales-2026-del-centro-de-formacion-combarranquilla\\\/\"},\"wordCount\":287,\"commentCount\":0,\"publisher\":{\"@id\":\"https:\\\/\\\/tuguia.combarranquilla.co\\\/Revista\\\/#organization\"},\"image\":{\"@id\":\"https:\\\/\\\/tuguia.combarranquilla.co\\\/Revista\\\/induccion-a-programas-tecnicos-laborales-2026-del-centro-de-formacion-combarranquilla\\\/#primaryimage\"},\"thumbnailUrl\":\"https:\\\/\\\/tuguia.combarranquilla.co\\\/Revista\\\/wp-content\\\/uploads\\\/2026\\\/03\\\/Revista-Combarranquilla-1-scaled.jpg\",\"articleSection\":[\"FORMACI\u00d3N\"],\"inLanguage\":\"es-CO\",\"potentialAction\":[{\"@type\":\"CommentAction\",\"name\":\"Comment\",\"target\":[\"https:\\\/\\\/tuguia.combarranquilla.co\\\/Revista\\\/induccion-a-programas-tecnicos-laborales-2026-del-centro-de-formacion-combarranquilla\\\/#respond\"]}]},{\"@type\":\"WebPage\",\"@id\":\"https:\\\/\\\/tuguia.combarranquilla.co\\\/Revista\\\/induccion-a-programas-tecnicos-laborales-2026-del-centro-de-formacion-combarranquilla\\\/\",\"url\":\"https:\\\/\\\/tuguia.combarranquilla.co\\\/Revista\\\/induccion-a-programas-tecnicos-laborales-2026-del-centro-de-formacion-combarranquilla\\\/\",\"name\":\"Inducci\u00f3n a Programas T\u00e9cnicos Laborales 2026 del Centro de Formaci\u00f3n Combarranquilla - Tu Gu\u00eda\",\"isPartOf\":{\"@id\":\"https:\\\/\\\/tuguia.combarranquilla.co\\\/Revista\\\/#website\"},\"primaryImageOfPage\":{\"@id\":\"https:\\\/\\\/tuguia.combarranquilla.co\\\/Revista\\\/induccion-a-programas-tecnicos-laborales-2026-del-centro-de-formacion-combarranquilla\\\/#primaryimage\"},\"image\":{\"@id\":\"https:\\\/\\\/tuguia.combarranquilla.co\\\/Revista\\\/induccion-a-programas-tecnicos-laborales-2026-del-centro-de-formacion-combarranquilla\\\/#primaryimage\"},\"thumbnailUrl\":\"https:\\\/\\\/tuguia.combarranquilla.co\\\/Revista\\\/wp-content\\\/uploads\\\/2026\\\/03\\\/Revista-Combarranquilla-1-scaled.jpg\",\"datePublished\":\"2026-03-01T12:57:56+00:00\",\"dateModified\":\"2026-03-10T13:08:09+00:00\",\"breadcrumb\":{\"@id\":\"https:\\\/\\\/tuguia.combarranquilla.co\\\/Revista\\\/induccion-a-programas-tecnicos-laborales-2026-del-centro-de-formacion-combarranquilla\\\/#breadcrumb\"},\"inLanguage\":\"es-CO\",\"potentialAction\":[{\"@type\":\"ReadAction\",\"target\":[\"https:\\\/\\\/tuguia.combarranquilla.co\\\/Revista\\\/induccion-a-programas-tecnicos-laborales-2026-del-centro-de-formacion-combarranquilla\\\/\"]}]},{\"@type\":\"ImageObject\",\"inLanguage\":\"es-CO\",\"@id\":\"https:\\\/\\\/tuguia.combarranquilla.co\\\/Revista\\\/induccion-a-programas-tecnicos-laborales-2026-del-centro-de-formacion-combarranquilla\\\/#primaryimage\",\"url\":\"https:\\\/\\\/tuguia.combarranquilla.co\\\/Revista\\\/wp-content\\\/uploads\\\/2026\\\/03\\\/Revista-Combarranquilla-1-scaled.jpg\",\"contentUrl\":\"https:\\\/\\\/tuguia.combarranquilla.co\\\/Revista\\\/wp-content\\\/uploads\\\/2026\\\/03\\\/Revista-Combarranquilla-1-scaled.jpg\",\"width\":2560,\"height\":1280},{\"@type\":\"BreadcrumbList\",\"@id\":\"https:\\\/\\\/tuguia.combarranquilla.co\\\/Revista\\\/induccion-a-programas-tecnicos-laborales-2026-del-centro-de-formacion-combarranquilla\\\/#breadcrumb\",\"itemListElement\":[{\"@type\":\"ListItem\",\"position\":1,\"name\":\"Inicio\",\"item\":\"https:\\\/\\\/tuguia.combarranquilla.co\\\/Revista\\\/\"},{\"@type\":\"ListItem\",\"position\":2,\"name\":\"Inducci\u00f3n a Programas T\u00e9cnicos Laborales 2026 del Centro de Formaci\u00f3n Combarranquilla\"}]},{\"@type\":\"WebSite\",\"@id\":\"https:\\\/\\\/tuguia.combarranquilla.co\\\/Revista\\\/#website\",\"url\":\"https:\\\/\\\/tuguia.combarranquilla.co\\\/Revista\\\/\",\"name\":\"Tu Gu\u00eda\",\"description\":\"La revista donde lo tienes todo.\",\"publisher\":{\"@id\":\"https:\\\/\\\/tuguia.combarranquilla.co\\\/Revista\\\/#organization\"},\"alternateName\":\"Tu Gu\u00eda Combarranquilla\",\"potentialAction\":[{\"@type\":\"SearchAction\",\"target\":{\"@type\":\"EntryPoint\",\"urlTemplate\":\"https:\\\/\\\/tuguia.combarranquilla.co\\\/Revista\\\/?s={search_term_string}\"},\"query-input\":{\"@type\":\"PropertyValueSpecification\",\"valueRequired\":true,\"valueName\":\"search_term_string\"}}],\"inLanguage\":\"es-CO\"},{\"@type\":\"Organization\",\"@id\":\"https:\\\/\\\/tuguia.combarranquilla.co\\\/Revista\\\/#organization\",\"name\":\"Tu Gu\u00eda Combarranquilla\",\"url\":\"https:\\\/\\\/tuguia.combarranquilla.co\\\/Revista\\\/\",\"logo\":{\"@type\":\"ImageObject\",\"inLanguage\":\"es-CO\",\"@id\":\"https:\\\/\\\/tuguia.combarranquilla.co\\\/Revista\\\/#\\\/schema\\\/logo\\\/image\\\/\",\"url\":\"https:\\\/\\\/tuguia.combarranquilla.co\\\/Revista\\\/wp-content\\\/uploads\\\/2022\\\/02\\\/logo-guia-combarranquilla.svg\",\"contentUrl\":\"https:\\\/\\\/tuguia.combarranquilla.co\\\/Revista\\\/wp-content\\\/uploads\\\/2022\\\/02\\\/logo-guia-combarranquilla.svg\",\"caption\":\"Tu Gu\u00eda Combarranquilla\"},\"image\":{\"@id\":\"https:\\\/\\\/tuguia.combarranquilla.co\\\/Revista\\\/#\\\/schema\\\/logo\\\/image\\\/\"}},{\"@type\":\"Person\",\"@id\":\"https:\\\/\\\/tuguia.combarranquilla.co\\\/Revista\\\/#\\\/schema\\\/person\\\/c2c396a77170bd1d5f8ba73294eb0d10\",\"name\":\"Comunicaciones Combarranquilla\",\"image\":{\"@type\":\"ImageObject\",\"inLanguage\":\"es-CO\",\"@id\":\"https:\\\/\\\/tuguia.combarranquilla.co\\\/Revista\\\/wp-content\\\/uploads\\\/2025\\\/05\\\/ABC-Al-Rojo-Logo-96x96.jpg\",\"url\":\"https:\\\/\\\/tuguia.combarranquilla.co\\\/Revista\\\/wp-content\\\/uploads\\\/2025\\\/05\\\/ABC-Al-Rojo-Logo-96x96.jpg\",\"contentUrl\":\"https:\\\/\\\/tuguia.combarranquilla.co\\\/Revista\\\/wp-content\\\/uploads\\\/2025\\\/05\\\/ABC-Al-Rojo-Logo-96x96.jpg\",\"caption\":\"Comunicaciones Combarranquilla\"},\"sameAs\":[\"https:\\\/\\\/www.combarranquilla.co\"],\"url\":\"https:\\\/\\\/tuguia.combarranquilla.co\\\/Revista\\\/author\\\/comunicaciones\\\/\"}]}<\/script>\n<!-- \/ Yoast SEO plugin. -->","yoast_head_json":{"title":"Inducci\u00f3n a Programas T\u00e9cnicos Laborales 2026 del Centro de Formaci\u00f3n Combarranquilla - Tu Gu\u00eda","robots":{"index":"index","follow":"follow","max-snippet":"max-snippet:-1","max-image-preview":"max-image-preview:large","max-video-preview":"max-video-preview:-1"},"canonical":"https:\/\/tuguia.combarranquilla.co\/Revista\/induccion-a-programas-tecnicos-laborales-2026-del-centro-de-formacion-combarranquilla\/","og_locale":"es_ES","og_type":"article","og_title":"Inducci\u00f3n a Programas T\u00e9cnicos Laborales 2026 del Centro de Formaci\u00f3n Combarranquilla - Tu Gu\u00eda","og_description":"El pasado 2 de febrero, el Centro de Formaci\u00f3n Combarranquilla dio la bienvenida a m\u00e1s de 200 j\u00f3venes y adultos que se matricularon en los Programas T\u00e9cnicos Laborales ofrecidos este 2026. Al inicio del evento, Ivanna Campo, ejecutiva de Programas de Formaci\u00f3n Laboral, destac\u00f3 la importancia de contar con herramientas para fortalecer el futuro de [&hellip;]","og_url":"https:\/\/tuguia.combarranquilla.co\/Revista\/induccion-a-programas-tecnicos-laborales-2026-del-centro-de-formacion-combarranquilla\/","og_site_name":"Tu Gu\u00eda","article_published_time":"2026-03-01T12:57:56+00:00","article_modified_time":"2026-03-10T13:08:09+00:00","og_image":[{"width":2560,"height":1280,"url":"https:\/\/tuguia.combarranquilla.co\/Revista\/wp-content\/uploads\/2026\/03\/Revista-Combarranquilla-1-scaled.jpg","type":"image\/jpeg"}],"author":"Comunicaciones Combarranquilla","twitter_card":"summary_large_image","twitter_misc":{"Escrito por":"Comunicaciones Combarranquilla","Tiempo de lectura":"2 minutos"},"schema":{"@context":"https:\/\/schema.org","@graph":[{"@type":"Article","@id":"https:\/\/tuguia.combarranquilla.co\/Revista\/induccion-a-programas-tecnicos-laborales-2026-del-centro-de-formacion-combarranquilla\/#article","isPartOf":{"@id":"https:\/\/tuguia.combarranquilla.co\/Revista\/induccion-a-programas-tecnicos-laborales-2026-del-centro-de-formacion-combarranquilla\/"},"author":{"name":"Comunicaciones Combarranquilla","@id":"https:\/\/tuguia.combarranquilla.co\/Revista\/#\/schema\/person\/c2c396a77170bd1d5f8ba73294eb0d10"},"headline":"Inducci\u00f3n a Programas T\u00e9cnicos Laborales 2026 del Centro de Formaci\u00f3n Combarranquilla","datePublished":"2026-03-01T12:57:56+00:00","dateModified":"2026-03-10T13:08:09+00:00","mainEntityOfPage":{"@id":"https:\/\/tuguia.combarranquilla.co\/Revista\/induccion-a-programas-tecnicos-laborales-2026-del-centro-de-formacion-combarranquilla\/"},"wordCount":287,"commentCount":0,"publisher":{"@id":"https:\/\/tuguia.combarranquilla.co\/Revista\/#organization"},"image":{"@id":"https:\/\/tuguia.combarranquilla.co\/Revista\/induccion-a-programas-tecnicos-laborales-2026-del-centro-de-formacion-combarranquilla\/#primaryimage"},"thumbnailUrl":"https:\/\/tuguia.combarranquilla.co\/Revista\/wp-content\/uploads\/2026\/03\/Revista-Combarranquilla-1-scaled.jpg","articleSection":["FORMACI\u00d3N"],"inLanguage":"es-CO","potentialAction":[{"@type":"CommentAction","name":"Comment","target":["https:\/\/tuguia.combarranquilla.co\/Revista\/induccion-a-programas-tecnicos-laborales-2026-del-centro-de-formacion-combarranquilla\/#respond"]}]},{"@type":"WebPage","@id":"https:\/\/tuguia.combarranquilla.co\/Revista\/induccion-a-programas-tecnicos-laborales-2026-del-centro-de-formacion-combarranquilla\/","url":"https:\/\/tuguia.combarranquilla.co\/Revista\/induccion-a-programas-tecnicos-laborales-2026-del-centro-de-formacion-combarranquilla\/","name":"Inducci\u00f3n a Programas T\u00e9cnicos Laborales 2026 del Centro de Formaci\u00f3n Combarranquilla - Tu Gu\u00eda","isPartOf":{"@id":"https:\/\/tuguia.combarranquilla.co\/Revista\/#website"},"primaryImageOfPage":{"@id":"https:\/\/tuguia.combarranquilla.co\/Revista\/induccion-a-programas-tecnicos-laborales-2026-del-centro-de-formacion-combarranquilla\/#primaryimage"},"image":{"@id":"https:\/\/tuguia.combarranquilla.co\/Revista\/induccion-a-programas-tecnicos-laborales-2026-del-centro-de-formacion-combarranquilla\/#primaryimage"},"thumbnailUrl":"https:\/\/tuguia.combarranquilla.co\/Revista\/wp-content\/uploads\/2026\/03\/Revista-Combarranquilla-1-scaled.jpg","datePublished":"2026-03-01T12:57:56+00:00","dateModified":"2026-03-10T13:08:09+00:00","breadcrumb":{"@id":"https:\/\/tuguia.combarranquilla.co\/Revista\/induccion-a-programas-tecnicos-laborales-2026-del-centro-de-formacion-combarranquilla\/#breadcrumb"},"inLanguage":"es-CO","potentialAction":[{"@type":"ReadAction","target":["https:\/\/tuguia.combarranquilla.co\/Revista\/induccion-a-programas-tecnicos-laborales-2026-del-centro-de-formacion-combarranquilla\/"]}]},{"@type":"ImageObject","inLanguage":"es-CO","@id":"https:\/\/tuguia.combarranquilla.co\/Revista\/induccion-a-programas-tecnicos-laborales-2026-del-centro-de-formacion-combarranquilla\/#primaryimage","url":"https:\/\/tuguia.combarranquilla.co\/Revista\/wp-content\/uploads\/2026\/03\/Revista-Combarranquilla-1-scaled.jpg","contentUrl":"https:\/\/tuguia.combarranquilla.co\/Revista\/wp-content\/uploads\/2026\/03\/Revista-Combarranquilla-1-scaled.jpg","width":2560,"height":1280},{"@type":"BreadcrumbList","@id":"https:\/\/tuguia.combarranquilla.co\/Revista\/induccion-a-programas-tecnicos-laborales-2026-del-centro-de-formacion-combarranquilla\/#breadcrumb","itemListElement":[{"@type":"ListItem","position":1,"name":"Inicio","item":"https:\/\/tuguia.combarranquilla.co\/Revista\/"},{"@type":"ListItem","position":2,"name":"Inducci\u00f3n a Programas T\u00e9cnicos Laborales 2026 del Centro de Formaci\u00f3n Combarranquilla"}]},{"@type":"WebSite","@id":"https:\/\/tuguia.combarranquilla.co\/Revista\/#website","url":"https:\/\/tuguia.combarranquilla.co\/Revista\/","name":"Tu Gu\u00eda","description":"La revista donde lo tienes todo.","publisher":{"@id":"https:\/\/tuguia.combarranquilla.co\/Revista\/#organization"},"alternateName":"Tu Gu\u00eda Combarranquilla","potentialAction":[{"@type":"SearchAction","target":{"@type":"EntryPoint","urlTemplate":"https:\/\/tuguia.combarranquilla.co\/Revista\/?s={search_term_string}"},"query-input":{"@type":"PropertyValueSpecification","valueRequired":true,"valueName":"search_term_string"}}],"inLanguage":"es-CO"},{"@type":"Organization","@id":"https:\/\/tuguia.combarranquilla.co\/Revista\/#organization","name":"Tu Gu\u00eda Combarranquilla","url":"https:\/\/tuguia.combarranquilla.co\/Revista\/","logo":{"@type":"ImageObject","inLanguage":"es-CO","@id":"https:\/\/tuguia.combarranquilla.co\/Revista\/#\/schema\/logo\/image\/","url":"https:\/\/tuguia.combarranquilla.co\/Revista\/wp-content\/uploads\/2022\/02\/logo-guia-combarranquilla.svg","contentUrl":"https:\/\/tuguia.combarranquilla.co\/Revista\/wp-content\/uploads\/2022\/02\/logo-guia-combarranquilla.svg","caption":"Tu Gu\u00eda Combarranquilla"},"image":{"@id":"https:\/\/tuguia.combarranquilla.co\/Revista\/#\/schema\/logo\/image\/"}},{"@type":"Person","@id":"https:\/\/tuguia.combarranquilla.co\/Revista\/#\/schema\/person\/c2c396a77170bd1d5f8ba73294eb0d10","name":"Comunicaciones Combarranquilla","image":{"@type":"ImageObject","inLanguage":"es-CO","@id":"https:\/\/tuguia.combarranquilla.co\/Revista\/wp-content\/uploads\/2025\/05\/ABC-Al-Rojo-Logo-96x96.jpg","url":"https:\/\/tuguia.combarranquilla.co\/Revista\/wp-content\/uploads\/2025\/05\/ABC-Al-Rojo-Logo-96x96.jpg","contentUrl":"https:\/\/tuguia.combarranquilla.co\/Revista\/wp-content\/uploads\/2025\/05\/ABC-Al-Rojo-Logo-96x96.jpg","caption":"Comunicaciones Combarranquilla"},"sameAs":["https:\/\/www.combarranquilla.co"],"url":"https:\/\/tuguia.combarranquilla.co\/Revista\/author\/comunicaciones\/"}]}},"_links":{"self":[{"href":"https:\/\/tuguia.combarranquilla.co\/Revista\/wp-json\/wp\/v2\/posts\/8771","targetHints":{"allow":["GET"]}}],"collection":[{"href":"https:\/\/tuguia.combarranquilla.co\/Revista\/wp-json\/wp\/v2\/posts"}],"about":[{"href":"https:\/\/tuguia.combarranquilla.co\/Revista\/wp-json\/wp\/v2\/types\/post"}],"author":[{"embeddable":true,"href":"https:\/\/tuguia.combarranquilla.co\/Revista\/wp-json\/wp\/v2\/users\/2"}],"replies":[{"embeddable":true,"href":"https:\/\/tuguia.combarranquilla.co\/Revista\/wp-json\/wp\/v2\/comments?post=8771"}],"version-history":[{"count":7,"href":"https:\/\/tuguia.combarranquilla.co\/Revista\/wp-json\/wp\/v2\/posts\/8771\/revisions"}],"predecessor-version":[{"id":8878,"href":"https:\/\/tuguia.combarranquilla.co\/Revista\/wp-json\/wp\/v2\/posts\/8771\/revisions\/8878"}],"wp:featuredmedia":[{"embeddable":true,"href":"https:\/\/tuguia.combarranquilla.co\/Revista\/wp-json\/wp\/v2\/media\/8873"}],"wp:attachment":[{"href":"https:\/\/tuguia.combarranquilla.co\/Revista\/wp-json\/wp\/v2\/media?parent=8771"}],"wp:term":[{"taxonomy":"category","embeddable":true,"href":"https:\/\/tuguia.combarranquilla.co\/Revista\/wp-json\/wp\/v2\/categories?post=8771"},{"taxonomy":"post_tag","embeddable":true,"href":"https:\/\/tuguia.combarranquilla.co\/Revista\/wp-json\/wp\/v2\/tags?post=8771"}],"curies":[{"name":"wp","href":"https:\/\/api.w.org\/{rel}","templated":true}]}}