{"id":8776,"date":"2026-02-26T09:29:05","date_gmt":"2026-02-26T14:29:05","guid":{"rendered":"https:\/\/tuguia.combarranquilla.co\/Revista\/?p=8776"},"modified":"2026-02-26T09:29:06","modified_gmt":"2026-02-26T14:29:06","slug":"28-de-febrero-un-desfile-planetario","status":"publish","type":"post","link":"https:\/\/tuguia.combarranquilla.co\/Revista\/28-de-febrero-un-desfile-planetario\/","title":{"rendered":"28 de febrero: Un desfile planetario"},"content":{"rendered":"\n<p class=\"has-text-color has-link-color wp-elements-7026b19f03fd56e47c95656b2037aa96\" style=\"color:#3f4448\"><strong><em>Por: Orlando M\u00e9ndez, coordinador de Planetario Combarranquilla<\/em><\/strong><\/p>\n\n\n\n<p>Desde mediados de febrero del presente a\u00f1o hasta finales del mismo mes, seis planetas podr\u00e1n observarse simult\u00e1neamente siguiendo en el cielo una misma trayectoria. A este hecho suele llam\u00e1rsele \u201calineaci\u00f3n planetaria\u201d, aunque realmente no corresponde a una alineaci\u00f3n espacial como tal, sino a un fen\u00f3meno visual visto desde la Tierra.<\/p>\n\n\n\n<p>Contrario a la creencia popular, durante&nbsp;una alineaci\u00f3n, los&nbsp;planetas no forman una&nbsp;l\u00ednea perfectamente recta en el espacio.<\/p>\n\n\n\n<p>Para observar desde nuestra perspectiva una alineaci\u00f3n, es&nbsp;suficiente que varios planetas en su movimiento orbital se encuentren estrechamente de un lado del Sol.<\/p>\n\n\n<div class=\"wp-block-image\">\n<figure class=\"aligncenter size-large is-resized\"><img decoding=\"async\" width=\"1024\" height=\"576\" data-src=\"https:\/\/tuguia.combarranquilla.co\/Revista\/wp-content\/uploads\/2026\/02\/1920x1080-1024x576.jpg\" alt=\"\" class=\"wp-image-8781 lazyload\" style=\"--smush-placeholder-width: 1024px; --smush-placeholder-aspect-ratio: 1024\/576;width:700px\" data-srcset=\"https:\/\/tuguia.combarranquilla.co\/Revista\/wp-content\/uploads\/2026\/02\/1920x1080-1024x576.jpg 1024w, https:\/\/tuguia.combarranquilla.co\/Revista\/wp-content\/uploads\/2026\/02\/1920x1080-300x169.jpg 300w, https:\/\/tuguia.combarranquilla.co\/Revista\/wp-content\/uploads\/2026\/02\/1920x1080-768x432.jpg 768w, https:\/\/tuguia.combarranquilla.co\/Revista\/wp-content\/uploads\/2026\/02\/1920x1080-1536x864.jpg 1536w, https:\/\/tuguia.combarranquilla.co\/Revista\/wp-content\/uploads\/2026\/02\/1920x1080.jpg 1920w\" data-sizes=\"(max-width: 1024px) 100vw, 1024px\" src=\"data:image\/svg+xml;base64,PHN2ZyB3aWR0aD0iMSIgaGVpZ2h0PSIxIiB4bWxucz0iaHR0cDovL3d3dy53My5vcmcvMjAwMC9zdmciPjwvc3ZnPg==\" \/><figcaption class=\"wp-element-caption\"><em>Posici\u00f3n de los planetas en sus \u00f3rbitas alrededor del Sol para el 28 de febrero de 2026<\/em>.<\/figcaption><\/figure><\/div>\n\n\n<p>En la pr\u00e1ctica, los planetas, debido al movimiento de rotaci\u00f3n de la Tierra de oeste a este, se mueven en el cielo de este a oeste siguiendo una especie de camino.&nbsp; Los astr\u00f3nomos llaman a esta trayectoria la ecl\u00edptica.<\/p>\n\n\n\n<p>El d\u00eda 28 de febrero se estima como el d\u00eda de mayor favorabilidad para la observaci\u00f3n de estos planetas alineados. Cuatro de ellos, J\u00fapiter, Saturno, Venus y Mercurio, ser\u00e1n visibles a simple vista. Sin embargo, esto implica todo un reto, dado que est\u00e1n muy bajos en el horizonte tras ocultarse el Sol.<\/p>\n\n\n<div class=\"wp-block-image\">\n<figure class=\"aligncenter size-large is-resized\"><img decoding=\"async\" width=\"1024\" height=\"576\" data-src=\"https:\/\/tuguia.combarranquilla.co\/Revista\/wp-content\/uploads\/2026\/02\/alineacion-28--1024x576.jpg\" alt=\"\" class=\"wp-image-8782 lazyload\" style=\"--smush-placeholder-width: 1024px; --smush-placeholder-aspect-ratio: 1024\/576;width:700px\" data-srcset=\"https:\/\/tuguia.combarranquilla.co\/Revista\/wp-content\/uploads\/2026\/02\/alineacion-28--1024x576.jpg 1024w, https:\/\/tuguia.combarranquilla.co\/Revista\/wp-content\/uploads\/2026\/02\/alineacion-28--300x169.jpg 300w, https:\/\/tuguia.combarranquilla.co\/Revista\/wp-content\/uploads\/2026\/02\/alineacion-28--768x432.jpg 768w, https:\/\/tuguia.combarranquilla.co\/Revista\/wp-content\/uploads\/2026\/02\/alineacion-28--1536x864.jpg 1536w, https:\/\/tuguia.combarranquilla.co\/Revista\/wp-content\/uploads\/2026\/02\/alineacion-28-.jpg 1920w\" data-sizes=\"(max-width: 1024px) 100vw, 1024px\" src=\"data:image\/svg+xml;base64,PHN2ZyB3aWR0aD0iMSIgaGVpZ2h0PSIxIiB4bWxucz0iaHR0cDovL3d3dy53My5vcmcvMjAwMC9zdmciPjwvc3ZnPg==\" \/><figcaption class=\"wp-element-caption\"><em>Vista de los planetas por&nbsp;un observador sobre la Tierra el 28 de febrero de 2026 en el hemisferio norte.<\/em><\/figcaption><\/figure><\/div>\n\n\n<p>Urano y Neptuno requieren de binoculares o telescopio para la observaci\u00f3n, pero hay que decir que hay un pero. No ser\u00e1 f\u00e1cil ver todos los planetas&nbsp;en el cielo al mismo tiempo. Esencialmente, porque aunque Urano se encuentre m\u00e1s alto en el cielo, requiere de un cielo oscuro. Mientras tanto, J\u00fapiter es el m\u00e1s f\u00e1cil de ver, brillando intensamente durante la mayor parte de la noche.<\/p>\n\n\n\n<p>M\u00e1s que una alineaci\u00f3n, es un momento en el que podemos observar en un mismo lapso de tiempo varios planetas sobre una regi\u00f3n del cielo.<\/p>\n\n\n\n<h2 class=\"wp-block-heading has-medium-font-size\"><strong>\u00bfC\u00f3mo observar?<\/strong><\/h2>\n\n\n\n<div class=\"wp-block-media-text is-stacked-on-mobile\" style=\"grid-template-columns:26% auto\"><figure class=\"wp-block-media-text__media\"><img decoding=\"async\" width=\"819\" height=\"1024\" data-src=\"https:\/\/tuguia.combarranquilla.co\/Revista\/wp-content\/uploads\/2026\/02\/Alineacion-Planetaria-01-819x1024.png\" alt=\"\" class=\"wp-image-8806 size-full lazyload\" data-srcset=\"https:\/\/tuguia.combarranquilla.co\/Revista\/wp-content\/uploads\/2026\/02\/Alineacion-Planetaria-01-819x1024.png 819w, https:\/\/tuguia.combarranquilla.co\/Revista\/wp-content\/uploads\/2026\/02\/Alineacion-Planetaria-01-240x300.png 240w, https:\/\/tuguia.combarranquilla.co\/Revista\/wp-content\/uploads\/2026\/02\/Alineacion-Planetaria-01-768x960.png 768w, https:\/\/tuguia.combarranquilla.co\/Revista\/wp-content\/uploads\/2026\/02\/Alineacion-Planetaria-01-1229x1536.png 1229w, https:\/\/tuguia.combarranquilla.co\/Revista\/wp-content\/uploads\/2026\/02\/Alineacion-Planetaria-01-1638x2048.png 1638w, https:\/\/tuguia.combarranquilla.co\/Revista\/wp-content\/uploads\/2026\/02\/Alineacion-Planetaria-01-scaled.png 2048w\" data-sizes=\"(max-width: 819px) 100vw, 819px\" src=\"data:image\/svg+xml;base64,PHN2ZyB3aWR0aD0iMSIgaGVpZ2h0PSIxIiB4bWxucz0iaHR0cDovL3d3dy53My5vcmcvMjAwMC9zdmciPjwvc3ZnPg==\" style=\"--smush-placeholder-width: 819px; --smush-placeholder-aspect-ratio: 819\/1024;\" \/><\/figure><div class=\"wp-block-media-text__content\">\n<ul class=\"wp-block-list\">\n<li>Al\u00e9jate de la contaminaci\u00f3n lum\u00ednica.<\/li>\n\n\n\n<li>Busca un lugar con vista despejada hacia el horizonte.<\/li>\n\n\n\n<li>Si cuentas con binoculares o telescopio, \u00fasalos para ver los planetas m\u00e1s tenues.<\/li>\n<\/ul>\n<\/div><\/div>\n","protected":false},"excerpt":{"rendered":"<p>Por: Orlando M\u00e9ndez, coordinador de Planetario Combarranquilla Desde mediados de febrero del presente a\u00f1o hasta finales del mismo mes, seis planetas podr\u00e1n observarse simult\u00e1neamente siguiendo en el cielo una misma trayectoria. A este hecho suele llam\u00e1rsele \u201calineaci\u00f3n planetaria\u201d, aunque realmente no corresponde a una alineaci\u00f3n espacial como tal, sino a un fen\u00f3meno visual visto desde [&hellip;]<\/p>\n","protected":false},"author":3,"featured_media":8785,"comment_status":"open","ping_status":"open","sticky":false,"template":"","format":"standard","meta":{"inline_featured_image":false,"footnotes":""},"categories":[4],"tags":[],"class_list":["post-8776","post","type-post","status-publish","format-standard","has-post-thumbnail","hentry","category-ciencia-y-cultura"],"yoast_head":"<!-- This site is optimized with the Yoast SEO plugin v27.4 - https:\/\/yoast.com\/product\/yoast-seo-wordpress\/ -->\n<title>28 de febrero: Un desfile planetario - Tu Gu\u00eda<\/title>\n<meta name=\"robots\" content=\"index, follow, max-snippet:-1, max-image-preview:large, max-video-preview:-1\" \/>\n<link rel=\"canonical\" href=\"https:\/\/tuguia.combarranquilla.co\/Revista\/28-de-febrero-un-desfile-planetario\/\" \/>\n<meta property=\"og:locale\" content=\"es_ES\" \/>\n<meta property=\"og:type\" content=\"article\" \/>\n<meta property=\"og:title\" content=\"28 de febrero: Un desfile planetario - Tu Gu\u00eda\" \/>\n<meta property=\"og:description\" content=\"Por: Orlando M\u00e9ndez, coordinador de Planetario Combarranquilla Desde mediados de febrero del presente a\u00f1o hasta finales del mismo mes, seis planetas podr\u00e1n observarse simult\u00e1neamente siguiendo en el cielo una misma trayectoria. A este hecho suele llam\u00e1rsele \u201calineaci\u00f3n planetaria\u201d, aunque realmente no corresponde a una alineaci\u00f3n espacial como tal, sino a un fen\u00f3meno visual visto desde [&hellip;]\" \/>\n<meta property=\"og:url\" content=\"https:\/\/tuguia.combarranquilla.co\/Revista\/28-de-febrero-un-desfile-planetario\/\" \/>\n<meta property=\"og:site_name\" content=\"Tu Gu\u00eda\" \/>\n<meta property=\"article:published_time\" content=\"2026-02-26T14:29:05+00:00\" \/>\n<meta property=\"article:modified_time\" content=\"2026-02-26T14:29:06+00:00\" \/>\n<meta property=\"og:image\" content=\"https:\/\/tuguia.combarranquilla.co\/Revista\/wp-content\/uploads\/2026\/02\/Revista-Combarranquilla-3-scaled.jpg\" \/>\n\t<meta property=\"og:image:width\" content=\"2560\" \/>\n\t<meta property=\"og:image:height\" content=\"1280\" \/>\n\t<meta property=\"og:image:type\" content=\"image\/jpeg\" \/>\n<meta name=\"author\" content=\"Planetario Combarranquilla\" \/>\n<meta name=\"twitter:card\" content=\"summary_large_image\" \/>\n<meta name=\"twitter:label1\" content=\"Escrito por\" \/>\n\t<meta name=\"twitter:data1\" content=\"Planetario Combarranquilla\" \/>\n\t<meta name=\"twitter:label2\" content=\"Tiempo de lectura\" \/>\n\t<meta name=\"twitter:data2\" content=\"3 minutos\" \/>\n<script type=\"application\/ld+json\" class=\"yoast-schema-graph\">{\"@context\":\"https:\\\/\\\/schema.org\",\"@graph\":[{\"@type\":\"Article\",\"@id\":\"https:\\\/\\\/tuguia.combarranquilla.co\\\/Revista\\\/28-de-febrero-un-desfile-planetario\\\/#article\",\"isPartOf\":{\"@id\":\"https:\\\/\\\/tuguia.combarranquilla.co\\\/Revista\\\/28-de-febrero-un-desfile-planetario\\\/\"},\"author\":{\"name\":\"Planetario Combarranquilla\",\"@id\":\"https:\\\/\\\/tuguia.combarranquilla.co\\\/Revista\\\/#\\\/schema\\\/person\\\/dfacca4b8219e57377c45d1e37a9cc8d\"},\"headline\":\"28 de febrero: Un desfile planetario\",\"datePublished\":\"2026-02-26T14:29:05+00:00\",\"dateModified\":\"2026-02-26T14:29:06+00:00\",\"mainEntityOfPage\":{\"@id\":\"https:\\\/\\\/tuguia.combarranquilla.co\\\/Revista\\\/28-de-febrero-un-desfile-planetario\\\/\"},\"wordCount\":391,\"commentCount\":0,\"publisher\":{\"@id\":\"https:\\\/\\\/tuguia.combarranquilla.co\\\/Revista\\\/#organization\"},\"image\":{\"@id\":\"https:\\\/\\\/tuguia.combarranquilla.co\\\/Revista\\\/28-de-febrero-un-desfile-planetario\\\/#primaryimage\"},\"thumbnailUrl\":\"https:\\\/\\\/tuguia.combarranquilla.co\\\/Revista\\\/wp-content\\\/uploads\\\/2026\\\/02\\\/Revista-Combarranquilla-3-scaled.jpg\",\"articleSection\":[\"CIENCIA Y CULTURA\"],\"inLanguage\":\"es-CO\",\"potentialAction\":[{\"@type\":\"CommentAction\",\"name\":\"Comment\",\"target\":[\"https:\\\/\\\/tuguia.combarranquilla.co\\\/Revista\\\/28-de-febrero-un-desfile-planetario\\\/#respond\"]}]},{\"@type\":\"WebPage\",\"@id\":\"https:\\\/\\\/tuguia.combarranquilla.co\\\/Revista\\\/28-de-febrero-un-desfile-planetario\\\/\",\"url\":\"https:\\\/\\\/tuguia.combarranquilla.co\\\/Revista\\\/28-de-febrero-un-desfile-planetario\\\/\",\"name\":\"28 de febrero: Un desfile planetario - Tu Gu\u00eda\",\"isPartOf\":{\"@id\":\"https:\\\/\\\/tuguia.combarranquilla.co\\\/Revista\\\/#website\"},\"primaryImageOfPage\":{\"@id\":\"https:\\\/\\\/tuguia.combarranquilla.co\\\/Revista\\\/28-de-febrero-un-desfile-planetario\\\/#primaryimage\"},\"image\":{\"@id\":\"https:\\\/\\\/tuguia.combarranquilla.co\\\/Revista\\\/28-de-febrero-un-desfile-planetario\\\/#primaryimage\"},\"thumbnailUrl\":\"https:\\\/\\\/tuguia.combarranquilla.co\\\/Revista\\\/wp-content\\\/uploads\\\/2026\\\/02\\\/Revista-Combarranquilla-3-scaled.jpg\",\"datePublished\":\"2026-02-26T14:29:05+00:00\",\"dateModified\":\"2026-02-26T14:29:06+00:00\",\"breadcrumb\":{\"@id\":\"https:\\\/\\\/tuguia.combarranquilla.co\\\/Revista\\\/28-de-febrero-un-desfile-planetario\\\/#breadcrumb\"},\"inLanguage\":\"es-CO\",\"potentialAction\":[{\"@type\":\"ReadAction\",\"target\":[\"https:\\\/\\\/tuguia.combarranquilla.co\\\/Revista\\\/28-de-febrero-un-desfile-planetario\\\/\"]}]},{\"@type\":\"ImageObject\",\"inLanguage\":\"es-CO\",\"@id\":\"https:\\\/\\\/tuguia.combarranquilla.co\\\/Revista\\\/28-de-febrero-un-desfile-planetario\\\/#primaryimage\",\"url\":\"https:\\\/\\\/tuguia.combarranquilla.co\\\/Revista\\\/wp-content\\\/uploads\\\/2026\\\/02\\\/Revista-Combarranquilla-3-scaled.jpg\",\"contentUrl\":\"https:\\\/\\\/tuguia.combarranquilla.co\\\/Revista\\\/wp-content\\\/uploads\\\/2026\\\/02\\\/Revista-Combarranquilla-3-scaled.jpg\",\"width\":2560,\"height\":1280},{\"@type\":\"BreadcrumbList\",\"@id\":\"https:\\\/\\\/tuguia.combarranquilla.co\\\/Revista\\\/28-de-febrero-un-desfile-planetario\\\/#breadcrumb\",\"itemListElement\":[{\"@type\":\"ListItem\",\"position\":1,\"name\":\"Inicio\",\"item\":\"https:\\\/\\\/tuguia.combarranquilla.co\\\/Revista\\\/\"},{\"@type\":\"ListItem\",\"position\":2,\"name\":\"28 de febrero: Un desfile planetario\"}]},{\"@type\":\"WebSite\",\"@id\":\"https:\\\/\\\/tuguia.combarranquilla.co\\\/Revista\\\/#website\",\"url\":\"https:\\\/\\\/tuguia.combarranquilla.co\\\/Revista\\\/\",\"name\":\"Tu Gu\u00eda\",\"description\":\"La revista donde lo tienes todo.\",\"publisher\":{\"@id\":\"https:\\\/\\\/tuguia.combarranquilla.co\\\/Revista\\\/#organization\"},\"alternateName\":\"Tu Gu\u00eda Combarranquilla\",\"potentialAction\":[{\"@type\":\"SearchAction\",\"target\":{\"@type\":\"EntryPoint\",\"urlTemplate\":\"https:\\\/\\\/tuguia.combarranquilla.co\\\/Revista\\\/?s={search_term_string}\"},\"query-input\":{\"@type\":\"PropertyValueSpecification\",\"valueRequired\":true,\"valueName\":\"search_term_string\"}}],\"inLanguage\":\"es-CO\"},{\"@type\":\"Organization\",\"@id\":\"https:\\\/\\\/tuguia.combarranquilla.co\\\/Revista\\\/#organization\",\"name\":\"Tu Gu\u00eda Combarranquilla\",\"url\":\"https:\\\/\\\/tuguia.combarranquilla.co\\\/Revista\\\/\",\"logo\":{\"@type\":\"ImageObject\",\"inLanguage\":\"es-CO\",\"@id\":\"https:\\\/\\\/tuguia.combarranquilla.co\\\/Revista\\\/#\\\/schema\\\/logo\\\/image\\\/\",\"url\":\"https:\\\/\\\/tuguia.combarranquilla.co\\\/Revista\\\/wp-content\\\/uploads\\\/2022\\\/02\\\/logo-guia-combarranquilla.svg\",\"contentUrl\":\"https:\\\/\\\/tuguia.combarranquilla.co\\\/Revista\\\/wp-content\\\/uploads\\\/2022\\\/02\\\/logo-guia-combarranquilla.svg\",\"caption\":\"Tu Gu\u00eda Combarranquilla\"},\"image\":{\"@id\":\"https:\\\/\\\/tuguia.combarranquilla.co\\\/Revista\\\/#\\\/schema\\\/logo\\\/image\\\/\"}},{\"@type\":\"Person\",\"@id\":\"https:\\\/\\\/tuguia.combarranquilla.co\\\/Revista\\\/#\\\/schema\\\/person\\\/dfacca4b8219e57377c45d1e37a9cc8d\",\"name\":\"Planetario Combarranquilla\",\"image\":{\"@type\":\"ImageObject\",\"inLanguage\":\"es-CO\",\"@id\":\"https:\\\/\\\/tuguia.combarranquilla.co\\\/Revista\\\/wp-content\\\/uploads\\\/2025\\\/03\\\/cropped-1@3x-96x96.png\",\"url\":\"https:\\\/\\\/tuguia.combarranquilla.co\\\/Revista\\\/wp-content\\\/uploads\\\/2025\\\/03\\\/cropped-1@3x-96x96.png\",\"contentUrl\":\"https:\\\/\\\/tuguia.combarranquilla.co\\\/Revista\\\/wp-content\\\/uploads\\\/2025\\\/03\\\/cropped-1@3x-96x96.png\",\"caption\":\"Planetario Combarranquilla\"},\"url\":\"https:\\\/\\\/tuguia.combarranquilla.co\\\/Revista\\\/author\\\/planetario\\\/\"}]}<\/script>\n<!-- \/ Yoast SEO plugin. -->","yoast_head_json":{"title":"28 de febrero: Un desfile planetario - Tu Gu\u00eda","robots":{"index":"index","follow":"follow","max-snippet":"max-snippet:-1","max-image-preview":"max-image-preview:large","max-video-preview":"max-video-preview:-1"},"canonical":"https:\/\/tuguia.combarranquilla.co\/Revista\/28-de-febrero-un-desfile-planetario\/","og_locale":"es_ES","og_type":"article","og_title":"28 de febrero: Un desfile planetario - Tu Gu\u00eda","og_description":"Por: Orlando M\u00e9ndez, coordinador de Planetario Combarranquilla Desde mediados de febrero del presente a\u00f1o hasta finales del mismo mes, seis planetas podr\u00e1n observarse simult\u00e1neamente siguiendo en el cielo una misma trayectoria. A este hecho suele llam\u00e1rsele \u201calineaci\u00f3n planetaria\u201d, aunque realmente no corresponde a una alineaci\u00f3n espacial como tal, sino a un fen\u00f3meno visual visto desde [&hellip;]","og_url":"https:\/\/tuguia.combarranquilla.co\/Revista\/28-de-febrero-un-desfile-planetario\/","og_site_name":"Tu Gu\u00eda","article_published_time":"2026-02-26T14:29:05+00:00","article_modified_time":"2026-02-26T14:29:06+00:00","og_image":[{"width":2560,"height":1280,"url":"https:\/\/tuguia.combarranquilla.co\/Revista\/wp-content\/uploads\/2026\/02\/Revista-Combarranquilla-3-scaled.jpg","type":"image\/jpeg"}],"author":"Planetario Combarranquilla","twitter_card":"summary_large_image","twitter_misc":{"Escrito por":"Planetario Combarranquilla","Tiempo de lectura":"3 minutos"},"schema":{"@context":"https:\/\/schema.org","@graph":[{"@type":"Article","@id":"https:\/\/tuguia.combarranquilla.co\/Revista\/28-de-febrero-un-desfile-planetario\/#article","isPartOf":{"@id":"https:\/\/tuguia.combarranquilla.co\/Revista\/28-de-febrero-un-desfile-planetario\/"},"author":{"name":"Planetario Combarranquilla","@id":"https:\/\/tuguia.combarranquilla.co\/Revista\/#\/schema\/person\/dfacca4b8219e57377c45d1e37a9cc8d"},"headline":"28 de febrero: Un desfile planetario","datePublished":"2026-02-26T14:29:05+00:00","dateModified":"2026-02-26T14:29:06+00:00","mainEntityOfPage":{"@id":"https:\/\/tuguia.combarranquilla.co\/Revista\/28-de-febrero-un-desfile-planetario\/"},"wordCount":391,"commentCount":0,"publisher":{"@id":"https:\/\/tuguia.combarranquilla.co\/Revista\/#organization"},"image":{"@id":"https:\/\/tuguia.combarranquilla.co\/Revista\/28-de-febrero-un-desfile-planetario\/#primaryimage"},"thumbnailUrl":"https:\/\/tuguia.combarranquilla.co\/Revista\/wp-content\/uploads\/2026\/02\/Revista-Combarranquilla-3-scaled.jpg","articleSection":["CIENCIA Y CULTURA"],"inLanguage":"es-CO","potentialAction":[{"@type":"CommentAction","name":"Comment","target":["https:\/\/tuguia.combarranquilla.co\/Revista\/28-de-febrero-un-desfile-planetario\/#respond"]}]},{"@type":"WebPage","@id":"https:\/\/tuguia.combarranquilla.co\/Revista\/28-de-febrero-un-desfile-planetario\/","url":"https:\/\/tuguia.combarranquilla.co\/Revista\/28-de-febrero-un-desfile-planetario\/","name":"28 de febrero: Un desfile planetario - Tu Gu\u00eda","isPartOf":{"@id":"https:\/\/tuguia.combarranquilla.co\/Revista\/#website"},"primaryImageOfPage":{"@id":"https:\/\/tuguia.combarranquilla.co\/Revista\/28-de-febrero-un-desfile-planetario\/#primaryimage"},"image":{"@id":"https:\/\/tuguia.combarranquilla.co\/Revista\/28-de-febrero-un-desfile-planetario\/#primaryimage"},"thumbnailUrl":"https:\/\/tuguia.combarranquilla.co\/Revista\/wp-content\/uploads\/2026\/02\/Revista-Combarranquilla-3-scaled.jpg","datePublished":"2026-02-26T14:29:05+00:00","dateModified":"2026-02-26T14:29:06+00:00","breadcrumb":{"@id":"https:\/\/tuguia.combarranquilla.co\/Revista\/28-de-febrero-un-desfile-planetario\/#breadcrumb"},"inLanguage":"es-CO","potentialAction":[{"@type":"ReadAction","target":["https:\/\/tuguia.combarranquilla.co\/Revista\/28-de-febrero-un-desfile-planetario\/"]}]},{"@type":"ImageObject","inLanguage":"es-CO","@id":"https:\/\/tuguia.combarranquilla.co\/Revista\/28-de-febrero-un-desfile-planetario\/#primaryimage","url":"https:\/\/tuguia.combarranquilla.co\/Revista\/wp-content\/uploads\/2026\/02\/Revista-Combarranquilla-3-scaled.jpg","contentUrl":"https:\/\/tuguia.combarranquilla.co\/Revista\/wp-content\/uploads\/2026\/02\/Revista-Combarranquilla-3-scaled.jpg","width":2560,"height":1280},{"@type":"BreadcrumbList","@id":"https:\/\/tuguia.combarranquilla.co\/Revista\/28-de-febrero-un-desfile-planetario\/#breadcrumb","itemListElement":[{"@type":"ListItem","position":1,"name":"Inicio","item":"https:\/\/tuguia.combarranquilla.co\/Revista\/"},{"@type":"ListItem","position":2,"name":"28 de febrero: Un desfile planetario"}]},{"@type":"WebSite","@id":"https:\/\/tuguia.combarranquilla.co\/Revista\/#website","url":"https:\/\/tuguia.combarranquilla.co\/Revista\/","name":"Tu Gu\u00eda","description":"La revista donde lo tienes todo.","publisher":{"@id":"https:\/\/tuguia.combarranquilla.co\/Revista\/#organization"},"alternateName":"Tu Gu\u00eda Combarranquilla","potentialAction":[{"@type":"SearchAction","target":{"@type":"EntryPoint","urlTemplate":"https:\/\/tuguia.combarranquilla.co\/Revista\/?s={search_term_string}"},"query-input":{"@type":"PropertyValueSpecification","valueRequired":true,"valueName":"search_term_string"}}],"inLanguage":"es-CO"},{"@type":"Organization","@id":"https:\/\/tuguia.combarranquilla.co\/Revista\/#organization","name":"Tu Gu\u00eda Combarranquilla","url":"https:\/\/tuguia.combarranquilla.co\/Revista\/","logo":{"@type":"ImageObject","inLanguage":"es-CO","@id":"https:\/\/tuguia.combarranquilla.co\/Revista\/#\/schema\/logo\/image\/","url":"https:\/\/tuguia.combarranquilla.co\/Revista\/wp-content\/uploads\/2022\/02\/logo-guia-combarranquilla.svg","contentUrl":"https:\/\/tuguia.combarranquilla.co\/Revista\/wp-content\/uploads\/2022\/02\/logo-guia-combarranquilla.svg","caption":"Tu Gu\u00eda Combarranquilla"},"image":{"@id":"https:\/\/tuguia.combarranquilla.co\/Revista\/#\/schema\/logo\/image\/"}},{"@type":"Person","@id":"https:\/\/tuguia.combarranquilla.co\/Revista\/#\/schema\/person\/dfacca4b8219e57377c45d1e37a9cc8d","name":"Planetario Combarranquilla","image":{"@type":"ImageObject","inLanguage":"es-CO","@id":"https:\/\/tuguia.combarranquilla.co\/Revista\/wp-content\/uploads\/2025\/03\/cropped-1@3x-96x96.png","url":"https:\/\/tuguia.combarranquilla.co\/Revista\/wp-content\/uploads\/2025\/03\/cropped-1@3x-96x96.png","contentUrl":"https:\/\/tuguia.combarranquilla.co\/Revista\/wp-content\/uploads\/2025\/03\/cropped-1@3x-96x96.png","caption":"Planetario Combarranquilla"},"url":"https:\/\/tuguia.combarranquilla.co\/Revista\/author\/planetario\/"}]}},"_links":{"self":[{"href":"https:\/\/tuguia.combarranquilla.co\/Revista\/wp-json\/wp\/v2\/posts\/8776","targetHints":{"allow":["GET"]}}],"collection":[{"href":"https:\/\/tuguia.combarranquilla.co\/Revista\/wp-json\/wp\/v2\/posts"}],"about":[{"href":"https:\/\/tuguia.combarranquilla.co\/Revista\/wp-json\/wp\/v2\/types\/post"}],"author":[{"embeddable":true,"href":"https:\/\/tuguia.combarranquilla.co\/Revista\/wp-json\/wp\/v2\/users\/3"}],"replies":[{"embeddable":true,"href":"https:\/\/tuguia.combarranquilla.co\/Revista\/wp-json\/wp\/v2\/comments?post=8776"}],"version-history":[{"count":8,"href":"https:\/\/tuguia.combarranquilla.co\/Revista\/wp-json\/wp\/v2\/posts\/8776\/revisions"}],"predecessor-version":[{"id":8811,"href":"https:\/\/tuguia.combarranquilla.co\/Revista\/wp-json\/wp\/v2\/posts\/8776\/revisions\/8811"}],"wp:featuredmedia":[{"embeddable":true,"href":"https:\/\/tuguia.combarranquilla.co\/Revista\/wp-json\/wp\/v2\/media\/8785"}],"wp:attachment":[{"href":"https:\/\/tuguia.combarranquilla.co\/Revista\/wp-json\/wp\/v2\/media?parent=8776"}],"wp:term":[{"taxonomy":"category","embeddable":true,"href":"https:\/\/tuguia.combarranquilla.co\/Revista\/wp-json\/wp\/v2\/categories?post=8776"},{"taxonomy":"post_tag","embeddable":true,"href":"https:\/\/tuguia.combarranquilla.co\/Revista\/wp-json\/wp\/v2\/tags?post=8776"}],"curies":[{"name":"wp","href":"https:\/\/api.w.org\/{rel}","templated":true}]}}