{"id":8814,"date":"2026-03-01T07:58:39","date_gmt":"2026-03-01T12:58:39","guid":{"rendered":"https:\/\/tuguia.combarranquilla.co\/Revista\/?p=8814"},"modified":"2026-03-02T08:24:33","modified_gmt":"2026-03-02T13:24:33","slug":"dia-mundial-del-sindrome-de-down","status":"publish","type":"post","link":"https:\/\/tuguia.combarranquilla.co\/Revista\/dia-mundial-del-sindrome-de-down\/","title":{"rendered":"D\u00eda Mundial del S\u00edndrome de Down"},"content":{"rendered":"\n<p>En marzo de 2006, se celebr\u00f3 por primera vez el D\u00eda Mundial del S\u00edndrome de Down. Pero fue en 2011 cuando la Asamblea General de las Naciones Unidas decret\u00f3 que este d\u00eda se conmemorar\u00eda el 21 de marzo de cada a\u00f1o.<\/p>\n\n\n\n<p>Seg\u00fan la <a href=\"https:\/\/www.globaldownsyndrome.org\/about-down-syndrome\/facts-about-down-syndrome\/\">Fundaci\u00f3n Global de S\u00edndrome de Down<\/a> (The Global Down Syndrome Foundation), el s\u00edndrome de Down ocurre cuando las dos copias del cromosoma 21 no se separan durante la formaci\u00f3n del \u00f3vulo, lo que resulta en un \u00f3vulo con dos copias del cromosoma. Cuando se fecunda el \u00f3vulo, el beb\u00e9 termina con tres copias del cromosoma 21 en cada una de sus c\u00e9lulas.<\/p>\n\n\n\n<p>El 21 de marzo no es solo una fecha, es un momento para reflexionar sobre la riqueza de la diversidad humana y para reconocer que las personas no son etiquetas. Nos invita a derribar barreras y celebrar la inclusi\u00f3n, record\u00e1ndonos que la verdadera igualdad sucede cuando todos podemos ser escuchados y apoyados.<\/p>\n\n\n\n<h2 class=\"wp-block-heading has-medium-font-size\">Descubre algunos datos que quiz\u00e1s no conoc\u00edas del s\u00edndrome de Down<\/h2>\n\n\n<div class=\"wp-block-image\">\n<figure class=\"aligncenter size-full\"><img decoding=\"async\" width=\"1440\" height=\"2560\" data-src=\"https:\/\/tuguia.combarranquilla.co\/Revista\/wp-content\/uploads\/2026\/02\/Dia-Mundial-Sindrome-de-Down-1-scaled.jpg\" alt=\"\" class=\"wp-image-8822 lazyload\" data-srcset=\"https:\/\/tuguia.combarranquilla.co\/Revista\/wp-content\/uploads\/2026\/02\/Dia-Mundial-Sindrome-de-Down-1-scaled.jpg 1440w, https:\/\/tuguia.combarranquilla.co\/Revista\/wp-content\/uploads\/2026\/02\/Dia-Mundial-Sindrome-de-Down-1-169x300.jpg 169w, https:\/\/tuguia.combarranquilla.co\/Revista\/wp-content\/uploads\/2026\/02\/Dia-Mundial-Sindrome-de-Down-1-576x1024.jpg 576w, https:\/\/tuguia.combarranquilla.co\/Revista\/wp-content\/uploads\/2026\/02\/Dia-Mundial-Sindrome-de-Down-1-768x1365.jpg 768w, https:\/\/tuguia.combarranquilla.co\/Revista\/wp-content\/uploads\/2026\/02\/Dia-Mundial-Sindrome-de-Down-1-864x1536.jpg 864w, https:\/\/tuguia.combarranquilla.co\/Revista\/wp-content\/uploads\/2026\/02\/Dia-Mundial-Sindrome-de-Down-1-1152x2048.jpg 1152w\" data-sizes=\"(max-width: 1440px) 100vw, 1440px\" src=\"data:image\/svg+xml;base64,PHN2ZyB3aWR0aD0iMSIgaGVpZ2h0PSIxIiB4bWxucz0iaHR0cDovL3d3dy53My5vcmcvMjAwMC9zdmciPjwvc3ZnPg==\" style=\"--smush-placeholder-width: 1440px; --smush-placeholder-aspect-ratio: 1440\/2560;\" \/><\/figure><\/div>\n\n\n<h2 class=\"wp-block-heading has-medium-font-size\">Programa de Atenci\u00f3n a Personas con Discapacidad en Combarranquilla<\/h2>\n\n\n\n<p>Los programas sociales de Combarranquilla se caracterizan por brindar espacios de integraci\u00f3n, respeto y solidaridad. A lo largo de los a\u00f1os, la Caja ha destinado sus recursos a mejorar programas como AIPI (Atenci\u00f3n Integral a la Primera Infancia), JEC (Jornada Escolar Complementaria), Atenci\u00f3n al Adulto Mayor y Atenci\u00f3n a Personas con Discapacidad.<\/p>\n\n\n\n<p>El programa Atenci\u00f3n a Personas con Discapacidad ofrece talleres de arte, danza, inform\u00e1tica, habilidades sociales y m\u00e1s para mejorar el bienestar de sus usuarios y fortalecer los v\u00ednculos familiares. Conoce m\u00e1s sobre esto <a href=\"https:\/\/tuguia.combarranquilla.co\/Revista\/?p=8189\">aqu\u00ed<\/a>.<\/p>\n\n\n\n<p>En Combarranquilla reafirmamos nuestro compromiso con todos y seguimos transformando la vida de quienes m\u00e1s lo necesitan.<\/p>\n","protected":false},"excerpt":{"rendered":"<p>En marzo de 2006, se celebr\u00f3 por primera vez el D\u00eda Mundial del S\u00edndrome de Down. Pero fue en 2011 cuando la Asamblea General de las Naciones Unidas decret\u00f3 que este d\u00eda se conmemorar\u00eda el 21 de marzo de cada a\u00f1o. Seg\u00fan la Fundaci\u00f3n Global de S\u00edndrome de Down (The Global Down Syndrome Foundation), el [&hellip;]<\/p>\n","protected":false},"author":2,"featured_media":8862,"comment_status":"open","ping_status":"open","sticky":false,"template":"","format":"standard","meta":{"inline_featured_image":false,"footnotes":""},"categories":[7],"tags":[],"class_list":["post-8814","post","type-post","status-publish","format-standard","has-post-thumbnail","hentry","category-familia-combarranquilla"],"yoast_head":"<!-- This site is optimized with the Yoast SEO plugin v27.4 - https:\/\/yoast.com\/product\/yoast-seo-wordpress\/ -->\n<title>D\u00eda Mundial del S\u00edndrome de Down - Tu Gu\u00eda<\/title>\n<meta name=\"robots\" content=\"index, follow, max-snippet:-1, max-image-preview:large, max-video-preview:-1\" \/>\n<link rel=\"canonical\" href=\"https:\/\/tuguia.combarranquilla.co\/Revista\/dia-mundial-del-sindrome-de-down\/\" \/>\n<meta property=\"og:locale\" content=\"es_ES\" \/>\n<meta property=\"og:type\" content=\"article\" \/>\n<meta property=\"og:title\" content=\"D\u00eda Mundial del S\u00edndrome de Down - Tu Gu\u00eda\" \/>\n<meta property=\"og:description\" content=\"En marzo de 2006, se celebr\u00f3 por primera vez el D\u00eda Mundial del S\u00edndrome de Down. Pero fue en 2011 cuando la Asamblea General de las Naciones Unidas decret\u00f3 que este d\u00eda se conmemorar\u00eda el 21 de marzo de cada a\u00f1o. Seg\u00fan la Fundaci\u00f3n Global de S\u00edndrome de Down (The Global Down Syndrome Foundation), el [&hellip;]\" \/>\n<meta property=\"og:url\" content=\"https:\/\/tuguia.combarranquilla.co\/Revista\/dia-mundial-del-sindrome-de-down\/\" \/>\n<meta property=\"og:site_name\" content=\"Tu Gu\u00eda\" \/>\n<meta property=\"article:published_time\" content=\"2026-03-01T12:58:39+00:00\" \/>\n<meta property=\"article:modified_time\" content=\"2026-03-02T13:24:33+00:00\" \/>\n<meta property=\"og:image\" content=\"https:\/\/tuguia.combarranquilla.co\/Revista\/wp-content\/uploads\/2026\/03\/Revista-Combarranquilla-scaled.jpg\" \/>\n\t<meta property=\"og:image:width\" content=\"2560\" \/>\n\t<meta property=\"og:image:height\" content=\"1280\" \/>\n\t<meta property=\"og:image:type\" content=\"image\/jpeg\" \/>\n<meta name=\"author\" content=\"Comunicaciones Combarranquilla\" \/>\n<meta name=\"twitter:card\" content=\"summary_large_image\" \/>\n<meta name=\"twitter:label1\" content=\"Escrito por\" \/>\n\t<meta name=\"twitter:data1\" content=\"Comunicaciones Combarranquilla\" \/>\n\t<meta name=\"twitter:label2\" content=\"Tiempo de lectura\" \/>\n\t<meta name=\"twitter:data2\" content=\"1 minuto\" \/>\n<script type=\"application\/ld+json\" class=\"yoast-schema-graph\">{\"@context\":\"https:\\\/\\\/schema.org\",\"@graph\":[{\"@type\":\"Article\",\"@id\":\"https:\\\/\\\/tuguia.combarranquilla.co\\\/Revista\\\/dia-mundial-del-sindrome-de-down\\\/#article\",\"isPartOf\":{\"@id\":\"https:\\\/\\\/tuguia.combarranquilla.co\\\/Revista\\\/dia-mundial-del-sindrome-de-down\\\/\"},\"author\":{\"name\":\"Comunicaciones Combarranquilla\",\"@id\":\"https:\\\/\\\/tuguia.combarranquilla.co\\\/Revista\\\/#\\\/schema\\\/person\\\/c2c396a77170bd1d5f8ba73294eb0d10\"},\"headline\":\"D\u00eda Mundial del S\u00edndrome de Down\",\"datePublished\":\"2026-03-01T12:58:39+00:00\",\"dateModified\":\"2026-03-02T13:24:33+00:00\",\"mainEntityOfPage\":{\"@id\":\"https:\\\/\\\/tuguia.combarranquilla.co\\\/Revista\\\/dia-mundial-del-sindrome-de-down\\\/\"},\"wordCount\":310,\"commentCount\":0,\"publisher\":{\"@id\":\"https:\\\/\\\/tuguia.combarranquilla.co\\\/Revista\\\/#organization\"},\"image\":{\"@id\":\"https:\\\/\\\/tuguia.combarranquilla.co\\\/Revista\\\/dia-mundial-del-sindrome-de-down\\\/#primaryimage\"},\"thumbnailUrl\":\"https:\\\/\\\/tuguia.combarranquilla.co\\\/Revista\\\/wp-content\\\/uploads\\\/2026\\\/03\\\/Revista-Combarranquilla-scaled.jpg\",\"articleSection\":[\"FAMILIA COMBARRANQUILLA\"],\"inLanguage\":\"es-CO\",\"potentialAction\":[{\"@type\":\"CommentAction\",\"name\":\"Comment\",\"target\":[\"https:\\\/\\\/tuguia.combarranquilla.co\\\/Revista\\\/dia-mundial-del-sindrome-de-down\\\/#respond\"]}]},{\"@type\":\"WebPage\",\"@id\":\"https:\\\/\\\/tuguia.combarranquilla.co\\\/Revista\\\/dia-mundial-del-sindrome-de-down\\\/\",\"url\":\"https:\\\/\\\/tuguia.combarranquilla.co\\\/Revista\\\/dia-mundial-del-sindrome-de-down\\\/\",\"name\":\"D\u00eda Mundial del S\u00edndrome de Down - Tu Gu\u00eda\",\"isPartOf\":{\"@id\":\"https:\\\/\\\/tuguia.combarranquilla.co\\\/Revista\\\/#website\"},\"primaryImageOfPage\":{\"@id\":\"https:\\\/\\\/tuguia.combarranquilla.co\\\/Revista\\\/dia-mundial-del-sindrome-de-down\\\/#primaryimage\"},\"image\":{\"@id\":\"https:\\\/\\\/tuguia.combarranquilla.co\\\/Revista\\\/dia-mundial-del-sindrome-de-down\\\/#primaryimage\"},\"thumbnailUrl\":\"https:\\\/\\\/tuguia.combarranquilla.co\\\/Revista\\\/wp-content\\\/uploads\\\/2026\\\/03\\\/Revista-Combarranquilla-scaled.jpg\",\"datePublished\":\"2026-03-01T12:58:39+00:00\",\"dateModified\":\"2026-03-02T13:24:33+00:00\",\"breadcrumb\":{\"@id\":\"https:\\\/\\\/tuguia.combarranquilla.co\\\/Revista\\\/dia-mundial-del-sindrome-de-down\\\/#breadcrumb\"},\"inLanguage\":\"es-CO\",\"potentialAction\":[{\"@type\":\"ReadAction\",\"target\":[\"https:\\\/\\\/tuguia.combarranquilla.co\\\/Revista\\\/dia-mundial-del-sindrome-de-down\\\/\"]}]},{\"@type\":\"ImageObject\",\"inLanguage\":\"es-CO\",\"@id\":\"https:\\\/\\\/tuguia.combarranquilla.co\\\/Revista\\\/dia-mundial-del-sindrome-de-down\\\/#primaryimage\",\"url\":\"https:\\\/\\\/tuguia.combarranquilla.co\\\/Revista\\\/wp-content\\\/uploads\\\/2026\\\/03\\\/Revista-Combarranquilla-scaled.jpg\",\"contentUrl\":\"https:\\\/\\\/tuguia.combarranquilla.co\\\/Revista\\\/wp-content\\\/uploads\\\/2026\\\/03\\\/Revista-Combarranquilla-scaled.jpg\",\"width\":2560,\"height\":1280},{\"@type\":\"BreadcrumbList\",\"@id\":\"https:\\\/\\\/tuguia.combarranquilla.co\\\/Revista\\\/dia-mundial-del-sindrome-de-down\\\/#breadcrumb\",\"itemListElement\":[{\"@type\":\"ListItem\",\"position\":1,\"name\":\"Inicio\",\"item\":\"https:\\\/\\\/tuguia.combarranquilla.co\\\/Revista\\\/\"},{\"@type\":\"ListItem\",\"position\":2,\"name\":\"D\u00eda Mundial del S\u00edndrome de Down\"}]},{\"@type\":\"WebSite\",\"@id\":\"https:\\\/\\\/tuguia.combarranquilla.co\\\/Revista\\\/#website\",\"url\":\"https:\\\/\\\/tuguia.combarranquilla.co\\\/Revista\\\/\",\"name\":\"Tu Gu\u00eda\",\"description\":\"La revista donde lo tienes todo.\",\"publisher\":{\"@id\":\"https:\\\/\\\/tuguia.combarranquilla.co\\\/Revista\\\/#organization\"},\"alternateName\":\"Tu Gu\u00eda Combarranquilla\",\"potentialAction\":[{\"@type\":\"SearchAction\",\"target\":{\"@type\":\"EntryPoint\",\"urlTemplate\":\"https:\\\/\\\/tuguia.combarranquilla.co\\\/Revista\\\/?s={search_term_string}\"},\"query-input\":{\"@type\":\"PropertyValueSpecification\",\"valueRequired\":true,\"valueName\":\"search_term_string\"}}],\"inLanguage\":\"es-CO\"},{\"@type\":\"Organization\",\"@id\":\"https:\\\/\\\/tuguia.combarranquilla.co\\\/Revista\\\/#organization\",\"name\":\"Tu Gu\u00eda Combarranquilla\",\"url\":\"https:\\\/\\\/tuguia.combarranquilla.co\\\/Revista\\\/\",\"logo\":{\"@type\":\"ImageObject\",\"inLanguage\":\"es-CO\",\"@id\":\"https:\\\/\\\/tuguia.combarranquilla.co\\\/Revista\\\/#\\\/schema\\\/logo\\\/image\\\/\",\"url\":\"https:\\\/\\\/tuguia.combarranquilla.co\\\/Revista\\\/wp-content\\\/uploads\\\/2022\\\/02\\\/logo-guia-combarranquilla.svg\",\"contentUrl\":\"https:\\\/\\\/tuguia.combarranquilla.co\\\/Revista\\\/wp-content\\\/uploads\\\/2022\\\/02\\\/logo-guia-combarranquilla.svg\",\"caption\":\"Tu Gu\u00eda Combarranquilla\"},\"image\":{\"@id\":\"https:\\\/\\\/tuguia.combarranquilla.co\\\/Revista\\\/#\\\/schema\\\/logo\\\/image\\\/\"}},{\"@type\":\"Person\",\"@id\":\"https:\\\/\\\/tuguia.combarranquilla.co\\\/Revista\\\/#\\\/schema\\\/person\\\/c2c396a77170bd1d5f8ba73294eb0d10\",\"name\":\"Comunicaciones Combarranquilla\",\"image\":{\"@type\":\"ImageObject\",\"inLanguage\":\"es-CO\",\"@id\":\"https:\\\/\\\/tuguia.combarranquilla.co\\\/Revista\\\/wp-content\\\/uploads\\\/2025\\\/05\\\/ABC-Al-Rojo-Logo-96x96.jpg\",\"url\":\"https:\\\/\\\/tuguia.combarranquilla.co\\\/Revista\\\/wp-content\\\/uploads\\\/2025\\\/05\\\/ABC-Al-Rojo-Logo-96x96.jpg\",\"contentUrl\":\"https:\\\/\\\/tuguia.combarranquilla.co\\\/Revista\\\/wp-content\\\/uploads\\\/2025\\\/05\\\/ABC-Al-Rojo-Logo-96x96.jpg\",\"caption\":\"Comunicaciones Combarranquilla\"},\"sameAs\":[\"https:\\\/\\\/www.combarranquilla.co\"],\"url\":\"https:\\\/\\\/tuguia.combarranquilla.co\\\/Revista\\\/author\\\/comunicaciones\\\/\"}]}<\/script>\n<!-- \/ Yoast SEO plugin. -->","yoast_head_json":{"title":"D\u00eda Mundial del S\u00edndrome de Down - Tu Gu\u00eda","robots":{"index":"index","follow":"follow","max-snippet":"max-snippet:-1","max-image-preview":"max-image-preview:large","max-video-preview":"max-video-preview:-1"},"canonical":"https:\/\/tuguia.combarranquilla.co\/Revista\/dia-mundial-del-sindrome-de-down\/","og_locale":"es_ES","og_type":"article","og_title":"D\u00eda Mundial del S\u00edndrome de Down - Tu Gu\u00eda","og_description":"En marzo de 2006, se celebr\u00f3 por primera vez el D\u00eda Mundial del S\u00edndrome de Down. Pero fue en 2011 cuando la Asamblea General de las Naciones Unidas decret\u00f3 que este d\u00eda se conmemorar\u00eda el 21 de marzo de cada a\u00f1o. Seg\u00fan la Fundaci\u00f3n Global de S\u00edndrome de Down (The Global Down Syndrome Foundation), el [&hellip;]","og_url":"https:\/\/tuguia.combarranquilla.co\/Revista\/dia-mundial-del-sindrome-de-down\/","og_site_name":"Tu Gu\u00eda","article_published_time":"2026-03-01T12:58:39+00:00","article_modified_time":"2026-03-02T13:24:33+00:00","og_image":[{"width":2560,"height":1280,"url":"https:\/\/tuguia.combarranquilla.co\/Revista\/wp-content\/uploads\/2026\/03\/Revista-Combarranquilla-scaled.jpg","type":"image\/jpeg"}],"author":"Comunicaciones Combarranquilla","twitter_card":"summary_large_image","twitter_misc":{"Escrito por":"Comunicaciones Combarranquilla","Tiempo de lectura":"1 minuto"},"schema":{"@context":"https:\/\/schema.org","@graph":[{"@type":"Article","@id":"https:\/\/tuguia.combarranquilla.co\/Revista\/dia-mundial-del-sindrome-de-down\/#article","isPartOf":{"@id":"https:\/\/tuguia.combarranquilla.co\/Revista\/dia-mundial-del-sindrome-de-down\/"},"author":{"name":"Comunicaciones Combarranquilla","@id":"https:\/\/tuguia.combarranquilla.co\/Revista\/#\/schema\/person\/c2c396a77170bd1d5f8ba73294eb0d10"},"headline":"D\u00eda Mundial del S\u00edndrome de Down","datePublished":"2026-03-01T12:58:39+00:00","dateModified":"2026-03-02T13:24:33+00:00","mainEntityOfPage":{"@id":"https:\/\/tuguia.combarranquilla.co\/Revista\/dia-mundial-del-sindrome-de-down\/"},"wordCount":310,"commentCount":0,"publisher":{"@id":"https:\/\/tuguia.combarranquilla.co\/Revista\/#organization"},"image":{"@id":"https:\/\/tuguia.combarranquilla.co\/Revista\/dia-mundial-del-sindrome-de-down\/#primaryimage"},"thumbnailUrl":"https:\/\/tuguia.combarranquilla.co\/Revista\/wp-content\/uploads\/2026\/03\/Revista-Combarranquilla-scaled.jpg","articleSection":["FAMILIA COMBARRANQUILLA"],"inLanguage":"es-CO","potentialAction":[{"@type":"CommentAction","name":"Comment","target":["https:\/\/tuguia.combarranquilla.co\/Revista\/dia-mundial-del-sindrome-de-down\/#respond"]}]},{"@type":"WebPage","@id":"https:\/\/tuguia.combarranquilla.co\/Revista\/dia-mundial-del-sindrome-de-down\/","url":"https:\/\/tuguia.combarranquilla.co\/Revista\/dia-mundial-del-sindrome-de-down\/","name":"D\u00eda Mundial del S\u00edndrome de Down - Tu Gu\u00eda","isPartOf":{"@id":"https:\/\/tuguia.combarranquilla.co\/Revista\/#website"},"primaryImageOfPage":{"@id":"https:\/\/tuguia.combarranquilla.co\/Revista\/dia-mundial-del-sindrome-de-down\/#primaryimage"},"image":{"@id":"https:\/\/tuguia.combarranquilla.co\/Revista\/dia-mundial-del-sindrome-de-down\/#primaryimage"},"thumbnailUrl":"https:\/\/tuguia.combarranquilla.co\/Revista\/wp-content\/uploads\/2026\/03\/Revista-Combarranquilla-scaled.jpg","datePublished":"2026-03-01T12:58:39+00:00","dateModified":"2026-03-02T13:24:33+00:00","breadcrumb":{"@id":"https:\/\/tuguia.combarranquilla.co\/Revista\/dia-mundial-del-sindrome-de-down\/#breadcrumb"},"inLanguage":"es-CO","potentialAction":[{"@type":"ReadAction","target":["https:\/\/tuguia.combarranquilla.co\/Revista\/dia-mundial-del-sindrome-de-down\/"]}]},{"@type":"ImageObject","inLanguage":"es-CO","@id":"https:\/\/tuguia.combarranquilla.co\/Revista\/dia-mundial-del-sindrome-de-down\/#primaryimage","url":"https:\/\/tuguia.combarranquilla.co\/Revista\/wp-content\/uploads\/2026\/03\/Revista-Combarranquilla-scaled.jpg","contentUrl":"https:\/\/tuguia.combarranquilla.co\/Revista\/wp-content\/uploads\/2026\/03\/Revista-Combarranquilla-scaled.jpg","width":2560,"height":1280},{"@type":"BreadcrumbList","@id":"https:\/\/tuguia.combarranquilla.co\/Revista\/dia-mundial-del-sindrome-de-down\/#breadcrumb","itemListElement":[{"@type":"ListItem","position":1,"name":"Inicio","item":"https:\/\/tuguia.combarranquilla.co\/Revista\/"},{"@type":"ListItem","position":2,"name":"D\u00eda Mundial del S\u00edndrome de Down"}]},{"@type":"WebSite","@id":"https:\/\/tuguia.combarranquilla.co\/Revista\/#website","url":"https:\/\/tuguia.combarranquilla.co\/Revista\/","name":"Tu Gu\u00eda","description":"La revista donde lo tienes todo.","publisher":{"@id":"https:\/\/tuguia.combarranquilla.co\/Revista\/#organization"},"alternateName":"Tu Gu\u00eda Combarranquilla","potentialAction":[{"@type":"SearchAction","target":{"@type":"EntryPoint","urlTemplate":"https:\/\/tuguia.combarranquilla.co\/Revista\/?s={search_term_string}"},"query-input":{"@type":"PropertyValueSpecification","valueRequired":true,"valueName":"search_term_string"}}],"inLanguage":"es-CO"},{"@type":"Organization","@id":"https:\/\/tuguia.combarranquilla.co\/Revista\/#organization","name":"Tu Gu\u00eda Combarranquilla","url":"https:\/\/tuguia.combarranquilla.co\/Revista\/","logo":{"@type":"ImageObject","inLanguage":"es-CO","@id":"https:\/\/tuguia.combarranquilla.co\/Revista\/#\/schema\/logo\/image\/","url":"https:\/\/tuguia.combarranquilla.co\/Revista\/wp-content\/uploads\/2022\/02\/logo-guia-combarranquilla.svg","contentUrl":"https:\/\/tuguia.combarranquilla.co\/Revista\/wp-content\/uploads\/2022\/02\/logo-guia-combarranquilla.svg","caption":"Tu Gu\u00eda Combarranquilla"},"image":{"@id":"https:\/\/tuguia.combarranquilla.co\/Revista\/#\/schema\/logo\/image\/"}},{"@type":"Person","@id":"https:\/\/tuguia.combarranquilla.co\/Revista\/#\/schema\/person\/c2c396a77170bd1d5f8ba73294eb0d10","name":"Comunicaciones Combarranquilla","image":{"@type":"ImageObject","inLanguage":"es-CO","@id":"https:\/\/tuguia.combarranquilla.co\/Revista\/wp-content\/uploads\/2025\/05\/ABC-Al-Rojo-Logo-96x96.jpg","url":"https:\/\/tuguia.combarranquilla.co\/Revista\/wp-content\/uploads\/2025\/05\/ABC-Al-Rojo-Logo-96x96.jpg","contentUrl":"https:\/\/tuguia.combarranquilla.co\/Revista\/wp-content\/uploads\/2025\/05\/ABC-Al-Rojo-Logo-96x96.jpg","caption":"Comunicaciones Combarranquilla"},"sameAs":["https:\/\/www.combarranquilla.co"],"url":"https:\/\/tuguia.combarranquilla.co\/Revista\/author\/comunicaciones\/"}]}},"_links":{"self":[{"href":"https:\/\/tuguia.combarranquilla.co\/Revista\/wp-json\/wp\/v2\/posts\/8814","targetHints":{"allow":["GET"]}}],"collection":[{"href":"https:\/\/tuguia.combarranquilla.co\/Revista\/wp-json\/wp\/v2\/posts"}],"about":[{"href":"https:\/\/tuguia.combarranquilla.co\/Revista\/wp-json\/wp\/v2\/types\/post"}],"author":[{"embeddable":true,"href":"https:\/\/tuguia.combarranquilla.co\/Revista\/wp-json\/wp\/v2\/users\/2"}],"replies":[{"embeddable":true,"href":"https:\/\/tuguia.combarranquilla.co\/Revista\/wp-json\/wp\/v2\/comments?post=8814"}],"version-history":[{"count":11,"href":"https:\/\/tuguia.combarranquilla.co\/Revista\/wp-json\/wp\/v2\/posts\/8814\/revisions"}],"predecessor-version":[{"id":8830,"href":"https:\/\/tuguia.combarranquilla.co\/Revista\/wp-json\/wp\/v2\/posts\/8814\/revisions\/8830"}],"wp:featuredmedia":[{"embeddable":true,"href":"https:\/\/tuguia.combarranquilla.co\/Revista\/wp-json\/wp\/v2\/media\/8862"}],"wp:attachment":[{"href":"https:\/\/tuguia.combarranquilla.co\/Revista\/wp-json\/wp\/v2\/media?parent=8814"}],"wp:term":[{"taxonomy":"category","embeddable":true,"href":"https:\/\/tuguia.combarranquilla.co\/Revista\/wp-json\/wp\/v2\/categories?post=8814"},{"taxonomy":"post_tag","embeddable":true,"href":"https:\/\/tuguia.combarranquilla.co\/Revista\/wp-json\/wp\/v2\/tags?post=8814"}],"curies":[{"name":"wp","href":"https:\/\/api.w.org\/{rel}","templated":true}]}}