{"id":8833,"date":"2026-03-01T07:59:00","date_gmt":"2026-03-01T12:59:00","guid":{"rendered":"https:\/\/tuguia.combarranquilla.co\/Revista\/?p=8833"},"modified":"2026-03-03T08:04:33","modified_gmt":"2026-03-03T13:04:33","slug":"especial-8m-conoce-a-cielo-esther-gutierrez-del-programa-adulto-mayor","status":"publish","type":"post","link":"https:\/\/tuguia.combarranquilla.co\/Revista\/especial-8m-conoce-a-cielo-esther-gutierrez-del-programa-adulto-mayor\/","title":{"rendered":"Especial 8M: Conoce a Cielo Esther Guti\u00e9rrez del programa Adulto Mayor"},"content":{"rendered":"\n<p>En una soleada ma\u00f1ana de Barranquilla, nos reunimos con Cielo Esther Guti\u00e9rrez, una de las voces del programa de Atenci\u00f3n al Adulto Mayor de Combarranquilla. Esta iniciativa busca promover el bienestar f\u00edsico, mental y social de las personas mayores afiliadas; y se convierte en un segundo hogar para sus integrantes.<\/p>\n\n\n\n<h2 class=\"wp-block-heading has-medium-font-size\">El primer d\u00eda: un encuentro con la comunidad<\/h2>\n\n\n\n<p>Cielo recuerda c\u00f3mo lleg\u00f3 al grupo Fusi\u00f3n Dorada, del que hace parte desde el 2025.<\/p>\n\n\n\n<blockquote class=\"wp-block-quote is-layout-flow wp-block-quote-is-layout-flow\">\n<p>&#8220;Al grupo de adulto mayor de Combarranquilla llegu\u00e9 por una invitaci\u00f3n que me hicieron. Luego me inscrib\u00ed y me gust\u00f3 desde el primer d\u00eda. Hacer parte de este programa significa tener un privilegio&#8221;.<\/p>\n<\/blockquote>\n\n\n\n<p>Desde su llegada, encontr\u00f3 personas que se convirtieron r\u00e1pidamente en compa\u00f1eros y amigos.<\/p>\n\n\n\n<blockquote class=\"wp-block-quote is-layout-flow wp-block-quote-is-layout-flow\">\n<p>&#8220;Conoc\u00ed personas maravillosas que ya hacen parte de mi vida y con las que disfruto cada vez que nos encontramos y compartimos&#8221;.<\/p>\n<\/blockquote>\n\n\n<div class=\"wp-block-image\">\n<figure class=\"aligncenter size-large is-resized\"><img decoding=\"async\" width=\"1280\" height=\"720\" data-src=\"https:\/\/tuguia.combarranquilla.co\/Revista\/wp-content\/uploads\/2026\/02\/WhatsApp-Image-2026-02-27-at-10.57.54-AM-edited.jpeg\" alt=\"\" class=\"wp-image-8847 lazyload\" style=\"--smush-placeholder-width: 1280px; --smush-placeholder-aspect-ratio: 1280\/720;width:800px\" data-srcset=\"https:\/\/tuguia.combarranquilla.co\/Revista\/wp-content\/uploads\/2026\/02\/WhatsApp-Image-2026-02-27-at-10.57.54-AM-edited.jpeg 1280w, https:\/\/tuguia.combarranquilla.co\/Revista\/wp-content\/uploads\/2026\/02\/WhatsApp-Image-2026-02-27-at-10.57.54-AM-edited-300x169.jpeg 300w, https:\/\/tuguia.combarranquilla.co\/Revista\/wp-content\/uploads\/2026\/02\/WhatsApp-Image-2026-02-27-at-10.57.54-AM-edited-1024x576.jpeg 1024w, https:\/\/tuguia.combarranquilla.co\/Revista\/wp-content\/uploads\/2026\/02\/WhatsApp-Image-2026-02-27-at-10.57.54-AM-edited-768x432.jpeg 768w\" data-sizes=\"(max-width: 1280px) 100vw, 1280px\" src=\"data:image\/svg+xml;base64,PHN2ZyB3aWR0aD0iMSIgaGVpZ2h0PSIxIiB4bWxucz0iaHR0cDovL3d3dy53My5vcmcvMjAwMC9zdmciPjwvc3ZnPg==\" \/><\/figure><\/div>\n\n\n<h2 class=\"wp-block-heading has-medium-font-size\">Experiencias que dejan huella<\/h2>\n\n\n\n<p>Entre todas las salidas y eventos recreativos realizados en el programa, Cielo destaca una en especial: un viaje a Tol\u00fa y Cove\u00f1as.<\/p>\n\n\n\n<blockquote class=\"wp-block-quote is-layout-flow wp-block-quote-is-layout-flow\">\n<p>&#8220;De todas las actividades que hemos vivido y que atesoro en mi coraz\u00f3n, recuerdo el viaje que hicimos a Tol\u00fa y Cove\u00f1as. Conocimos diferentes lugares, paisajes y nos integramos con mucha diversi\u00f3n&#8221;.<\/p>\n<\/blockquote>\n\n\n\n<p>Para ella, estas experiencias no solo fortalecen los lazos dentro del grupo, sino que tambi\u00e9n representan momentos de aprendizaje y alegr\u00eda compartida.<\/p>\n\n\n<div class=\"wp-block-image\">\n<figure class=\"aligncenter size-large is-resized\"><img decoding=\"async\" width=\"1280\" height=\"720\" data-src=\"https:\/\/tuguia.combarranquilla.co\/Revista\/wp-content\/uploads\/2026\/02\/WhatsApp-Image-2026-02-27-at-10.57.54-AM-1-edited.jpeg\" alt=\"\" class=\"wp-image-8848 lazyload\" style=\"--smush-placeholder-width: 1280px; --smush-placeholder-aspect-ratio: 1280\/720;width:800px\" data-srcset=\"https:\/\/tuguia.combarranquilla.co\/Revista\/wp-content\/uploads\/2026\/02\/WhatsApp-Image-2026-02-27-at-10.57.54-AM-1-edited.jpeg 1280w, https:\/\/tuguia.combarranquilla.co\/Revista\/wp-content\/uploads\/2026\/02\/WhatsApp-Image-2026-02-27-at-10.57.54-AM-1-edited-300x169.jpeg 300w, https:\/\/tuguia.combarranquilla.co\/Revista\/wp-content\/uploads\/2026\/02\/WhatsApp-Image-2026-02-27-at-10.57.54-AM-1-edited-1024x576.jpeg 1024w, https:\/\/tuguia.combarranquilla.co\/Revista\/wp-content\/uploads\/2026\/02\/WhatsApp-Image-2026-02-27-at-10.57.54-AM-1-edited-768x432.jpeg 768w\" data-sizes=\"(max-width: 1280px) 100vw, 1280px\" src=\"data:image\/svg+xml;base64,PHN2ZyB3aWR0aD0iMSIgaGVpZ2h0PSIxIiB4bWxucz0iaHR0cDovL3d3dy53My5vcmcvMjAwMC9zdmciPjwvc3ZnPg==\" \/><\/figure><\/div>\n\n\n<h2 class=\"wp-block-heading has-medium-font-size\">Expectativas para el 2026<\/h2>\n\n\n\n<p>Cielo tiene metas claras para el grupo en este nuevo a\u00f1o.<\/p>\n\n\n\n<blockquote class=\"wp-block-quote is-layout-flow wp-block-quote-is-layout-flow\">\n<p>&#8220;Mis expectativas con Fusi\u00f3n Dorada son que crezcamos m\u00e1s en comunidad, realizar m\u00e1s actividades y conocer nuevos lugares donde nos sintamos felices. Porque nuestra edad no limita para hacer m\u00e1s cosas hermosas. Invito a otras personas que ya est\u00e1n en la edad de entrar al grupo para que se integren con todos nosotros&#8221;.<\/p>\n<\/blockquote>\n\n\n\n<p>El programa Atenci\u00f3n al Adulto Mayor es mucho m\u00e1s que un grupo; es un espacio en el que se celebra la vida. Cada encuentro es una oportunidad de construir recuerdos para un futuro mejor. Conoce m\u00e1s sobre el programa <a href=\"https:\/\/tuguia.combarranquilla.co\/Revista\/?p=7771\">aqu\u00ed<\/a> y no te pierdas la oportunidad de seguir sinti\u00e9ndote joven.<\/p>\n","protected":false},"excerpt":{"rendered":"<p>En una soleada ma\u00f1ana de Barranquilla, nos reunimos con Cielo Esther Guti\u00e9rrez, una de las voces del programa de Atenci\u00f3n al Adulto Mayor de Combarranquilla. Esta iniciativa busca promover el bienestar f\u00edsico, mental y social de las personas mayores afiliadas; y se convierte en un segundo hogar para sus integrantes. El primer d\u00eda: un encuentro [&hellip;]<\/p>\n","protected":false},"author":2,"featured_media":8843,"comment_status":"open","ping_status":"open","sticky":false,"template":"","format":"standard","meta":{"inline_featured_image":false,"footnotes":""},"categories":[1],"tags":[],"class_list":["post-8833","post","type-post","status-publish","format-standard","has-post-thumbnail","hentry","category-entretenimiento"],"yoast_head":"<!-- This site is optimized with the Yoast SEO plugin v27.4 - https:\/\/yoast.com\/product\/yoast-seo-wordpress\/ -->\n<title>Especial 8M: Conoce a Cielo Esther Guti\u00e9rrez del programa Adulto Mayor - Tu Gu\u00eda<\/title>\n<meta name=\"robots\" content=\"index, follow, max-snippet:-1, max-image-preview:large, max-video-preview:-1\" \/>\n<link rel=\"canonical\" href=\"https:\/\/tuguia.combarranquilla.co\/Revista\/especial-8m-conoce-a-cielo-esther-gutierrez-del-programa-adulto-mayor\/\" \/>\n<meta property=\"og:locale\" content=\"es_ES\" \/>\n<meta property=\"og:type\" content=\"article\" \/>\n<meta property=\"og:title\" content=\"Especial 8M: Conoce a Cielo Esther Guti\u00e9rrez del programa Adulto Mayor - Tu Gu\u00eda\" \/>\n<meta property=\"og:description\" content=\"En una soleada ma\u00f1ana de Barranquilla, nos reunimos con Cielo Esther Guti\u00e9rrez, una de las voces del programa de Atenci\u00f3n al Adulto Mayor de Combarranquilla. Esta iniciativa busca promover el bienestar f\u00edsico, mental y social de las personas mayores afiliadas; y se convierte en un segundo hogar para sus integrantes. El primer d\u00eda: un encuentro [&hellip;]\" \/>\n<meta property=\"og:url\" content=\"https:\/\/tuguia.combarranquilla.co\/Revista\/especial-8m-conoce-a-cielo-esther-gutierrez-del-programa-adulto-mayor\/\" \/>\n<meta property=\"og:site_name\" content=\"Tu Gu\u00eda\" \/>\n<meta property=\"article:published_time\" content=\"2026-03-01T12:59:00+00:00\" \/>\n<meta property=\"article:modified_time\" content=\"2026-03-03T13:04:33+00:00\" \/>\n<meta property=\"og:image\" content=\"https:\/\/tuguia.combarranquilla.co\/Revista\/wp-content\/uploads\/2026\/02\/Revista-Combarranquilla-1-4-scaled.jpg\" \/>\n\t<meta property=\"og:image:width\" content=\"2560\" \/>\n\t<meta property=\"og:image:height\" content=\"1280\" \/>\n\t<meta property=\"og:image:type\" content=\"image\/jpeg\" \/>\n<meta name=\"author\" content=\"Comunicaciones Combarranquilla\" \/>\n<meta name=\"twitter:card\" content=\"summary_large_image\" \/>\n<meta name=\"twitter:label1\" content=\"Escrito por\" \/>\n\t<meta name=\"twitter:data1\" content=\"Comunicaciones Combarranquilla\" \/>\n\t<meta name=\"twitter:label2\" content=\"Tiempo de lectura\" \/>\n\t<meta name=\"twitter:data2\" content=\"2 minutos\" \/>\n<script type=\"application\/ld+json\" class=\"yoast-schema-graph\">{\"@context\":\"https:\\\/\\\/schema.org\",\"@graph\":[{\"@type\":\"Article\",\"@id\":\"https:\\\/\\\/tuguia.combarranquilla.co\\\/Revista\\\/especial-8m-conoce-a-cielo-esther-gutierrez-del-programa-adulto-mayor\\\/#article\",\"isPartOf\":{\"@id\":\"https:\\\/\\\/tuguia.combarranquilla.co\\\/Revista\\\/especial-8m-conoce-a-cielo-esther-gutierrez-del-programa-adulto-mayor\\\/\"},\"author\":{\"name\":\"Comunicaciones Combarranquilla\",\"@id\":\"https:\\\/\\\/tuguia.combarranquilla.co\\\/Revista\\\/#\\\/schema\\\/person\\\/c2c396a77170bd1d5f8ba73294eb0d10\"},\"headline\":\"Especial 8M: Conoce a Cielo Esther Guti\u00e9rrez del programa Adulto Mayor\",\"datePublished\":\"2026-03-01T12:59:00+00:00\",\"dateModified\":\"2026-03-03T13:04:33+00:00\",\"mainEntityOfPage\":{\"@id\":\"https:\\\/\\\/tuguia.combarranquilla.co\\\/Revista\\\/especial-8m-conoce-a-cielo-esther-gutierrez-del-programa-adulto-mayor\\\/\"},\"wordCount\":376,\"commentCount\":0,\"publisher\":{\"@id\":\"https:\\\/\\\/tuguia.combarranquilla.co\\\/Revista\\\/#organization\"},\"image\":{\"@id\":\"https:\\\/\\\/tuguia.combarranquilla.co\\\/Revista\\\/especial-8m-conoce-a-cielo-esther-gutierrez-del-programa-adulto-mayor\\\/#primaryimage\"},\"thumbnailUrl\":\"https:\\\/\\\/tuguia.combarranquilla.co\\\/Revista\\\/wp-content\\\/uploads\\\/2026\\\/02\\\/Revista-Combarranquilla-1-4-scaled.jpg\",\"articleSection\":[\"ENTRETENIMIENTO\"],\"inLanguage\":\"es-CO\",\"potentialAction\":[{\"@type\":\"CommentAction\",\"name\":\"Comment\",\"target\":[\"https:\\\/\\\/tuguia.combarranquilla.co\\\/Revista\\\/especial-8m-conoce-a-cielo-esther-gutierrez-del-programa-adulto-mayor\\\/#respond\"]}]},{\"@type\":\"WebPage\",\"@id\":\"https:\\\/\\\/tuguia.combarranquilla.co\\\/Revista\\\/especial-8m-conoce-a-cielo-esther-gutierrez-del-programa-adulto-mayor\\\/\",\"url\":\"https:\\\/\\\/tuguia.combarranquilla.co\\\/Revista\\\/especial-8m-conoce-a-cielo-esther-gutierrez-del-programa-adulto-mayor\\\/\",\"name\":\"Especial 8M: Conoce a Cielo Esther Guti\u00e9rrez del programa Adulto Mayor - Tu Gu\u00eda\",\"isPartOf\":{\"@id\":\"https:\\\/\\\/tuguia.combarranquilla.co\\\/Revista\\\/#website\"},\"primaryImageOfPage\":{\"@id\":\"https:\\\/\\\/tuguia.combarranquilla.co\\\/Revista\\\/especial-8m-conoce-a-cielo-esther-gutierrez-del-programa-adulto-mayor\\\/#primaryimage\"},\"image\":{\"@id\":\"https:\\\/\\\/tuguia.combarranquilla.co\\\/Revista\\\/especial-8m-conoce-a-cielo-esther-gutierrez-del-programa-adulto-mayor\\\/#primaryimage\"},\"thumbnailUrl\":\"https:\\\/\\\/tuguia.combarranquilla.co\\\/Revista\\\/wp-content\\\/uploads\\\/2026\\\/02\\\/Revista-Combarranquilla-1-4-scaled.jpg\",\"datePublished\":\"2026-03-01T12:59:00+00:00\",\"dateModified\":\"2026-03-03T13:04:33+00:00\",\"breadcrumb\":{\"@id\":\"https:\\\/\\\/tuguia.combarranquilla.co\\\/Revista\\\/especial-8m-conoce-a-cielo-esther-gutierrez-del-programa-adulto-mayor\\\/#breadcrumb\"},\"inLanguage\":\"es-CO\",\"potentialAction\":[{\"@type\":\"ReadAction\",\"target\":[\"https:\\\/\\\/tuguia.combarranquilla.co\\\/Revista\\\/especial-8m-conoce-a-cielo-esther-gutierrez-del-programa-adulto-mayor\\\/\"]}]},{\"@type\":\"ImageObject\",\"inLanguage\":\"es-CO\",\"@id\":\"https:\\\/\\\/tuguia.combarranquilla.co\\\/Revista\\\/especial-8m-conoce-a-cielo-esther-gutierrez-del-programa-adulto-mayor\\\/#primaryimage\",\"url\":\"https:\\\/\\\/tuguia.combarranquilla.co\\\/Revista\\\/wp-content\\\/uploads\\\/2026\\\/02\\\/Revista-Combarranquilla-1-4-scaled.jpg\",\"contentUrl\":\"https:\\\/\\\/tuguia.combarranquilla.co\\\/Revista\\\/wp-content\\\/uploads\\\/2026\\\/02\\\/Revista-Combarranquilla-1-4-scaled.jpg\",\"width\":2560,\"height\":1280},{\"@type\":\"BreadcrumbList\",\"@id\":\"https:\\\/\\\/tuguia.combarranquilla.co\\\/Revista\\\/especial-8m-conoce-a-cielo-esther-gutierrez-del-programa-adulto-mayor\\\/#breadcrumb\",\"itemListElement\":[{\"@type\":\"ListItem\",\"position\":1,\"name\":\"Inicio\",\"item\":\"https:\\\/\\\/tuguia.combarranquilla.co\\\/Revista\\\/\"},{\"@type\":\"ListItem\",\"position\":2,\"name\":\"Especial 8M: Conoce a Cielo Esther Guti\u00e9rrez del programa Adulto Mayor\"}]},{\"@type\":\"WebSite\",\"@id\":\"https:\\\/\\\/tuguia.combarranquilla.co\\\/Revista\\\/#website\",\"url\":\"https:\\\/\\\/tuguia.combarranquilla.co\\\/Revista\\\/\",\"name\":\"Tu Gu\u00eda\",\"description\":\"La revista donde lo tienes todo.\",\"publisher\":{\"@id\":\"https:\\\/\\\/tuguia.combarranquilla.co\\\/Revista\\\/#organization\"},\"alternateName\":\"Tu Gu\u00eda Combarranquilla\",\"potentialAction\":[{\"@type\":\"SearchAction\",\"target\":{\"@type\":\"EntryPoint\",\"urlTemplate\":\"https:\\\/\\\/tuguia.combarranquilla.co\\\/Revista\\\/?s={search_term_string}\"},\"query-input\":{\"@type\":\"PropertyValueSpecification\",\"valueRequired\":true,\"valueName\":\"search_term_string\"}}],\"inLanguage\":\"es-CO\"},{\"@type\":\"Organization\",\"@id\":\"https:\\\/\\\/tuguia.combarranquilla.co\\\/Revista\\\/#organization\",\"name\":\"Tu Gu\u00eda Combarranquilla\",\"url\":\"https:\\\/\\\/tuguia.combarranquilla.co\\\/Revista\\\/\",\"logo\":{\"@type\":\"ImageObject\",\"inLanguage\":\"es-CO\",\"@id\":\"https:\\\/\\\/tuguia.combarranquilla.co\\\/Revista\\\/#\\\/schema\\\/logo\\\/image\\\/\",\"url\":\"https:\\\/\\\/tuguia.combarranquilla.co\\\/Revista\\\/wp-content\\\/uploads\\\/2022\\\/02\\\/logo-guia-combarranquilla.svg\",\"contentUrl\":\"https:\\\/\\\/tuguia.combarranquilla.co\\\/Revista\\\/wp-content\\\/uploads\\\/2022\\\/02\\\/logo-guia-combarranquilla.svg\",\"caption\":\"Tu Gu\u00eda Combarranquilla\"},\"image\":{\"@id\":\"https:\\\/\\\/tuguia.combarranquilla.co\\\/Revista\\\/#\\\/schema\\\/logo\\\/image\\\/\"}},{\"@type\":\"Person\",\"@id\":\"https:\\\/\\\/tuguia.combarranquilla.co\\\/Revista\\\/#\\\/schema\\\/person\\\/c2c396a77170bd1d5f8ba73294eb0d10\",\"name\":\"Comunicaciones Combarranquilla\",\"image\":{\"@type\":\"ImageObject\",\"inLanguage\":\"es-CO\",\"@id\":\"https:\\\/\\\/tuguia.combarranquilla.co\\\/Revista\\\/wp-content\\\/uploads\\\/2025\\\/05\\\/ABC-Al-Rojo-Logo-96x96.jpg\",\"url\":\"https:\\\/\\\/tuguia.combarranquilla.co\\\/Revista\\\/wp-content\\\/uploads\\\/2025\\\/05\\\/ABC-Al-Rojo-Logo-96x96.jpg\",\"contentUrl\":\"https:\\\/\\\/tuguia.combarranquilla.co\\\/Revista\\\/wp-content\\\/uploads\\\/2025\\\/05\\\/ABC-Al-Rojo-Logo-96x96.jpg\",\"caption\":\"Comunicaciones Combarranquilla\"},\"sameAs\":[\"https:\\\/\\\/www.combarranquilla.co\"],\"url\":\"https:\\\/\\\/tuguia.combarranquilla.co\\\/Revista\\\/author\\\/comunicaciones\\\/\"}]}<\/script>\n<!-- \/ Yoast SEO plugin. -->","yoast_head_json":{"title":"Especial 8M: Conoce a Cielo Esther Guti\u00e9rrez del programa Adulto Mayor - Tu Gu\u00eda","robots":{"index":"index","follow":"follow","max-snippet":"max-snippet:-1","max-image-preview":"max-image-preview:large","max-video-preview":"max-video-preview:-1"},"canonical":"https:\/\/tuguia.combarranquilla.co\/Revista\/especial-8m-conoce-a-cielo-esther-gutierrez-del-programa-adulto-mayor\/","og_locale":"es_ES","og_type":"article","og_title":"Especial 8M: Conoce a Cielo Esther Guti\u00e9rrez del programa Adulto Mayor - Tu Gu\u00eda","og_description":"En una soleada ma\u00f1ana de Barranquilla, nos reunimos con Cielo Esther Guti\u00e9rrez, una de las voces del programa de Atenci\u00f3n al Adulto Mayor de Combarranquilla. Esta iniciativa busca promover el bienestar f\u00edsico, mental y social de las personas mayores afiliadas; y se convierte en un segundo hogar para sus integrantes. El primer d\u00eda: un encuentro [&hellip;]","og_url":"https:\/\/tuguia.combarranquilla.co\/Revista\/especial-8m-conoce-a-cielo-esther-gutierrez-del-programa-adulto-mayor\/","og_site_name":"Tu Gu\u00eda","article_published_time":"2026-03-01T12:59:00+00:00","article_modified_time":"2026-03-03T13:04:33+00:00","og_image":[{"width":2560,"height":1280,"url":"https:\/\/tuguia.combarranquilla.co\/Revista\/wp-content\/uploads\/2026\/02\/Revista-Combarranquilla-1-4-scaled.jpg","type":"image\/jpeg"}],"author":"Comunicaciones Combarranquilla","twitter_card":"summary_large_image","twitter_misc":{"Escrito por":"Comunicaciones Combarranquilla","Tiempo de lectura":"2 minutos"},"schema":{"@context":"https:\/\/schema.org","@graph":[{"@type":"Article","@id":"https:\/\/tuguia.combarranquilla.co\/Revista\/especial-8m-conoce-a-cielo-esther-gutierrez-del-programa-adulto-mayor\/#article","isPartOf":{"@id":"https:\/\/tuguia.combarranquilla.co\/Revista\/especial-8m-conoce-a-cielo-esther-gutierrez-del-programa-adulto-mayor\/"},"author":{"name":"Comunicaciones Combarranquilla","@id":"https:\/\/tuguia.combarranquilla.co\/Revista\/#\/schema\/person\/c2c396a77170bd1d5f8ba73294eb0d10"},"headline":"Especial 8M: Conoce a Cielo Esther Guti\u00e9rrez del programa Adulto Mayor","datePublished":"2026-03-01T12:59:00+00:00","dateModified":"2026-03-03T13:04:33+00:00","mainEntityOfPage":{"@id":"https:\/\/tuguia.combarranquilla.co\/Revista\/especial-8m-conoce-a-cielo-esther-gutierrez-del-programa-adulto-mayor\/"},"wordCount":376,"commentCount":0,"publisher":{"@id":"https:\/\/tuguia.combarranquilla.co\/Revista\/#organization"},"image":{"@id":"https:\/\/tuguia.combarranquilla.co\/Revista\/especial-8m-conoce-a-cielo-esther-gutierrez-del-programa-adulto-mayor\/#primaryimage"},"thumbnailUrl":"https:\/\/tuguia.combarranquilla.co\/Revista\/wp-content\/uploads\/2026\/02\/Revista-Combarranquilla-1-4-scaled.jpg","articleSection":["ENTRETENIMIENTO"],"inLanguage":"es-CO","potentialAction":[{"@type":"CommentAction","name":"Comment","target":["https:\/\/tuguia.combarranquilla.co\/Revista\/especial-8m-conoce-a-cielo-esther-gutierrez-del-programa-adulto-mayor\/#respond"]}]},{"@type":"WebPage","@id":"https:\/\/tuguia.combarranquilla.co\/Revista\/especial-8m-conoce-a-cielo-esther-gutierrez-del-programa-adulto-mayor\/","url":"https:\/\/tuguia.combarranquilla.co\/Revista\/especial-8m-conoce-a-cielo-esther-gutierrez-del-programa-adulto-mayor\/","name":"Especial 8M: Conoce a Cielo Esther Guti\u00e9rrez del programa Adulto Mayor - Tu Gu\u00eda","isPartOf":{"@id":"https:\/\/tuguia.combarranquilla.co\/Revista\/#website"},"primaryImageOfPage":{"@id":"https:\/\/tuguia.combarranquilla.co\/Revista\/especial-8m-conoce-a-cielo-esther-gutierrez-del-programa-adulto-mayor\/#primaryimage"},"image":{"@id":"https:\/\/tuguia.combarranquilla.co\/Revista\/especial-8m-conoce-a-cielo-esther-gutierrez-del-programa-adulto-mayor\/#primaryimage"},"thumbnailUrl":"https:\/\/tuguia.combarranquilla.co\/Revista\/wp-content\/uploads\/2026\/02\/Revista-Combarranquilla-1-4-scaled.jpg","datePublished":"2026-03-01T12:59:00+00:00","dateModified":"2026-03-03T13:04:33+00:00","breadcrumb":{"@id":"https:\/\/tuguia.combarranquilla.co\/Revista\/especial-8m-conoce-a-cielo-esther-gutierrez-del-programa-adulto-mayor\/#breadcrumb"},"inLanguage":"es-CO","potentialAction":[{"@type":"ReadAction","target":["https:\/\/tuguia.combarranquilla.co\/Revista\/especial-8m-conoce-a-cielo-esther-gutierrez-del-programa-adulto-mayor\/"]}]},{"@type":"ImageObject","inLanguage":"es-CO","@id":"https:\/\/tuguia.combarranquilla.co\/Revista\/especial-8m-conoce-a-cielo-esther-gutierrez-del-programa-adulto-mayor\/#primaryimage","url":"https:\/\/tuguia.combarranquilla.co\/Revista\/wp-content\/uploads\/2026\/02\/Revista-Combarranquilla-1-4-scaled.jpg","contentUrl":"https:\/\/tuguia.combarranquilla.co\/Revista\/wp-content\/uploads\/2026\/02\/Revista-Combarranquilla-1-4-scaled.jpg","width":2560,"height":1280},{"@type":"BreadcrumbList","@id":"https:\/\/tuguia.combarranquilla.co\/Revista\/especial-8m-conoce-a-cielo-esther-gutierrez-del-programa-adulto-mayor\/#breadcrumb","itemListElement":[{"@type":"ListItem","position":1,"name":"Inicio","item":"https:\/\/tuguia.combarranquilla.co\/Revista\/"},{"@type":"ListItem","position":2,"name":"Especial 8M: Conoce a Cielo Esther Guti\u00e9rrez del programa Adulto Mayor"}]},{"@type":"WebSite","@id":"https:\/\/tuguia.combarranquilla.co\/Revista\/#website","url":"https:\/\/tuguia.combarranquilla.co\/Revista\/","name":"Tu Gu\u00eda","description":"La revista donde lo tienes todo.","publisher":{"@id":"https:\/\/tuguia.combarranquilla.co\/Revista\/#organization"},"alternateName":"Tu Gu\u00eda Combarranquilla","potentialAction":[{"@type":"SearchAction","target":{"@type":"EntryPoint","urlTemplate":"https:\/\/tuguia.combarranquilla.co\/Revista\/?s={search_term_string}"},"query-input":{"@type":"PropertyValueSpecification","valueRequired":true,"valueName":"search_term_string"}}],"inLanguage":"es-CO"},{"@type":"Organization","@id":"https:\/\/tuguia.combarranquilla.co\/Revista\/#organization","name":"Tu Gu\u00eda Combarranquilla","url":"https:\/\/tuguia.combarranquilla.co\/Revista\/","logo":{"@type":"ImageObject","inLanguage":"es-CO","@id":"https:\/\/tuguia.combarranquilla.co\/Revista\/#\/schema\/logo\/image\/","url":"https:\/\/tuguia.combarranquilla.co\/Revista\/wp-content\/uploads\/2022\/02\/logo-guia-combarranquilla.svg","contentUrl":"https:\/\/tuguia.combarranquilla.co\/Revista\/wp-content\/uploads\/2022\/02\/logo-guia-combarranquilla.svg","caption":"Tu Gu\u00eda Combarranquilla"},"image":{"@id":"https:\/\/tuguia.combarranquilla.co\/Revista\/#\/schema\/logo\/image\/"}},{"@type":"Person","@id":"https:\/\/tuguia.combarranquilla.co\/Revista\/#\/schema\/person\/c2c396a77170bd1d5f8ba73294eb0d10","name":"Comunicaciones Combarranquilla","image":{"@type":"ImageObject","inLanguage":"es-CO","@id":"https:\/\/tuguia.combarranquilla.co\/Revista\/wp-content\/uploads\/2025\/05\/ABC-Al-Rojo-Logo-96x96.jpg","url":"https:\/\/tuguia.combarranquilla.co\/Revista\/wp-content\/uploads\/2025\/05\/ABC-Al-Rojo-Logo-96x96.jpg","contentUrl":"https:\/\/tuguia.combarranquilla.co\/Revista\/wp-content\/uploads\/2025\/05\/ABC-Al-Rojo-Logo-96x96.jpg","caption":"Comunicaciones Combarranquilla"},"sameAs":["https:\/\/www.combarranquilla.co"],"url":"https:\/\/tuguia.combarranquilla.co\/Revista\/author\/comunicaciones\/"}]}},"_links":{"self":[{"href":"https:\/\/tuguia.combarranquilla.co\/Revista\/wp-json\/wp\/v2\/posts\/8833","targetHints":{"allow":["GET"]}}],"collection":[{"href":"https:\/\/tuguia.combarranquilla.co\/Revista\/wp-json\/wp\/v2\/posts"}],"about":[{"href":"https:\/\/tuguia.combarranquilla.co\/Revista\/wp-json\/wp\/v2\/types\/post"}],"author":[{"embeddable":true,"href":"https:\/\/tuguia.combarranquilla.co\/Revista\/wp-json\/wp\/v2\/users\/2"}],"replies":[{"embeddable":true,"href":"https:\/\/tuguia.combarranquilla.co\/Revista\/wp-json\/wp\/v2\/comments?post=8833"}],"version-history":[{"count":5,"href":"https:\/\/tuguia.combarranquilla.co\/Revista\/wp-json\/wp\/v2\/posts\/8833\/revisions"}],"predecessor-version":[{"id":8867,"href":"https:\/\/tuguia.combarranquilla.co\/Revista\/wp-json\/wp\/v2\/posts\/8833\/revisions\/8867"}],"wp:featuredmedia":[{"embeddable":true,"href":"https:\/\/tuguia.combarranquilla.co\/Revista\/wp-json\/wp\/v2\/media\/8843"}],"wp:attachment":[{"href":"https:\/\/tuguia.combarranquilla.co\/Revista\/wp-json\/wp\/v2\/media?parent=8833"}],"wp:term":[{"taxonomy":"category","embeddable":true,"href":"https:\/\/tuguia.combarranquilla.co\/Revista\/wp-json\/wp\/v2\/categories?post=8833"},{"taxonomy":"post_tag","embeddable":true,"href":"https:\/\/tuguia.combarranquilla.co\/Revista\/wp-json\/wp\/v2\/tags?post=8833"}],"curies":[{"name":"wp","href":"https:\/\/api.w.org\/{rel}","templated":true}]}}