{"id":8889,"date":"2026-03-12T11:00:49","date_gmt":"2026-03-12T16:00:49","guid":{"rendered":"https:\/\/tuguia.combarranquilla.co\/Revista\/?p=8889"},"modified":"2026-03-18T09:05:45","modified_gmt":"2026-03-18T14:05:45","slug":"conoce-los-beneficios-de-la-contratacion-de-veteranos-de-la-fuerza-publica","status":"publish","type":"post","link":"https:\/\/tuguia.combarranquilla.co\/Revista\/conoce-los-beneficios-de-la-contratacion-de-veteranos-de-la-fuerza-publica\/","title":{"rendered":"Conoce los beneficios de la contrataci\u00f3n de veteranos de la Fuerza P\u00fablica"},"content":{"rendered":"\n<p>La contrataci\u00f3n de veteranos de la fuerza p\u00fablica es una iniciativa estrat\u00e9gica del Ministerio de Trabajo, que garantiza la inclusi\u00f3n laboral de la poblaci\u00f3n veterana a trav\u00e9s de la ruta de empleabilidad. Esta iniciativa contempla una serie de beneficios tanto para los empleadores como para los exintegrantes de la Fuerza P\u00fablica.<\/p>\n\n\n\n<p>Pueden aplicar:<\/p>\n\n\n\n<ul class=\"wp-block-list\">\n<li>Miembros de la Fuerza P\u00fablica con asignaci\u00f3n de retiro o pensionados por invalidez.<\/li>\n\n\n\n<li>Reservistas de honor.<\/li>\n\n\n\n<li>Quienes hayan representado a Colombia en conflictos internacionales.<\/li>\n\n\n\n<li>Miembros v\u00edctimas de hechos en servicio activo, seg\u00fan la Ley 1448 de 2011.<\/li>\n<\/ul>\n\n\n\n<p>Para las empresas, la normatividad establece la exoneraci\u00f3n del pago de aportes a Cajas de Compensaci\u00f3n por un periodo de hasta dos a\u00f1os (Decreto 1346 de 2020 y Resoluci\u00f3n 1881 de 2021). Este incentivo contribuye al fortalecimiento de la inclusi\u00f3n laboral y la promoci\u00f3n de la estabilidad en el empleo.<\/p>\n\n\n\n<p>Para los veteranos, la afiliaci\u00f3n a una Caja de Compensaci\u00f3n Familiar les permite el acceso a servicios de recreaci\u00f3n, turismo y capacitaci\u00f3n durante los primeros tres a\u00f1os. A partir del cuarto a\u00f1o, pueden disfrutar de todos los programas, subsidios y servicios del Sistema de Subsidio Familiar. Estos incentivos facilitan la transici\u00f3n a la vida civil y mejoran la calidad de vida de los veteranos y sus familias.<\/p>\n\n\n\n<h2 class=\"wp-block-heading has-medium-font-size\"><strong>Contratar veteranos<\/strong>: <strong>mitos vs. realidad<\/strong><\/h2>\n\n\n<div\n\tclass=\"alignwide alignwide wp-block-evb-slider\"\tid='evssSlider-1'\n\tdata-attributes='{&quot;slides&quot;:[{&quot;background&quot;:&quot;background: url(https:\\\/\\\/tuguia.combarranquilla.co\\\/Revista\\\/wp-content\\\/uploads\\\/2026\\\/03\\\/1.jpg) center center \\\/ contain no-repeat;;;;;;;&quot;,&quot;content&quot;:&quot;&quot;,&quot;contentStyle&quot;:{&quot;color&quot;:&quot;&quot;,&quot;bg&quot;:&quot;background-color: #0000;&quot;}},{&quot;background&quot;:&quot;background: url(https:\\\/\\\/tuguia.combarranquilla.co\\\/Revista\\\/wp-content\\\/uploads\\\/2026\\\/03\\\/2.jpg) center center \\\/ contain no-repeat;;;&quot;,&quot;content&quot;:&quot;&quot;,&quot;contentStyle&quot;:{&quot;color&quot;:&quot;&quot;,&quot;bg&quot;:&quot;background-color: #0000;&quot;}},{&quot;background&quot;:&quot;background: url(https:\\\/\\\/tuguia.combarranquilla.co\\\/Revista\\\/wp-content\\\/uploads\\\/2026\\\/03\\\/3.jpg) center center \\\/ contain no-repeat;;&quot;,&quot;content&quot;:&quot;&quot;,&quot;contentStyle&quot;:{&quot;color&quot;:&quot;&quot;,&quot;bg&quot;:&quot;background-color: #0000;&quot;}},{&quot;background&quot;:&quot;background: url(https:\\\/\\\/tuguia.combarranquilla.co\\\/Revista\\\/wp-content\\\/uploads\\\/2026\\\/03\\\/Veteranos-Tu-Guia.jpg) center center \\\/ contain no-repeat;;;&quot;,&quot;content&quot;:&quot;&quot;,&quot;contentStyle&quot;:{&quot;color&quot;:&quot;&quot;,&quot;bg&quot;:&quot;background-color: #0000;&quot;}},{&quot;background&quot;:&quot;background: url(https:\\\/\\\/tuguia.combarranquilla.co\\\/Revista\\\/wp-content\\\/uploads\\\/2026\\\/03\\\/5.jpg) center center \\\/ contain no-repeat;;&quot;,&quot;content&quot;:&quot;&quot;,&quot;contentStyle&quot;:{&quot;color&quot;:&quot;&quot;,&quot;bg&quot;:&quot;background-color: #0000;&quot;}}],&quot;layout&quot;:{&quot;width&quot;:{&quot;desktop&quot;:&quot;100%&quot;,&quot;tablet&quot;:&quot;&quot;,&quot;mobile&quot;:&quot;&quot;},&quot;height&quot;:{&quot;desktop&quot;:&quot;400px&quot;,&quot;tablet&quot;:&quot;&quot;,&quot;mobile&quot;:&quot;&quot;},&quot;align&quot;:{&quot;desktop&quot;:&quot;center&quot;,&quot;tablet&quot;:&quot;&quot;,&quot;mobile&quot;:&quot;&quot;}},&quot;options&quot;:{&quot;breakpoints&quot;:{&quot;0&quot;:{&quot;slidesPerView&quot;:1,&quot;spaceBetween&quot;:15},&quot;481&quot;:{&quot;slidesPerView&quot;:2,&quot;spaceBetween&quot;:20},&quot;961&quot;:{&quot;slidesPerView&quot;:3,&quot;spaceBetween&quot;:30}},&quot;dir&quot;:&quot;ltr&quot;,&quot;direction&quot;:&quot;horizontal&quot;,&quot;centeredSlides&quot;:false,&quot;initialSlide&quot;:0,&quot;grabCursor&quot;:false,&quot;slideToClickedSlide&quot;:false,&quot;effect&quot;:&quot;fade&quot;,&quot;fadeEffect&quot;:{&quot;crossFade&quot;:false},&quot;cubeEffect&quot;:{&quot;slideShadows&quot;:true,&quot;shadow&quot;:true,&quot;shadowOffset&quot;:20,&quot;shadowScale&quot;:0.939999999999999946709294817992486059665679931640625},&quot;flipEffect&quot;:{&quot;slideShadows&quot;:true,&quot;limitRotation&quot;:true},&quot;coverflowEffect&quot;:{&quot;slideShadows&quot;:true,&quot;depth&quot;:100,&quot;rotate&quot;:50,&quot;scale&quot;:1,&quot;stretch&quot;:0,&quot;modifier&quot;:1},&quot;cardsEffect&quot;:{&quot;slideShadows&quot;:true,&quot;rotate&quot;:true,&quot;perSlideOffset&quot;:8,&quot;perSlideRotate&quot;:2},&quot;creativeEffect&quot;:{&quot;prev&quot;:{&quot;translate&quot;:[0,0,0],&quot;rotate&quot;:[0,0,0],&quot;opacity&quot;:1,&quot;scale&quot;:1,&quot;shadow&quot;:true,&quot;origin&quot;:&quot;left bottom&quot;},&quot;next&quot;:{&quot;translate&quot;:[0,0,0],&quot;rotate&quot;:[0,0,0],&quot;opacity&quot;:1,&quot;scale&quot;:1,&quot;shadow&quot;:true,&quot;origin&quot;:&quot;left bottom&quot;},&quot;limitProgress&quot;:1,&quot;perspective&quot;:true,&quot;progressMultiplier&quot;:1,&quot;shadowPerProgress&quot;:false},&quot;speed&quot;:1000,&quot;loop&quot;:{&quot;mode&quot;:&quot;loop&quot;,&quot;addBlankSlides&quot;:false,&quot;additionalSlides&quot;:0},&quot;autoplay&quot;:{&quot;enabled&quot;:false,&quot;delay&quot;:1500,&quot;pauseOnMouseEnter&quot;:false,&quot;disableOnInteraction&quot;:true,&quot;reverseDirection&quot;:false,&quot;stopOnLastSlide&quot;:false},&quot;navigation&quot;:{&quot;enabled&quot;:true,&quot;hideOnClick&quot;:false},&quot;pagination&quot;:{&quot;enabled&quot;:true,&quot;hideOnClick&quot;:false,&quot;type&quot;:&quot;bullets&quot;,&quot;clickable&quot;:true,&quot;dynamicBullets&quot;:false,&quot;dynamicMainBullets&quot;:1,&quot;progressbarOpposite&quot;:false},&quot;scrollbar&quot;:{&quot;enabled&quot;:false,&quot;draggable&quot;:false,&quot;hide&quot;:true,&quot;snapOnRelease&quot;:false},&quot;freeMode&quot;:{&quot;enabled&quot;:false,&quot;sticky&quot;:false,&quot;momentum&quot;:true,&quot;momentumRatio&quot;:1,&quot;minimumVelocity&quot;:0.0200000000000000004163336342344337026588618755340576171875,&quot;momentumVelocityRatio&quot;:1,&quot;momentumBounce&quot;:true,&quot;momentumBounceRatio&quot;:1},&quot;keyboard&quot;:{&quot;enabled&quot;:false,&quot;onlyInViewport&quot;:true,&quot;pageUpDown&quot;:false},&quot;mousewheel&quot;:{&quot;enabled&quot;:false,&quot;forceToAxis&quot;:false,&quot;invert&quot;:false,&quot;releaseOnEdges&quot;:false,&quot;sensitivity&quot;:1,&quot;thresholdDelta&quot;:null,&quot;thresholdTime&quot;:null},&quot;parallax&quot;:false,&quot;accessibility&quot;:{&quot;enabled&quot;:true},&quot;zoom&quot;:{&quot;toggle&quot;:false,&quot;minRatio&quot;:1,&quot;maxRatio&quot;:3,&quot;limitToOriginalSize&quot;:false}},&quot;design&quot;:{&quot;slide&quot;:{&quot;padding&quot;:&quot;&quot;,&quot;border&quot;:[],&quot;radius&quot;:&quot;&quot;},&quot;content&quot;:{&quot;maxWidth&quot;:&quot;100%&quot;,&quot;textAlign&quot;:&quot;left&quot;,&quot;horizontalAlign&quot;:&quot;start&quot;,&quot;verticalAlign&quot;:&quot;start&quot;,&quot;padding&quot;:&quot;15px 15px 15px 15px&quot;},&quot;creative&quot;:{&quot;preset&quot;:&quot;default&quot;},&quot;navigation&quot;:{&quot;icon&quot;:&quot;chevron&quot;,&quot;iconSize&quot;:44,&quot;placement&quot;:&quot;inside&quot;,&quot;position&quot;:&quot;center&quot;,&quot;color&quot;:&quot;#19542a&quot;},&quot;pagination&quot;:{&quot;placement&quot;:&quot;inside&quot;,&quot;side&quot;:&quot;bottom&quot;,&quot;position&quot;:&quot;center&quot;,&quot;width&quot;:&quot;8px&quot;,&quot;height&quot;:&quot;8px&quot;,&quot;radius&quot;:&quot;50%&quot;,&quot;gap&quot;:&quot;8px&quot;,&quot;color&quot;:&quot;#333&quot;,&quot;background&quot;:&quot;#fff&quot;},&quot;scrollbar&quot;:{&quot;position&quot;:&quot;end&quot;,&quot;trackColor&quot;:&quot;#0000001a&quot;,&quot;thumbColor&quot;:&quot;#00000080&quot;}},&quot;align&quot;:&quot;wide&quot;}'\n>\n\t<div id='evssSlider-1-contents' style='display: none;'>\n\t\t\t\t\t<div id='slideContent-0'><\/div>\n\t\t\t\t\t<div id='slideContent-1'><\/div>\n\t\t\t\t\t<div id='slideContent-2'><\/div>\n\t\t\t\t\t<div id='slideContent-3'><\/div>\n\t\t\t\t\t<div id='slideContent-4'><\/div>\n\t\t\t<\/div>\n<\/div>","protected":false},"excerpt":{"rendered":"<p>La contrataci\u00f3n de veteranos de la fuerza p\u00fablica es una iniciativa estrat\u00e9gica del Ministerio de Trabajo, que garantiza la inclusi\u00f3n laboral de la poblaci\u00f3n veterana a trav\u00e9s de la ruta de empleabilidad. Esta iniciativa contempla una serie de beneficios tanto para los empleadores como para los exintegrantes de la Fuerza P\u00fablica. Pueden aplicar: Para las [&hellip;]<\/p>\n","protected":false},"author":2,"featured_media":8900,"comment_status":"open","ping_status":"open","sticky":false,"template":"","format":"standard","meta":{"inline_featured_image":false,"footnotes":""},"categories":[2],"tags":[],"class_list":["post-8889","post","type-post","status-publish","format-standard","has-post-thumbnail","hentry","category-subsidios"],"yoast_head":"<!-- This site is optimized with the Yoast SEO plugin v27.4 - https:\/\/yoast.com\/product\/yoast-seo-wordpress\/ -->\n<title>Conoce los beneficios de la contrataci\u00f3n de veteranos de la Fuerza P\u00fablica - Tu Gu\u00eda<\/title>\n<meta name=\"robots\" content=\"index, follow, max-snippet:-1, max-image-preview:large, max-video-preview:-1\" \/>\n<link rel=\"canonical\" href=\"https:\/\/tuguia.combarranquilla.co\/Revista\/conoce-los-beneficios-de-la-contratacion-de-veteranos-de-la-fuerza-publica\/\" \/>\n<meta property=\"og:locale\" content=\"es_ES\" \/>\n<meta property=\"og:type\" content=\"article\" \/>\n<meta property=\"og:title\" content=\"Conoce los beneficios de la contrataci\u00f3n de veteranos de la Fuerza P\u00fablica - Tu Gu\u00eda\" \/>\n<meta property=\"og:description\" content=\"La contrataci\u00f3n de veteranos de la fuerza p\u00fablica es una iniciativa estrat\u00e9gica del Ministerio de Trabajo, que garantiza la inclusi\u00f3n laboral de la poblaci\u00f3n veterana a trav\u00e9s de la ruta de empleabilidad. Esta iniciativa contempla una serie de beneficios tanto para los empleadores como para los exintegrantes de la Fuerza P\u00fablica. Pueden aplicar: Para las [&hellip;]\" \/>\n<meta property=\"og:url\" content=\"https:\/\/tuguia.combarranquilla.co\/Revista\/conoce-los-beneficios-de-la-contratacion-de-veteranos-de-la-fuerza-publica\/\" \/>\n<meta property=\"og:site_name\" content=\"Tu Gu\u00eda\" \/>\n<meta property=\"article:published_time\" content=\"2026-03-12T16:00:49+00:00\" \/>\n<meta property=\"article:modified_time\" content=\"2026-03-18T14:05:45+00:00\" \/>\n<meta property=\"og:image\" content=\"https:\/\/tuguia.combarranquilla.co\/Revista\/wp-content\/uploads\/2026\/03\/Revista-Combarranquilla-3-scaled.jpg\" \/>\n\t<meta property=\"og:image:width\" content=\"2560\" \/>\n\t<meta property=\"og:image:height\" content=\"1280\" \/>\n\t<meta property=\"og:image:type\" content=\"image\/jpeg\" \/>\n<meta name=\"author\" content=\"Comunicaciones Combarranquilla\" \/>\n<meta name=\"twitter:card\" content=\"summary_large_image\" \/>\n<meta name=\"twitter:label1\" content=\"Escrito por\" \/>\n\t<meta name=\"twitter:data1\" content=\"Comunicaciones Combarranquilla\" \/>\n\t<meta name=\"twitter:label2\" content=\"Tiempo de lectura\" \/>\n\t<meta name=\"twitter:data2\" content=\"1 minuto\" \/>\n<script type=\"application\/ld+json\" class=\"yoast-schema-graph\">{\"@context\":\"https:\\\/\\\/schema.org\",\"@graph\":[{\"@type\":\"Article\",\"@id\":\"https:\\\/\\\/tuguia.combarranquilla.co\\\/Revista\\\/conoce-los-beneficios-de-la-contratacion-de-veteranos-de-la-fuerza-publica\\\/#article\",\"isPartOf\":{\"@id\":\"https:\\\/\\\/tuguia.combarranquilla.co\\\/Revista\\\/conoce-los-beneficios-de-la-contratacion-de-veteranos-de-la-fuerza-publica\\\/\"},\"author\":{\"name\":\"Comunicaciones Combarranquilla\",\"@id\":\"https:\\\/\\\/tuguia.combarranquilla.co\\\/Revista\\\/#\\\/schema\\\/person\\\/c2c396a77170bd1d5f8ba73294eb0d10\"},\"headline\":\"Conoce los beneficios de la contrataci\u00f3n de veteranos de la Fuerza P\u00fablica\",\"datePublished\":\"2026-03-12T16:00:49+00:00\",\"dateModified\":\"2026-03-18T14:05:45+00:00\",\"mainEntityOfPage\":{\"@id\":\"https:\\\/\\\/tuguia.combarranquilla.co\\\/Revista\\\/conoce-los-beneficios-de-la-contratacion-de-veteranos-de-la-fuerza-publica\\\/\"},\"wordCount\":244,\"commentCount\":0,\"publisher\":{\"@id\":\"https:\\\/\\\/tuguia.combarranquilla.co\\\/Revista\\\/#organization\"},\"image\":{\"@id\":\"https:\\\/\\\/tuguia.combarranquilla.co\\\/Revista\\\/conoce-los-beneficios-de-la-contratacion-de-veteranos-de-la-fuerza-publica\\\/#primaryimage\"},\"thumbnailUrl\":\"https:\\\/\\\/tuguia.combarranquilla.co\\\/Revista\\\/wp-content\\\/uploads\\\/2026\\\/03\\\/Revista-Combarranquilla-3-scaled.jpg\",\"articleSection\":[\"SUBSIDIOS\"],\"inLanguage\":\"es-CO\",\"potentialAction\":[{\"@type\":\"CommentAction\",\"name\":\"Comment\",\"target\":[\"https:\\\/\\\/tuguia.combarranquilla.co\\\/Revista\\\/conoce-los-beneficios-de-la-contratacion-de-veteranos-de-la-fuerza-publica\\\/#respond\"]}]},{\"@type\":\"WebPage\",\"@id\":\"https:\\\/\\\/tuguia.combarranquilla.co\\\/Revista\\\/conoce-los-beneficios-de-la-contratacion-de-veteranos-de-la-fuerza-publica\\\/\",\"url\":\"https:\\\/\\\/tuguia.combarranquilla.co\\\/Revista\\\/conoce-los-beneficios-de-la-contratacion-de-veteranos-de-la-fuerza-publica\\\/\",\"name\":\"Conoce los beneficios de la contrataci\u00f3n de veteranos de la Fuerza P\u00fablica - Tu Gu\u00eda\",\"isPartOf\":{\"@id\":\"https:\\\/\\\/tuguia.combarranquilla.co\\\/Revista\\\/#website\"},\"primaryImageOfPage\":{\"@id\":\"https:\\\/\\\/tuguia.combarranquilla.co\\\/Revista\\\/conoce-los-beneficios-de-la-contratacion-de-veteranos-de-la-fuerza-publica\\\/#primaryimage\"},\"image\":{\"@id\":\"https:\\\/\\\/tuguia.combarranquilla.co\\\/Revista\\\/conoce-los-beneficios-de-la-contratacion-de-veteranos-de-la-fuerza-publica\\\/#primaryimage\"},\"thumbnailUrl\":\"https:\\\/\\\/tuguia.combarranquilla.co\\\/Revista\\\/wp-content\\\/uploads\\\/2026\\\/03\\\/Revista-Combarranquilla-3-scaled.jpg\",\"datePublished\":\"2026-03-12T16:00:49+00:00\",\"dateModified\":\"2026-03-18T14:05:45+00:00\",\"breadcrumb\":{\"@id\":\"https:\\\/\\\/tuguia.combarranquilla.co\\\/Revista\\\/conoce-los-beneficios-de-la-contratacion-de-veteranos-de-la-fuerza-publica\\\/#breadcrumb\"},\"inLanguage\":\"es-CO\",\"potentialAction\":[{\"@type\":\"ReadAction\",\"target\":[\"https:\\\/\\\/tuguia.combarranquilla.co\\\/Revista\\\/conoce-los-beneficios-de-la-contratacion-de-veteranos-de-la-fuerza-publica\\\/\"]}]},{\"@type\":\"ImageObject\",\"inLanguage\":\"es-CO\",\"@id\":\"https:\\\/\\\/tuguia.combarranquilla.co\\\/Revista\\\/conoce-los-beneficios-de-la-contratacion-de-veteranos-de-la-fuerza-publica\\\/#primaryimage\",\"url\":\"https:\\\/\\\/tuguia.combarranquilla.co\\\/Revista\\\/wp-content\\\/uploads\\\/2026\\\/03\\\/Revista-Combarranquilla-3-scaled.jpg\",\"contentUrl\":\"https:\\\/\\\/tuguia.combarranquilla.co\\\/Revista\\\/wp-content\\\/uploads\\\/2026\\\/03\\\/Revista-Combarranquilla-3-scaled.jpg\",\"width\":2560,\"height\":1280},{\"@type\":\"BreadcrumbList\",\"@id\":\"https:\\\/\\\/tuguia.combarranquilla.co\\\/Revista\\\/conoce-los-beneficios-de-la-contratacion-de-veteranos-de-la-fuerza-publica\\\/#breadcrumb\",\"itemListElement\":[{\"@type\":\"ListItem\",\"position\":1,\"name\":\"Inicio\",\"item\":\"https:\\\/\\\/tuguia.combarranquilla.co\\\/Revista\\\/\"},{\"@type\":\"ListItem\",\"position\":2,\"name\":\"Conoce los beneficios de la contrataci\u00f3n de veteranos de la Fuerza P\u00fablica\"}]},{\"@type\":\"WebSite\",\"@id\":\"https:\\\/\\\/tuguia.combarranquilla.co\\\/Revista\\\/#website\",\"url\":\"https:\\\/\\\/tuguia.combarranquilla.co\\\/Revista\\\/\",\"name\":\"Tu Gu\u00eda\",\"description\":\"La revista donde lo tienes todo.\",\"publisher\":{\"@id\":\"https:\\\/\\\/tuguia.combarranquilla.co\\\/Revista\\\/#organization\"},\"alternateName\":\"Tu Gu\u00eda Combarranquilla\",\"potentialAction\":[{\"@type\":\"SearchAction\",\"target\":{\"@type\":\"EntryPoint\",\"urlTemplate\":\"https:\\\/\\\/tuguia.combarranquilla.co\\\/Revista\\\/?s={search_term_string}\"},\"query-input\":{\"@type\":\"PropertyValueSpecification\",\"valueRequired\":true,\"valueName\":\"search_term_string\"}}],\"inLanguage\":\"es-CO\"},{\"@type\":\"Organization\",\"@id\":\"https:\\\/\\\/tuguia.combarranquilla.co\\\/Revista\\\/#organization\",\"name\":\"Tu Gu\u00eda Combarranquilla\",\"url\":\"https:\\\/\\\/tuguia.combarranquilla.co\\\/Revista\\\/\",\"logo\":{\"@type\":\"ImageObject\",\"inLanguage\":\"es-CO\",\"@id\":\"https:\\\/\\\/tuguia.combarranquilla.co\\\/Revista\\\/#\\\/schema\\\/logo\\\/image\\\/\",\"url\":\"https:\\\/\\\/tuguia.combarranquilla.co\\\/Revista\\\/wp-content\\\/uploads\\\/2022\\\/02\\\/logo-guia-combarranquilla.svg\",\"contentUrl\":\"https:\\\/\\\/tuguia.combarranquilla.co\\\/Revista\\\/wp-content\\\/uploads\\\/2022\\\/02\\\/logo-guia-combarranquilla.svg\",\"caption\":\"Tu Gu\u00eda Combarranquilla\"},\"image\":{\"@id\":\"https:\\\/\\\/tuguia.combarranquilla.co\\\/Revista\\\/#\\\/schema\\\/logo\\\/image\\\/\"}},{\"@type\":\"Person\",\"@id\":\"https:\\\/\\\/tuguia.combarranquilla.co\\\/Revista\\\/#\\\/schema\\\/person\\\/c2c396a77170bd1d5f8ba73294eb0d10\",\"name\":\"Comunicaciones Combarranquilla\",\"image\":{\"@type\":\"ImageObject\",\"inLanguage\":\"es-CO\",\"@id\":\"https:\\\/\\\/tuguia.combarranquilla.co\\\/Revista\\\/wp-content\\\/uploads\\\/2025\\\/05\\\/ABC-Al-Rojo-Logo-96x96.jpg\",\"url\":\"https:\\\/\\\/tuguia.combarranquilla.co\\\/Revista\\\/wp-content\\\/uploads\\\/2025\\\/05\\\/ABC-Al-Rojo-Logo-96x96.jpg\",\"contentUrl\":\"https:\\\/\\\/tuguia.combarranquilla.co\\\/Revista\\\/wp-content\\\/uploads\\\/2025\\\/05\\\/ABC-Al-Rojo-Logo-96x96.jpg\",\"caption\":\"Comunicaciones Combarranquilla\"},\"sameAs\":[\"https:\\\/\\\/www.combarranquilla.co\"],\"url\":\"https:\\\/\\\/tuguia.combarranquilla.co\\\/Revista\\\/author\\\/comunicaciones\\\/\"}]}<\/script>\n<!-- \/ Yoast SEO plugin. -->","yoast_head_json":{"title":"Conoce los beneficios de la contrataci\u00f3n de veteranos de la Fuerza P\u00fablica - Tu Gu\u00eda","robots":{"index":"index","follow":"follow","max-snippet":"max-snippet:-1","max-image-preview":"max-image-preview:large","max-video-preview":"max-video-preview:-1"},"canonical":"https:\/\/tuguia.combarranquilla.co\/Revista\/conoce-los-beneficios-de-la-contratacion-de-veteranos-de-la-fuerza-publica\/","og_locale":"es_ES","og_type":"article","og_title":"Conoce los beneficios de la contrataci\u00f3n de veteranos de la Fuerza P\u00fablica - Tu Gu\u00eda","og_description":"La contrataci\u00f3n de veteranos de la fuerza p\u00fablica es una iniciativa estrat\u00e9gica del Ministerio de Trabajo, que garantiza la inclusi\u00f3n laboral de la poblaci\u00f3n veterana a trav\u00e9s de la ruta de empleabilidad. Esta iniciativa contempla una serie de beneficios tanto para los empleadores como para los exintegrantes de la Fuerza P\u00fablica. Pueden aplicar: Para las [&hellip;]","og_url":"https:\/\/tuguia.combarranquilla.co\/Revista\/conoce-los-beneficios-de-la-contratacion-de-veteranos-de-la-fuerza-publica\/","og_site_name":"Tu Gu\u00eda","article_published_time":"2026-03-12T16:00:49+00:00","article_modified_time":"2026-03-18T14:05:45+00:00","og_image":[{"width":2560,"height":1280,"url":"https:\/\/tuguia.combarranquilla.co\/Revista\/wp-content\/uploads\/2026\/03\/Revista-Combarranquilla-3-scaled.jpg","type":"image\/jpeg"}],"author":"Comunicaciones Combarranquilla","twitter_card":"summary_large_image","twitter_misc":{"Escrito por":"Comunicaciones Combarranquilla","Tiempo de lectura":"1 minuto"},"schema":{"@context":"https:\/\/schema.org","@graph":[{"@type":"Article","@id":"https:\/\/tuguia.combarranquilla.co\/Revista\/conoce-los-beneficios-de-la-contratacion-de-veteranos-de-la-fuerza-publica\/#article","isPartOf":{"@id":"https:\/\/tuguia.combarranquilla.co\/Revista\/conoce-los-beneficios-de-la-contratacion-de-veteranos-de-la-fuerza-publica\/"},"author":{"name":"Comunicaciones Combarranquilla","@id":"https:\/\/tuguia.combarranquilla.co\/Revista\/#\/schema\/person\/c2c396a77170bd1d5f8ba73294eb0d10"},"headline":"Conoce los beneficios de la contrataci\u00f3n de veteranos de la Fuerza P\u00fablica","datePublished":"2026-03-12T16:00:49+00:00","dateModified":"2026-03-18T14:05:45+00:00","mainEntityOfPage":{"@id":"https:\/\/tuguia.combarranquilla.co\/Revista\/conoce-los-beneficios-de-la-contratacion-de-veteranos-de-la-fuerza-publica\/"},"wordCount":244,"commentCount":0,"publisher":{"@id":"https:\/\/tuguia.combarranquilla.co\/Revista\/#organization"},"image":{"@id":"https:\/\/tuguia.combarranquilla.co\/Revista\/conoce-los-beneficios-de-la-contratacion-de-veteranos-de-la-fuerza-publica\/#primaryimage"},"thumbnailUrl":"https:\/\/tuguia.combarranquilla.co\/Revista\/wp-content\/uploads\/2026\/03\/Revista-Combarranquilla-3-scaled.jpg","articleSection":["SUBSIDIOS"],"inLanguage":"es-CO","potentialAction":[{"@type":"CommentAction","name":"Comment","target":["https:\/\/tuguia.combarranquilla.co\/Revista\/conoce-los-beneficios-de-la-contratacion-de-veteranos-de-la-fuerza-publica\/#respond"]}]},{"@type":"WebPage","@id":"https:\/\/tuguia.combarranquilla.co\/Revista\/conoce-los-beneficios-de-la-contratacion-de-veteranos-de-la-fuerza-publica\/","url":"https:\/\/tuguia.combarranquilla.co\/Revista\/conoce-los-beneficios-de-la-contratacion-de-veteranos-de-la-fuerza-publica\/","name":"Conoce los beneficios de la contrataci\u00f3n de veteranos de la Fuerza P\u00fablica - Tu Gu\u00eda","isPartOf":{"@id":"https:\/\/tuguia.combarranquilla.co\/Revista\/#website"},"primaryImageOfPage":{"@id":"https:\/\/tuguia.combarranquilla.co\/Revista\/conoce-los-beneficios-de-la-contratacion-de-veteranos-de-la-fuerza-publica\/#primaryimage"},"image":{"@id":"https:\/\/tuguia.combarranquilla.co\/Revista\/conoce-los-beneficios-de-la-contratacion-de-veteranos-de-la-fuerza-publica\/#primaryimage"},"thumbnailUrl":"https:\/\/tuguia.combarranquilla.co\/Revista\/wp-content\/uploads\/2026\/03\/Revista-Combarranquilla-3-scaled.jpg","datePublished":"2026-03-12T16:00:49+00:00","dateModified":"2026-03-18T14:05:45+00:00","breadcrumb":{"@id":"https:\/\/tuguia.combarranquilla.co\/Revista\/conoce-los-beneficios-de-la-contratacion-de-veteranos-de-la-fuerza-publica\/#breadcrumb"},"inLanguage":"es-CO","potentialAction":[{"@type":"ReadAction","target":["https:\/\/tuguia.combarranquilla.co\/Revista\/conoce-los-beneficios-de-la-contratacion-de-veteranos-de-la-fuerza-publica\/"]}]},{"@type":"ImageObject","inLanguage":"es-CO","@id":"https:\/\/tuguia.combarranquilla.co\/Revista\/conoce-los-beneficios-de-la-contratacion-de-veteranos-de-la-fuerza-publica\/#primaryimage","url":"https:\/\/tuguia.combarranquilla.co\/Revista\/wp-content\/uploads\/2026\/03\/Revista-Combarranquilla-3-scaled.jpg","contentUrl":"https:\/\/tuguia.combarranquilla.co\/Revista\/wp-content\/uploads\/2026\/03\/Revista-Combarranquilla-3-scaled.jpg","width":2560,"height":1280},{"@type":"BreadcrumbList","@id":"https:\/\/tuguia.combarranquilla.co\/Revista\/conoce-los-beneficios-de-la-contratacion-de-veteranos-de-la-fuerza-publica\/#breadcrumb","itemListElement":[{"@type":"ListItem","position":1,"name":"Inicio","item":"https:\/\/tuguia.combarranquilla.co\/Revista\/"},{"@type":"ListItem","position":2,"name":"Conoce los beneficios de la contrataci\u00f3n de veteranos de la Fuerza P\u00fablica"}]},{"@type":"WebSite","@id":"https:\/\/tuguia.combarranquilla.co\/Revista\/#website","url":"https:\/\/tuguia.combarranquilla.co\/Revista\/","name":"Tu Gu\u00eda","description":"La revista donde lo tienes todo.","publisher":{"@id":"https:\/\/tuguia.combarranquilla.co\/Revista\/#organization"},"alternateName":"Tu Gu\u00eda Combarranquilla","potentialAction":[{"@type":"SearchAction","target":{"@type":"EntryPoint","urlTemplate":"https:\/\/tuguia.combarranquilla.co\/Revista\/?s={search_term_string}"},"query-input":{"@type":"PropertyValueSpecification","valueRequired":true,"valueName":"search_term_string"}}],"inLanguage":"es-CO"},{"@type":"Organization","@id":"https:\/\/tuguia.combarranquilla.co\/Revista\/#organization","name":"Tu Gu\u00eda Combarranquilla","url":"https:\/\/tuguia.combarranquilla.co\/Revista\/","logo":{"@type":"ImageObject","inLanguage":"es-CO","@id":"https:\/\/tuguia.combarranquilla.co\/Revista\/#\/schema\/logo\/image\/","url":"https:\/\/tuguia.combarranquilla.co\/Revista\/wp-content\/uploads\/2022\/02\/logo-guia-combarranquilla.svg","contentUrl":"https:\/\/tuguia.combarranquilla.co\/Revista\/wp-content\/uploads\/2022\/02\/logo-guia-combarranquilla.svg","caption":"Tu Gu\u00eda Combarranquilla"},"image":{"@id":"https:\/\/tuguia.combarranquilla.co\/Revista\/#\/schema\/logo\/image\/"}},{"@type":"Person","@id":"https:\/\/tuguia.combarranquilla.co\/Revista\/#\/schema\/person\/c2c396a77170bd1d5f8ba73294eb0d10","name":"Comunicaciones Combarranquilla","image":{"@type":"ImageObject","inLanguage":"es-CO","@id":"https:\/\/tuguia.combarranquilla.co\/Revista\/wp-content\/uploads\/2025\/05\/ABC-Al-Rojo-Logo-96x96.jpg","url":"https:\/\/tuguia.combarranquilla.co\/Revista\/wp-content\/uploads\/2025\/05\/ABC-Al-Rojo-Logo-96x96.jpg","contentUrl":"https:\/\/tuguia.combarranquilla.co\/Revista\/wp-content\/uploads\/2025\/05\/ABC-Al-Rojo-Logo-96x96.jpg","caption":"Comunicaciones Combarranquilla"},"sameAs":["https:\/\/www.combarranquilla.co"],"url":"https:\/\/tuguia.combarranquilla.co\/Revista\/author\/comunicaciones\/"}]}},"_links":{"self":[{"href":"https:\/\/tuguia.combarranquilla.co\/Revista\/wp-json\/wp\/v2\/posts\/8889","targetHints":{"allow":["GET"]}}],"collection":[{"href":"https:\/\/tuguia.combarranquilla.co\/Revista\/wp-json\/wp\/v2\/posts"}],"about":[{"href":"https:\/\/tuguia.combarranquilla.co\/Revista\/wp-json\/wp\/v2\/types\/post"}],"author":[{"embeddable":true,"href":"https:\/\/tuguia.combarranquilla.co\/Revista\/wp-json\/wp\/v2\/users\/2"}],"replies":[{"embeddable":true,"href":"https:\/\/tuguia.combarranquilla.co\/Revista\/wp-json\/wp\/v2\/comments?post=8889"}],"version-history":[{"count":8,"href":"https:\/\/tuguia.combarranquilla.co\/Revista\/wp-json\/wp\/v2\/posts\/8889\/revisions"}],"predecessor-version":[{"id":8919,"href":"https:\/\/tuguia.combarranquilla.co\/Revista\/wp-json\/wp\/v2\/posts\/8889\/revisions\/8919"}],"wp:featuredmedia":[{"embeddable":true,"href":"https:\/\/tuguia.combarranquilla.co\/Revista\/wp-json\/wp\/v2\/media\/8900"}],"wp:attachment":[{"href":"https:\/\/tuguia.combarranquilla.co\/Revista\/wp-json\/wp\/v2\/media?parent=8889"}],"wp:term":[{"taxonomy":"category","embeddable":true,"href":"https:\/\/tuguia.combarranquilla.co\/Revista\/wp-json\/wp\/v2\/categories?post=8889"},{"taxonomy":"post_tag","embeddable":true,"href":"https:\/\/tuguia.combarranquilla.co\/Revista\/wp-json\/wp\/v2\/tags?post=8889"}],"curies":[{"name":"wp","href":"https:\/\/api.w.org\/{rel}","templated":true}]}}