{"id":903,"date":"2022-10-14T14:27:00","date_gmt":"2022-10-14T19:27:00","guid":{"rendered":"https:\/\/tuguia.combarranquilla.co\/Revista\/?p=903"},"modified":"2022-10-14T14:27:00","modified_gmt":"2022-10-14T19:27:00","slug":"somos-inclusivos-combarranquillasomostodos","status":"publish","type":"post","link":"https:\/\/tuguia.combarranquilla.co\/Revista\/somos-inclusivos-combarranquillasomostodos\/","title":{"rendered":"\u00a1Somos Inclusivos! #CombarranquillaSomosTodos"},"content":{"rendered":"\n<p>La Agencia de Empleo Combarranquilla contin\u00faa brindando oportunidades laborales a personal con discapacidad, migrantes, mujeres, v\u00edctimas del conflicto armado, j\u00f3venes y adultos mayores.<\/p>\n\n\n\n<p><strong>\u00bfSab\u00edas qu\u00e9?<\/strong><\/p>\n\n\n\n<p>El inter\u00e9s en propiciar una buena pr\u00e1ctica de inclusi\u00f3n laboral es el punto de partida de un proceso para<br>el cual el empresario puede recibir asesor\u00eda personalizada y m\u00faltiples beneficios tributarios.<\/p>\n\n\n\n<p><strong>\u00bfCu\u00e1les son los beneficios?<\/strong><\/p>\n\n\n\n<ol class=\"wp-block-list\"><li>Deducci\u00f3n de la renta.<\/li><li>Disminuci\u00f3n en la cuota de aprendices.<\/li><li>Preferencia en licitaciones.<\/li><li>Rentas exentas, descuentos tributarios y cr\u00e9ditos fiscales.<\/li><li>Deducci\u00f3n por programas de aprendices (SENA).<\/li><\/ol>\n\n\n\n<p class=\"has-text-align-center\">\u00a1Y mucho m\u00e1s! Conoce m\u00e1s informaci\u00f3n aqu\u00ed: <a href=\"https:\/\/bit.ly\/3Mw5rnc\" target=\"_blank\" rel=\"noreferrer noopener\">https:\/\/bit.ly\/3Mw5rnc<\/a><\/p>\n\n\n\n<div class=\"wp-block-group\"><div class=\"wp-block-group__inner-container is-layout-flow wp-block-group-is-layout-flow\">\n<figure class=\"wp-block-video\"><video controls src=\"https:\/\/tuguia.combarranquilla.co\/Revista\/wp-content\/uploads\/2022\/10\/8561127f-f97c-4e8c-ace6-987cc8c416c7-1_Y0TkgcI6-2.mp4\"><\/video><figcaption><em>Entrevista a personal con discapacidad auditiva<\/em> <em>por parte de nuestras psic\u00f3logas de Orientaci\u00f3n Laboral<\/em>.<\/figcaption><\/figure>\n<\/div><\/div>\n\n\n\n<h2 class=\"wp-block-heading\">Tips para tener en cuenta durante la vinculaci\u00f3n laboral<\/h2>\n\n\n\n<ul class=\"wp-block-list\"><li><span style=\"color: initial;\">Comprender la inclusi\u00f3n laboral, por parte de todos los niveles de la organizaci\u00f3n.<\/span><\/li><li>Contar con el compromiso y respaldo del nivel directivo y los l\u00edderes de las \u00e1reas implicadas de la empresa.<\/li><li>Sensibilizar e informar asertivamente, para transformar imaginarios y paradigmas.<\/li><li>Conocer experiencias y pr\u00e1cticas de inclusi\u00f3n entre organizaciones.<\/li><li>Definir el \u00e1rea o equipo que liderar\u00e1 el proceso de inclusi\u00f3n en la organizaci\u00f3n.<\/li><\/ul>\n\n\n\n<p><strong><em>DURANTE EL PROCESO DE SELECCI\u00d3N<\/em><\/strong><\/p>\n\n\n\n<ul class=\"wp-block-list\"><li>Estar abierto a recibir hoja de vida de candidatos que consideren que cumplen con el perfil. Los trabajadores se valoran por sus talentos y competencias.<\/li><li>Realizar a los candidatos preguntas concretas que puedan responder en el \u00e1rea de selecci\u00f3n o futuro jefe a cargo, para identificar las posibles limitaciones funcionales que puedan tener en el entorno laboral.<\/li><\/ul>\n\n\n<div class=\"wp-block-image\">\n<figure class=\"aligncenter size-large is-resized\"><img decoding=\"async\" data-src=\"https:\/\/tuguia.combarranquilla.co\/Revista\/wp-content\/uploads\/2022\/10\/2b8b15ac-f1d9-4b33-a0b7-34b83a4b2379-1024x768.jpeg\" alt=\"\" class=\"wp-image-911 lazyload\" width=\"840\" height=\"631\" data-srcset=\"https:\/\/tuguia.combarranquilla.co\/Revista\/wp-content\/uploads\/2022\/10\/2b8b15ac-f1d9-4b33-a0b7-34b83a4b2379-1024x768.jpeg 1024w, https:\/\/tuguia.combarranquilla.co\/Revista\/wp-content\/uploads\/2022\/10\/2b8b15ac-f1d9-4b33-a0b7-34b83a4b2379-300x225.jpeg 300w, https:\/\/tuguia.combarranquilla.co\/Revista\/wp-content\/uploads\/2022\/10\/2b8b15ac-f1d9-4b33-a0b7-34b83a4b2379-768x576.jpeg 768w, https:\/\/tuguia.combarranquilla.co\/Revista\/wp-content\/uploads\/2022\/10\/2b8b15ac-f1d9-4b33-a0b7-34b83a4b2379-1536x1152.jpeg 1536w, https:\/\/tuguia.combarranquilla.co\/Revista\/wp-content\/uploads\/2022\/10\/2b8b15ac-f1d9-4b33-a0b7-34b83a4b2379.jpeg 1600w\" data-sizes=\"(max-width: 840px) 100vw, 840px\" src=\"data:image\/svg+xml;base64,PHN2ZyB3aWR0aD0iMSIgaGVpZ2h0PSIxIiB4bWxucz0iaHR0cDovL3d3dy53My5vcmcvMjAwMC9zdmciPjwvc3ZnPg==\" style=\"--smush-placeholder-width: 840px; --smush-placeholder-aspect-ratio: 840\/631;\" \/><\/figure><\/div>\n\n\n<p><strong><em>DURANTE LA CONTRATACI\u00d3N<\/em><\/strong><\/p>\n\n\n\n<ul class=\"wp-block-list\"><li>Garantizar un proceso de inducci\u00f3n suficiente y con los ajustes necesarios, para que los trabajadores conozcan ampliamente sus funciones y su entorno laboral.<\/li><li>Procurar que el nuevo trabajador lea, conozca y comprenda todo lo incluido en el contrato y en el reglamento de trabajo; as\u00ed por ello, se requiera alg\u00fan tipo de apoyo adicional.<\/li><\/ul>\n\n\n\n<p><strong><em>POST CONTRATACI\u00d3N<\/em><\/strong><\/p>\n\n\n\n<ul class=\"wp-block-list\"><li>Sensibilizar a compa\u00f1eros y jefes para que apoyen el proceso de inclusi\u00f3n.<\/li><li>Evitar que los trabajadores sean sobreprotegidos o discriminados; para ello es necesario que su perfil est\u00e9 acorde con las competencias requeridas para el cargo.<\/li><li>Garantizar que el puesto de trabajo cuenta con los ajustes requeridos para minimizar barreras que puedan afectar el buen desempe\u00f1o laboral.<\/li><li>Hacer un seguimiento los primeros meses de la vinculaci\u00f3n, para conocer c\u00f3mo se ha asumido la inclusi\u00f3n en la jornada laboral.<\/li><\/ul>\n\n\n\n<figure class=\"wp-block-gallery has-nested-images columns-default is-cropped wp-block-gallery-1 is-layout-flex wp-block-gallery-is-layout-flex\">\n<figure class=\"wp-block-image size-large\"><img decoding=\"async\" width=\"1024\" height=\"1024\" data-id=\"915\" data-src=\"https:\/\/tuguia.combarranquilla.co\/Revista\/wp-content\/uploads\/2022\/10\/AGENCIA-INCLUSIVA8-1-1024x1024.jpg\" alt=\"\" class=\"wp-image-915 lazyload\" data-srcset=\"https:\/\/tuguia.combarranquilla.co\/Revista\/wp-content\/uploads\/2022\/10\/AGENCIA-INCLUSIVA8-1-1024x1024.jpg 1024w, https:\/\/tuguia.combarranquilla.co\/Revista\/wp-content\/uploads\/2022\/10\/AGENCIA-INCLUSIVA8-1-300x300.jpg 300w, https:\/\/tuguia.combarranquilla.co\/Revista\/wp-content\/uploads\/2022\/10\/AGENCIA-INCLUSIVA8-1-150x150.jpg 150w, https:\/\/tuguia.combarranquilla.co\/Revista\/wp-content\/uploads\/2022\/10\/AGENCIA-INCLUSIVA8-1-768x768.jpg 768w, https:\/\/tuguia.combarranquilla.co\/Revista\/wp-content\/uploads\/2022\/10\/AGENCIA-INCLUSIVA8-1.jpg 1080w\" data-sizes=\"(max-width: 1024px) 100vw, 1024px\" src=\"data:image\/svg+xml;base64,PHN2ZyB3aWR0aD0iMSIgaGVpZ2h0PSIxIiB4bWxucz0iaHR0cDovL3d3dy53My5vcmcvMjAwMC9zdmciPjwvc3ZnPg==\" style=\"--smush-placeholder-width: 1024px; --smush-placeholder-aspect-ratio: 1024\/1024;\" \/><\/figure>\n<\/figure>\n","protected":false},"excerpt":{"rendered":"<p>La Agencia de Empleo Combarranquilla contin\u00faa brindando oportunidades laborales a personal con discapacidad, migrantes, mujeres, v\u00edctimas del conflicto armado, j\u00f3venes y adultos mayores. \u00bfSab\u00edas qu\u00e9? El inter\u00e9s en propiciar una buena pr\u00e1ctica de inclusi\u00f3n laboral es el punto de partida de un proceso parael cual el empresario puede recibir asesor\u00eda personalizada y m\u00faltiples beneficios tributarios. [&hellip;]<\/p>\n","protected":false},"author":2,"featured_media":904,"comment_status":"open","ping_status":"open","sticky":false,"template":"","format":"standard","meta":{"inline_featured_image":false,"footnotes":""},"categories":[6],"tags":[],"class_list":["post-903","post","type-post","status-publish","format-standard","has-post-thumbnail","hentry","category-empleabilidad"],"yoast_head":"<!-- This site is optimized with the Yoast SEO plugin v27.4 - https:\/\/yoast.com\/product\/yoast-seo-wordpress\/ -->\n<title>\u00a1Somos Inclusivos! #CombarranquillaSomosTodos - Tu Gu\u00eda<\/title>\n<meta name=\"robots\" content=\"index, follow, max-snippet:-1, max-image-preview:large, max-video-preview:-1\" \/>\n<link rel=\"canonical\" href=\"https:\/\/tuguia.combarranquilla.co\/Revista\/somos-inclusivos-combarranquillasomostodos\/\" \/>\n<meta property=\"og:locale\" content=\"es_ES\" \/>\n<meta property=\"og:type\" content=\"article\" \/>\n<meta property=\"og:title\" content=\"\u00a1Somos Inclusivos! #CombarranquillaSomosTodos - Tu Gu\u00eda\" \/>\n<meta property=\"og:description\" content=\"La Agencia de Empleo Combarranquilla contin\u00faa brindando oportunidades laborales a personal con discapacidad, migrantes, mujeres, v\u00edctimas del conflicto armado, j\u00f3venes y adultos mayores. \u00bfSab\u00edas qu\u00e9? El inter\u00e9s en propiciar una buena pr\u00e1ctica de inclusi\u00f3n laboral es el punto de partida de un proceso parael cual el empresario puede recibir asesor\u00eda personalizada y m\u00faltiples beneficios tributarios. [&hellip;]\" \/>\n<meta property=\"og:url\" content=\"https:\/\/tuguia.combarranquilla.co\/Revista\/somos-inclusivos-combarranquillasomostodos\/\" \/>\n<meta property=\"og:site_name\" content=\"Tu Gu\u00eda\" \/>\n<meta property=\"article:published_time\" content=\"2022-10-14T19:27:00+00:00\" \/>\n<meta property=\"og:image\" content=\"https:\/\/tuguia.combarranquilla.co\/Revista\/wp-content\/uploads\/2022\/10\/91277d21-3f3f-4a79-8c08-a5b04f0ff2b6.jpeg\" \/>\n\t<meta property=\"og:image:width\" content=\"1600\" \/>\n\t<meta property=\"og:image:height\" content=\"1200\" \/>\n\t<meta property=\"og:image:type\" content=\"image\/jpeg\" \/>\n<meta name=\"author\" content=\"Comunicaciones Combarranquilla\" \/>\n<meta name=\"twitter:card\" content=\"summary_large_image\" \/>\n<meta name=\"twitter:label1\" content=\"Escrito por\" \/>\n\t<meta name=\"twitter:data1\" content=\"Comunicaciones Combarranquilla\" \/>\n\t<meta name=\"twitter:label2\" content=\"Tiempo de lectura\" \/>\n\t<meta name=\"twitter:data2\" content=\"2 minutos\" \/>\n<script type=\"application\/ld+json\" class=\"yoast-schema-graph\">{\"@context\":\"https:\\\/\\\/schema.org\",\"@graph\":[{\"@type\":\"Article\",\"@id\":\"https:\\\/\\\/tuguia.combarranquilla.co\\\/Revista\\\/somos-inclusivos-combarranquillasomostodos\\\/#article\",\"isPartOf\":{\"@id\":\"https:\\\/\\\/tuguia.combarranquilla.co\\\/Revista\\\/somos-inclusivos-combarranquillasomostodos\\\/\"},\"author\":{\"name\":\"Comunicaciones Combarranquilla\",\"@id\":\"https:\\\/\\\/tuguia.combarranquilla.co\\\/Revista\\\/#\\\/schema\\\/person\\\/c2c396a77170bd1d5f8ba73294eb0d10\"},\"headline\":\"\u00a1Somos Inclusivos! #CombarranquillaSomosTodos\",\"datePublished\":\"2022-10-14T19:27:00+00:00\",\"mainEntityOfPage\":{\"@id\":\"https:\\\/\\\/tuguia.combarranquilla.co\\\/Revista\\\/somos-inclusivos-combarranquillasomostodos\\\/\"},\"wordCount\":424,\"commentCount\":0,\"publisher\":{\"@id\":\"https:\\\/\\\/tuguia.combarranquilla.co\\\/Revista\\\/#organization\"},\"image\":{\"@id\":\"https:\\\/\\\/tuguia.combarranquilla.co\\\/Revista\\\/somos-inclusivos-combarranquillasomostodos\\\/#primaryimage\"},\"thumbnailUrl\":\"https:\\\/\\\/tuguia.combarranquilla.co\\\/Revista\\\/wp-content\\\/uploads\\\/2022\\\/10\\\/91277d21-3f3f-4a79-8c08-a5b04f0ff2b6.jpeg\",\"articleSection\":[\"EMPLEABILIDAD\"],\"inLanguage\":\"es-CO\",\"potentialAction\":[{\"@type\":\"CommentAction\",\"name\":\"Comment\",\"target\":[\"https:\\\/\\\/tuguia.combarranquilla.co\\\/Revista\\\/somos-inclusivos-combarranquillasomostodos\\\/#respond\"]}]},{\"@type\":\"WebPage\",\"@id\":\"https:\\\/\\\/tuguia.combarranquilla.co\\\/Revista\\\/somos-inclusivos-combarranquillasomostodos\\\/\",\"url\":\"https:\\\/\\\/tuguia.combarranquilla.co\\\/Revista\\\/somos-inclusivos-combarranquillasomostodos\\\/\",\"name\":\"\u00a1Somos Inclusivos! #CombarranquillaSomosTodos - Tu Gu\u00eda\",\"isPartOf\":{\"@id\":\"https:\\\/\\\/tuguia.combarranquilla.co\\\/Revista\\\/#website\"},\"primaryImageOfPage\":{\"@id\":\"https:\\\/\\\/tuguia.combarranquilla.co\\\/Revista\\\/somos-inclusivos-combarranquillasomostodos\\\/#primaryimage\"},\"image\":{\"@id\":\"https:\\\/\\\/tuguia.combarranquilla.co\\\/Revista\\\/somos-inclusivos-combarranquillasomostodos\\\/#primaryimage\"},\"thumbnailUrl\":\"https:\\\/\\\/tuguia.combarranquilla.co\\\/Revista\\\/wp-content\\\/uploads\\\/2022\\\/10\\\/91277d21-3f3f-4a79-8c08-a5b04f0ff2b6.jpeg\",\"datePublished\":\"2022-10-14T19:27:00+00:00\",\"breadcrumb\":{\"@id\":\"https:\\\/\\\/tuguia.combarranquilla.co\\\/Revista\\\/somos-inclusivos-combarranquillasomostodos\\\/#breadcrumb\"},\"inLanguage\":\"es-CO\",\"potentialAction\":[{\"@type\":\"ReadAction\",\"target\":[\"https:\\\/\\\/tuguia.combarranquilla.co\\\/Revista\\\/somos-inclusivos-combarranquillasomostodos\\\/\"]}]},{\"@type\":\"ImageObject\",\"inLanguage\":\"es-CO\",\"@id\":\"https:\\\/\\\/tuguia.combarranquilla.co\\\/Revista\\\/somos-inclusivos-combarranquillasomostodos\\\/#primaryimage\",\"url\":\"https:\\\/\\\/tuguia.combarranquilla.co\\\/Revista\\\/wp-content\\\/uploads\\\/2022\\\/10\\\/91277d21-3f3f-4a79-8c08-a5b04f0ff2b6.jpeg\",\"contentUrl\":\"https:\\\/\\\/tuguia.combarranquilla.co\\\/Revista\\\/wp-content\\\/uploads\\\/2022\\\/10\\\/91277d21-3f3f-4a79-8c08-a5b04f0ff2b6.jpeg\",\"width\":1600,\"height\":1200},{\"@type\":\"BreadcrumbList\",\"@id\":\"https:\\\/\\\/tuguia.combarranquilla.co\\\/Revista\\\/somos-inclusivos-combarranquillasomostodos\\\/#breadcrumb\",\"itemListElement\":[{\"@type\":\"ListItem\",\"position\":1,\"name\":\"Inicio\",\"item\":\"https:\\\/\\\/tuguia.combarranquilla.co\\\/Revista\\\/\"},{\"@type\":\"ListItem\",\"position\":2,\"name\":\"\u00a1Somos Inclusivos! #CombarranquillaSomosTodos\"}]},{\"@type\":\"WebSite\",\"@id\":\"https:\\\/\\\/tuguia.combarranquilla.co\\\/Revista\\\/#website\",\"url\":\"https:\\\/\\\/tuguia.combarranquilla.co\\\/Revista\\\/\",\"name\":\"Tu Gu\u00eda\",\"description\":\"La revista donde lo tienes todo.\",\"publisher\":{\"@id\":\"https:\\\/\\\/tuguia.combarranquilla.co\\\/Revista\\\/#organization\"},\"alternateName\":\"Tu Gu\u00eda Combarranquilla\",\"potentialAction\":[{\"@type\":\"SearchAction\",\"target\":{\"@type\":\"EntryPoint\",\"urlTemplate\":\"https:\\\/\\\/tuguia.combarranquilla.co\\\/Revista\\\/?s={search_term_string}\"},\"query-input\":{\"@type\":\"PropertyValueSpecification\",\"valueRequired\":true,\"valueName\":\"search_term_string\"}}],\"inLanguage\":\"es-CO\"},{\"@type\":\"Organization\",\"@id\":\"https:\\\/\\\/tuguia.combarranquilla.co\\\/Revista\\\/#organization\",\"name\":\"Tu Gu\u00eda Combarranquilla\",\"url\":\"https:\\\/\\\/tuguia.combarranquilla.co\\\/Revista\\\/\",\"logo\":{\"@type\":\"ImageObject\",\"inLanguage\":\"es-CO\",\"@id\":\"https:\\\/\\\/tuguia.combarranquilla.co\\\/Revista\\\/#\\\/schema\\\/logo\\\/image\\\/\",\"url\":\"https:\\\/\\\/tuguia.combarranquilla.co\\\/Revista\\\/wp-content\\\/uploads\\\/2022\\\/02\\\/logo-guia-combarranquilla.svg\",\"contentUrl\":\"https:\\\/\\\/tuguia.combarranquilla.co\\\/Revista\\\/wp-content\\\/uploads\\\/2022\\\/02\\\/logo-guia-combarranquilla.svg\",\"caption\":\"Tu Gu\u00eda Combarranquilla\"},\"image\":{\"@id\":\"https:\\\/\\\/tuguia.combarranquilla.co\\\/Revista\\\/#\\\/schema\\\/logo\\\/image\\\/\"}},{\"@type\":\"Person\",\"@id\":\"https:\\\/\\\/tuguia.combarranquilla.co\\\/Revista\\\/#\\\/schema\\\/person\\\/c2c396a77170bd1d5f8ba73294eb0d10\",\"name\":\"Comunicaciones Combarranquilla\",\"image\":{\"@type\":\"ImageObject\",\"inLanguage\":\"es-CO\",\"@id\":\"https:\\\/\\\/tuguia.combarranquilla.co\\\/Revista\\\/wp-content\\\/uploads\\\/2025\\\/05\\\/ABC-Al-Rojo-Logo-96x96.jpg\",\"url\":\"https:\\\/\\\/tuguia.combarranquilla.co\\\/Revista\\\/wp-content\\\/uploads\\\/2025\\\/05\\\/ABC-Al-Rojo-Logo-96x96.jpg\",\"contentUrl\":\"https:\\\/\\\/tuguia.combarranquilla.co\\\/Revista\\\/wp-content\\\/uploads\\\/2025\\\/05\\\/ABC-Al-Rojo-Logo-96x96.jpg\",\"caption\":\"Comunicaciones Combarranquilla\"},\"sameAs\":[\"https:\\\/\\\/www.combarranquilla.co\"],\"url\":\"https:\\\/\\\/tuguia.combarranquilla.co\\\/Revista\\\/author\\\/comunicaciones\\\/\"}]}<\/script>\n<!-- \/ Yoast SEO plugin. -->","yoast_head_json":{"title":"\u00a1Somos Inclusivos! #CombarranquillaSomosTodos - Tu Gu\u00eda","robots":{"index":"index","follow":"follow","max-snippet":"max-snippet:-1","max-image-preview":"max-image-preview:large","max-video-preview":"max-video-preview:-1"},"canonical":"https:\/\/tuguia.combarranquilla.co\/Revista\/somos-inclusivos-combarranquillasomostodos\/","og_locale":"es_ES","og_type":"article","og_title":"\u00a1Somos Inclusivos! #CombarranquillaSomosTodos - Tu Gu\u00eda","og_description":"La Agencia de Empleo Combarranquilla contin\u00faa brindando oportunidades laborales a personal con discapacidad, migrantes, mujeres, v\u00edctimas del conflicto armado, j\u00f3venes y adultos mayores. \u00bfSab\u00edas qu\u00e9? El inter\u00e9s en propiciar una buena pr\u00e1ctica de inclusi\u00f3n laboral es el punto de partida de un proceso parael cual el empresario puede recibir asesor\u00eda personalizada y m\u00faltiples beneficios tributarios. [&hellip;]","og_url":"https:\/\/tuguia.combarranquilla.co\/Revista\/somos-inclusivos-combarranquillasomostodos\/","og_site_name":"Tu Gu\u00eda","article_published_time":"2022-10-14T19:27:00+00:00","og_image":[{"width":1600,"height":1200,"url":"https:\/\/tuguia.combarranquilla.co\/Revista\/wp-content\/uploads\/2022\/10\/91277d21-3f3f-4a79-8c08-a5b04f0ff2b6.jpeg","type":"image\/jpeg"}],"author":"Comunicaciones Combarranquilla","twitter_card":"summary_large_image","twitter_misc":{"Escrito por":"Comunicaciones Combarranquilla","Tiempo de lectura":"2 minutos"},"schema":{"@context":"https:\/\/schema.org","@graph":[{"@type":"Article","@id":"https:\/\/tuguia.combarranquilla.co\/Revista\/somos-inclusivos-combarranquillasomostodos\/#article","isPartOf":{"@id":"https:\/\/tuguia.combarranquilla.co\/Revista\/somos-inclusivos-combarranquillasomostodos\/"},"author":{"name":"Comunicaciones Combarranquilla","@id":"https:\/\/tuguia.combarranquilla.co\/Revista\/#\/schema\/person\/c2c396a77170bd1d5f8ba73294eb0d10"},"headline":"\u00a1Somos Inclusivos! #CombarranquillaSomosTodos","datePublished":"2022-10-14T19:27:00+00:00","mainEntityOfPage":{"@id":"https:\/\/tuguia.combarranquilla.co\/Revista\/somos-inclusivos-combarranquillasomostodos\/"},"wordCount":424,"commentCount":0,"publisher":{"@id":"https:\/\/tuguia.combarranquilla.co\/Revista\/#organization"},"image":{"@id":"https:\/\/tuguia.combarranquilla.co\/Revista\/somos-inclusivos-combarranquillasomostodos\/#primaryimage"},"thumbnailUrl":"https:\/\/tuguia.combarranquilla.co\/Revista\/wp-content\/uploads\/2022\/10\/91277d21-3f3f-4a79-8c08-a5b04f0ff2b6.jpeg","articleSection":["EMPLEABILIDAD"],"inLanguage":"es-CO","potentialAction":[{"@type":"CommentAction","name":"Comment","target":["https:\/\/tuguia.combarranquilla.co\/Revista\/somos-inclusivos-combarranquillasomostodos\/#respond"]}]},{"@type":"WebPage","@id":"https:\/\/tuguia.combarranquilla.co\/Revista\/somos-inclusivos-combarranquillasomostodos\/","url":"https:\/\/tuguia.combarranquilla.co\/Revista\/somos-inclusivos-combarranquillasomostodos\/","name":"\u00a1Somos Inclusivos! #CombarranquillaSomosTodos - Tu Gu\u00eda","isPartOf":{"@id":"https:\/\/tuguia.combarranquilla.co\/Revista\/#website"},"primaryImageOfPage":{"@id":"https:\/\/tuguia.combarranquilla.co\/Revista\/somos-inclusivos-combarranquillasomostodos\/#primaryimage"},"image":{"@id":"https:\/\/tuguia.combarranquilla.co\/Revista\/somos-inclusivos-combarranquillasomostodos\/#primaryimage"},"thumbnailUrl":"https:\/\/tuguia.combarranquilla.co\/Revista\/wp-content\/uploads\/2022\/10\/91277d21-3f3f-4a79-8c08-a5b04f0ff2b6.jpeg","datePublished":"2022-10-14T19:27:00+00:00","breadcrumb":{"@id":"https:\/\/tuguia.combarranquilla.co\/Revista\/somos-inclusivos-combarranquillasomostodos\/#breadcrumb"},"inLanguage":"es-CO","potentialAction":[{"@type":"ReadAction","target":["https:\/\/tuguia.combarranquilla.co\/Revista\/somos-inclusivos-combarranquillasomostodos\/"]}]},{"@type":"ImageObject","inLanguage":"es-CO","@id":"https:\/\/tuguia.combarranquilla.co\/Revista\/somos-inclusivos-combarranquillasomostodos\/#primaryimage","url":"https:\/\/tuguia.combarranquilla.co\/Revista\/wp-content\/uploads\/2022\/10\/91277d21-3f3f-4a79-8c08-a5b04f0ff2b6.jpeg","contentUrl":"https:\/\/tuguia.combarranquilla.co\/Revista\/wp-content\/uploads\/2022\/10\/91277d21-3f3f-4a79-8c08-a5b04f0ff2b6.jpeg","width":1600,"height":1200},{"@type":"BreadcrumbList","@id":"https:\/\/tuguia.combarranquilla.co\/Revista\/somos-inclusivos-combarranquillasomostodos\/#breadcrumb","itemListElement":[{"@type":"ListItem","position":1,"name":"Inicio","item":"https:\/\/tuguia.combarranquilla.co\/Revista\/"},{"@type":"ListItem","position":2,"name":"\u00a1Somos Inclusivos! #CombarranquillaSomosTodos"}]},{"@type":"WebSite","@id":"https:\/\/tuguia.combarranquilla.co\/Revista\/#website","url":"https:\/\/tuguia.combarranquilla.co\/Revista\/","name":"Tu Gu\u00eda","description":"La revista donde lo tienes todo.","publisher":{"@id":"https:\/\/tuguia.combarranquilla.co\/Revista\/#organization"},"alternateName":"Tu Gu\u00eda Combarranquilla","potentialAction":[{"@type":"SearchAction","target":{"@type":"EntryPoint","urlTemplate":"https:\/\/tuguia.combarranquilla.co\/Revista\/?s={search_term_string}"},"query-input":{"@type":"PropertyValueSpecification","valueRequired":true,"valueName":"search_term_string"}}],"inLanguage":"es-CO"},{"@type":"Organization","@id":"https:\/\/tuguia.combarranquilla.co\/Revista\/#organization","name":"Tu Gu\u00eda Combarranquilla","url":"https:\/\/tuguia.combarranquilla.co\/Revista\/","logo":{"@type":"ImageObject","inLanguage":"es-CO","@id":"https:\/\/tuguia.combarranquilla.co\/Revista\/#\/schema\/logo\/image\/","url":"https:\/\/tuguia.combarranquilla.co\/Revista\/wp-content\/uploads\/2022\/02\/logo-guia-combarranquilla.svg","contentUrl":"https:\/\/tuguia.combarranquilla.co\/Revista\/wp-content\/uploads\/2022\/02\/logo-guia-combarranquilla.svg","caption":"Tu Gu\u00eda Combarranquilla"},"image":{"@id":"https:\/\/tuguia.combarranquilla.co\/Revista\/#\/schema\/logo\/image\/"}},{"@type":"Person","@id":"https:\/\/tuguia.combarranquilla.co\/Revista\/#\/schema\/person\/c2c396a77170bd1d5f8ba73294eb0d10","name":"Comunicaciones Combarranquilla","image":{"@type":"ImageObject","inLanguage":"es-CO","@id":"https:\/\/tuguia.combarranquilla.co\/Revista\/wp-content\/uploads\/2025\/05\/ABC-Al-Rojo-Logo-96x96.jpg","url":"https:\/\/tuguia.combarranquilla.co\/Revista\/wp-content\/uploads\/2025\/05\/ABC-Al-Rojo-Logo-96x96.jpg","contentUrl":"https:\/\/tuguia.combarranquilla.co\/Revista\/wp-content\/uploads\/2025\/05\/ABC-Al-Rojo-Logo-96x96.jpg","caption":"Comunicaciones Combarranquilla"},"sameAs":["https:\/\/www.combarranquilla.co"],"url":"https:\/\/tuguia.combarranquilla.co\/Revista\/author\/comunicaciones\/"}]}},"_links":{"self":[{"href":"https:\/\/tuguia.combarranquilla.co\/Revista\/wp-json\/wp\/v2\/posts\/903","targetHints":{"allow":["GET"]}}],"collection":[{"href":"https:\/\/tuguia.combarranquilla.co\/Revista\/wp-json\/wp\/v2\/posts"}],"about":[{"href":"https:\/\/tuguia.combarranquilla.co\/Revista\/wp-json\/wp\/v2\/types\/post"}],"author":[{"embeddable":true,"href":"https:\/\/tuguia.combarranquilla.co\/Revista\/wp-json\/wp\/v2\/users\/2"}],"replies":[{"embeddable":true,"href":"https:\/\/tuguia.combarranquilla.co\/Revista\/wp-json\/wp\/v2\/comments?post=903"}],"version-history":[{"count":7,"href":"https:\/\/tuguia.combarranquilla.co\/Revista\/wp-json\/wp\/v2\/posts\/903\/revisions"}],"predecessor-version":[{"id":920,"href":"https:\/\/tuguia.combarranquilla.co\/Revista\/wp-json\/wp\/v2\/posts\/903\/revisions\/920"}],"wp:featuredmedia":[{"embeddable":true,"href":"https:\/\/tuguia.combarranquilla.co\/Revista\/wp-json\/wp\/v2\/media\/904"}],"wp:attachment":[{"href":"https:\/\/tuguia.combarranquilla.co\/Revista\/wp-json\/wp\/v2\/media?parent=903"}],"wp:term":[{"taxonomy":"category","embeddable":true,"href":"https:\/\/tuguia.combarranquilla.co\/Revista\/wp-json\/wp\/v2\/categories?post=903"},{"taxonomy":"post_tag","embeddable":true,"href":"https:\/\/tuguia.combarranquilla.co\/Revista\/wp-json\/wp\/v2\/tags?post=903"}],"curies":[{"name":"wp","href":"https:\/\/api.w.org\/{rel}","templated":true}]}}