{"id":922,"date":"2022-11-04T16:56:37","date_gmt":"2022-11-04T21:56:37","guid":{"rendered":"https:\/\/tuguia.combarranquilla.co\/Revista\/?p=922"},"modified":"2022-12-12T09:59:47","modified_gmt":"2022-12-12T14:59:47","slug":"outsourcing-combarranquilla-llega-para-atraer-y-seleccionar-el-talento-humano-ideal-de-las-organizaciones","status":"publish","type":"post","link":"https:\/\/tuguia.combarranquilla.co\/Revista\/outsourcing-combarranquilla-llega-para-atraer-y-seleccionar-el-talento-humano-ideal-de-las-organizaciones\/","title":{"rendered":"Outsourcing de selecci\u00f3n y atracci\u00f3n de personal"},"content":{"rendered":"\n<p>La Agencia de Empleo Combarranquilla lanzar\u00e1 nuevos servicios especializados para atraer candidatos que cumplan integralmente con el perfil (conocimiento, habilidades, valores y actitudes) que necesita cada empresa, garantizando as\u00ed el cumplimiento \u00f3ptimo de sus objetivos.<\/p>\n\n\n<div class=\"wp-block-image\">\n<figure class=\"aligncenter size-large is-resized\"><img decoding=\"async\" data-src=\"https:\/\/tuguia.combarranquilla.co\/Revista\/wp-content\/uploads\/2022\/11\/CARRUSEL-BROCHURE-SPE_Mesa-de-trabajo-1-copia-2-1-1024x1024.png\" alt=\"\" class=\"wp-image-925 lazyload\" width=\"724\" height=\"724\" data-srcset=\"https:\/\/tuguia.combarranquilla.co\/Revista\/wp-content\/uploads\/2022\/11\/CARRUSEL-BROCHURE-SPE_Mesa-de-trabajo-1-copia-2-1-1024x1024.png 1024w, https:\/\/tuguia.combarranquilla.co\/Revista\/wp-content\/uploads\/2022\/11\/CARRUSEL-BROCHURE-SPE_Mesa-de-trabajo-1-copia-2-1-300x300.png 300w, https:\/\/tuguia.combarranquilla.co\/Revista\/wp-content\/uploads\/2022\/11\/CARRUSEL-BROCHURE-SPE_Mesa-de-trabajo-1-copia-2-1-150x150.png 150w, https:\/\/tuguia.combarranquilla.co\/Revista\/wp-content\/uploads\/2022\/11\/CARRUSEL-BROCHURE-SPE_Mesa-de-trabajo-1-copia-2-1-768x768.png 768w, https:\/\/tuguia.combarranquilla.co\/Revista\/wp-content\/uploads\/2022\/11\/CARRUSEL-BROCHURE-SPE_Mesa-de-trabajo-1-copia-2-1-1536x1536.png 1536w, https:\/\/tuguia.combarranquilla.co\/Revista\/wp-content\/uploads\/2022\/11\/CARRUSEL-BROCHURE-SPE_Mesa-de-trabajo-1-copia-2-1-2048x2048.png 2048w\" data-sizes=\"(max-width: 724px) 100vw, 724px\" src=\"data:image\/svg+xml;base64,PHN2ZyB3aWR0aD0iMSIgaGVpZ2h0PSIxIiB4bWxucz0iaHR0cDovL3d3dy53My5vcmcvMjAwMC9zdmciPjwvc3ZnPg==\" style=\"--smush-placeholder-width: 724px; --smush-placeholder-aspect-ratio: 724\/724;\" \/><\/figure><\/div>\n\n\n<h2 class=\"wp-block-heading\">\u00a1Aqu\u00ed te los explicamos!<\/h2>\n\n\n\n<p class=\"has-text-align-center\"><strong>ACOMPA\u00d1AMIENTO EN LOS PROCESOS DE VINCULACI\u00d3N LABORAL<\/strong>:<\/p>\n\n\n<div class=\"wp-block-image\">\n<figure class=\"aligncenter size-large is-resized\"><img decoding=\"async\" data-src=\"https:\/\/tuguia.combarranquilla.co\/Revista\/wp-content\/uploads\/2022\/11\/hr-representatives-positively-greeting-female-job-candidate-1024x683.jpg\" alt=\"\" class=\"wp-image-937 lazyload\" width=\"570\" height=\"380\" data-srcset=\"https:\/\/tuguia.combarranquilla.co\/Revista\/wp-content\/uploads\/2022\/11\/hr-representatives-positively-greeting-female-job-candidate-1024x683.jpg 1024w, https:\/\/tuguia.combarranquilla.co\/Revista\/wp-content\/uploads\/2022\/11\/hr-representatives-positively-greeting-female-job-candidate-300x200.jpg 300w, https:\/\/tuguia.combarranquilla.co\/Revista\/wp-content\/uploads\/2022\/11\/hr-representatives-positively-greeting-female-job-candidate-768x512.jpg 768w, https:\/\/tuguia.combarranquilla.co\/Revista\/wp-content\/uploads\/2022\/11\/hr-representatives-positively-greeting-female-job-candidate-1536x1024.jpg 1536w, https:\/\/tuguia.combarranquilla.co\/Revista\/wp-content\/uploads\/2022\/11\/hr-representatives-positively-greeting-female-job-candidate-2048x1365.jpg 2048w\" data-sizes=\"(max-width: 570px) 100vw, 570px\" src=\"data:image\/svg+xml;base64,PHN2ZyB3aWR0aD0iMSIgaGVpZ2h0PSIxIiB4bWxucz0iaHR0cDovL3d3dy53My5vcmcvMjAwMC9zdmciPjwvc3ZnPg==\" style=\"--smush-placeholder-width: 570px; --smush-placeholder-aspect-ratio: 570\/380;\" \/><\/figure><\/div>\n\n\n<p>1ra Etapa. <em>Perfilamiento del cargo<\/em>:<\/p>\n\n\n\n<ul class=\"wp-block-list\">\n<li>Establecimiento de acuerdos y alineaci\u00f3n con la empresa.<\/li>\n\n\n\n<li>Levantamiento de la descripci\u00f3n y an\u00e1lisis del cargo.<\/li>\n\n\n\n<li>Perfilamiento y requisitos particulares del cargo.<\/li>\n<\/ul>\n\n\n\n<p>2\u00aa Etapa. <em>Divulgaci\u00f3n de la oferta y reclutamiento<\/em>:<\/p>\n\n\n\n<ul class=\"wp-block-list\">\n<li>Divulgaci\u00f3n y convocatoria en las diferentes fuentes de reclutamiento.<\/li>\n\n\n\n<li>Recepci\u00f3n de hojas de vida postulantes.<\/li>\n<\/ul>\n\n\n\n<p>3 \u00aa Etapa. <em>Preselecci\u00f3n y evaluaci\u00f3n de candidatos<\/em>:<\/p>\n\n\n\n<ul class=\"wp-block-list\">\n<li>Preselecci\u00f3n de hojas de vida.<\/li>\n\n\n\n<li>Aplicaci\u00f3n pruebas psicot\u00e9cnicas de acuerdo con el cargo.<\/li>\n\n\n\n<li>Entrevista por competencias con metodolog\u00eda y herramientas de coaching \u2013 Entrega informes.<\/li>\n<\/ul>\n\n\n\n<p>4\u00aa Etapa. <em>Verificaci\u00f3n de la informaci\u00f3n del candidato.<\/em><\/p>\n\n\n\n<p class=\"has-text-align-center\"><strong>VISITAS DOMICILIARIAS:<\/strong><\/p>\n\n\n<div class=\"wp-block-image\">\n<figure class=\"aligncenter size-large is-resized\"><img decoding=\"async\" data-src=\"https:\/\/tuguia.combarranquilla.co\/Revista\/wp-content\/uploads\/2022\/11\/happy-couple-signing-contract-on-meeting-with-their-real-estate-agent-in-the-office-1024x683.jpg\" alt=\"\" class=\"wp-image-934 lazyload\" width=\"554\" height=\"369\" data-srcset=\"https:\/\/tuguia.combarranquilla.co\/Revista\/wp-content\/uploads\/2022\/11\/happy-couple-signing-contract-on-meeting-with-their-real-estate-agent-in-the-office-1024x683.jpg 1024w, https:\/\/tuguia.combarranquilla.co\/Revista\/wp-content\/uploads\/2022\/11\/happy-couple-signing-contract-on-meeting-with-their-real-estate-agent-in-the-office-300x200.jpg 300w, https:\/\/tuguia.combarranquilla.co\/Revista\/wp-content\/uploads\/2022\/11\/happy-couple-signing-contract-on-meeting-with-their-real-estate-agent-in-the-office-768x512.jpg 768w, https:\/\/tuguia.combarranquilla.co\/Revista\/wp-content\/uploads\/2022\/11\/happy-couple-signing-contract-on-meeting-with-their-real-estate-agent-in-the-office-1536x1024.jpg 1536w, https:\/\/tuguia.combarranquilla.co\/Revista\/wp-content\/uploads\/2022\/11\/happy-couple-signing-contract-on-meeting-with-their-real-estate-agent-in-the-office-2048x1365.jpg 2048w\" data-sizes=\"(max-width: 554px) 100vw, 554px\" src=\"data:image\/svg+xml;base64,PHN2ZyB3aWR0aD0iMSIgaGVpZ2h0PSIxIiB4bWxucz0iaHR0cDovL3d3dy53My5vcmcvMjAwMC9zdmciPjwvc3ZnPg==\" style=\"--smush-placeholder-width: 554px; --smush-placeholder-aspect-ratio: 554\/369;\" \/><\/figure><\/div>\n\n\n<p>Se utilizan para conocer m\u00e1s sobre el candidato y esbozar un diagn\u00f3stico completo sobre su vida. Cabe destacar que, se realizan dentro de la ciudad de Barranquilla y municipios.<\/p>\n\n\n\n<p>*<em>Entrega de informe realizado por un profesional en psicolog\u00eda o trabajo social<\/em>*<\/p>\n\n\n\n<p class=\"has-text-align-center\"><strong>ESTUDIOS DE SEGURIDAD: <\/strong><\/p>\n\n\n<div class=\"wp-block-image\">\n<figure class=\"aligncenter size-large is-resized\"><img decoding=\"async\" data-src=\"https:\/\/tuguia.combarranquilla.co\/Revista\/wp-content\/uploads\/2022\/11\/close-up-on-young-business-person-doing-internship-1024x683.jpg\" alt=\"\" class=\"wp-image-943 lazyload\" width=\"567\" height=\"378\" data-srcset=\"https:\/\/tuguia.combarranquilla.co\/Revista\/wp-content\/uploads\/2022\/11\/close-up-on-young-business-person-doing-internship-1024x683.jpg 1024w, https:\/\/tuguia.combarranquilla.co\/Revista\/wp-content\/uploads\/2022\/11\/close-up-on-young-business-person-doing-internship-300x200.jpg 300w, https:\/\/tuguia.combarranquilla.co\/Revista\/wp-content\/uploads\/2022\/11\/close-up-on-young-business-person-doing-internship-768x512.jpg 768w, https:\/\/tuguia.combarranquilla.co\/Revista\/wp-content\/uploads\/2022\/11\/close-up-on-young-business-person-doing-internship-1536x1024.jpg 1536w, https:\/\/tuguia.combarranquilla.co\/Revista\/wp-content\/uploads\/2022\/11\/close-up-on-young-business-person-doing-internship-2048x1365.jpg 2048w\" data-sizes=\"(max-width: 567px) 100vw, 567px\" src=\"data:image\/svg+xml;base64,PHN2ZyB3aWR0aD0iMSIgaGVpZ2h0PSIxIiB4bWxucz0iaHR0cDovL3d3dy53My5vcmcvMjAwMC9zdmciPjwvc3ZnPg==\" style=\"--smush-placeholder-width: 567px; --smush-placeholder-aspect-ratio: 567\/378;\" \/><\/figure><\/div>\n\n\n<p>Se realizan con la finalidad de identificar antecedentes:<\/p>\n\n\n\n<ul class=\"wp-block-list\">\n<li>Judiciales<\/li>\n\n\n\n<li>Penales<\/li>\n\n\n\n<li>Disciplinarios<\/li>\n\n\n\n<li>Fiscales<\/li>\n\n\n\n<li>Financieros<\/li>\n<\/ul>\n\n\n\n<p>A su vez, para conocer:<\/p>\n\n\n\n<ul class=\"wp-block-list\">\n<li>Certificaciones acad\u00e9micas.<\/li>\n\n\n\n<li>Certificaciones laborales.<\/li>\n\n\n\n<li>Referencias personales.<\/li>\n<\/ul>\n\n\n\n<p class=\"has-text-align-center\"><strong>DIAGN\u00d3STICO Y AN\u00c1LISIS DE ROTACI\u00d3N DE PERSONAL:<\/strong><\/p>\n\n\n<div class=\"wp-block-image\">\n<figure class=\"aligncenter size-large is-resized\"><img decoding=\"async\" data-src=\"https:\/\/tuguia.combarranquilla.co\/Revista\/wp-content\/uploads\/2022\/11\/successful-deal-1024x683.jpg\" alt=\"\" class=\"wp-image-941 lazyload\" width=\"573\" height=\"382\" data-srcset=\"https:\/\/tuguia.combarranquilla.co\/Revista\/wp-content\/uploads\/2022\/11\/successful-deal-1024x683.jpg 1024w, https:\/\/tuguia.combarranquilla.co\/Revista\/wp-content\/uploads\/2022\/11\/successful-deal-300x200.jpg 300w, https:\/\/tuguia.combarranquilla.co\/Revista\/wp-content\/uploads\/2022\/11\/successful-deal-768x512.jpg 768w, https:\/\/tuguia.combarranquilla.co\/Revista\/wp-content\/uploads\/2022\/11\/successful-deal-1536x1024.jpg 1536w, https:\/\/tuguia.combarranquilla.co\/Revista\/wp-content\/uploads\/2022\/11\/successful-deal-2048x1365.jpg 2048w\" data-sizes=\"(max-width: 573px) 100vw, 573px\" src=\"data:image\/svg+xml;base64,PHN2ZyB3aWR0aD0iMSIgaGVpZ2h0PSIxIiB4bWxucz0iaHR0cDovL3d3dy53My5vcmcvMjAwMC9zdmciPjwvc3ZnPg==\" style=\"--smush-placeholder-width: 573px; --smush-placeholder-aspect-ratio: 573\/382;\" \/><\/figure><\/div>\n\n\n<p>El \u00edndice de rotaci\u00f3n est\u00e1 determinado por el n\u00famero de trabajadores que se vinculan y salen en relaci\u00f3n, con la cantidad total promedio de personal en la organizaci\u00f3n, en un per\u00edodo de tiempo.<\/p>\n\n\n\n<ul class=\"wp-block-list\">\n<li>Se usan estos datos como un indicador de gesti\u00f3n, y con base a esto, se toman decisiones de retenci\u00f3n.<\/li>\n\n\n\n<li>Se realiza un an\u00e1lisis con base a periodos m\u00ednimo de 6 meses (m\u00e1ximo 1 a\u00f1o).<\/li>\n<\/ul>\n\n\n\n<p>*<em>Entrega del informe diagn\u00f3stico<\/em>*<\/p>\n\n\n\n<p class=\"has-text-align-center\"><strong>PRUEBAS PSICOT\u00c9CNICAS ESPECIALIZADAS: <\/strong><\/p>\n\n\n<div class=\"wp-block-image\">\n<figure class=\"aligncenter size-large is-resized\"><img decoding=\"async\" data-src=\"https:\/\/tuguia.combarranquilla.co\/Revista\/wp-content\/uploads\/2022\/11\/cropped-mid-section-of-unrecognizable-woman-signing-the-document-1024x683.jpg\" alt=\"\" class=\"wp-image-939 lazyload\" width=\"-486\" height=\"-324\" data-srcset=\"https:\/\/tuguia.combarranquilla.co\/Revista\/wp-content\/uploads\/2022\/11\/cropped-mid-section-of-unrecognizable-woman-signing-the-document-1024x683.jpg 1024w, https:\/\/tuguia.combarranquilla.co\/Revista\/wp-content\/uploads\/2022\/11\/cropped-mid-section-of-unrecognizable-woman-signing-the-document-300x200.jpg 300w, https:\/\/tuguia.combarranquilla.co\/Revista\/wp-content\/uploads\/2022\/11\/cropped-mid-section-of-unrecognizable-woman-signing-the-document-768x513.jpg 768w, https:\/\/tuguia.combarranquilla.co\/Revista\/wp-content\/uploads\/2022\/11\/cropped-mid-section-of-unrecognizable-woman-signing-the-document-1536x1025.jpg 1536w, https:\/\/tuguia.combarranquilla.co\/Revista\/wp-content\/uploads\/2022\/11\/cropped-mid-section-of-unrecognizable-woman-signing-the-document-2048x1367.jpg 2048w\" data-sizes=\"(max-width: 1024px) 100vw, 1024px\" src=\"data:image\/svg+xml;base64,PHN2ZyB3aWR0aD0iMSIgaGVpZ2h0PSIxIiB4bWxucz0iaHR0cDovL3d3dy53My5vcmcvMjAwMC9zdmciPjwvc3ZnPg==\" style=\"--smush-placeholder-width: -486px; --smush-placeholder-aspect-ratio: -486\/-324;\" \/><\/figure><\/div>\n\n\n<p>Se hace la construcci\u00f3n de <em>assesment center<\/em> a la medida (de acuerdo con la necesidad de cada empresa).<\/p>\n\n\n\n<ul class=\"wp-block-list\">\n<li>Desarrollo de pruebas a la medida.<\/li>\n\n\n\n<li>Aplicaci\u00f3n de pruebas especializadas de personalidad y entrega de un informe por cada candidato evaluado.<\/li>\n<\/ul>\n\n\n\n<h2 class=\"has-text-align-center wp-block-heading\">Si eres empleador y est\u00e1s en busca de nuevo talento humano \u00a1es t\u00fa momento! <\/h2>\n\n\n\n<p>Registra tu empresa aqu\u00ed: <strong><a rel=\"noreferrer noopener\" href=\"https:\/\/bit.ly\/3DGknuO\" target=\"_blank\">https:\/\/bit.ly\/3DGknuO<\/a><\/strong><\/p>\n\n\n\n<p>Te recomendamos seguir el paso a paso del siguiente v\u00eddeo para obtener un resultado oportuno. <a href=\"\"><\/a><\/p>\n\n\n\n<figure class=\"wp-block-video\"><video controls src=\"https:\/\/tuguia.combarranquilla.co\/Revista\/wp-content\/uploads\/2022\/11\/Instructivo-registro-de-empresas-Centro-de-Empleo-Combarranquilla.mp4\"><\/video><\/figure>\n\n\n\n<p class=\"has-text-align-center\">Comun\u00edcate con nosotros a trav\u00e9s de nuestra l\u00ednea verde (605) 3718900 Ext. 2231<\/p>\n\n\n\n<p class=\"has-text-align-center\"><a href=\"mailto:centro.empleo@combarranquilla.co\"><strong>centro.empleo@combarranquilla.co<\/strong><\/a><\/p>\n\n\n\n<blockquote class=\"wp-block-quote is-layout-flow wp-block-quote-is-layout-flow\">\n<p><\/p>\n<cite><strong>Somos el mejor aliado para la b\u00fasqueda de su talento humano<\/strong><\/cite><\/blockquote>\n","protected":false},"excerpt":{"rendered":"<p>La Agencia de Empleo Combarranquilla lanzar\u00e1 nuevos servicios especializados para atraer candidatos que cumplan integralmente con el perfil (conocimiento, habilidades, valores y actitudes) que necesita cada empresa, garantizando as\u00ed el cumplimiento \u00f3ptimo de sus objetivos. \u00a1Aqu\u00ed te los explicamos! ACOMPA\u00d1AMIENTO EN LOS PROCESOS DE VINCULACI\u00d3N LABORAL: 1ra Etapa. Perfilamiento del cargo: 2\u00aa Etapa. Divulgaci\u00f3n de [&hellip;]<\/p>\n","protected":false},"author":2,"featured_media":924,"comment_status":"open","ping_status":"open","sticky":false,"template":"","format":"standard","meta":{"inline_featured_image":false,"footnotes":""},"categories":[6],"tags":[],"class_list":["post-922","post","type-post","status-publish","format-standard","has-post-thumbnail","hentry","category-empleabilidad"],"yoast_head":"<!-- This site is optimized with the Yoast SEO plugin v27.4 - https:\/\/yoast.com\/product\/yoast-seo-wordpress\/ -->\n<title>Outsourcing de selecci\u00f3n y atracci\u00f3n de personal - Tu Gu\u00eda<\/title>\n<meta name=\"robots\" content=\"index, follow, max-snippet:-1, max-image-preview:large, max-video-preview:-1\" \/>\n<link rel=\"canonical\" href=\"https:\/\/tuguia.combarranquilla.co\/Revista\/outsourcing-combarranquilla-llega-para-atraer-y-seleccionar-el-talento-humano-ideal-de-las-organizaciones\/\" \/>\n<meta property=\"og:locale\" content=\"es_ES\" \/>\n<meta property=\"og:type\" content=\"article\" \/>\n<meta property=\"og:title\" content=\"Outsourcing de selecci\u00f3n y atracci\u00f3n de personal - Tu Gu\u00eda\" \/>\n<meta property=\"og:description\" content=\"La Agencia de Empleo Combarranquilla lanzar\u00e1 nuevos servicios especializados para atraer candidatos que cumplan integralmente con el perfil (conocimiento, habilidades, valores y actitudes) que necesita cada empresa, garantizando as\u00ed el cumplimiento \u00f3ptimo de sus objetivos. \u00a1Aqu\u00ed te los explicamos! ACOMPA\u00d1AMIENTO EN LOS PROCESOS DE VINCULACI\u00d3N LABORAL: 1ra Etapa. Perfilamiento del cargo: 2\u00aa Etapa. Divulgaci\u00f3n de [&hellip;]\" \/>\n<meta property=\"og:url\" content=\"https:\/\/tuguia.combarranquilla.co\/Revista\/outsourcing-combarranquilla-llega-para-atraer-y-seleccionar-el-talento-humano-ideal-de-las-organizaciones\/\" \/>\n<meta property=\"og:site_name\" content=\"Tu Gu\u00eda\" \/>\n<meta property=\"article:published_time\" content=\"2022-11-04T21:56:37+00:00\" \/>\n<meta property=\"article:modified_time\" content=\"2022-12-12T14:59:47+00:00\" \/>\n<meta property=\"og:image\" content=\"https:\/\/tuguia.combarranquilla.co\/Revista\/wp-content\/uploads\/2022\/11\/ferias-de-empleo-scaled.jpg\" \/>\n\t<meta property=\"og:image:width\" content=\"2560\" \/>\n\t<meta property=\"og:image:height\" content=\"1920\" \/>\n\t<meta property=\"og:image:type\" content=\"image\/jpeg\" \/>\n<meta name=\"author\" content=\"Comunicaciones Combarranquilla\" \/>\n<meta name=\"twitter:card\" content=\"summary_large_image\" \/>\n<meta name=\"twitter:label1\" content=\"Escrito por\" \/>\n\t<meta name=\"twitter:data1\" content=\"Comunicaciones Combarranquilla\" \/>\n\t<meta name=\"twitter:label2\" content=\"Tiempo de lectura\" \/>\n\t<meta name=\"twitter:data2\" content=\"2 minutos\" \/>\n<script type=\"application\/ld+json\" class=\"yoast-schema-graph\">{\"@context\":\"https:\\\/\\\/schema.org\",\"@graph\":[{\"@type\":\"Article\",\"@id\":\"https:\\\/\\\/tuguia.combarranquilla.co\\\/Revista\\\/outsourcing-combarranquilla-llega-para-atraer-y-seleccionar-el-talento-humano-ideal-de-las-organizaciones\\\/#article\",\"isPartOf\":{\"@id\":\"https:\\\/\\\/tuguia.combarranquilla.co\\\/Revista\\\/outsourcing-combarranquilla-llega-para-atraer-y-seleccionar-el-talento-humano-ideal-de-las-organizaciones\\\/\"},\"author\":{\"name\":\"Comunicaciones Combarranquilla\",\"@id\":\"https:\\\/\\\/tuguia.combarranquilla.co\\\/Revista\\\/#\\\/schema\\\/person\\\/c2c396a77170bd1d5f8ba73294eb0d10\"},\"headline\":\"Outsourcing de selecci\u00f3n y atracci\u00f3n de personal\",\"datePublished\":\"2022-11-04T21:56:37+00:00\",\"dateModified\":\"2022-12-12T14:59:47+00:00\",\"mainEntityOfPage\":{\"@id\":\"https:\\\/\\\/tuguia.combarranquilla.co\\\/Revista\\\/outsourcing-combarranquilla-llega-para-atraer-y-seleccionar-el-talento-humano-ideal-de-las-organizaciones\\\/\"},\"wordCount\":435,\"commentCount\":0,\"publisher\":{\"@id\":\"https:\\\/\\\/tuguia.combarranquilla.co\\\/Revista\\\/#organization\"},\"image\":{\"@id\":\"https:\\\/\\\/tuguia.combarranquilla.co\\\/Revista\\\/outsourcing-combarranquilla-llega-para-atraer-y-seleccionar-el-talento-humano-ideal-de-las-organizaciones\\\/#primaryimage\"},\"thumbnailUrl\":\"https:\\\/\\\/tuguia.combarranquilla.co\\\/Revista\\\/wp-content\\\/uploads\\\/2022\\\/11\\\/ferias-de-empleo-scaled.jpg\",\"articleSection\":[\"EMPLEABILIDAD\"],\"inLanguage\":\"es-CO\",\"potentialAction\":[{\"@type\":\"CommentAction\",\"name\":\"Comment\",\"target\":[\"https:\\\/\\\/tuguia.combarranquilla.co\\\/Revista\\\/outsourcing-combarranquilla-llega-para-atraer-y-seleccionar-el-talento-humano-ideal-de-las-organizaciones\\\/#respond\"]}]},{\"@type\":\"WebPage\",\"@id\":\"https:\\\/\\\/tuguia.combarranquilla.co\\\/Revista\\\/outsourcing-combarranquilla-llega-para-atraer-y-seleccionar-el-talento-humano-ideal-de-las-organizaciones\\\/\",\"url\":\"https:\\\/\\\/tuguia.combarranquilla.co\\\/Revista\\\/outsourcing-combarranquilla-llega-para-atraer-y-seleccionar-el-talento-humano-ideal-de-las-organizaciones\\\/\",\"name\":\"Outsourcing de selecci\u00f3n y atracci\u00f3n de personal - Tu Gu\u00eda\",\"isPartOf\":{\"@id\":\"https:\\\/\\\/tuguia.combarranquilla.co\\\/Revista\\\/#website\"},\"primaryImageOfPage\":{\"@id\":\"https:\\\/\\\/tuguia.combarranquilla.co\\\/Revista\\\/outsourcing-combarranquilla-llega-para-atraer-y-seleccionar-el-talento-humano-ideal-de-las-organizaciones\\\/#primaryimage\"},\"image\":{\"@id\":\"https:\\\/\\\/tuguia.combarranquilla.co\\\/Revista\\\/outsourcing-combarranquilla-llega-para-atraer-y-seleccionar-el-talento-humano-ideal-de-las-organizaciones\\\/#primaryimage\"},\"thumbnailUrl\":\"https:\\\/\\\/tuguia.combarranquilla.co\\\/Revista\\\/wp-content\\\/uploads\\\/2022\\\/11\\\/ferias-de-empleo-scaled.jpg\",\"datePublished\":\"2022-11-04T21:56:37+00:00\",\"dateModified\":\"2022-12-12T14:59:47+00:00\",\"breadcrumb\":{\"@id\":\"https:\\\/\\\/tuguia.combarranquilla.co\\\/Revista\\\/outsourcing-combarranquilla-llega-para-atraer-y-seleccionar-el-talento-humano-ideal-de-las-organizaciones\\\/#breadcrumb\"},\"inLanguage\":\"es-CO\",\"potentialAction\":[{\"@type\":\"ReadAction\",\"target\":[\"https:\\\/\\\/tuguia.combarranquilla.co\\\/Revista\\\/outsourcing-combarranquilla-llega-para-atraer-y-seleccionar-el-talento-humano-ideal-de-las-organizaciones\\\/\"]}]},{\"@type\":\"ImageObject\",\"inLanguage\":\"es-CO\",\"@id\":\"https:\\\/\\\/tuguia.combarranquilla.co\\\/Revista\\\/outsourcing-combarranquilla-llega-para-atraer-y-seleccionar-el-talento-humano-ideal-de-las-organizaciones\\\/#primaryimage\",\"url\":\"https:\\\/\\\/tuguia.combarranquilla.co\\\/Revista\\\/wp-content\\\/uploads\\\/2022\\\/11\\\/ferias-de-empleo-scaled.jpg\",\"contentUrl\":\"https:\\\/\\\/tuguia.combarranquilla.co\\\/Revista\\\/wp-content\\\/uploads\\\/2022\\\/11\\\/ferias-de-empleo-scaled.jpg\",\"width\":2560,\"height\":1920},{\"@type\":\"BreadcrumbList\",\"@id\":\"https:\\\/\\\/tuguia.combarranquilla.co\\\/Revista\\\/outsourcing-combarranquilla-llega-para-atraer-y-seleccionar-el-talento-humano-ideal-de-las-organizaciones\\\/#breadcrumb\",\"itemListElement\":[{\"@type\":\"ListItem\",\"position\":1,\"name\":\"Inicio\",\"item\":\"https:\\\/\\\/tuguia.combarranquilla.co\\\/Revista\\\/\"},{\"@type\":\"ListItem\",\"position\":2,\"name\":\"Outsourcing de selecci\u00f3n y atracci\u00f3n de personal\"}]},{\"@type\":\"WebSite\",\"@id\":\"https:\\\/\\\/tuguia.combarranquilla.co\\\/Revista\\\/#website\",\"url\":\"https:\\\/\\\/tuguia.combarranquilla.co\\\/Revista\\\/\",\"name\":\"Tu Gu\u00eda\",\"description\":\"La revista donde lo tienes todo.\",\"publisher\":{\"@id\":\"https:\\\/\\\/tuguia.combarranquilla.co\\\/Revista\\\/#organization\"},\"alternateName\":\"Tu Gu\u00eda Combarranquilla\",\"potentialAction\":[{\"@type\":\"SearchAction\",\"target\":{\"@type\":\"EntryPoint\",\"urlTemplate\":\"https:\\\/\\\/tuguia.combarranquilla.co\\\/Revista\\\/?s={search_term_string}\"},\"query-input\":{\"@type\":\"PropertyValueSpecification\",\"valueRequired\":true,\"valueName\":\"search_term_string\"}}],\"inLanguage\":\"es-CO\"},{\"@type\":\"Organization\",\"@id\":\"https:\\\/\\\/tuguia.combarranquilla.co\\\/Revista\\\/#organization\",\"name\":\"Tu Gu\u00eda Combarranquilla\",\"url\":\"https:\\\/\\\/tuguia.combarranquilla.co\\\/Revista\\\/\",\"logo\":{\"@type\":\"ImageObject\",\"inLanguage\":\"es-CO\",\"@id\":\"https:\\\/\\\/tuguia.combarranquilla.co\\\/Revista\\\/#\\\/schema\\\/logo\\\/image\\\/\",\"url\":\"https:\\\/\\\/tuguia.combarranquilla.co\\\/Revista\\\/wp-content\\\/uploads\\\/2022\\\/02\\\/logo-guia-combarranquilla.svg\",\"contentUrl\":\"https:\\\/\\\/tuguia.combarranquilla.co\\\/Revista\\\/wp-content\\\/uploads\\\/2022\\\/02\\\/logo-guia-combarranquilla.svg\",\"caption\":\"Tu Gu\u00eda Combarranquilla\"},\"image\":{\"@id\":\"https:\\\/\\\/tuguia.combarranquilla.co\\\/Revista\\\/#\\\/schema\\\/logo\\\/image\\\/\"}},{\"@type\":\"Person\",\"@id\":\"https:\\\/\\\/tuguia.combarranquilla.co\\\/Revista\\\/#\\\/schema\\\/person\\\/c2c396a77170bd1d5f8ba73294eb0d10\",\"name\":\"Comunicaciones Combarranquilla\",\"image\":{\"@type\":\"ImageObject\",\"inLanguage\":\"es-CO\",\"@id\":\"https:\\\/\\\/tuguia.combarranquilla.co\\\/Revista\\\/wp-content\\\/uploads\\\/2025\\\/05\\\/ABC-Al-Rojo-Logo-96x96.jpg\",\"url\":\"https:\\\/\\\/tuguia.combarranquilla.co\\\/Revista\\\/wp-content\\\/uploads\\\/2025\\\/05\\\/ABC-Al-Rojo-Logo-96x96.jpg\",\"contentUrl\":\"https:\\\/\\\/tuguia.combarranquilla.co\\\/Revista\\\/wp-content\\\/uploads\\\/2025\\\/05\\\/ABC-Al-Rojo-Logo-96x96.jpg\",\"caption\":\"Comunicaciones Combarranquilla\"},\"sameAs\":[\"https:\\\/\\\/www.combarranquilla.co\"],\"url\":\"https:\\\/\\\/tuguia.combarranquilla.co\\\/Revista\\\/author\\\/comunicaciones\\\/\"}]}<\/script>\n<!-- \/ Yoast SEO plugin. -->","yoast_head_json":{"title":"Outsourcing de selecci\u00f3n y atracci\u00f3n de personal - Tu Gu\u00eda","robots":{"index":"index","follow":"follow","max-snippet":"max-snippet:-1","max-image-preview":"max-image-preview:large","max-video-preview":"max-video-preview:-1"},"canonical":"https:\/\/tuguia.combarranquilla.co\/Revista\/outsourcing-combarranquilla-llega-para-atraer-y-seleccionar-el-talento-humano-ideal-de-las-organizaciones\/","og_locale":"es_ES","og_type":"article","og_title":"Outsourcing de selecci\u00f3n y atracci\u00f3n de personal - Tu Gu\u00eda","og_description":"La Agencia de Empleo Combarranquilla lanzar\u00e1 nuevos servicios especializados para atraer candidatos que cumplan integralmente con el perfil (conocimiento, habilidades, valores y actitudes) que necesita cada empresa, garantizando as\u00ed el cumplimiento \u00f3ptimo de sus objetivos. \u00a1Aqu\u00ed te los explicamos! ACOMPA\u00d1AMIENTO EN LOS PROCESOS DE VINCULACI\u00d3N LABORAL: 1ra Etapa. Perfilamiento del cargo: 2\u00aa Etapa. Divulgaci\u00f3n de [&hellip;]","og_url":"https:\/\/tuguia.combarranquilla.co\/Revista\/outsourcing-combarranquilla-llega-para-atraer-y-seleccionar-el-talento-humano-ideal-de-las-organizaciones\/","og_site_name":"Tu Gu\u00eda","article_published_time":"2022-11-04T21:56:37+00:00","article_modified_time":"2022-12-12T14:59:47+00:00","og_image":[{"width":2560,"height":1920,"url":"https:\/\/tuguia.combarranquilla.co\/Revista\/wp-content\/uploads\/2022\/11\/ferias-de-empleo-scaled.jpg","type":"image\/jpeg"}],"author":"Comunicaciones Combarranquilla","twitter_card":"summary_large_image","twitter_misc":{"Escrito por":"Comunicaciones Combarranquilla","Tiempo de lectura":"2 minutos"},"schema":{"@context":"https:\/\/schema.org","@graph":[{"@type":"Article","@id":"https:\/\/tuguia.combarranquilla.co\/Revista\/outsourcing-combarranquilla-llega-para-atraer-y-seleccionar-el-talento-humano-ideal-de-las-organizaciones\/#article","isPartOf":{"@id":"https:\/\/tuguia.combarranquilla.co\/Revista\/outsourcing-combarranquilla-llega-para-atraer-y-seleccionar-el-talento-humano-ideal-de-las-organizaciones\/"},"author":{"name":"Comunicaciones Combarranquilla","@id":"https:\/\/tuguia.combarranquilla.co\/Revista\/#\/schema\/person\/c2c396a77170bd1d5f8ba73294eb0d10"},"headline":"Outsourcing de selecci\u00f3n y atracci\u00f3n de personal","datePublished":"2022-11-04T21:56:37+00:00","dateModified":"2022-12-12T14:59:47+00:00","mainEntityOfPage":{"@id":"https:\/\/tuguia.combarranquilla.co\/Revista\/outsourcing-combarranquilla-llega-para-atraer-y-seleccionar-el-talento-humano-ideal-de-las-organizaciones\/"},"wordCount":435,"commentCount":0,"publisher":{"@id":"https:\/\/tuguia.combarranquilla.co\/Revista\/#organization"},"image":{"@id":"https:\/\/tuguia.combarranquilla.co\/Revista\/outsourcing-combarranquilla-llega-para-atraer-y-seleccionar-el-talento-humano-ideal-de-las-organizaciones\/#primaryimage"},"thumbnailUrl":"https:\/\/tuguia.combarranquilla.co\/Revista\/wp-content\/uploads\/2022\/11\/ferias-de-empleo-scaled.jpg","articleSection":["EMPLEABILIDAD"],"inLanguage":"es-CO","potentialAction":[{"@type":"CommentAction","name":"Comment","target":["https:\/\/tuguia.combarranquilla.co\/Revista\/outsourcing-combarranquilla-llega-para-atraer-y-seleccionar-el-talento-humano-ideal-de-las-organizaciones\/#respond"]}]},{"@type":"WebPage","@id":"https:\/\/tuguia.combarranquilla.co\/Revista\/outsourcing-combarranquilla-llega-para-atraer-y-seleccionar-el-talento-humano-ideal-de-las-organizaciones\/","url":"https:\/\/tuguia.combarranquilla.co\/Revista\/outsourcing-combarranquilla-llega-para-atraer-y-seleccionar-el-talento-humano-ideal-de-las-organizaciones\/","name":"Outsourcing de selecci\u00f3n y atracci\u00f3n de personal - Tu Gu\u00eda","isPartOf":{"@id":"https:\/\/tuguia.combarranquilla.co\/Revista\/#website"},"primaryImageOfPage":{"@id":"https:\/\/tuguia.combarranquilla.co\/Revista\/outsourcing-combarranquilla-llega-para-atraer-y-seleccionar-el-talento-humano-ideal-de-las-organizaciones\/#primaryimage"},"image":{"@id":"https:\/\/tuguia.combarranquilla.co\/Revista\/outsourcing-combarranquilla-llega-para-atraer-y-seleccionar-el-talento-humano-ideal-de-las-organizaciones\/#primaryimage"},"thumbnailUrl":"https:\/\/tuguia.combarranquilla.co\/Revista\/wp-content\/uploads\/2022\/11\/ferias-de-empleo-scaled.jpg","datePublished":"2022-11-04T21:56:37+00:00","dateModified":"2022-12-12T14:59:47+00:00","breadcrumb":{"@id":"https:\/\/tuguia.combarranquilla.co\/Revista\/outsourcing-combarranquilla-llega-para-atraer-y-seleccionar-el-talento-humano-ideal-de-las-organizaciones\/#breadcrumb"},"inLanguage":"es-CO","potentialAction":[{"@type":"ReadAction","target":["https:\/\/tuguia.combarranquilla.co\/Revista\/outsourcing-combarranquilla-llega-para-atraer-y-seleccionar-el-talento-humano-ideal-de-las-organizaciones\/"]}]},{"@type":"ImageObject","inLanguage":"es-CO","@id":"https:\/\/tuguia.combarranquilla.co\/Revista\/outsourcing-combarranquilla-llega-para-atraer-y-seleccionar-el-talento-humano-ideal-de-las-organizaciones\/#primaryimage","url":"https:\/\/tuguia.combarranquilla.co\/Revista\/wp-content\/uploads\/2022\/11\/ferias-de-empleo-scaled.jpg","contentUrl":"https:\/\/tuguia.combarranquilla.co\/Revista\/wp-content\/uploads\/2022\/11\/ferias-de-empleo-scaled.jpg","width":2560,"height":1920},{"@type":"BreadcrumbList","@id":"https:\/\/tuguia.combarranquilla.co\/Revista\/outsourcing-combarranquilla-llega-para-atraer-y-seleccionar-el-talento-humano-ideal-de-las-organizaciones\/#breadcrumb","itemListElement":[{"@type":"ListItem","position":1,"name":"Inicio","item":"https:\/\/tuguia.combarranquilla.co\/Revista\/"},{"@type":"ListItem","position":2,"name":"Outsourcing de selecci\u00f3n y atracci\u00f3n de personal"}]},{"@type":"WebSite","@id":"https:\/\/tuguia.combarranquilla.co\/Revista\/#website","url":"https:\/\/tuguia.combarranquilla.co\/Revista\/","name":"Tu Gu\u00eda","description":"La revista donde lo tienes todo.","publisher":{"@id":"https:\/\/tuguia.combarranquilla.co\/Revista\/#organization"},"alternateName":"Tu Gu\u00eda Combarranquilla","potentialAction":[{"@type":"SearchAction","target":{"@type":"EntryPoint","urlTemplate":"https:\/\/tuguia.combarranquilla.co\/Revista\/?s={search_term_string}"},"query-input":{"@type":"PropertyValueSpecification","valueRequired":true,"valueName":"search_term_string"}}],"inLanguage":"es-CO"},{"@type":"Organization","@id":"https:\/\/tuguia.combarranquilla.co\/Revista\/#organization","name":"Tu Gu\u00eda Combarranquilla","url":"https:\/\/tuguia.combarranquilla.co\/Revista\/","logo":{"@type":"ImageObject","inLanguage":"es-CO","@id":"https:\/\/tuguia.combarranquilla.co\/Revista\/#\/schema\/logo\/image\/","url":"https:\/\/tuguia.combarranquilla.co\/Revista\/wp-content\/uploads\/2022\/02\/logo-guia-combarranquilla.svg","contentUrl":"https:\/\/tuguia.combarranquilla.co\/Revista\/wp-content\/uploads\/2022\/02\/logo-guia-combarranquilla.svg","caption":"Tu Gu\u00eda Combarranquilla"},"image":{"@id":"https:\/\/tuguia.combarranquilla.co\/Revista\/#\/schema\/logo\/image\/"}},{"@type":"Person","@id":"https:\/\/tuguia.combarranquilla.co\/Revista\/#\/schema\/person\/c2c396a77170bd1d5f8ba73294eb0d10","name":"Comunicaciones Combarranquilla","image":{"@type":"ImageObject","inLanguage":"es-CO","@id":"https:\/\/tuguia.combarranquilla.co\/Revista\/wp-content\/uploads\/2025\/05\/ABC-Al-Rojo-Logo-96x96.jpg","url":"https:\/\/tuguia.combarranquilla.co\/Revista\/wp-content\/uploads\/2025\/05\/ABC-Al-Rojo-Logo-96x96.jpg","contentUrl":"https:\/\/tuguia.combarranquilla.co\/Revista\/wp-content\/uploads\/2025\/05\/ABC-Al-Rojo-Logo-96x96.jpg","caption":"Comunicaciones Combarranquilla"},"sameAs":["https:\/\/www.combarranquilla.co"],"url":"https:\/\/tuguia.combarranquilla.co\/Revista\/author\/comunicaciones\/"}]}},"_links":{"self":[{"href":"https:\/\/tuguia.combarranquilla.co\/Revista\/wp-json\/wp\/v2\/posts\/922","targetHints":{"allow":["GET"]}}],"collection":[{"href":"https:\/\/tuguia.combarranquilla.co\/Revista\/wp-json\/wp\/v2\/posts"}],"about":[{"href":"https:\/\/tuguia.combarranquilla.co\/Revista\/wp-json\/wp\/v2\/types\/post"}],"author":[{"embeddable":true,"href":"https:\/\/tuguia.combarranquilla.co\/Revista\/wp-json\/wp\/v2\/users\/2"}],"replies":[{"embeddable":true,"href":"https:\/\/tuguia.combarranquilla.co\/Revista\/wp-json\/wp\/v2\/comments?post=922"}],"version-history":[{"count":15,"href":"https:\/\/tuguia.combarranquilla.co\/Revista\/wp-json\/wp\/v2\/posts\/922\/revisions"}],"predecessor-version":[{"id":1081,"href":"https:\/\/tuguia.combarranquilla.co\/Revista\/wp-json\/wp\/v2\/posts\/922\/revisions\/1081"}],"wp:featuredmedia":[{"embeddable":true,"href":"https:\/\/tuguia.combarranquilla.co\/Revista\/wp-json\/wp\/v2\/media\/924"}],"wp:attachment":[{"href":"https:\/\/tuguia.combarranquilla.co\/Revista\/wp-json\/wp\/v2\/media?parent=922"}],"wp:term":[{"taxonomy":"category","embeddable":true,"href":"https:\/\/tuguia.combarranquilla.co\/Revista\/wp-json\/wp\/v2\/categories?post=922"},{"taxonomy":"post_tag","embeddable":true,"href":"https:\/\/tuguia.combarranquilla.co\/Revista\/wp-json\/wp\/v2\/tags?post=922"}],"curies":[{"name":"wp","href":"https:\/\/api.w.org\/{rel}","templated":true}]}}